{"id":34127,"date":"2026-05-01T20:52:06","date_gmt":"2026-05-01T18:52:06","guid":{"rendered":"https:\/\/csma.es\/?p=34127"},"modified":"2026-05-01T21:08:54","modified_gmt":"2026-05-01T19:08:54","slug":"stoyan-paskov-en-ciclo-jovenes-interpretes-de-la-fundacion-juan-march","status":"publish","type":"post","link":"https:\/\/csma.es\/en\/noticias\/stoyan-paskov-en-ciclo-jovenes-interpretes-de-la-fundacion-juan-march\/","title":{"rendered":"STOYAN PASKOV EN CICLO J\u00d3VENES INT\u00c9RPRETES DE LA FUNDACI\u00d3N JUAN MARCH"},"content":{"rendered":"<p>Nuestro alumno egresado, Stoyan Paskov, ha sido seleccionado por la Fundaci\u00f3n Juan March para participar en su pr\u00f3xima serie de J\u00f3venes Int\u00e9rpretes 26\/27, cuya finalidad es impulsar a m\u00fasicos emergentes, tanto solistas como grupos, procedentes de diferentes centros musicales superiores del pa\u00eds.<\/p>\n<p>El multipremiado instrumentista representar\u00e1 al CSMA en la pr\u00f3xima temporada de esta prestigiosa fundaci\u00f3n en su sede de Madrid con fecha por determinar.<\/p>\n<p>\u00a1Muchas felicidades, Stoyan!<\/p>\n","protected":false},"excerpt":{"rendered":"<p>Nuestro alumno egresado, Stoyan Paskov, ha sido seleccionado por la Fundaci\u00f3n Juan March para participar en su pr\u00f3xima serie de J\u00f3venes Int\u00e9rpretes 26\/27, cuya finalidad&#8230;<\/p>\n","protected":false},"author":3,"featured_media":34128,"comment_status":"open","ping_status":"open","sticky":false,"template":"","format":"standard","meta":{"footnotes":""},"categories":[368],"tags":[],"class_list":["post-34127","post","type-post","status-publish","format-standard","has-post-thumbnail","hentry","category-noticias"],"yoast_head":"<!-- This site is optimized with the Yoast SEO plugin v27.5 - https:\/\/yoast.com\/product\/yoast-seo-wordpress\/ -->\n<title>STOYAN PASKOV EN CICLO J\u00d3VENES INT\u00c9RPRETES DE LA FUNDACI\u00d3N JUAN MARCH - CSMA<\/title>\n<meta name=\"robots\" content=\"index, follow, max-snippet:-1, max-image-preview:large, max-video-preview:-1\" \/>\n<link rel=\"canonical\" href=\"https:\/\/csma.es\/noticias\/stoyan-paskov-en-ciclo-jovenes-interpretes-de-la-fundacion-juan-march\/\" \/>\n<meta property=\"og:locale\" content=\"en_US\" \/>\n<meta property=\"og:type\" content=\"article\" \/>\n<meta property=\"og:title\" content=\"STOYAN PASKOV EN CICLO J\u00d3VENES INT\u00c9RPRETES DE LA FUNDACI\u00d3N JUAN MARCH - CSMA\" \/>\n<meta property=\"og:description\" content=\"Nuestro alumno egresado, Stoyan Paskov, ha sido seleccionado por la Fundaci\u00f3n Juan March para participar en su pr\u00f3xima serie de J\u00f3venes Int\u00e9rpretes 26\/27, cuya finalidad...\" \/>\n<meta property=\"og:url\" content=\"https:\/\/csma.es\/noticias\/stoyan-paskov-en-ciclo-jovenes-interpretes-de-la-fundacion-juan-march\/\" \/>\n<meta property=\"og:site_name\" content=\"CSMA\" \/>\n<meta property=\"article:publisher\" content=\"https:\/\/www.facebook.com\/CSMAragon\/\" \/>\n<meta property=\"article:published_time\" content=\"2026-05-01T18:52:06+00:00\" \/>\n<meta property=\"article:modified_time\" content=\"2026-05-01T19:08:54+00:00\" \/>\n<meta property=\"og:image\" content=\"https:\/\/csma.es\/wp-content\/uploads\/2026\/05\/STOYAN-PASKOV.png\" \/>\n\t<meta property=\"og:image:width\" content=\"422\" \/>\n\t<meta property=\"og:image:height\" content=\"583\" \/>\n\t<meta property=\"og:image:type\" content=\"image\/png\" \/>\n<meta name=\"author\" content=\"TICS CSMA\" \/>\n<meta name=\"twitter:card\" content=\"summary_large_image\" \/>\n<meta name=\"twitter:creator\" content=\"@csmaconser\" \/>\n<meta name=\"twitter:site\" content=\"@csmaconser\" \/>\n<meta name=\"twitter:label1\" content=\"Written by\" \/>\n\t<meta name=\"twitter:data1\" content=\"TICS CSMA\" \/>\n\t<meta name=\"twitter:label2\" content=\"Est. reading time\" \/>\n\t<meta name=\"twitter:data2\" content=\"1 minute\" \/>\n<script type=\"application\/ld+json\" class=\"yoast-schema-graph\">{\"@context\":\"https:\\\/\\\/schema.org\",\"@graph\":[{\"@type\":\"Article\",\"@id\":\"https:\\\/\\\/csma.es\\\/noticias\\\/stoyan-paskov-en-ciclo-jovenes-interpretes-de-la-fundacion-juan-march\\\/#article\",\"isPartOf\":{\"@id\":\"https:\\\/\\\/csma.es\\\/noticias\\\/stoyan-paskov-en-ciclo-jovenes-interpretes-de-la-fundacion-juan-march\\\/\"},\"author\":{\"name\":\"TICS CSMA\",\"@id\":\"https:\\\/\\\/csma.es\\\/#\\\/schema\\\/person\\\/dd9e345cd1ec5925a5e8927a0cb3fc69\"},\"headline\":\"STOYAN PASKOV EN CICLO J\u00d3VENES INT\u00c9RPRETES DE LA FUNDACI\u00d3N JUAN MARCH\",\"datePublished\":\"2026-05-01T18:52:06+00:00\",\"dateModified\":\"2026-05-01T19:08:54+00:00\",\"mainEntityOfPage\":{\"@id\":\"https:\\\/\\\/csma.es\\\/noticias\\\/stoyan-paskov-en-ciclo-jovenes-interpretes-de-la-fundacion-juan-march\\\/\"},\"wordCount\":89,\"commentCount\":0,\"publisher\":{\"@id\":\"https:\\\/\\\/csma.es\\\/#organization\"},\"image\":{\"@id\":\"https:\\\/\\\/csma.es\\\/noticias\\\/stoyan-paskov-en-ciclo-jovenes-interpretes-de-la-fundacion-juan-march\\\/#primaryimage\"},\"thumbnailUrl\":\"https:\\\/\\\/csma.es\\\/wp-content\\\/uploads\\\/2026\\\/05\\\/STOYAN-PASKOV.png\",\"articleSection\":[\"Noticias\"],\"inLanguage\":\"en-US\",\"potentialAction\":[{\"@type\":\"CommentAction\",\"name\":\"Comment\",\"target\":[\"https:\\\/\\\/csma.es\\\/noticias\\\/stoyan-paskov-en-ciclo-jovenes-interpretes-de-la-fundacion-juan-march\\\/#respond\"]}]},{\"@type\":\"WebPage\",\"@id\":\"https:\\\/\\\/csma.es\\\/noticias\\\/stoyan-paskov-en-ciclo-jovenes-interpretes-de-la-fundacion-juan-march\\\/\",\"url\":\"https:\\\/\\\/csma.es\\\/noticias\\\/stoyan-paskov-en-ciclo-jovenes-interpretes-de-la-fundacion-juan-march\\\/\",\"name\":\"STOYAN PASKOV EN CICLO J\u00d3VENES INT\u00c9RPRETES DE LA FUNDACI\u00d3N JUAN MARCH - CSMA\",\"isPartOf\":{\"@id\":\"https:\\\/\\\/csma.es\\\/#website\"},\"primaryImageOfPage\":{\"@id\":\"https:\\\/\\\/csma.es\\\/noticias\\\/stoyan-paskov-en-ciclo-jovenes-interpretes-de-la-fundacion-juan-march\\\/#primaryimage\"},\"image\":{\"@id\":\"https:\\\/\\\/csma.es\\\/noticias\\\/stoyan-paskov-en-ciclo-jovenes-interpretes-de-la-fundacion-juan-march\\\/#primaryimage\"},\"thumbnailUrl\":\"https:\\\/\\\/csma.es\\\/wp-content\\\/uploads\\\/2026\\\/05\\\/STOYAN-PASKOV.png\",\"datePublished\":\"2026-05-01T18:52:06+00:00\",\"dateModified\":\"2026-05-01T19:08:54+00:00\",\"breadcrumb\":{\"@id\":\"https:\\\/\\\/csma.es\\\/noticias\\\/stoyan-paskov-en-ciclo-jovenes-interpretes-de-la-fundacion-juan-march\\\/#breadcrumb\"},\"inLanguage\":\"en-US\",\"potentialAction\":[{\"@type\":\"ReadAction\",\"target\":[\"https:\\\/\\\/csma.es\\\/noticias\\\/stoyan-paskov-en-ciclo-jovenes-interpretes-de-la-fundacion-juan-march\\\/\"]}]},{\"@type\":\"ImageObject\",\"inLanguage\":\"en-US\",\"@id\":\"https:\\\/\\\/csma.es\\\/noticias\\\/stoyan-paskov-en-ciclo-jovenes-interpretes-de-la-fundacion-juan-march\\\/#primaryimage\",\"url\":\"https:\\\/\\\/csma.es\\\/wp-content\\\/uploads\\\/2026\\\/05\\\/STOYAN-PASKOV.png\",\"contentUrl\":\"https:\\\/\\\/csma.es\\\/wp-content\\\/uploads\\\/2026\\\/05\\\/STOYAN-PASKOV.png\",\"width\":422,\"height\":583},{\"@type\":\"BreadcrumbList\",\"@id\":\"https:\\\/\\\/csma.es\\\/noticias\\\/stoyan-paskov-en-ciclo-jovenes-interpretes-de-la-fundacion-juan-march\\\/#breadcrumb\",\"itemListElement\":[{\"@type\":\"ListItem\",\"position\":1,\"name\":\"Portada\",\"item\":\"https:\\\/\\\/csma.es\\\/en\\\/\"},{\"@type\":\"ListItem\",\"position\":2,\"name\":\"STOYAN PASKOV EN CICLO J\u00d3VENES INT\u00c9RPRETES DE LA FUNDACI\u00d3N JUAN MARCH\"}]},{\"@type\":\"WebSite\",\"@id\":\"https:\\\/\\\/csma.es\\\/#website\",\"url\":\"https:\\\/\\\/csma.es\\\/\",\"name\":\"CSMA\",\"description\":\"Conservatorio Superior de M\u00fasica de Arag\u00f3n\",\"publisher\":{\"@id\":\"https:\\\/\\\/csma.es\\\/#organization\"},\"potentialAction\":[{\"@type\":\"SearchAction\",\"target\":{\"@type\":\"EntryPoint\",\"urlTemplate\":\"https:\\\/\\\/csma.es\\\/?s={search_term_string}\"},\"query-input\":{\"@type\":\"PropertyValueSpecification\",\"valueRequired\":true,\"valueName\":\"search_term_string\"}}],\"inLanguage\":\"en-US\"},{\"@type\":\"Organization\",\"@id\":\"https:\\\/\\\/csma.es\\\/#organization\",\"name\":\"Conservatorio Superior de M\u00fasica de Arag\u00f3n\",\"url\":\"https:\\\/\\\/csma.es\\\/\",\"logo\":{\"@type\":\"ImageObject\",\"inLanguage\":\"en-US\",\"@id\":\"https:\\\/\\\/csma.es\\\/#\\\/schema\\\/logo\\\/image\\\/\",\"url\":\"https:\\\/\\\/csma.es\\\/wp-content\\\/uploads\\\/2025\\\/04\\\/cropped-logo-csma-40anos-vertical-sintexto-positivo.png\",\"contentUrl\":\"https:\\\/\\\/csma.es\\\/wp-content\\\/uploads\\\/2025\\\/04\\\/cropped-logo-csma-40anos-vertical-sintexto-positivo.png\",\"width\":512,\"height\":512,\"caption\":\"Conservatorio Superior de M\u00fasica de Arag\u00f3n\"},\"image\":{\"@id\":\"https:\\\/\\\/csma.es\\\/#\\\/schema\\\/logo\\\/image\\\/\"},\"sameAs\":[\"https:\\\/\\\/www.facebook.com\\\/CSMAragon\\\/\",\"https:\\\/\\\/x.com\\\/csmaconser\",\"https:\\\/\\\/www.instagram.com\\\/csmaragon\\\/\",\"https:\\\/\\\/www.youtube.com\\\/channel\\\/UCcsLLtgZJUhz11-3Aj1sv3w\"]},{\"@type\":\"Person\",\"@id\":\"https:\\\/\\\/csma.es\\\/#\\\/schema\\\/person\\\/dd9e345cd1ec5925a5e8927a0cb3fc69\",\"name\":\"TICS CSMA\"}]}<\/script>\n<!-- \/ Yoast SEO plugin. -->","yoast_head_json":{"title":"STOYAN PASKOV EN CICLO J\u00d3VENES INT\u00c9RPRETES DE LA FUNDACI\u00d3N JUAN MARCH - CSMA","robots":{"index":"index","follow":"follow","max-snippet":"max-snippet:-1","max-image-preview":"max-image-preview:large","max-video-preview":"max-video-preview:-1"},"canonical":"https:\/\/csma.es\/noticias\/stoyan-paskov-en-ciclo-jovenes-interpretes-de-la-fundacion-juan-march\/","og_locale":"en_US","og_type":"article","og_title":"STOYAN PASKOV EN CICLO J\u00d3VENES INT\u00c9RPRETES DE LA FUNDACI\u00d3N JUAN MARCH - CSMA","og_description":"Nuestro alumno egresado, Stoyan Paskov, ha sido seleccionado por la Fundaci\u00f3n Juan March para participar en su pr\u00f3xima serie de J\u00f3venes Int\u00e9rpretes 26\/27, cuya finalidad...","og_url":"https:\/\/csma.es\/noticias\/stoyan-paskov-en-ciclo-jovenes-interpretes-de-la-fundacion-juan-march\/","og_site_name":"CSMA","article_publisher":"https:\/\/www.facebook.com\/CSMAragon\/","article_published_time":"2026-05-01T18:52:06+00:00","article_modified_time":"2026-05-01T19:08:54+00:00","og_image":[{"width":422,"height":583,"url":"https:\/\/csma.es\/wp-content\/uploads\/2026\/05\/STOYAN-PASKOV.png","type":"image\/png"}],"author":"TICS CSMA","twitter_card":"summary_large_image","twitter_creator":"@csmaconser","twitter_site":"@csmaconser","twitter_misc":{"Written by":"TICS CSMA","Est. reading time":"1 minute"},"schema":{"@context":"https:\/\/schema.org","@graph":[{"@type":"Article","@id":"https:\/\/csma.es\/noticias\/stoyan-paskov-en-ciclo-jovenes-interpretes-de-la-fundacion-juan-march\/#article","isPartOf":{"@id":"https:\/\/csma.es\/noticias\/stoyan-paskov-en-ciclo-jovenes-interpretes-de-la-fundacion-juan-march\/"},"author":{"name":"TICS CSMA","@id":"https:\/\/csma.es\/#\/schema\/person\/dd9e345cd1ec5925a5e8927a0cb3fc69"},"headline":"STOYAN PASKOV EN CICLO J\u00d3VENES INT\u00c9RPRETES DE LA FUNDACI\u00d3N JUAN MARCH","datePublished":"2026-05-01T18:52:06+00:00","dateModified":"2026-05-01T19:08:54+00:00","mainEntityOfPage":{"@id":"https:\/\/csma.es\/noticias\/stoyan-paskov-en-ciclo-jovenes-interpretes-de-la-fundacion-juan-march\/"},"wordCount":89,"commentCount":0,"publisher":{"@id":"https:\/\/csma.es\/#organization"},"image":{"@id":"https:\/\/csma.es\/noticias\/stoyan-paskov-en-ciclo-jovenes-interpretes-de-la-fundacion-juan-march\/#primaryimage"},"thumbnailUrl":"https:\/\/csma.es\/wp-content\/uploads\/2026\/05\/STOYAN-PASKOV.png","articleSection":["Noticias"],"inLanguage":"en-US","potentialAction":[{"@type":"CommentAction","name":"Comment","target":["https:\/\/csma.es\/noticias\/stoyan-paskov-en-ciclo-jovenes-interpretes-de-la-fundacion-juan-march\/#respond"]}]},{"@type":"WebPage","@id":"https:\/\/csma.es\/noticias\/stoyan-paskov-en-ciclo-jovenes-interpretes-de-la-fundacion-juan-march\/","url":"https:\/\/csma.es\/noticias\/stoyan-paskov-en-ciclo-jovenes-interpretes-de-la-fundacion-juan-march\/","name":"STOYAN PASKOV EN CICLO J\u00d3VENES INT\u00c9RPRETES DE LA FUNDACI\u00d3N JUAN MARCH - CSMA","isPartOf":{"@id":"https:\/\/csma.es\/#website"},"primaryImageOfPage":{"@id":"https:\/\/csma.es\/noticias\/stoyan-paskov-en-ciclo-jovenes-interpretes-de-la-fundacion-juan-march\/#primaryimage"},"image":{"@id":"https:\/\/csma.es\/noticias\/stoyan-paskov-en-ciclo-jovenes-interpretes-de-la-fundacion-juan-march\/#primaryimage"},"thumbnailUrl":"https:\/\/csma.es\/wp-content\/uploads\/2026\/05\/STOYAN-PASKOV.png","datePublished":"2026-05-01T18:52:06+00:00","dateModified":"2026-05-01T19:08:54+00:00","breadcrumb":{"@id":"https:\/\/csma.es\/noticias\/stoyan-paskov-en-ciclo-jovenes-interpretes-de-la-fundacion-juan-march\/#breadcrumb"},"inLanguage":"en-US","potentialAction":[{"@type":"ReadAction","target":["https:\/\/csma.es\/noticias\/stoyan-paskov-en-ciclo-jovenes-interpretes-de-la-fundacion-juan-march\/"]}]},{"@type":"ImageObject","inLanguage":"en-US","@id":"https:\/\/csma.es\/noticias\/stoyan-paskov-en-ciclo-jovenes-interpretes-de-la-fundacion-juan-march\/#primaryimage","url":"https:\/\/csma.es\/wp-content\/uploads\/2026\/05\/STOYAN-PASKOV.png","contentUrl":"https:\/\/csma.es\/wp-content\/uploads\/2026\/05\/STOYAN-PASKOV.png","width":422,"height":583},{"@type":"BreadcrumbList","@id":"https:\/\/csma.es\/noticias\/stoyan-paskov-en-ciclo-jovenes-interpretes-de-la-fundacion-juan-march\/#breadcrumb","itemListElement":[{"@type":"ListItem","position":1,"name":"Portada","item":"https:\/\/csma.es\/en\/"},{"@type":"ListItem","position":2,"name":"STOYAN PASKOV EN CICLO J\u00d3VENES INT\u00c9RPRETES DE LA FUNDACI\u00d3N JUAN MARCH"}]},{"@type":"WebSite","@id":"https:\/\/csma.es\/#website","url":"https:\/\/csma.es\/","name":"CSMA","description":"Conservatorio Superior de M\u00fasica de Arag\u00f3n","publisher":{"@id":"https:\/\/csma.es\/#organization"},"potentialAction":[{"@type":"SearchAction","target":{"@type":"EntryPoint","urlTemplate":"https:\/\/csma.es\/?s={search_term_string}"},"query-input":{"@type":"PropertyValueSpecification","valueRequired":true,"valueName":"search_term_string"}}],"inLanguage":"en-US"},{"@type":"Organization","@id":"https:\/\/csma.es\/#organization","name":"Conservatorio Superior de M\u00fasica de Arag\u00f3n","url":"https:\/\/csma.es\/","logo":{"@type":"ImageObject","inLanguage":"en-US","@id":"https:\/\/csma.es\/#\/schema\/logo\/image\/","url":"https:\/\/csma.es\/wp-content\/uploads\/2025\/04\/cropped-logo-csma-40anos-vertical-sintexto-positivo.png","contentUrl":"https:\/\/csma.es\/wp-content\/uploads\/2025\/04\/cropped-logo-csma-40anos-vertical-sintexto-positivo.png","width":512,"height":512,"caption":"Conservatorio Superior de M\u00fasica de Arag\u00f3n"},"image":{"@id":"https:\/\/csma.es\/#\/schema\/logo\/image\/"},"sameAs":["https:\/\/www.facebook.com\/CSMAragon\/","https:\/\/x.com\/csmaconser","https:\/\/www.instagram.com\/csmaragon\/","https:\/\/www.youtube.com\/channel\/UCcsLLtgZJUhz11-3Aj1sv3w"]},{"@type":"Person","@id":"https:\/\/csma.es\/#\/schema\/person\/dd9e345cd1ec5925a5e8927a0cb3fc69","name":"TICS CSMA"}]}},"publishpress_future_action":{"enabled":false,"date":"2026-05-09 06:54:18","action":"change-status","newStatus":"draft","terms":[],"taxonomy":"category","extraData":[]},"publishpress_future_workflow_manual_trigger":{"enabledWorkflows":[]},"_links":{"self":[{"href":"https:\/\/csma.es\/en\/wp-json\/wp\/v2\/posts\/34127","targetHints":{"allow":["GET"]}}],"collection":[{"href":"https:\/\/csma.es\/en\/wp-json\/wp\/v2\/posts"}],"about":[{"href":"https:\/\/csma.es\/en\/wp-json\/wp\/v2\/types\/post"}],"author":[{"embeddable":true,"href":"https:\/\/csma.es\/en\/wp-json\/wp\/v2\/users\/3"}],"replies":[{"embeddable":true,"href":"https:\/\/csma.es\/en\/wp-json\/wp\/v2\/comments?post=34127"}],"version-history":[{"count":1,"href":"https:\/\/csma.es\/en\/wp-json\/wp\/v2\/posts\/34127\/revisions"}],"predecessor-version":[{"id":34130,"href":"https:\/\/csma.es\/en\/wp-json\/wp\/v2\/posts\/34127\/revisions\/34130"}],"wp:featuredmedia":[{"embeddable":true,"href":"https:\/\/csma.es\/en\/wp-json\/wp\/v2\/media\/34128"}],"wp:attachment":[{"href":"https:\/\/csma.es\/en\/wp-json\/wp\/v2\/media?parent=34127"}],"wp:term":[{"taxonomy":"category","embeddable":true,"href":"https:\/\/csma.es\/en\/wp-json\/wp\/v2\/categories?post=34127"},{"taxonomy":"post_tag","embeddable":true,"href":"https:\/\/csma.es\/en\/wp-json\/wp\/v2\/tags?post=34127"}],"curies":[{"name":"wp","href":"https:\/\/api.w.org\/{rel}","templated":true}]}}