{"id":34122,"date":"2026-05-01T13:52:38","date_gmt":"2026-05-01T11:52:38","guid":{"rendered":"https:\/\/csma.es\/?p=34122"},"modified":"2026-05-01T13:52:38","modified_gmt":"2026-05-01T11:52:38","slug":"el-taller-de-jazz-cierra-el-ciclo-en-familia-25-26","status":"publish","type":"post","link":"https:\/\/csma.es\/en\/noticias\/el-taller-de-jazz-cierra-el-ciclo-en-familia-25-26\/","title":{"rendered":"EL TALLER DE JAZZ CIERRA EL CICLO EN FAMILIA 25\/26"},"content":{"rendered":"<p>El pr\u00f3ximo domingo 10 de mayo el Taller de Jazz del CSMA pondr\u00e1 el broche final a los conciertos del Ciclo EnFamilia CSMA que pretenden ofrecer una oportunidad para conocer y experimentar con m\u00fasicas de diversas \u00edndoles para toda la familia.<\/p>\n<p>Dirigido por el profesor CSMA Enrique Lleida, en esta ocasi\u00f3n, intervendr\u00e1n, adem\u00e1s, dos profesores CSMA especialistas en la improvisaci\u00f3n y el Jazz: el pianista Noel Redolar y el trompista Pau Molt\u00f3.<\/p>\n<p>La cita ser\u00e1 a las 12:00 en el Auditorio Eduardo del Pueyo con entrada libre.<\/p>\n<hr \/>\n<p><em>Entre amigos<\/em><\/p>\n<p>&nbsp;<\/p>\n<p>\u2022 Mister Sandman, Pat Ballard<br \/>\nArreglo: Enrique Lleida<\/p>\n<p>\u2022 The Girl From Ipanema, M\u00fasica: Ant\u00f4nio Carlos Jobim | Letra: Vin\u00edcius de Moraes<br \/>\nArreglo:\u00a0 Roger Holmes<\/p>\n<p>\u2022 My oh My Autor, Punch Brothers.<br \/>\nArreglo: Enrique Lleida<\/p>\n<p>\u2022 Vivaldi\u2019s Song (Il Cardelino)<br \/>\nArreglo: Enrique Lleida<\/p>\n<p>\u2022 Au Privave, Charlie Parker<\/p>\n<p>\u2022 Sleeping Cats, Pau Molt\u00f3<\/p>\n<p>\u2022 Flor de Lis,\u00a0 Djavan<\/p>\n<p>\u2022 Mack the Knife M\u00fasica, Kurt Weill| Letra: Marc Blitzstein. Letra original en alem\u00e1n: Bert\u00a0 Brecht<br \/>\nArreglo: Dave Wolpe<\/p>\n<p>\u2022 Proud Mary,\u00a0 J. C. Fogerty<br \/>\nArreglo: Enrique Lleida<\/p>\n<p>\u2022 Feeling Good (A. Newley &amp; L. Bricusse 1964, arreglo de Matt Amy)<\/p>\n<p>&nbsp;<\/p>\n<p style=\"text-align: justify;\">El Taller de Jazz y M\u00fasica Moderna del CSMA, o CSMA BIG BAND es una plataforma de\u00a0 exploraci\u00f3n art\u00edstica que aglutina un \u00e1mbito instrumental poco ortodoxo, lo cual posibilita\u00a0 momentos musicales renovados. El repertorio oscila entre los cl\u00e1sicos del jazz, jazz fusi\u00f3n y otras\u00a0 tendencias como el rock cl\u00e1sico, alternativo o progresivo.<\/p>\n<p style=\"text-align: justify;\">Esta agrupaci\u00f3n ha participado en los Proyectos Solidarios CSMA ofreciendo conciertos en el Centro Penitenciario de Zuera en diferentes ediciones. Esta iniciativa promovida por el CSMA y la Direcci\u00f3n\u00a0 General de Planificaci\u00f3n, Centros y Formaci\u00f3n Profesional del Gobierno de Arag\u00f3n pretende\u00a0 acercar la m\u00fasica a personas y lugares que no tienen posibilidad de disfrutarla en su vida diaria.<\/p>\n<p style=\"text-align: justify;\">El Taller de Jazz y M\u00fasica Moderna del CSMA se cre\u00f3 en el curso 2019-2020 bajo la direcci\u00f3n de\u00a0 Enrique Lleida, pianista vinculado al mundo del jazz y otras m\u00fasicas, que combina la labor\u00a0 pedag\u00f3gica, como catedr\u00e1tico de Improvisaci\u00f3n en el CSMA, con conciertos con las diferentes\u00a0 formaciones en las que participa.<\/p>\n","protected":false},"excerpt":{"rendered":"<p>El pr\u00f3ximo domingo 10 de mayo el Taller de Jazz del CSMA pondr\u00e1 el broche final a los conciertos del Ciclo EnFamilia CSMA que pretenden&#8230;<\/p>\n","protected":false},"author":3,"featured_media":34123,"comment_status":"open","ping_status":"open","sticky":false,"template":"","format":"standard","meta":{"footnotes":""},"categories":[368],"tags":[],"class_list":["post-34122","post","type-post","status-publish","format-standard","has-post-thumbnail","hentry","category-noticias"],"yoast_head":"<!-- This site is optimized with the Yoast SEO plugin v27.5 - https:\/\/yoast.com\/product\/yoast-seo-wordpress\/ -->\n<title>EL TALLER DE JAZZ CIERRA EL CICLO EN FAMILIA 25\/26 - CSMA<\/title>\n<meta name=\"robots\" content=\"index, follow, max-snippet:-1, max-image-preview:large, max-video-preview:-1\" \/>\n<link rel=\"canonical\" href=\"https:\/\/csma.es\/noticias\/el-taller-de-jazz-cierra-el-ciclo-en-familia-25-26\/\" \/>\n<meta property=\"og:locale\" content=\"en_US\" \/>\n<meta property=\"og:type\" content=\"article\" \/>\n<meta property=\"og:title\" content=\"EL TALLER DE JAZZ CIERRA EL CICLO EN FAMILIA 25\/26 - CSMA\" \/>\n<meta property=\"og:description\" content=\"El pr\u00f3ximo domingo 10 de mayo el Taller de Jazz del CSMA pondr\u00e1 el broche final a los conciertos del Ciclo EnFamilia CSMA que pretenden...\" \/>\n<meta property=\"og:url\" content=\"https:\/\/csma.es\/noticias\/el-taller-de-jazz-cierra-el-ciclo-en-familia-25-26\/\" \/>\n<meta property=\"og:site_name\" content=\"CSMA\" \/>\n<meta property=\"article:publisher\" content=\"https:\/\/www.facebook.com\/CSMAragon\/\" \/>\n<meta property=\"article:published_time\" content=\"2026-05-01T11:52:38+00:00\" \/>\n<meta property=\"og:image\" content=\"https:\/\/csma.es\/wp-content\/uploads\/2026\/05\/10052026_En-familia_TALLER-DE-JAZZ.jpg\" \/>\n\t<meta property=\"og:image:width\" content=\"1920\" \/>\n\t<meta property=\"og:image:height\" content=\"1080\" \/>\n\t<meta property=\"og:image:type\" content=\"image\/jpeg\" \/>\n<meta name=\"author\" content=\"TICS CSMA\" \/>\n<meta name=\"twitter:card\" content=\"summary_large_image\" \/>\n<meta name=\"twitter:creator\" content=\"@csmaconser\" \/>\n<meta name=\"twitter:site\" content=\"@csmaconser\" \/>\n<meta name=\"twitter:label1\" content=\"Written by\" \/>\n\t<meta name=\"twitter:data1\" content=\"TICS CSMA\" \/>\n\t<meta name=\"twitter:label2\" content=\"Est. reading time\" \/>\n\t<meta name=\"twitter:data2\" content=\"2 minutes\" \/>\n<script type=\"application\/ld+json\" class=\"yoast-schema-graph\">{\"@context\":\"https:\\\/\\\/schema.org\",\"@graph\":[{\"@type\":\"Article\",\"@id\":\"https:\\\/\\\/csma.es\\\/noticias\\\/el-taller-de-jazz-cierra-el-ciclo-en-familia-25-26\\\/#article\",\"isPartOf\":{\"@id\":\"https:\\\/\\\/csma.es\\\/noticias\\\/el-taller-de-jazz-cierra-el-ciclo-en-familia-25-26\\\/\"},\"author\":{\"name\":\"TICS CSMA\",\"@id\":\"https:\\\/\\\/csma.es\\\/#\\\/schema\\\/person\\\/dd9e345cd1ec5925a5e8927a0cb3fc69\"},\"headline\":\"EL TALLER DE JAZZ CIERRA EL CICLO EN FAMILIA 25\\\/26\",\"datePublished\":\"2026-05-01T11:52:38+00:00\",\"mainEntityOfPage\":{\"@id\":\"https:\\\/\\\/csma.es\\\/noticias\\\/el-taller-de-jazz-cierra-el-ciclo-en-familia-25-26\\\/\"},\"wordCount\":377,\"commentCount\":0,\"publisher\":{\"@id\":\"https:\\\/\\\/csma.es\\\/#organization\"},\"image\":{\"@id\":\"https:\\\/\\\/csma.es\\\/noticias\\\/el-taller-de-jazz-cierra-el-ciclo-en-familia-25-26\\\/#primaryimage\"},\"thumbnailUrl\":\"https:\\\/\\\/csma.es\\\/wp-content\\\/uploads\\\/2026\\\/05\\\/10052026_En-familia_TALLER-DE-JAZZ.jpg\",\"articleSection\":[\"Noticias\"],\"inLanguage\":\"en-US\",\"potentialAction\":[{\"@type\":\"CommentAction\",\"name\":\"Comment\",\"target\":[\"https:\\\/\\\/csma.es\\\/noticias\\\/el-taller-de-jazz-cierra-el-ciclo-en-familia-25-26\\\/#respond\"]}]},{\"@type\":\"WebPage\",\"@id\":\"https:\\\/\\\/csma.es\\\/noticias\\\/el-taller-de-jazz-cierra-el-ciclo-en-familia-25-26\\\/\",\"url\":\"https:\\\/\\\/csma.es\\\/noticias\\\/el-taller-de-jazz-cierra-el-ciclo-en-familia-25-26\\\/\",\"name\":\"EL TALLER DE JAZZ CIERRA EL CICLO EN FAMILIA 25\\\/26 - CSMA\",\"isPartOf\":{\"@id\":\"https:\\\/\\\/csma.es\\\/#website\"},\"primaryImageOfPage\":{\"@id\":\"https:\\\/\\\/csma.es\\\/noticias\\\/el-taller-de-jazz-cierra-el-ciclo-en-familia-25-26\\\/#primaryimage\"},\"image\":{\"@id\":\"https:\\\/\\\/csma.es\\\/noticias\\\/el-taller-de-jazz-cierra-el-ciclo-en-familia-25-26\\\/#primaryimage\"},\"thumbnailUrl\":\"https:\\\/\\\/csma.es\\\/wp-content\\\/uploads\\\/2026\\\/05\\\/10052026_En-familia_TALLER-DE-JAZZ.jpg\",\"datePublished\":\"2026-05-01T11:52:38+00:00\",\"breadcrumb\":{\"@id\":\"https:\\\/\\\/csma.es\\\/noticias\\\/el-taller-de-jazz-cierra-el-ciclo-en-familia-25-26\\\/#breadcrumb\"},\"inLanguage\":\"en-US\",\"potentialAction\":[{\"@type\":\"ReadAction\",\"target\":[\"https:\\\/\\\/csma.es\\\/noticias\\\/el-taller-de-jazz-cierra-el-ciclo-en-familia-25-26\\\/\"]}]},{\"@type\":\"ImageObject\",\"inLanguage\":\"en-US\",\"@id\":\"https:\\\/\\\/csma.es\\\/noticias\\\/el-taller-de-jazz-cierra-el-ciclo-en-familia-25-26\\\/#primaryimage\",\"url\":\"https:\\\/\\\/csma.es\\\/wp-content\\\/uploads\\\/2026\\\/05\\\/10052026_En-familia_TALLER-DE-JAZZ.jpg\",\"contentUrl\":\"https:\\\/\\\/csma.es\\\/wp-content\\\/uploads\\\/2026\\\/05\\\/10052026_En-familia_TALLER-DE-JAZZ.jpg\",\"width\":1920,\"height\":1080},{\"@type\":\"BreadcrumbList\",\"@id\":\"https:\\\/\\\/csma.es\\\/noticias\\\/el-taller-de-jazz-cierra-el-ciclo-en-familia-25-26\\\/#breadcrumb\",\"itemListElement\":[{\"@type\":\"ListItem\",\"position\":1,\"name\":\"Portada\",\"item\":\"https:\\\/\\\/csma.es\\\/en\\\/\"},{\"@type\":\"ListItem\",\"position\":2,\"name\":\"EL TALLER DE JAZZ CIERRA EL CICLO EN FAMILIA 25\\\/26\"}]},{\"@type\":\"WebSite\",\"@id\":\"https:\\\/\\\/csma.es\\\/#website\",\"url\":\"https:\\\/\\\/csma.es\\\/\",\"name\":\"CSMA\",\"description\":\"Conservatorio Superior de M\u00fasica de Arag\u00f3n\",\"publisher\":{\"@id\":\"https:\\\/\\\/csma.es\\\/#organization\"},\"potentialAction\":[{\"@type\":\"SearchAction\",\"target\":{\"@type\":\"EntryPoint\",\"urlTemplate\":\"https:\\\/\\\/csma.es\\\/?s={search_term_string}\"},\"query-input\":{\"@type\":\"PropertyValueSpecification\",\"valueRequired\":true,\"valueName\":\"search_term_string\"}}],\"inLanguage\":\"en-US\"},{\"@type\":\"Organization\",\"@id\":\"https:\\\/\\\/csma.es\\\/#organization\",\"name\":\"Conservatorio Superior de M\u00fasica de Arag\u00f3n\",\"url\":\"https:\\\/\\\/csma.es\\\/\",\"logo\":{\"@type\":\"ImageObject\",\"inLanguage\":\"en-US\",\"@id\":\"https:\\\/\\\/csma.es\\\/#\\\/schema\\\/logo\\\/image\\\/\",\"url\":\"https:\\\/\\\/csma.es\\\/wp-content\\\/uploads\\\/2025\\\/04\\\/cropped-logo-csma-40anos-vertical-sintexto-positivo.png\",\"contentUrl\":\"https:\\\/\\\/csma.es\\\/wp-content\\\/uploads\\\/2025\\\/04\\\/cropped-logo-csma-40anos-vertical-sintexto-positivo.png\",\"width\":512,\"height\":512,\"caption\":\"Conservatorio Superior de M\u00fasica de Arag\u00f3n\"},\"image\":{\"@id\":\"https:\\\/\\\/csma.es\\\/#\\\/schema\\\/logo\\\/image\\\/\"},\"sameAs\":[\"https:\\\/\\\/www.facebook.com\\\/CSMAragon\\\/\",\"https:\\\/\\\/x.com\\\/csmaconser\",\"https:\\\/\\\/www.instagram.com\\\/csmaragon\\\/\",\"https:\\\/\\\/www.youtube.com\\\/channel\\\/UCcsLLtgZJUhz11-3Aj1sv3w\"]},{\"@type\":\"Person\",\"@id\":\"https:\\\/\\\/csma.es\\\/#\\\/schema\\\/person\\\/dd9e345cd1ec5925a5e8927a0cb3fc69\",\"name\":\"TICS CSMA\"}]}<\/script>\n<!-- \/ Yoast SEO plugin. -->","yoast_head_json":{"title":"EL TALLER DE JAZZ CIERRA EL CICLO EN FAMILIA 25\/26 - CSMA","robots":{"index":"index","follow":"follow","max-snippet":"max-snippet:-1","max-image-preview":"max-image-preview:large","max-video-preview":"max-video-preview:-1"},"canonical":"https:\/\/csma.es\/noticias\/el-taller-de-jazz-cierra-el-ciclo-en-familia-25-26\/","og_locale":"en_US","og_type":"article","og_title":"EL TALLER DE JAZZ CIERRA EL CICLO EN FAMILIA 25\/26 - CSMA","og_description":"El pr\u00f3ximo domingo 10 de mayo el Taller de Jazz del CSMA pondr\u00e1 el broche final a los conciertos del Ciclo EnFamilia CSMA que pretenden...","og_url":"https:\/\/csma.es\/noticias\/el-taller-de-jazz-cierra-el-ciclo-en-familia-25-26\/","og_site_name":"CSMA","article_publisher":"https:\/\/www.facebook.com\/CSMAragon\/","article_published_time":"2026-05-01T11:52:38+00:00","og_image":[{"width":1920,"height":1080,"url":"https:\/\/csma.es\/wp-content\/uploads\/2026\/05\/10052026_En-familia_TALLER-DE-JAZZ.jpg","type":"image\/jpeg"}],"author":"TICS CSMA","twitter_card":"summary_large_image","twitter_creator":"@csmaconser","twitter_site":"@csmaconser","twitter_misc":{"Written by":"TICS CSMA","Est. reading time":"2 minutes"},"schema":{"@context":"https:\/\/schema.org","@graph":[{"@type":"Article","@id":"https:\/\/csma.es\/noticias\/el-taller-de-jazz-cierra-el-ciclo-en-familia-25-26\/#article","isPartOf":{"@id":"https:\/\/csma.es\/noticias\/el-taller-de-jazz-cierra-el-ciclo-en-familia-25-26\/"},"author":{"name":"TICS CSMA","@id":"https:\/\/csma.es\/#\/schema\/person\/dd9e345cd1ec5925a5e8927a0cb3fc69"},"headline":"EL TALLER DE JAZZ CIERRA EL CICLO EN FAMILIA 25\/26","datePublished":"2026-05-01T11:52:38+00:00","mainEntityOfPage":{"@id":"https:\/\/csma.es\/noticias\/el-taller-de-jazz-cierra-el-ciclo-en-familia-25-26\/"},"wordCount":377,"commentCount":0,"publisher":{"@id":"https:\/\/csma.es\/#organization"},"image":{"@id":"https:\/\/csma.es\/noticias\/el-taller-de-jazz-cierra-el-ciclo-en-familia-25-26\/#primaryimage"},"thumbnailUrl":"https:\/\/csma.es\/wp-content\/uploads\/2026\/05\/10052026_En-familia_TALLER-DE-JAZZ.jpg","articleSection":["Noticias"],"inLanguage":"en-US","potentialAction":[{"@type":"CommentAction","name":"Comment","target":["https:\/\/csma.es\/noticias\/el-taller-de-jazz-cierra-el-ciclo-en-familia-25-26\/#respond"]}]},{"@type":"WebPage","@id":"https:\/\/csma.es\/noticias\/el-taller-de-jazz-cierra-el-ciclo-en-familia-25-26\/","url":"https:\/\/csma.es\/noticias\/el-taller-de-jazz-cierra-el-ciclo-en-familia-25-26\/","name":"EL TALLER DE JAZZ CIERRA EL CICLO EN FAMILIA 25\/26 - CSMA","isPartOf":{"@id":"https:\/\/csma.es\/#website"},"primaryImageOfPage":{"@id":"https:\/\/csma.es\/noticias\/el-taller-de-jazz-cierra-el-ciclo-en-familia-25-26\/#primaryimage"},"image":{"@id":"https:\/\/csma.es\/noticias\/el-taller-de-jazz-cierra-el-ciclo-en-familia-25-26\/#primaryimage"},"thumbnailUrl":"https:\/\/csma.es\/wp-content\/uploads\/2026\/05\/10052026_En-familia_TALLER-DE-JAZZ.jpg","datePublished":"2026-05-01T11:52:38+00:00","breadcrumb":{"@id":"https:\/\/csma.es\/noticias\/el-taller-de-jazz-cierra-el-ciclo-en-familia-25-26\/#breadcrumb"},"inLanguage":"en-US","potentialAction":[{"@type":"ReadAction","target":["https:\/\/csma.es\/noticias\/el-taller-de-jazz-cierra-el-ciclo-en-familia-25-26\/"]}]},{"@type":"ImageObject","inLanguage":"en-US","@id":"https:\/\/csma.es\/noticias\/el-taller-de-jazz-cierra-el-ciclo-en-familia-25-26\/#primaryimage","url":"https:\/\/csma.es\/wp-content\/uploads\/2026\/05\/10052026_En-familia_TALLER-DE-JAZZ.jpg","contentUrl":"https:\/\/csma.es\/wp-content\/uploads\/2026\/05\/10052026_En-familia_TALLER-DE-JAZZ.jpg","width":1920,"height":1080},{"@type":"BreadcrumbList","@id":"https:\/\/csma.es\/noticias\/el-taller-de-jazz-cierra-el-ciclo-en-familia-25-26\/#breadcrumb","itemListElement":[{"@type":"ListItem","position":1,"name":"Portada","item":"https:\/\/csma.es\/en\/"},{"@type":"ListItem","position":2,"name":"EL TALLER DE JAZZ CIERRA EL CICLO EN FAMILIA 25\/26"}]},{"@type":"WebSite","@id":"https:\/\/csma.es\/#website","url":"https:\/\/csma.es\/","name":"CSMA","description":"Conservatorio Superior de M\u00fasica de Arag\u00f3n","publisher":{"@id":"https:\/\/csma.es\/#organization"},"potentialAction":[{"@type":"SearchAction","target":{"@type":"EntryPoint","urlTemplate":"https:\/\/csma.es\/?s={search_term_string}"},"query-input":{"@type":"PropertyValueSpecification","valueRequired":true,"valueName":"search_term_string"}}],"inLanguage":"en-US"},{"@type":"Organization","@id":"https:\/\/csma.es\/#organization","name":"Conservatorio Superior de M\u00fasica de Arag\u00f3n","url":"https:\/\/csma.es\/","logo":{"@type":"ImageObject","inLanguage":"en-US","@id":"https:\/\/csma.es\/#\/schema\/logo\/image\/","url":"https:\/\/csma.es\/wp-content\/uploads\/2025\/04\/cropped-logo-csma-40anos-vertical-sintexto-positivo.png","contentUrl":"https:\/\/csma.es\/wp-content\/uploads\/2025\/04\/cropped-logo-csma-40anos-vertical-sintexto-positivo.png","width":512,"height":512,"caption":"Conservatorio Superior de M\u00fasica de Arag\u00f3n"},"image":{"@id":"https:\/\/csma.es\/#\/schema\/logo\/image\/"},"sameAs":["https:\/\/www.facebook.com\/CSMAragon\/","https:\/\/x.com\/csmaconser","https:\/\/www.instagram.com\/csmaragon\/","https:\/\/www.youtube.com\/channel\/UCcsLLtgZJUhz11-3Aj1sv3w"]},{"@type":"Person","@id":"https:\/\/csma.es\/#\/schema\/person\/dd9e345cd1ec5925a5e8927a0cb3fc69","name":"TICS CSMA"}]}},"publishpress_future_action":{"enabled":false,"date":"2026-05-08 18:54:20","action":"change-status","newStatus":"draft","terms":[],"taxonomy":"category","extraData":[]},"publishpress_future_workflow_manual_trigger":{"enabledWorkflows":[]},"_links":{"self":[{"href":"https:\/\/csma.es\/en\/wp-json\/wp\/v2\/posts\/34122","targetHints":{"allow":["GET"]}}],"collection":[{"href":"https:\/\/csma.es\/en\/wp-json\/wp\/v2\/posts"}],"about":[{"href":"https:\/\/csma.es\/en\/wp-json\/wp\/v2\/types\/post"}],"author":[{"embeddable":true,"href":"https:\/\/csma.es\/en\/wp-json\/wp\/v2\/users\/3"}],"replies":[{"embeddable":true,"href":"https:\/\/csma.es\/en\/wp-json\/wp\/v2\/comments?post=34122"}],"version-history":[{"count":1,"href":"https:\/\/csma.es\/en\/wp-json\/wp\/v2\/posts\/34122\/revisions"}],"predecessor-version":[{"id":34125,"href":"https:\/\/csma.es\/en\/wp-json\/wp\/v2\/posts\/34122\/revisions\/34125"}],"wp:featuredmedia":[{"embeddable":true,"href":"https:\/\/csma.es\/en\/wp-json\/wp\/v2\/media\/34123"}],"wp:attachment":[{"href":"https:\/\/csma.es\/en\/wp-json\/wp\/v2\/media?parent=34122"}],"wp:term":[{"taxonomy":"category","embeddable":true,"href":"https:\/\/csma.es\/en\/wp-json\/wp\/v2\/categories?post=34122"},{"taxonomy":"post_tag","embeddable":true,"href":"https:\/\/csma.es\/en\/wp-json\/wp\/v2\/tags?post=34122"}],"curies":[{"name":"wp","href":"https:\/\/api.w.org\/{rel}","templated":true}]}}