{"id":34119,"date":"2026-05-01T11:29:03","date_gmt":"2026-05-01T09:29:03","guid":{"rendered":"https:\/\/csma.es\/?p=34119"},"modified":"2026-05-01T11:31:14","modified_gmt":"2026-05-01T09:31:14","slug":"conciertos-referentes-4-y-5-de-mayo","status":"publish","type":"post","link":"https:\/\/csma.es\/en\/noticias\/conciertos-referentes-4-y-5-de-mayo\/","title":{"rendered":"CONCIERTO REFERENTES EN AUDITORIO EDUARDO DEL PUEYO"},"content":{"rendered":"<p>Pr\u00f3ximo concierto de REFERENTES: <em>Miradas boreales<\/em><\/p>\n<p>&nbsp;<\/p>\n<p>4 de mayo a las 19:30 en Auditorio Eduardo del Pueyo.<\/p>\n<p>Entrada Libre<\/p>\n<hr \/>\n<p><strong>Sof\u00eda Gubaidulina (1931- 2025) <\/strong><\/p>\n<p><em>Toccata-troncata<\/em><br \/>\nJaime Spinola Almendral,<\/p>\n<p><em>Invenci\u00f3n piano Musical Toys Mauro<\/em><br \/>\nFresneda Gont\u00e1n, \u00a0 piano<\/p>\n<p><em>Chaconne<\/em><br \/>\nPaula Puga Diego, piano<\/p>\n<p>&nbsp;<\/p>\n<p><strong>Kaija Saariaho (1952-2023)<\/strong><\/p>\n<p><em>Duft<\/em><br \/>\nV\u00edctor Serrano Llamas, clarinete<\/p>\n<p><strong>Lera Auerbach (1973)<br \/>\n<\/strong><em>Ten Dreams<\/em><br \/>\nVioleta de la Calle Quir\u00f3s, piano<\/p>\n<p>&nbsp;<\/p>\n<p style=\"text-align: justify;\">Las figuras de Sof\u00eda Gubaidulina, Kaija Saariaho y Lera Auerbach representan tres voces esenciales de la creaci\u00f3n musical contempor\u00e1nea, cuyas trayectorias reflejan personalidades art\u00edsticas profundamente definidas y singulares.<\/p>\n<p style=\"text-align: justify;\">Sof\u00eda Gubaidulina se distingue por una espiritualidad intensa y una b\u00fasqueda constante de lo trascendente. Su m\u00fasica, de gran carga simb\u00f3lica, explora la tensi\u00f3n entre lo terrenal y lo espiritual, revelando una personalidad introspectiva, rigurosa y comprometida con la dimensi\u00f3n \u00e9tica del arte. En su obra, el sonido se convierte en un veh\u00edculo de expresi\u00f3n interior y de cuestionamiento existencial.<\/p>\n<p style=\"text-align: justify;\">Kaija Saariaho, por su parte, encarna una sensibilidad refinada hacia el color y la textura sonora. Su lenguaje, influido por la exploraci\u00f3n t\u00edmbrica y los avances tecnol\u00f3gicos, pone de manifiesto una personalidad contemplativa y po\u00e9tica. En sus composiciones se percibe una atenci\u00f3n minuciosa al matiz, as\u00ed como una voluntad de expandir los l\u00edmites perceptivos del oyente mediante atm\u00f3sferas de gran sutileza.<\/p>\n<p style=\"text-align: justify;\">Lera Auerbach se caracteriza por una expresividad directa y una marcada dualidad entre tradici\u00f3n y modernidad. Su m\u00fasica revela una personalidad vers\u00e1til y profundamente comunicativa, capaz de integrar referencias hist\u00f3ricas con un lenguaje contempor\u00e1neo de fuerte impronta emocional. Como pianista y compositora, su obra refleja una relaci\u00f3n \u00edntima con el instrumento y una clara vocaci\u00f3n narrativa.<\/p>\n<p style=\"text-align: justify;\">La interpretaci\u00f3n de este repertorio contempor\u00e1neo resulta de especial relevancia en el contexto actual, no solo por su valor art\u00edstico intr\u00ednseco, sino tambi\u00e9n por su capacidad de ampliar el horizonte est\u00e9tico del p\u00fablico. Estas obras invitan a una escucha activa y consciente, fomentando un di\u00e1logo entre int\u00e9rprete, compositor y oyente que enriquece la experiencia musical y reafirma la vigencia de la creaci\u00f3n contempor\u00e1nea dentro del panorama cultural.<\/p>\n<p style=\"text-align: justify;\">\n","protected":false},"excerpt":{"rendered":"<p>Pr\u00f3ximo concierto de REFERENTES: Miradas boreales &nbsp; 4 de mayo a las 19:30 en Auditorio Eduardo del Pueyo. Entrada Libre Sof\u00eda Gubaidulina (1931- 2025) Toccata-troncata&#8230;<\/p>\n","protected":false},"author":3,"featured_media":34117,"comment_status":"open","ping_status":"open","sticky":false,"template":"","format":"standard","meta":{"footnotes":""},"categories":[368],"tags":[],"class_list":["post-34119","post","type-post","status-publish","format-standard","has-post-thumbnail","hentry","category-noticias"],"yoast_head":"<!-- This site is optimized with the Yoast SEO plugin v27.5 - https:\/\/yoast.com\/product\/yoast-seo-wordpress\/ -->\n<title>CONCIERTO REFERENTES EN AUDITORIO EDUARDO DEL PUEYO - CSMA<\/title>\n<meta name=\"robots\" content=\"index, follow, max-snippet:-1, max-image-preview:large, max-video-preview:-1\" \/>\n<link rel=\"canonical\" href=\"https:\/\/csma.es\/noticias\/conciertos-referentes-4-y-5-de-mayo\/\" \/>\n<meta property=\"og:locale\" content=\"en_US\" \/>\n<meta property=\"og:type\" content=\"article\" \/>\n<meta property=\"og:title\" content=\"CONCIERTO REFERENTES EN AUDITORIO EDUARDO DEL PUEYO - CSMA\" \/>\n<meta property=\"og:description\" content=\"Pr\u00f3ximo concierto de REFERENTES: Miradas boreales &nbsp; 4 de mayo a las 19:30 en Auditorio Eduardo del Pueyo. Entrada Libre Sof\u00eda Gubaidulina (1931- 2025) Toccata-troncata...\" \/>\n<meta property=\"og:url\" content=\"https:\/\/csma.es\/noticias\/conciertos-referentes-4-y-5-de-mayo\/\" \/>\n<meta property=\"og:site_name\" content=\"CSMA\" \/>\n<meta property=\"article:publisher\" content=\"https:\/\/www.facebook.com\/CSMAragon\/\" \/>\n<meta property=\"article:published_time\" content=\"2026-05-01T09:29:03+00:00\" \/>\n<meta property=\"article:modified_time\" content=\"2026-05-01T09:31:14+00:00\" \/>\n<meta property=\"og:image\" content=\"https:\/\/csma.es\/wp-content\/uploads\/2026\/05\/Concierto-REFERENTES-4-de-mayo.png\" \/>\n\t<meta property=\"og:image:width\" content=\"960\" \/>\n\t<meta property=\"og:image:height\" content=\"540\" \/>\n\t<meta property=\"og:image:type\" content=\"image\/png\" \/>\n<meta name=\"author\" content=\"TICS CSMA\" \/>\n<meta name=\"twitter:card\" content=\"summary_large_image\" \/>\n<meta name=\"twitter:creator\" content=\"@csmaconser\" \/>\n<meta name=\"twitter:site\" content=\"@csmaconser\" \/>\n<meta name=\"twitter:label1\" content=\"Written by\" \/>\n\t<meta name=\"twitter:data1\" content=\"TICS CSMA\" \/>\n\t<meta name=\"twitter:label2\" content=\"Est. reading time\" \/>\n\t<meta name=\"twitter:data2\" content=\"2 minutes\" \/>\n<script type=\"application\/ld+json\" class=\"yoast-schema-graph\">{\"@context\":\"https:\\\/\\\/schema.org\",\"@graph\":[{\"@type\":\"Article\",\"@id\":\"https:\\\/\\\/csma.es\\\/noticias\\\/conciertos-referentes-4-y-5-de-mayo\\\/#article\",\"isPartOf\":{\"@id\":\"https:\\\/\\\/csma.es\\\/noticias\\\/conciertos-referentes-4-y-5-de-mayo\\\/\"},\"author\":{\"name\":\"TICS CSMA\",\"@id\":\"https:\\\/\\\/csma.es\\\/#\\\/schema\\\/person\\\/dd9e345cd1ec5925a5e8927a0cb3fc69\"},\"headline\":\"CONCIERTO REFERENTES EN AUDITORIO EDUARDO DEL PUEYO\",\"datePublished\":\"2026-05-01T09:29:03+00:00\",\"dateModified\":\"2026-05-01T09:31:14+00:00\",\"mainEntityOfPage\":{\"@id\":\"https:\\\/\\\/csma.es\\\/noticias\\\/conciertos-referentes-4-y-5-de-mayo\\\/\"},\"wordCount\":380,\"commentCount\":0,\"publisher\":{\"@id\":\"https:\\\/\\\/csma.es\\\/#organization\"},\"image\":{\"@id\":\"https:\\\/\\\/csma.es\\\/noticias\\\/conciertos-referentes-4-y-5-de-mayo\\\/#primaryimage\"},\"thumbnailUrl\":\"https:\\\/\\\/csma.es\\\/wp-content\\\/uploads\\\/2026\\\/05\\\/Concierto-REFERENTES-4-de-mayo.png\",\"articleSection\":[\"Noticias\"],\"inLanguage\":\"en-US\",\"potentialAction\":[{\"@type\":\"CommentAction\",\"name\":\"Comment\",\"target\":[\"https:\\\/\\\/csma.es\\\/noticias\\\/conciertos-referentes-4-y-5-de-mayo\\\/#respond\"]}]},{\"@type\":\"WebPage\",\"@id\":\"https:\\\/\\\/csma.es\\\/noticias\\\/conciertos-referentes-4-y-5-de-mayo\\\/\",\"url\":\"https:\\\/\\\/csma.es\\\/noticias\\\/conciertos-referentes-4-y-5-de-mayo\\\/\",\"name\":\"CONCIERTO REFERENTES EN AUDITORIO EDUARDO DEL PUEYO - CSMA\",\"isPartOf\":{\"@id\":\"https:\\\/\\\/csma.es\\\/#website\"},\"primaryImageOfPage\":{\"@id\":\"https:\\\/\\\/csma.es\\\/noticias\\\/conciertos-referentes-4-y-5-de-mayo\\\/#primaryimage\"},\"image\":{\"@id\":\"https:\\\/\\\/csma.es\\\/noticias\\\/conciertos-referentes-4-y-5-de-mayo\\\/#primaryimage\"},\"thumbnailUrl\":\"https:\\\/\\\/csma.es\\\/wp-content\\\/uploads\\\/2026\\\/05\\\/Concierto-REFERENTES-4-de-mayo.png\",\"datePublished\":\"2026-05-01T09:29:03+00:00\",\"dateModified\":\"2026-05-01T09:31:14+00:00\",\"breadcrumb\":{\"@id\":\"https:\\\/\\\/csma.es\\\/noticias\\\/conciertos-referentes-4-y-5-de-mayo\\\/#breadcrumb\"},\"inLanguage\":\"en-US\",\"potentialAction\":[{\"@type\":\"ReadAction\",\"target\":[\"https:\\\/\\\/csma.es\\\/noticias\\\/conciertos-referentes-4-y-5-de-mayo\\\/\"]}]},{\"@type\":\"ImageObject\",\"inLanguage\":\"en-US\",\"@id\":\"https:\\\/\\\/csma.es\\\/noticias\\\/conciertos-referentes-4-y-5-de-mayo\\\/#primaryimage\",\"url\":\"https:\\\/\\\/csma.es\\\/wp-content\\\/uploads\\\/2026\\\/05\\\/Concierto-REFERENTES-4-de-mayo.png\",\"contentUrl\":\"https:\\\/\\\/csma.es\\\/wp-content\\\/uploads\\\/2026\\\/05\\\/Concierto-REFERENTES-4-de-mayo.png\",\"width\":960,\"height\":540},{\"@type\":\"BreadcrumbList\",\"@id\":\"https:\\\/\\\/csma.es\\\/noticias\\\/conciertos-referentes-4-y-5-de-mayo\\\/#breadcrumb\",\"itemListElement\":[{\"@type\":\"ListItem\",\"position\":1,\"name\":\"Portada\",\"item\":\"https:\\\/\\\/csma.es\\\/en\\\/\"},{\"@type\":\"ListItem\",\"position\":2,\"name\":\"CONCIERTO REFERENTES EN AUDITORIO EDUARDO DEL PUEYO\"}]},{\"@type\":\"WebSite\",\"@id\":\"https:\\\/\\\/csma.es\\\/#website\",\"url\":\"https:\\\/\\\/csma.es\\\/\",\"name\":\"CSMA\",\"description\":\"Conservatorio Superior de M\u00fasica de Arag\u00f3n\",\"publisher\":{\"@id\":\"https:\\\/\\\/csma.es\\\/#organization\"},\"potentialAction\":[{\"@type\":\"SearchAction\",\"target\":{\"@type\":\"EntryPoint\",\"urlTemplate\":\"https:\\\/\\\/csma.es\\\/?s={search_term_string}\"},\"query-input\":{\"@type\":\"PropertyValueSpecification\",\"valueRequired\":true,\"valueName\":\"search_term_string\"}}],\"inLanguage\":\"en-US\"},{\"@type\":\"Organization\",\"@id\":\"https:\\\/\\\/csma.es\\\/#organization\",\"name\":\"Conservatorio Superior de M\u00fasica de Arag\u00f3n\",\"url\":\"https:\\\/\\\/csma.es\\\/\",\"logo\":{\"@type\":\"ImageObject\",\"inLanguage\":\"en-US\",\"@id\":\"https:\\\/\\\/csma.es\\\/#\\\/schema\\\/logo\\\/image\\\/\",\"url\":\"https:\\\/\\\/csma.es\\\/wp-content\\\/uploads\\\/2025\\\/04\\\/cropped-logo-csma-40anos-vertical-sintexto-positivo.png\",\"contentUrl\":\"https:\\\/\\\/csma.es\\\/wp-content\\\/uploads\\\/2025\\\/04\\\/cropped-logo-csma-40anos-vertical-sintexto-positivo.png\",\"width\":512,\"height\":512,\"caption\":\"Conservatorio Superior de M\u00fasica de Arag\u00f3n\"},\"image\":{\"@id\":\"https:\\\/\\\/csma.es\\\/#\\\/schema\\\/logo\\\/image\\\/\"},\"sameAs\":[\"https:\\\/\\\/www.facebook.com\\\/CSMAragon\\\/\",\"https:\\\/\\\/x.com\\\/csmaconser\",\"https:\\\/\\\/www.instagram.com\\\/csmaragon\\\/\",\"https:\\\/\\\/www.youtube.com\\\/channel\\\/UCcsLLtgZJUhz11-3Aj1sv3w\"]},{\"@type\":\"Person\",\"@id\":\"https:\\\/\\\/csma.es\\\/#\\\/schema\\\/person\\\/dd9e345cd1ec5925a5e8927a0cb3fc69\",\"name\":\"TICS CSMA\"}]}<\/script>\n<!-- \/ Yoast SEO plugin. -->","yoast_head_json":{"title":"CONCIERTO REFERENTES EN AUDITORIO EDUARDO DEL PUEYO - CSMA","robots":{"index":"index","follow":"follow","max-snippet":"max-snippet:-1","max-image-preview":"max-image-preview:large","max-video-preview":"max-video-preview:-1"},"canonical":"https:\/\/csma.es\/noticias\/conciertos-referentes-4-y-5-de-mayo\/","og_locale":"en_US","og_type":"article","og_title":"CONCIERTO REFERENTES EN AUDITORIO EDUARDO DEL PUEYO - CSMA","og_description":"Pr\u00f3ximo concierto de REFERENTES: Miradas boreales &nbsp; 4 de mayo a las 19:30 en Auditorio Eduardo del Pueyo. Entrada Libre Sof\u00eda Gubaidulina (1931- 2025) Toccata-troncata...","og_url":"https:\/\/csma.es\/noticias\/conciertos-referentes-4-y-5-de-mayo\/","og_site_name":"CSMA","article_publisher":"https:\/\/www.facebook.com\/CSMAragon\/","article_published_time":"2026-05-01T09:29:03+00:00","article_modified_time":"2026-05-01T09:31:14+00:00","og_image":[{"width":960,"height":540,"url":"https:\/\/csma.es\/wp-content\/uploads\/2026\/05\/Concierto-REFERENTES-4-de-mayo.png","type":"image\/png"}],"author":"TICS CSMA","twitter_card":"summary_large_image","twitter_creator":"@csmaconser","twitter_site":"@csmaconser","twitter_misc":{"Written by":"TICS CSMA","Est. reading time":"2 minutes"},"schema":{"@context":"https:\/\/schema.org","@graph":[{"@type":"Article","@id":"https:\/\/csma.es\/noticias\/conciertos-referentes-4-y-5-de-mayo\/#article","isPartOf":{"@id":"https:\/\/csma.es\/noticias\/conciertos-referentes-4-y-5-de-mayo\/"},"author":{"name":"TICS CSMA","@id":"https:\/\/csma.es\/#\/schema\/person\/dd9e345cd1ec5925a5e8927a0cb3fc69"},"headline":"CONCIERTO REFERENTES EN AUDITORIO EDUARDO DEL PUEYO","datePublished":"2026-05-01T09:29:03+00:00","dateModified":"2026-05-01T09:31:14+00:00","mainEntityOfPage":{"@id":"https:\/\/csma.es\/noticias\/conciertos-referentes-4-y-5-de-mayo\/"},"wordCount":380,"commentCount":0,"publisher":{"@id":"https:\/\/csma.es\/#organization"},"image":{"@id":"https:\/\/csma.es\/noticias\/conciertos-referentes-4-y-5-de-mayo\/#primaryimage"},"thumbnailUrl":"https:\/\/csma.es\/wp-content\/uploads\/2026\/05\/Concierto-REFERENTES-4-de-mayo.png","articleSection":["Noticias"],"inLanguage":"en-US","potentialAction":[{"@type":"CommentAction","name":"Comment","target":["https:\/\/csma.es\/noticias\/conciertos-referentes-4-y-5-de-mayo\/#respond"]}]},{"@type":"WebPage","@id":"https:\/\/csma.es\/noticias\/conciertos-referentes-4-y-5-de-mayo\/","url":"https:\/\/csma.es\/noticias\/conciertos-referentes-4-y-5-de-mayo\/","name":"CONCIERTO REFERENTES EN AUDITORIO EDUARDO DEL PUEYO - CSMA","isPartOf":{"@id":"https:\/\/csma.es\/#website"},"primaryImageOfPage":{"@id":"https:\/\/csma.es\/noticias\/conciertos-referentes-4-y-5-de-mayo\/#primaryimage"},"image":{"@id":"https:\/\/csma.es\/noticias\/conciertos-referentes-4-y-5-de-mayo\/#primaryimage"},"thumbnailUrl":"https:\/\/csma.es\/wp-content\/uploads\/2026\/05\/Concierto-REFERENTES-4-de-mayo.png","datePublished":"2026-05-01T09:29:03+00:00","dateModified":"2026-05-01T09:31:14+00:00","breadcrumb":{"@id":"https:\/\/csma.es\/noticias\/conciertos-referentes-4-y-5-de-mayo\/#breadcrumb"},"inLanguage":"en-US","potentialAction":[{"@type":"ReadAction","target":["https:\/\/csma.es\/noticias\/conciertos-referentes-4-y-5-de-mayo\/"]}]},{"@type":"ImageObject","inLanguage":"en-US","@id":"https:\/\/csma.es\/noticias\/conciertos-referentes-4-y-5-de-mayo\/#primaryimage","url":"https:\/\/csma.es\/wp-content\/uploads\/2026\/05\/Concierto-REFERENTES-4-de-mayo.png","contentUrl":"https:\/\/csma.es\/wp-content\/uploads\/2026\/05\/Concierto-REFERENTES-4-de-mayo.png","width":960,"height":540},{"@type":"BreadcrumbList","@id":"https:\/\/csma.es\/noticias\/conciertos-referentes-4-y-5-de-mayo\/#breadcrumb","itemListElement":[{"@type":"ListItem","position":1,"name":"Portada","item":"https:\/\/csma.es\/en\/"},{"@type":"ListItem","position":2,"name":"CONCIERTO REFERENTES EN AUDITORIO EDUARDO DEL PUEYO"}]},{"@type":"WebSite","@id":"https:\/\/csma.es\/#website","url":"https:\/\/csma.es\/","name":"CSMA","description":"Conservatorio Superior de M\u00fasica de Arag\u00f3n","publisher":{"@id":"https:\/\/csma.es\/#organization"},"potentialAction":[{"@type":"SearchAction","target":{"@type":"EntryPoint","urlTemplate":"https:\/\/csma.es\/?s={search_term_string}"},"query-input":{"@type":"PropertyValueSpecification","valueRequired":true,"valueName":"search_term_string"}}],"inLanguage":"en-US"},{"@type":"Organization","@id":"https:\/\/csma.es\/#organization","name":"Conservatorio Superior de M\u00fasica de Arag\u00f3n","url":"https:\/\/csma.es\/","logo":{"@type":"ImageObject","inLanguage":"en-US","@id":"https:\/\/csma.es\/#\/schema\/logo\/image\/","url":"https:\/\/csma.es\/wp-content\/uploads\/2025\/04\/cropped-logo-csma-40anos-vertical-sintexto-positivo.png","contentUrl":"https:\/\/csma.es\/wp-content\/uploads\/2025\/04\/cropped-logo-csma-40anos-vertical-sintexto-positivo.png","width":512,"height":512,"caption":"Conservatorio Superior de M\u00fasica de Arag\u00f3n"},"image":{"@id":"https:\/\/csma.es\/#\/schema\/logo\/image\/"},"sameAs":["https:\/\/www.facebook.com\/CSMAragon\/","https:\/\/x.com\/csmaconser","https:\/\/www.instagram.com\/csmaragon\/","https:\/\/www.youtube.com\/channel\/UCcsLLtgZJUhz11-3Aj1sv3w"]},{"@type":"Person","@id":"https:\/\/csma.es\/#\/schema\/person\/dd9e345cd1ec5925a5e8927a0cb3fc69","name":"TICS CSMA"}]}},"publishpress_future_action":{"enabled":false,"date":"2026-05-08 15:39:23","action":"change-status","newStatus":"draft","terms":[],"taxonomy":"category","extraData":[]},"publishpress_future_workflow_manual_trigger":{"enabledWorkflows":[]},"_links":{"self":[{"href":"https:\/\/csma.es\/en\/wp-json\/wp\/v2\/posts\/34119","targetHints":{"allow":["GET"]}}],"collection":[{"href":"https:\/\/csma.es\/en\/wp-json\/wp\/v2\/posts"}],"about":[{"href":"https:\/\/csma.es\/en\/wp-json\/wp\/v2\/types\/post"}],"author":[{"embeddable":true,"href":"https:\/\/csma.es\/en\/wp-json\/wp\/v2\/users\/3"}],"replies":[{"embeddable":true,"href":"https:\/\/csma.es\/en\/wp-json\/wp\/v2\/comments?post=34119"}],"version-history":[{"count":2,"href":"https:\/\/csma.es\/en\/wp-json\/wp\/v2\/posts\/34119\/revisions"}],"predecessor-version":[{"id":34121,"href":"https:\/\/csma.es\/en\/wp-json\/wp\/v2\/posts\/34119\/revisions\/34121"}],"wp:featuredmedia":[{"embeddable":true,"href":"https:\/\/csma.es\/en\/wp-json\/wp\/v2\/media\/34117"}],"wp:attachment":[{"href":"https:\/\/csma.es\/en\/wp-json\/wp\/v2\/media?parent=34119"}],"wp:term":[{"taxonomy":"category","embeddable":true,"href":"https:\/\/csma.es\/en\/wp-json\/wp\/v2\/categories?post=34119"},{"taxonomy":"post_tag","embeddable":true,"href":"https:\/\/csma.es\/en\/wp-json\/wp\/v2\/tags?post=34119"}],"curies":[{"name":"wp","href":"https:\/\/api.w.org\/{rel}","templated":true}]}}