{"id":34102,"date":"2026-04-30T14:01:48","date_gmt":"2026-04-30T12:01:48","guid":{"rendered":"https:\/\/csma.es\/?p=34102"},"modified":"2026-04-30T14:01:48","modified_gmt":"2026-04-30T12:01:48","slug":"orquesta-de-cuerda-pulsada-en-el-auditorio-eduardo-del-pueyo","status":"publish","type":"post","link":"https:\/\/csma.es\/en\/noticias\/orquesta-de-cuerda-pulsada-en-el-auditorio-eduardo-del-pueyo\/","title":{"rendered":"ORQUESTA DE CUERDA PULSADA EN EL AUDITORIO EDUARDO DEL PUEYO"},"content":{"rendered":"<p>ORQUESTA DE CUERDA PULSADA DE ZARAGOZA<br \/>\nConservatorio Profesional de M\u00fasica de Zaragoza (CPMZ)<br \/>\nConservatorio Superior de M\u00fasica de Arag\u00f3n (CSMA)<\/p>\n<p>DOMINGO 3 DE MAYO A LAS 18:00<\/p>\n<p>AUDITORIO EDUARDO DEL PUEYO<\/p>\n<p>Entrada Libre<\/p>\n<p>Bandurrias primeras: David Cay \u00c1lvarez (concertino), Alberto Pacheco Gracia, Iker Salvatierra Lebrero, Estela Roche Benito. Bandurrias segundas: Juan Jos\u00e9 Almarza Carrasco, David S\u00e1ez Velasco, Marcos Azuara Gracia, Iris G\u00f3mez Mateo. Bandurrias tenores: Mar\u00eda Gerv\u00e1s Castro, Alberto Jarauta Abad\u00eda, Francisco Os\u00e1car Puyoles, Roc\u00edo Mata Lorente. Bandurrias bajo: Juan Jos\u00e9 Almarza Carrasco, Mar\u00eda Gerv\u00e1s Castro. Bajo el\u00e9ctrico: Roberto Sobieski. Guitarras primeras: Adri\u00e1n Pe\u00f1a Herr\u00e1ez, Laura Aurrecoechea Fern\u00e1ndez, Pablo de la Mata Cano. Guitarras segundas: N\u00e9stor Javier P\u00e9rez Garc\u00eda, Cecilia Capap\u00e9 Ocampo. Arpa primera: Esperanza Lairla S\u00e1nchez. Arpa segunda: Delia Founaud Bolea. Piano primero: F\u00e9lix Lacarta L\u00f3pez. Piano segundo: Nils Holst Marqu\u00e9s. Acorde\u00f3n primero: Ana Dom\u00ednguez Ceperuelo. Acorde\u00f3n segundo: Silvia Guerrero Bardaj\u00ed. Soprano: Beatriz Tr\u00e9bol Garcia-Arilla. Mezzosoprano: Mar\u00eda Sala (profesora). Tenor-bar\u00edtono: Alejandro Mosteo Chagoyen. Direcci\u00f3n: Jorge Casanova;<br \/>\nmaestra de canto: Mar\u00eda Sala<\/p>\n<p>&nbsp;<\/p>\n<hr \/>\n<p><em>\u201cTres compositores aragoneses&#8230; y &#8230;\u201d<\/em><\/p>\n<p>&nbsp;<\/p>\n<p><em>\u201c&#8230; y &#8230;\u201d, &#8230; y otros dos compositores internacionales de todos los tiempos: GNATALLI y BACH. Compositores aragoneses de dos generaciones: la de los 60\u2019s, con los j\u00f3venes experimentados, magn\u00edficos y premiad\u00edsimos ANTONIO SALANOVA (Premio \u201cCristobal Halffter\u201d de Composici\u00f3n&#8230;) y V\u00cdCTOR REBULLIDA (Premio \u201cReina Sof\u00eda\u201d de Composici\u00f3n Orquestal&#8230;); y la de los 90\u2019s con la \u201cjoven joven\u201d MAR\u00cdA GERV\u00c1S, con una incipiente carrera compositiva que augura futuros frutos fascinantes. Los tres unidos de manera diversa por los cursos \u201cEl Compositor y la creaci\u00f3n para Cuerda Pulsada\u201d que cre\u00f3 el profesor Jorge Casanova para que sus alumnos estrenaran encargos trabajados alalim\u00f3n con los propios compositores. Ah\u00ed Salanova y Rebullida aportaron sus obras \u201cAntes del alba\u201d y \u201cOlvidando el olvido\u201d respectivamente; ah\u00ed se forj\u00f3 la vocaci\u00f3n compositiva de Mar\u00eda&#8230; mientras las estrenaba com instrumentista, como bandurrista. Por tanto \u201cUna de las cinco\u201d, la obra de Mar\u00eda, es un logro directo de los citados <\/em><em>cursos. Obras pues compuestas para, y estrenadas por la Orquesta de Cuerda Pulsada de Zaragoza. Y todo ello abrazado por la m\u00fasica de dos de los grandes: Radam\u00e9s GNATALLI (Brasil) y&#8230; el m\u00e1s grande&#8230; Juan Sebasti\u00e1n BACH. En fin, un concierto delicioso&#8230; Y pronto DELICIAS DISCOGR\u00c1FICAS publicar\u00e1 un doble CD con las ocho obras que desde 2007 se compusieron y estrenaron por la orquesta. Excelente el trabajo de todos estos estudiantes, y en especial la colaboraci\u00f3n, v\u00eda Proyectos Instrumentales, de los estudiantes de CSMA.<\/em><\/p>\n<p>&nbsp;<\/p>\n<p><a href=\"https:\/\/csma.es\/wp-content\/uploads\/2026\/04\/002.-EDP-PROGRAMA-sp.pdf\" target=\"_blank\" rel=\"noopener\">DESCARGA PROGRAMA<\/a><\/p>\n","protected":false},"excerpt":{"rendered":"<p>ORQUESTA DE CUERDA PULSADA DE ZARAGOZA Conservatorio Profesional de M\u00fasica de Zaragoza (CPMZ) Conservatorio Superior de M\u00fasica de Arag\u00f3n (CSMA) DOMINGO 3 DE MAYO A&#8230;<\/p>\n","protected":false},"author":3,"featured_media":34108,"comment_status":"open","ping_status":"open","sticky":false,"template":"","format":"standard","meta":{"footnotes":""},"categories":[368],"tags":[],"class_list":["post-34102","post","type-post","status-publish","format-standard","has-post-thumbnail","hentry","category-noticias"],"yoast_head":"<!-- This site is optimized with the Yoast SEO plugin v27.5 - https:\/\/yoast.com\/product\/yoast-seo-wordpress\/ -->\n<title>ORQUESTA DE CUERDA PULSADA EN EL AUDITORIO EDUARDO DEL PUEYO - CSMA<\/title>\n<meta name=\"robots\" content=\"index, follow, max-snippet:-1, max-image-preview:large, max-video-preview:-1\" \/>\n<link rel=\"canonical\" href=\"https:\/\/csma.es\/noticias\/orquesta-de-cuerda-pulsada-en-el-auditorio-eduardo-del-pueyo\/\" \/>\n<meta property=\"og:locale\" content=\"en_US\" \/>\n<meta property=\"og:type\" content=\"article\" \/>\n<meta property=\"og:title\" content=\"ORQUESTA DE CUERDA PULSADA EN EL AUDITORIO EDUARDO DEL PUEYO - CSMA\" \/>\n<meta property=\"og:description\" content=\"ORQUESTA DE CUERDA PULSADA DE ZARAGOZA Conservatorio Profesional de M\u00fasica de Zaragoza (CPMZ) Conservatorio Superior de M\u00fasica de Arag\u00f3n (CSMA) DOMINGO 3 DE MAYO A...\" \/>\n<meta property=\"og:url\" content=\"https:\/\/csma.es\/noticias\/orquesta-de-cuerda-pulsada-en-el-auditorio-eduardo-del-pueyo\/\" \/>\n<meta property=\"og:site_name\" content=\"CSMA\" \/>\n<meta property=\"article:publisher\" content=\"https:\/\/www.facebook.com\/CSMAragon\/\" \/>\n<meta property=\"article:published_time\" content=\"2026-04-30T12:01:48+00:00\" \/>\n<meta property=\"og:image\" content=\"https:\/\/csma.es\/wp-content\/uploads\/2026\/04\/03052026_INOUT_CONCIERTO-ORQUESTA-PULSADA.jpg\" \/>\n\t<meta property=\"og:image:width\" content=\"1920\" \/>\n\t<meta property=\"og:image:height\" content=\"1080\" \/>\n\t<meta property=\"og:image:type\" content=\"image\/jpeg\" \/>\n<meta name=\"author\" content=\"TICS CSMA\" \/>\n<meta name=\"twitter:card\" content=\"summary_large_image\" \/>\n<meta name=\"twitter:creator\" content=\"@csmaconser\" \/>\n<meta name=\"twitter:site\" content=\"@csmaconser\" \/>\n<meta name=\"twitter:label1\" content=\"Written by\" \/>\n\t<meta name=\"twitter:data1\" content=\"TICS CSMA\" \/>\n\t<meta name=\"twitter:label2\" content=\"Est. reading time\" \/>\n\t<meta name=\"twitter:data2\" content=\"3 minutes\" \/>\n<script type=\"application\/ld+json\" class=\"yoast-schema-graph\">{\"@context\":\"https:\\\/\\\/schema.org\",\"@graph\":[{\"@type\":\"Article\",\"@id\":\"https:\\\/\\\/csma.es\\\/noticias\\\/orquesta-de-cuerda-pulsada-en-el-auditorio-eduardo-del-pueyo\\\/#article\",\"isPartOf\":{\"@id\":\"https:\\\/\\\/csma.es\\\/noticias\\\/orquesta-de-cuerda-pulsada-en-el-auditorio-eduardo-del-pueyo\\\/\"},\"author\":{\"name\":\"TICS CSMA\",\"@id\":\"https:\\\/\\\/csma.es\\\/#\\\/schema\\\/person\\\/dd9e345cd1ec5925a5e8927a0cb3fc69\"},\"headline\":\"ORQUESTA DE CUERDA PULSADA EN EL AUDITORIO EDUARDO DEL PUEYO\",\"datePublished\":\"2026-04-30T12:01:48+00:00\",\"mainEntityOfPage\":{\"@id\":\"https:\\\/\\\/csma.es\\\/noticias\\\/orquesta-de-cuerda-pulsada-en-el-auditorio-eduardo-del-pueyo\\\/\"},\"wordCount\":463,\"commentCount\":0,\"publisher\":{\"@id\":\"https:\\\/\\\/csma.es\\\/#organization\"},\"image\":{\"@id\":\"https:\\\/\\\/csma.es\\\/noticias\\\/orquesta-de-cuerda-pulsada-en-el-auditorio-eduardo-del-pueyo\\\/#primaryimage\"},\"thumbnailUrl\":\"https:\\\/\\\/csma.es\\\/wp-content\\\/uploads\\\/2026\\\/04\\\/03052026_INOUT_CONCIERTO-ORQUESTA-PULSADA.jpg\",\"articleSection\":[\"Noticias\"],\"inLanguage\":\"en-US\",\"potentialAction\":[{\"@type\":\"CommentAction\",\"name\":\"Comment\",\"target\":[\"https:\\\/\\\/csma.es\\\/noticias\\\/orquesta-de-cuerda-pulsada-en-el-auditorio-eduardo-del-pueyo\\\/#respond\"]}]},{\"@type\":\"WebPage\",\"@id\":\"https:\\\/\\\/csma.es\\\/noticias\\\/orquesta-de-cuerda-pulsada-en-el-auditorio-eduardo-del-pueyo\\\/\",\"url\":\"https:\\\/\\\/csma.es\\\/noticias\\\/orquesta-de-cuerda-pulsada-en-el-auditorio-eduardo-del-pueyo\\\/\",\"name\":\"ORQUESTA DE CUERDA PULSADA EN EL AUDITORIO EDUARDO DEL PUEYO - CSMA\",\"isPartOf\":{\"@id\":\"https:\\\/\\\/csma.es\\\/#website\"},\"primaryImageOfPage\":{\"@id\":\"https:\\\/\\\/csma.es\\\/noticias\\\/orquesta-de-cuerda-pulsada-en-el-auditorio-eduardo-del-pueyo\\\/#primaryimage\"},\"image\":{\"@id\":\"https:\\\/\\\/csma.es\\\/noticias\\\/orquesta-de-cuerda-pulsada-en-el-auditorio-eduardo-del-pueyo\\\/#primaryimage\"},\"thumbnailUrl\":\"https:\\\/\\\/csma.es\\\/wp-content\\\/uploads\\\/2026\\\/04\\\/03052026_INOUT_CONCIERTO-ORQUESTA-PULSADA.jpg\",\"datePublished\":\"2026-04-30T12:01:48+00:00\",\"breadcrumb\":{\"@id\":\"https:\\\/\\\/csma.es\\\/noticias\\\/orquesta-de-cuerda-pulsada-en-el-auditorio-eduardo-del-pueyo\\\/#breadcrumb\"},\"inLanguage\":\"en-US\",\"potentialAction\":[{\"@type\":\"ReadAction\",\"target\":[\"https:\\\/\\\/csma.es\\\/noticias\\\/orquesta-de-cuerda-pulsada-en-el-auditorio-eduardo-del-pueyo\\\/\"]}]},{\"@type\":\"ImageObject\",\"inLanguage\":\"en-US\",\"@id\":\"https:\\\/\\\/csma.es\\\/noticias\\\/orquesta-de-cuerda-pulsada-en-el-auditorio-eduardo-del-pueyo\\\/#primaryimage\",\"url\":\"https:\\\/\\\/csma.es\\\/wp-content\\\/uploads\\\/2026\\\/04\\\/03052026_INOUT_CONCIERTO-ORQUESTA-PULSADA.jpg\",\"contentUrl\":\"https:\\\/\\\/csma.es\\\/wp-content\\\/uploads\\\/2026\\\/04\\\/03052026_INOUT_CONCIERTO-ORQUESTA-PULSADA.jpg\",\"width\":1920,\"height\":1080},{\"@type\":\"BreadcrumbList\",\"@id\":\"https:\\\/\\\/csma.es\\\/noticias\\\/orquesta-de-cuerda-pulsada-en-el-auditorio-eduardo-del-pueyo\\\/#breadcrumb\",\"itemListElement\":[{\"@type\":\"ListItem\",\"position\":1,\"name\":\"Portada\",\"item\":\"https:\\\/\\\/csma.es\\\/en\\\/\"},{\"@type\":\"ListItem\",\"position\":2,\"name\":\"ORQUESTA DE CUERDA PULSADA EN EL AUDITORIO EDUARDO DEL PUEYO\"}]},{\"@type\":\"WebSite\",\"@id\":\"https:\\\/\\\/csma.es\\\/#website\",\"url\":\"https:\\\/\\\/csma.es\\\/\",\"name\":\"CSMA\",\"description\":\"Conservatorio Superior de M\u00fasica de Arag\u00f3n\",\"publisher\":{\"@id\":\"https:\\\/\\\/csma.es\\\/#organization\"},\"potentialAction\":[{\"@type\":\"SearchAction\",\"target\":{\"@type\":\"EntryPoint\",\"urlTemplate\":\"https:\\\/\\\/csma.es\\\/?s={search_term_string}\"},\"query-input\":{\"@type\":\"PropertyValueSpecification\",\"valueRequired\":true,\"valueName\":\"search_term_string\"}}],\"inLanguage\":\"en-US\"},{\"@type\":\"Organization\",\"@id\":\"https:\\\/\\\/csma.es\\\/#organization\",\"name\":\"Conservatorio Superior de M\u00fasica de Arag\u00f3n\",\"url\":\"https:\\\/\\\/csma.es\\\/\",\"logo\":{\"@type\":\"ImageObject\",\"inLanguage\":\"en-US\",\"@id\":\"https:\\\/\\\/csma.es\\\/#\\\/schema\\\/logo\\\/image\\\/\",\"url\":\"https:\\\/\\\/csma.es\\\/wp-content\\\/uploads\\\/2025\\\/04\\\/cropped-logo-csma-40anos-vertical-sintexto-positivo.png\",\"contentUrl\":\"https:\\\/\\\/csma.es\\\/wp-content\\\/uploads\\\/2025\\\/04\\\/cropped-logo-csma-40anos-vertical-sintexto-positivo.png\",\"width\":512,\"height\":512,\"caption\":\"Conservatorio Superior de M\u00fasica de Arag\u00f3n\"},\"image\":{\"@id\":\"https:\\\/\\\/csma.es\\\/#\\\/schema\\\/logo\\\/image\\\/\"},\"sameAs\":[\"https:\\\/\\\/www.facebook.com\\\/CSMAragon\\\/\",\"https:\\\/\\\/x.com\\\/csmaconser\",\"https:\\\/\\\/www.instagram.com\\\/csmaragon\\\/\",\"https:\\\/\\\/www.youtube.com\\\/channel\\\/UCcsLLtgZJUhz11-3Aj1sv3w\"]},{\"@type\":\"Person\",\"@id\":\"https:\\\/\\\/csma.es\\\/#\\\/schema\\\/person\\\/dd9e345cd1ec5925a5e8927a0cb3fc69\",\"name\":\"TICS CSMA\"}]}<\/script>\n<!-- \/ Yoast SEO plugin. -->","yoast_head_json":{"title":"ORQUESTA DE CUERDA PULSADA EN EL AUDITORIO EDUARDO DEL PUEYO - CSMA","robots":{"index":"index","follow":"follow","max-snippet":"max-snippet:-1","max-image-preview":"max-image-preview:large","max-video-preview":"max-video-preview:-1"},"canonical":"https:\/\/csma.es\/noticias\/orquesta-de-cuerda-pulsada-en-el-auditorio-eduardo-del-pueyo\/","og_locale":"en_US","og_type":"article","og_title":"ORQUESTA DE CUERDA PULSADA EN EL AUDITORIO EDUARDO DEL PUEYO - CSMA","og_description":"ORQUESTA DE CUERDA PULSADA DE ZARAGOZA Conservatorio Profesional de M\u00fasica de Zaragoza (CPMZ) Conservatorio Superior de M\u00fasica de Arag\u00f3n (CSMA) DOMINGO 3 DE MAYO A...","og_url":"https:\/\/csma.es\/noticias\/orquesta-de-cuerda-pulsada-en-el-auditorio-eduardo-del-pueyo\/","og_site_name":"CSMA","article_publisher":"https:\/\/www.facebook.com\/CSMAragon\/","article_published_time":"2026-04-30T12:01:48+00:00","og_image":[{"width":1920,"height":1080,"url":"https:\/\/csma.es\/wp-content\/uploads\/2026\/04\/03052026_INOUT_CONCIERTO-ORQUESTA-PULSADA.jpg","type":"image\/jpeg"}],"author":"TICS CSMA","twitter_card":"summary_large_image","twitter_creator":"@csmaconser","twitter_site":"@csmaconser","twitter_misc":{"Written by":"TICS CSMA","Est. reading time":"3 minutes"},"schema":{"@context":"https:\/\/schema.org","@graph":[{"@type":"Article","@id":"https:\/\/csma.es\/noticias\/orquesta-de-cuerda-pulsada-en-el-auditorio-eduardo-del-pueyo\/#article","isPartOf":{"@id":"https:\/\/csma.es\/noticias\/orquesta-de-cuerda-pulsada-en-el-auditorio-eduardo-del-pueyo\/"},"author":{"name":"TICS CSMA","@id":"https:\/\/csma.es\/#\/schema\/person\/dd9e345cd1ec5925a5e8927a0cb3fc69"},"headline":"ORQUESTA DE CUERDA PULSADA EN EL AUDITORIO EDUARDO DEL PUEYO","datePublished":"2026-04-30T12:01:48+00:00","mainEntityOfPage":{"@id":"https:\/\/csma.es\/noticias\/orquesta-de-cuerda-pulsada-en-el-auditorio-eduardo-del-pueyo\/"},"wordCount":463,"commentCount":0,"publisher":{"@id":"https:\/\/csma.es\/#organization"},"image":{"@id":"https:\/\/csma.es\/noticias\/orquesta-de-cuerda-pulsada-en-el-auditorio-eduardo-del-pueyo\/#primaryimage"},"thumbnailUrl":"https:\/\/csma.es\/wp-content\/uploads\/2026\/04\/03052026_INOUT_CONCIERTO-ORQUESTA-PULSADA.jpg","articleSection":["Noticias"],"inLanguage":"en-US","potentialAction":[{"@type":"CommentAction","name":"Comment","target":["https:\/\/csma.es\/noticias\/orquesta-de-cuerda-pulsada-en-el-auditorio-eduardo-del-pueyo\/#respond"]}]},{"@type":"WebPage","@id":"https:\/\/csma.es\/noticias\/orquesta-de-cuerda-pulsada-en-el-auditorio-eduardo-del-pueyo\/","url":"https:\/\/csma.es\/noticias\/orquesta-de-cuerda-pulsada-en-el-auditorio-eduardo-del-pueyo\/","name":"ORQUESTA DE CUERDA PULSADA EN EL AUDITORIO EDUARDO DEL PUEYO - CSMA","isPartOf":{"@id":"https:\/\/csma.es\/#website"},"primaryImageOfPage":{"@id":"https:\/\/csma.es\/noticias\/orquesta-de-cuerda-pulsada-en-el-auditorio-eduardo-del-pueyo\/#primaryimage"},"image":{"@id":"https:\/\/csma.es\/noticias\/orquesta-de-cuerda-pulsada-en-el-auditorio-eduardo-del-pueyo\/#primaryimage"},"thumbnailUrl":"https:\/\/csma.es\/wp-content\/uploads\/2026\/04\/03052026_INOUT_CONCIERTO-ORQUESTA-PULSADA.jpg","datePublished":"2026-04-30T12:01:48+00:00","breadcrumb":{"@id":"https:\/\/csma.es\/noticias\/orquesta-de-cuerda-pulsada-en-el-auditorio-eduardo-del-pueyo\/#breadcrumb"},"inLanguage":"en-US","potentialAction":[{"@type":"ReadAction","target":["https:\/\/csma.es\/noticias\/orquesta-de-cuerda-pulsada-en-el-auditorio-eduardo-del-pueyo\/"]}]},{"@type":"ImageObject","inLanguage":"en-US","@id":"https:\/\/csma.es\/noticias\/orquesta-de-cuerda-pulsada-en-el-auditorio-eduardo-del-pueyo\/#primaryimage","url":"https:\/\/csma.es\/wp-content\/uploads\/2026\/04\/03052026_INOUT_CONCIERTO-ORQUESTA-PULSADA.jpg","contentUrl":"https:\/\/csma.es\/wp-content\/uploads\/2026\/04\/03052026_INOUT_CONCIERTO-ORQUESTA-PULSADA.jpg","width":1920,"height":1080},{"@type":"BreadcrumbList","@id":"https:\/\/csma.es\/noticias\/orquesta-de-cuerda-pulsada-en-el-auditorio-eduardo-del-pueyo\/#breadcrumb","itemListElement":[{"@type":"ListItem","position":1,"name":"Portada","item":"https:\/\/csma.es\/en\/"},{"@type":"ListItem","position":2,"name":"ORQUESTA DE CUERDA PULSADA EN EL AUDITORIO EDUARDO DEL PUEYO"}]},{"@type":"WebSite","@id":"https:\/\/csma.es\/#website","url":"https:\/\/csma.es\/","name":"CSMA","description":"Conservatorio Superior de M\u00fasica de Arag\u00f3n","publisher":{"@id":"https:\/\/csma.es\/#organization"},"potentialAction":[{"@type":"SearchAction","target":{"@type":"EntryPoint","urlTemplate":"https:\/\/csma.es\/?s={search_term_string}"},"query-input":{"@type":"PropertyValueSpecification","valueRequired":true,"valueName":"search_term_string"}}],"inLanguage":"en-US"},{"@type":"Organization","@id":"https:\/\/csma.es\/#organization","name":"Conservatorio Superior de M\u00fasica de Arag\u00f3n","url":"https:\/\/csma.es\/","logo":{"@type":"ImageObject","inLanguage":"en-US","@id":"https:\/\/csma.es\/#\/schema\/logo\/image\/","url":"https:\/\/csma.es\/wp-content\/uploads\/2025\/04\/cropped-logo-csma-40anos-vertical-sintexto-positivo.png","contentUrl":"https:\/\/csma.es\/wp-content\/uploads\/2025\/04\/cropped-logo-csma-40anos-vertical-sintexto-positivo.png","width":512,"height":512,"caption":"Conservatorio Superior de M\u00fasica de Arag\u00f3n"},"image":{"@id":"https:\/\/csma.es\/#\/schema\/logo\/image\/"},"sameAs":["https:\/\/www.facebook.com\/CSMAragon\/","https:\/\/x.com\/csmaconser","https:\/\/www.instagram.com\/csmaragon\/","https:\/\/www.youtube.com\/channel\/UCcsLLtgZJUhz11-3Aj1sv3w"]},{"@type":"Person","@id":"https:\/\/csma.es\/#\/schema\/person\/dd9e345cd1ec5925a5e8927a0cb3fc69","name":"TICS CSMA"}]}},"publishpress_future_action":{"enabled":false,"date":"2026-05-07 20:31:24","action":"change-status","newStatus":"draft","terms":[],"taxonomy":"category","extraData":[]},"publishpress_future_workflow_manual_trigger":{"enabledWorkflows":[]},"_links":{"self":[{"href":"https:\/\/csma.es\/en\/wp-json\/wp\/v2\/posts\/34102","targetHints":{"allow":["GET"]}}],"collection":[{"href":"https:\/\/csma.es\/en\/wp-json\/wp\/v2\/posts"}],"about":[{"href":"https:\/\/csma.es\/en\/wp-json\/wp\/v2\/types\/post"}],"author":[{"embeddable":true,"href":"https:\/\/csma.es\/en\/wp-json\/wp\/v2\/users\/3"}],"replies":[{"embeddable":true,"href":"https:\/\/csma.es\/en\/wp-json\/wp\/v2\/comments?post=34102"}],"version-history":[{"count":1,"href":"https:\/\/csma.es\/en\/wp-json\/wp\/v2\/posts\/34102\/revisions"}],"predecessor-version":[{"id":34110,"href":"https:\/\/csma.es\/en\/wp-json\/wp\/v2\/posts\/34102\/revisions\/34110"}],"wp:featuredmedia":[{"embeddable":true,"href":"https:\/\/csma.es\/en\/wp-json\/wp\/v2\/media\/34108"}],"wp:attachment":[{"href":"https:\/\/csma.es\/en\/wp-json\/wp\/v2\/media?parent=34102"}],"wp:term":[{"taxonomy":"category","embeddable":true,"href":"https:\/\/csma.es\/en\/wp-json\/wp\/v2\/categories?post=34102"},{"taxonomy":"post_tag","embeddable":true,"href":"https:\/\/csma.es\/en\/wp-json\/wp\/v2\/tags?post=34102"}],"curies":[{"name":"wp","href":"https:\/\/api.w.org\/{rel}","templated":true}]}}