{"id":33255,"date":"2026-03-19T11:45:27","date_gmt":"2026-03-19T10:45:27","guid":{"rendered":"https:\/\/csma.es\/?p=33255"},"modified":"2026-03-19T11:45:27","modified_gmt":"2026-03-19T10:45:27","slug":"banda-sinfonica-csma-en-ciclo-cim-y-concierto-pedagogico-brit","status":"publish","type":"post","link":"https:\/\/csma.es\/en\/noticias\/banda-sinfonica-csma-en-ciclo-cim-y-concierto-pedagogico-brit\/","title":{"rendered":"BANDA SINF\u00d3NICA CSMA EN CICLO CIM Y CONCIERTO PEDAG\u00d3GICO BRIT"},"content":{"rendered":"<p>La Banda Sinf\u00f3nica CSMA presenta este fin de semana dos interesantes conciertos en la Sala Mozart del Auditorio de Zaragoza:<\/p>\n<p>Dentro del 46\u00aa Ciclo de Introducci\u00f3n a la M\u00fasica del Auditorio de Zaragoza, el pr\u00f3ximo <strong>domingo 22 de marzo a las 11:30<\/strong>, la Banda Sinf\u00f3nica CSMA presenta la Sinfon\u00eda Fant\u00e1stica de Berlioz,\u00a0 obra cumbre del repertorio rom\u00e1ntico, adaptada para Banda Sinf\u00f3nica. Dirige en esta ocasi\u00f3n el maestro Carlos Oca\u00f1a.<\/p>\n<p>Las entradas est\u00e1n disponibles en web y taquillas del Auditorio de Zaragoza.<\/p>\n<hr \/>\n<p style=\"text-align: justify;\">El pr\u00f3ximo <strong>lunes 23 de marzo a las 11:30<\/strong>, por tercer a\u00f1o consecutivo, la Banda Sinf\u00f3nica ofrecer\u00e1 un nuevo concierto pedag\u00f3gico y experiencia m\u00fasico literaria en ingl\u00e9s, que tendr\u00e1 lugar tambi\u00e9n en la sala Mozart del Auditorio de Zaragoza \u201cPrinecesa Leonor\u201d. Bajo el t\u00edtulo\u00a0 \u201cAlice\u00b4s Adventures in Fantasyland&#8221;, esta producci\u00f3n m\u00fasico literaria en ingl\u00e9s recrea la obra de Lewis Carrol en una innovadora propuesta que pretende estimular las competencias biling\u00fces en ingl\u00e9s a trav\u00e9s de la m\u00fasica y la literatura.<\/p>\n<p>Dirigido a centros educativos de primaria y secundaria del Gobierno de Arag\u00f3n, las entradas para esta sesi\u00f3n est\u00e1n agotadas desde el primer d\u00eda en que se abri\u00f3 el plazo de inscripci\u00f3n: 1.400 escolares disfrutar\u00e1n de una experiencia \u00fanica.<\/p>\n<p style=\"text-align: justify;\">Esta producci\u00f3n se lleva a cabo promovido desde la Direcci\u00f3n General de Pol\u00edtica Educativa del Gobierno de Arag\u00f3n y con la colaboraci\u00f3n del CARLEE (Centro Aragon\u00e9s de Lenguas Extranjeras en Educaci\u00f3n).<\/p>\n<p style=\"text-align: justify;\"><em>Textos narrados de la v\u00edvida imaginaci\u00f3n de Alicia en un mundo absurdo como cualidad vital transformadora de la realidad actual, al lado de la m\u00fasica program\u00e1tica de Hector Berlioz que tambi\u00e9n narra las pasiones y delirios en esta ocasi\u00f3n de un joven artista. Historias teatralizadas, que contar\u00e1n con las narraciones del monologuista Charly Taylor y\u00a0 las performances e im\u00e1genes del video creador intervencionista Yago de Mateo.<\/em><\/p>\n<p>&nbsp;<\/p>\n","protected":false},"excerpt":{"rendered":"<p>La Banda Sinf\u00f3nica CSMA presenta este fin de semana dos interesantes conciertos en la Sala Mozart del Auditorio de Zaragoza: Dentro del 46\u00aa Ciclo de&#8230;<\/p>\n","protected":false},"author":3,"featured_media":33256,"comment_status":"open","ping_status":"open","sticky":false,"template":"","format":"standard","meta":{"footnotes":""},"categories":[368],"tags":[],"class_list":["post-33255","post","type-post","status-publish","format-standard","has-post-thumbnail","hentry","category-noticias"],"yoast_head":"<!-- This site is optimized with the Yoast SEO plugin v27.5 - https:\/\/yoast.com\/product\/yoast-seo-wordpress\/ -->\n<title>BANDA SINF\u00d3NICA CSMA EN CICLO CIM Y CONCIERTO PEDAG\u00d3GICO BRIT - CSMA<\/title>\n<meta name=\"robots\" content=\"index, follow, max-snippet:-1, max-image-preview:large, max-video-preview:-1\" \/>\n<link rel=\"canonical\" href=\"https:\/\/csma.es\/noticias\/banda-sinfonica-csma-en-ciclo-cim-y-concierto-pedagogico-brit\/\" \/>\n<meta property=\"og:locale\" content=\"en_US\" \/>\n<meta property=\"og:type\" content=\"article\" \/>\n<meta property=\"og:title\" content=\"BANDA SINF\u00d3NICA CSMA EN CICLO CIM Y CONCIERTO PEDAG\u00d3GICO BRIT - CSMA\" \/>\n<meta property=\"og:description\" content=\"La Banda Sinf\u00f3nica CSMA presenta este fin de semana dos interesantes conciertos en la Sala Mozart del Auditorio de Zaragoza: Dentro del 46\u00aa Ciclo de...\" \/>\n<meta property=\"og:url\" content=\"https:\/\/csma.es\/noticias\/banda-sinfonica-csma-en-ciclo-cim-y-concierto-pedagogico-brit\/\" \/>\n<meta property=\"og:site_name\" content=\"CSMA\" \/>\n<meta property=\"article:publisher\" content=\"https:\/\/www.facebook.com\/CSMAragon\/\" \/>\n<meta property=\"article:published_time\" content=\"2026-03-19T10:45:27+00:00\" \/>\n<meta property=\"og:image\" content=\"https:\/\/csma.es\/wp-content\/uploads\/2026\/03\/22032026_BANDA-SINFONICA-CSMA.jpg\" \/>\n\t<meta property=\"og:image:width\" content=\"960\" \/>\n\t<meta property=\"og:image:height\" content=\"540\" \/>\n\t<meta property=\"og:image:type\" content=\"image\/jpeg\" \/>\n<meta name=\"author\" content=\"TICS CSMA\" \/>\n<meta name=\"twitter:card\" content=\"summary_large_image\" \/>\n<meta name=\"twitter:creator\" content=\"@csmaconser\" \/>\n<meta name=\"twitter:site\" content=\"@csmaconser\" \/>\n<meta name=\"twitter:label1\" content=\"Written by\" \/>\n\t<meta name=\"twitter:data1\" content=\"TICS CSMA\" \/>\n\t<meta name=\"twitter:label2\" content=\"Est. reading time\" \/>\n\t<meta name=\"twitter:data2\" content=\"2 minutes\" \/>\n<script type=\"application\/ld+json\" class=\"yoast-schema-graph\">{\"@context\":\"https:\\\/\\\/schema.org\",\"@graph\":[{\"@type\":\"Article\",\"@id\":\"https:\\\/\\\/csma.es\\\/noticias\\\/banda-sinfonica-csma-en-ciclo-cim-y-concierto-pedagogico-brit\\\/#article\",\"isPartOf\":{\"@id\":\"https:\\\/\\\/csma.es\\\/noticias\\\/banda-sinfonica-csma-en-ciclo-cim-y-concierto-pedagogico-brit\\\/\"},\"author\":{\"name\":\"TICS CSMA\",\"@id\":\"https:\\\/\\\/csma.es\\\/#\\\/schema\\\/person\\\/dd9e345cd1ec5925a5e8927a0cb3fc69\"},\"headline\":\"BANDA SINF\u00d3NICA CSMA EN CICLO CIM Y CONCIERTO PEDAG\u00d3GICO BRIT\",\"datePublished\":\"2026-03-19T10:45:27+00:00\",\"mainEntityOfPage\":{\"@id\":\"https:\\\/\\\/csma.es\\\/noticias\\\/banda-sinfonica-csma-en-ciclo-cim-y-concierto-pedagogico-brit\\\/\"},\"wordCount\":352,\"commentCount\":0,\"publisher\":{\"@id\":\"https:\\\/\\\/csma.es\\\/#organization\"},\"image\":{\"@id\":\"https:\\\/\\\/csma.es\\\/noticias\\\/banda-sinfonica-csma-en-ciclo-cim-y-concierto-pedagogico-brit\\\/#primaryimage\"},\"thumbnailUrl\":\"https:\\\/\\\/csma.es\\\/wp-content\\\/uploads\\\/2026\\\/03\\\/22032026_BANDA-SINFONICA-CSMA.jpg\",\"articleSection\":[\"Noticias\"],\"inLanguage\":\"en-US\",\"potentialAction\":[{\"@type\":\"CommentAction\",\"name\":\"Comment\",\"target\":[\"https:\\\/\\\/csma.es\\\/noticias\\\/banda-sinfonica-csma-en-ciclo-cim-y-concierto-pedagogico-brit\\\/#respond\"]}]},{\"@type\":\"WebPage\",\"@id\":\"https:\\\/\\\/csma.es\\\/noticias\\\/banda-sinfonica-csma-en-ciclo-cim-y-concierto-pedagogico-brit\\\/\",\"url\":\"https:\\\/\\\/csma.es\\\/noticias\\\/banda-sinfonica-csma-en-ciclo-cim-y-concierto-pedagogico-brit\\\/\",\"name\":\"BANDA SINF\u00d3NICA CSMA EN CICLO CIM Y CONCIERTO PEDAG\u00d3GICO BRIT - CSMA\",\"isPartOf\":{\"@id\":\"https:\\\/\\\/csma.es\\\/#website\"},\"primaryImageOfPage\":{\"@id\":\"https:\\\/\\\/csma.es\\\/noticias\\\/banda-sinfonica-csma-en-ciclo-cim-y-concierto-pedagogico-brit\\\/#primaryimage\"},\"image\":{\"@id\":\"https:\\\/\\\/csma.es\\\/noticias\\\/banda-sinfonica-csma-en-ciclo-cim-y-concierto-pedagogico-brit\\\/#primaryimage\"},\"thumbnailUrl\":\"https:\\\/\\\/csma.es\\\/wp-content\\\/uploads\\\/2026\\\/03\\\/22032026_BANDA-SINFONICA-CSMA.jpg\",\"datePublished\":\"2026-03-19T10:45:27+00:00\",\"breadcrumb\":{\"@id\":\"https:\\\/\\\/csma.es\\\/noticias\\\/banda-sinfonica-csma-en-ciclo-cim-y-concierto-pedagogico-brit\\\/#breadcrumb\"},\"inLanguage\":\"en-US\",\"potentialAction\":[{\"@type\":\"ReadAction\",\"target\":[\"https:\\\/\\\/csma.es\\\/noticias\\\/banda-sinfonica-csma-en-ciclo-cim-y-concierto-pedagogico-brit\\\/\"]}]},{\"@type\":\"ImageObject\",\"inLanguage\":\"en-US\",\"@id\":\"https:\\\/\\\/csma.es\\\/noticias\\\/banda-sinfonica-csma-en-ciclo-cim-y-concierto-pedagogico-brit\\\/#primaryimage\",\"url\":\"https:\\\/\\\/csma.es\\\/wp-content\\\/uploads\\\/2026\\\/03\\\/22032026_BANDA-SINFONICA-CSMA.jpg\",\"contentUrl\":\"https:\\\/\\\/csma.es\\\/wp-content\\\/uploads\\\/2026\\\/03\\\/22032026_BANDA-SINFONICA-CSMA.jpg\",\"width\":960,\"height\":540},{\"@type\":\"BreadcrumbList\",\"@id\":\"https:\\\/\\\/csma.es\\\/noticias\\\/banda-sinfonica-csma-en-ciclo-cim-y-concierto-pedagogico-brit\\\/#breadcrumb\",\"itemListElement\":[{\"@type\":\"ListItem\",\"position\":1,\"name\":\"Portada\",\"item\":\"https:\\\/\\\/csma.es\\\/en\\\/\"},{\"@type\":\"ListItem\",\"position\":2,\"name\":\"BANDA SINF\u00d3NICA CSMA EN CICLO CIM Y CONCIERTO PEDAG\u00d3GICO BRIT\"}]},{\"@type\":\"WebSite\",\"@id\":\"https:\\\/\\\/csma.es\\\/#website\",\"url\":\"https:\\\/\\\/csma.es\\\/\",\"name\":\"CSMA\",\"description\":\"Conservatorio Superior de M\u00fasica de Arag\u00f3n\",\"publisher\":{\"@id\":\"https:\\\/\\\/csma.es\\\/#organization\"},\"potentialAction\":[{\"@type\":\"SearchAction\",\"target\":{\"@type\":\"EntryPoint\",\"urlTemplate\":\"https:\\\/\\\/csma.es\\\/?s={search_term_string}\"},\"query-input\":{\"@type\":\"PropertyValueSpecification\",\"valueRequired\":true,\"valueName\":\"search_term_string\"}}],\"inLanguage\":\"en-US\"},{\"@type\":\"Organization\",\"@id\":\"https:\\\/\\\/csma.es\\\/#organization\",\"name\":\"Conservatorio Superior de M\u00fasica de Arag\u00f3n\",\"url\":\"https:\\\/\\\/csma.es\\\/\",\"logo\":{\"@type\":\"ImageObject\",\"inLanguage\":\"en-US\",\"@id\":\"https:\\\/\\\/csma.es\\\/#\\\/schema\\\/logo\\\/image\\\/\",\"url\":\"https:\\\/\\\/csma.es\\\/wp-content\\\/uploads\\\/2025\\\/04\\\/cropped-logo-csma-40anos-vertical-sintexto-positivo.png\",\"contentUrl\":\"https:\\\/\\\/csma.es\\\/wp-content\\\/uploads\\\/2025\\\/04\\\/cropped-logo-csma-40anos-vertical-sintexto-positivo.png\",\"width\":512,\"height\":512,\"caption\":\"Conservatorio Superior de M\u00fasica de Arag\u00f3n\"},\"image\":{\"@id\":\"https:\\\/\\\/csma.es\\\/#\\\/schema\\\/logo\\\/image\\\/\"},\"sameAs\":[\"https:\\\/\\\/www.facebook.com\\\/CSMAragon\\\/\",\"https:\\\/\\\/x.com\\\/csmaconser\",\"https:\\\/\\\/www.instagram.com\\\/csmaragon\\\/\",\"https:\\\/\\\/www.youtube.com\\\/channel\\\/UCcsLLtgZJUhz11-3Aj1sv3w\"]},{\"@type\":\"Person\",\"@id\":\"https:\\\/\\\/csma.es\\\/#\\\/schema\\\/person\\\/dd9e345cd1ec5925a5e8927a0cb3fc69\",\"name\":\"TICS CSMA\"}]}<\/script>\n<!-- \/ Yoast SEO plugin. -->","yoast_head_json":{"title":"BANDA SINF\u00d3NICA CSMA EN CICLO CIM Y CONCIERTO PEDAG\u00d3GICO BRIT - CSMA","robots":{"index":"index","follow":"follow","max-snippet":"max-snippet:-1","max-image-preview":"max-image-preview:large","max-video-preview":"max-video-preview:-1"},"canonical":"https:\/\/csma.es\/noticias\/banda-sinfonica-csma-en-ciclo-cim-y-concierto-pedagogico-brit\/","og_locale":"en_US","og_type":"article","og_title":"BANDA SINF\u00d3NICA CSMA EN CICLO CIM Y CONCIERTO PEDAG\u00d3GICO BRIT - CSMA","og_description":"La Banda Sinf\u00f3nica CSMA presenta este fin de semana dos interesantes conciertos en la Sala Mozart del Auditorio de Zaragoza: Dentro del 46\u00aa Ciclo de...","og_url":"https:\/\/csma.es\/noticias\/banda-sinfonica-csma-en-ciclo-cim-y-concierto-pedagogico-brit\/","og_site_name":"CSMA","article_publisher":"https:\/\/www.facebook.com\/CSMAragon\/","article_published_time":"2026-03-19T10:45:27+00:00","og_image":[{"width":960,"height":540,"url":"https:\/\/csma.es\/wp-content\/uploads\/2026\/03\/22032026_BANDA-SINFONICA-CSMA.jpg","type":"image\/jpeg"}],"author":"TICS CSMA","twitter_card":"summary_large_image","twitter_creator":"@csmaconser","twitter_site":"@csmaconser","twitter_misc":{"Written by":"TICS CSMA","Est. reading time":"2 minutes"},"schema":{"@context":"https:\/\/schema.org","@graph":[{"@type":"Article","@id":"https:\/\/csma.es\/noticias\/banda-sinfonica-csma-en-ciclo-cim-y-concierto-pedagogico-brit\/#article","isPartOf":{"@id":"https:\/\/csma.es\/noticias\/banda-sinfonica-csma-en-ciclo-cim-y-concierto-pedagogico-brit\/"},"author":{"name":"TICS CSMA","@id":"https:\/\/csma.es\/#\/schema\/person\/dd9e345cd1ec5925a5e8927a0cb3fc69"},"headline":"BANDA SINF\u00d3NICA CSMA EN CICLO CIM Y CONCIERTO PEDAG\u00d3GICO BRIT","datePublished":"2026-03-19T10:45:27+00:00","mainEntityOfPage":{"@id":"https:\/\/csma.es\/noticias\/banda-sinfonica-csma-en-ciclo-cim-y-concierto-pedagogico-brit\/"},"wordCount":352,"commentCount":0,"publisher":{"@id":"https:\/\/csma.es\/#organization"},"image":{"@id":"https:\/\/csma.es\/noticias\/banda-sinfonica-csma-en-ciclo-cim-y-concierto-pedagogico-brit\/#primaryimage"},"thumbnailUrl":"https:\/\/csma.es\/wp-content\/uploads\/2026\/03\/22032026_BANDA-SINFONICA-CSMA.jpg","articleSection":["Noticias"],"inLanguage":"en-US","potentialAction":[{"@type":"CommentAction","name":"Comment","target":["https:\/\/csma.es\/noticias\/banda-sinfonica-csma-en-ciclo-cim-y-concierto-pedagogico-brit\/#respond"]}]},{"@type":"WebPage","@id":"https:\/\/csma.es\/noticias\/banda-sinfonica-csma-en-ciclo-cim-y-concierto-pedagogico-brit\/","url":"https:\/\/csma.es\/noticias\/banda-sinfonica-csma-en-ciclo-cim-y-concierto-pedagogico-brit\/","name":"BANDA SINF\u00d3NICA CSMA EN CICLO CIM Y CONCIERTO PEDAG\u00d3GICO BRIT - CSMA","isPartOf":{"@id":"https:\/\/csma.es\/#website"},"primaryImageOfPage":{"@id":"https:\/\/csma.es\/noticias\/banda-sinfonica-csma-en-ciclo-cim-y-concierto-pedagogico-brit\/#primaryimage"},"image":{"@id":"https:\/\/csma.es\/noticias\/banda-sinfonica-csma-en-ciclo-cim-y-concierto-pedagogico-brit\/#primaryimage"},"thumbnailUrl":"https:\/\/csma.es\/wp-content\/uploads\/2026\/03\/22032026_BANDA-SINFONICA-CSMA.jpg","datePublished":"2026-03-19T10:45:27+00:00","breadcrumb":{"@id":"https:\/\/csma.es\/noticias\/banda-sinfonica-csma-en-ciclo-cim-y-concierto-pedagogico-brit\/#breadcrumb"},"inLanguage":"en-US","potentialAction":[{"@type":"ReadAction","target":["https:\/\/csma.es\/noticias\/banda-sinfonica-csma-en-ciclo-cim-y-concierto-pedagogico-brit\/"]}]},{"@type":"ImageObject","inLanguage":"en-US","@id":"https:\/\/csma.es\/noticias\/banda-sinfonica-csma-en-ciclo-cim-y-concierto-pedagogico-brit\/#primaryimage","url":"https:\/\/csma.es\/wp-content\/uploads\/2026\/03\/22032026_BANDA-SINFONICA-CSMA.jpg","contentUrl":"https:\/\/csma.es\/wp-content\/uploads\/2026\/03\/22032026_BANDA-SINFONICA-CSMA.jpg","width":960,"height":540},{"@type":"BreadcrumbList","@id":"https:\/\/csma.es\/noticias\/banda-sinfonica-csma-en-ciclo-cim-y-concierto-pedagogico-brit\/#breadcrumb","itemListElement":[{"@type":"ListItem","position":1,"name":"Portada","item":"https:\/\/csma.es\/en\/"},{"@type":"ListItem","position":2,"name":"BANDA SINF\u00d3NICA CSMA EN CICLO CIM Y CONCIERTO PEDAG\u00d3GICO BRIT"}]},{"@type":"WebSite","@id":"https:\/\/csma.es\/#website","url":"https:\/\/csma.es\/","name":"CSMA","description":"Conservatorio Superior de M\u00fasica de Arag\u00f3n","publisher":{"@id":"https:\/\/csma.es\/#organization"},"potentialAction":[{"@type":"SearchAction","target":{"@type":"EntryPoint","urlTemplate":"https:\/\/csma.es\/?s={search_term_string}"},"query-input":{"@type":"PropertyValueSpecification","valueRequired":true,"valueName":"search_term_string"}}],"inLanguage":"en-US"},{"@type":"Organization","@id":"https:\/\/csma.es\/#organization","name":"Conservatorio Superior de M\u00fasica de Arag\u00f3n","url":"https:\/\/csma.es\/","logo":{"@type":"ImageObject","inLanguage":"en-US","@id":"https:\/\/csma.es\/#\/schema\/logo\/image\/","url":"https:\/\/csma.es\/wp-content\/uploads\/2025\/04\/cropped-logo-csma-40anos-vertical-sintexto-positivo.png","contentUrl":"https:\/\/csma.es\/wp-content\/uploads\/2025\/04\/cropped-logo-csma-40anos-vertical-sintexto-positivo.png","width":512,"height":512,"caption":"Conservatorio Superior de M\u00fasica de Arag\u00f3n"},"image":{"@id":"https:\/\/csma.es\/#\/schema\/logo\/image\/"},"sameAs":["https:\/\/www.facebook.com\/CSMAragon\/","https:\/\/x.com\/csmaconser","https:\/\/www.instagram.com\/csmaragon\/","https:\/\/www.youtube.com\/channel\/UCcsLLtgZJUhz11-3Aj1sv3w"]},{"@type":"Person","@id":"https:\/\/csma.es\/#\/schema\/person\/dd9e345cd1ec5925a5e8927a0cb3fc69","name":"TICS CSMA"}]}},"publishpress_future_action":{"enabled":false,"date":"2026-05-07 05:12:17","action":"change-status","newStatus":"draft","terms":[],"taxonomy":"category","extraData":[]},"publishpress_future_workflow_manual_trigger":{"enabledWorkflows":[]},"_links":{"self":[{"href":"https:\/\/csma.es\/en\/wp-json\/wp\/v2\/posts\/33255","targetHints":{"allow":["GET"]}}],"collection":[{"href":"https:\/\/csma.es\/en\/wp-json\/wp\/v2\/posts"}],"about":[{"href":"https:\/\/csma.es\/en\/wp-json\/wp\/v2\/types\/post"}],"author":[{"embeddable":true,"href":"https:\/\/csma.es\/en\/wp-json\/wp\/v2\/users\/3"}],"replies":[{"embeddable":true,"href":"https:\/\/csma.es\/en\/wp-json\/wp\/v2\/comments?post=33255"}],"version-history":[{"count":0,"href":"https:\/\/csma.es\/en\/wp-json\/wp\/v2\/posts\/33255\/revisions"}],"wp:featuredmedia":[{"embeddable":true,"href":"https:\/\/csma.es\/en\/wp-json\/wp\/v2\/media\/33256"}],"wp:attachment":[{"href":"https:\/\/csma.es\/en\/wp-json\/wp\/v2\/media?parent=33255"}],"wp:term":[{"taxonomy":"category","embeddable":true,"href":"https:\/\/csma.es\/en\/wp-json\/wp\/v2\/categories?post=33255"},{"taxonomy":"post_tag","embeddable":true,"href":"https:\/\/csma.es\/en\/wp-json\/wp\/v2\/tags?post=33255"}],"curies":[{"name":"wp","href":"https:\/\/api.w.org\/{rel}","templated":true}]}}