{"id":32950,"date":"2026-02-05T23:57:13","date_gmt":"2026-02-05T22:57:13","guid":{"rendered":"https:\/\/csma.es\/?p=32950"},"modified":"2026-02-05T23:57:13","modified_gmt":"2026-02-05T22:57:13","slug":"duo-anima-en-concierto-en-el-csma","status":"publish","type":"post","link":"https:\/\/csma.es\/en\/noticias\/duo-anima-en-concierto-en-el-csma\/","title":{"rendered":"D\u00daO \u00c1NIMA EN CONCIERTO EN EL CSMA"},"content":{"rendered":"<p>El D\u00fao \u00c1nima ofrecer\u00e1 un concierto especial en el <span style=\"color: #000000;\">Auditorio Ant\u00f3n Garc\u00eda Abril<\/span>\u00a0el pr\u00f3ximo d\u00eda 10 de febrero a las 18:00 con entrada libre. Formado por dos antiguos profesores CSMA: Aniana Jaime (piano) y Mariano Garc\u00eda (saxof\u00f3n), interpretar\u00e1n obras para piano y saxof\u00f3n de E. Grieg, V. David y M. Ravel.<\/p>\n<hr \/>\n<p>AniMa Duo inicia su andadura en 2010 con una firme apuesta por la calidad y la ausencia de prejuicios en su deseo de enriquecer el corpus literario de esta simbi\u00f3tica formaci\u00f3n. El d\u00fao tambi\u00e9n se interesa en conocer y estimular la creaci\u00f3n contempor\u00e1nea para saxof\u00f3n y piano, incorporando a su repertorio nuevas obras de compositores actuales como las registradas en los discos Ritmo en el espacio (Delicias discogr\u00e1ficas, 2016) y Hommage (IBS Classical, 2020), algunas de ellas encargadas o dedicadas a AniMa D\u00fao. Monogr\u00e1fico de compositores espa\u00f1oles el primero y de est\u00e9tica ecl\u00e9ctica con varias primeras grabaciones mundiales el segundo, ambos CD son testimonio de un trabajo activo y cercano con los compositores.<\/p>\n<p>El Auditorio Nacional de Andorra la Vella acoge su nuevo proyecto discogr\u00e1fico\u00a0L\u2019\u00e9veil d\u2019AniMa\u00a0(2025) del sello ARIA classics. Transcripciones de Prokofiev, Lutoslawski, Chaminade y m\u00fasica de reciente creaci\u00f3n con la primera grabaci\u00f3n mundial de\u00a0L\u2019\u00e9veil de la toupie\u00a0de Vincent David, amalgamadas por la obra del repertorio cl\u00e1sico del saxof\u00f3n de Alfred Desenclos, conforman el que podr\u00eda ser programa tipo de un recital del d\u00fao.<\/p>\n<p>AniMa D\u00fao ha ofrecido recitales en el Auditorio Manuel de Falla de Granada, el Palacio de Congresos de Andorra, la Universidad Europea del Saxof\u00f3n en Gap, el Festival de la Ribagorza Cl\u00e1sicos en la Frontera, el Auditorio Eduardo del Pueyo y la Sala Galve del Auditorio de Zaragoza, el II Festival de M\u00fasica Contempor\u00e1nea de La Rioja, el Festival Internacional de Panticosa y varias Universidades de Estados Unidos, Reino Unido, B\u00e9lgica, Portugal y M\u00e9xico.<\/p>\n","protected":false},"excerpt":{"rendered":"<p>El D\u00fao \u00c1nima ofrecer\u00e1 un concierto especial en el Auditorio Ant\u00f3n Garc\u00eda Abril\u00a0el pr\u00f3ximo d\u00eda 10 de febrero a las 18:00 con entrada libre. Formado&#8230;<\/p>\n","protected":false},"author":3,"featured_media":32951,"comment_status":"open","ping_status":"open","sticky":false,"template":"","format":"standard","meta":{"footnotes":""},"categories":[368],"tags":[],"class_list":["post-32950","post","type-post","status-publish","format-standard","has-post-thumbnail","hentry","category-noticias"],"yoast_head":"<!-- This site is optimized with the Yoast SEO plugin v27.5 - https:\/\/yoast.com\/product\/yoast-seo-wordpress\/ -->\n<title>D\u00daO \u00c1NIMA EN CONCIERTO EN EL CSMA - CSMA<\/title>\n<meta name=\"robots\" content=\"index, follow, max-snippet:-1, max-image-preview:large, max-video-preview:-1\" \/>\n<link rel=\"canonical\" href=\"https:\/\/csma.es\/noticias\/duo-anima-en-concierto-en-el-csma\/\" \/>\n<meta property=\"og:locale\" content=\"en_US\" \/>\n<meta property=\"og:type\" content=\"article\" \/>\n<meta property=\"og:title\" content=\"D\u00daO \u00c1NIMA EN CONCIERTO EN EL CSMA - CSMA\" \/>\n<meta property=\"og:description\" content=\"El D\u00fao \u00c1nima ofrecer\u00e1 un concierto especial en el Auditorio Ant\u00f3n Garc\u00eda Abril\u00a0el pr\u00f3ximo d\u00eda 10 de febrero a las 18:00 con entrada libre. Formado...\" \/>\n<meta property=\"og:url\" content=\"https:\/\/csma.es\/noticias\/duo-anima-en-concierto-en-el-csma\/\" \/>\n<meta property=\"og:site_name\" content=\"CSMA\" \/>\n<meta property=\"article:publisher\" content=\"https:\/\/www.facebook.com\/CSMAragon\/\" \/>\n<meta property=\"article:published_time\" content=\"2026-02-05T22:57:13+00:00\" \/>\n<meta property=\"og:image\" content=\"https:\/\/csma.es\/wp-content\/uploads\/2026\/02\/PHOTO-2026-02-04-08-10-20.jpg\" \/>\n\t<meta property=\"og:image:width\" content=\"1079\" \/>\n\t<meta property=\"og:image:height\" content=\"729\" \/>\n\t<meta property=\"og:image:type\" content=\"image\/jpeg\" \/>\n<meta name=\"author\" content=\"TICS CSMA\" \/>\n<meta name=\"twitter:card\" content=\"summary_large_image\" \/>\n<meta name=\"twitter:creator\" content=\"@csmaconser\" \/>\n<meta name=\"twitter:site\" content=\"@csmaconser\" \/>\n<meta name=\"twitter:label1\" content=\"Written by\" \/>\n\t<meta name=\"twitter:data1\" content=\"TICS CSMA\" \/>\n\t<meta name=\"twitter:label2\" content=\"Est. reading time\" \/>\n\t<meta name=\"twitter:data2\" content=\"2 minutes\" \/>\n<script type=\"application\/ld+json\" class=\"yoast-schema-graph\">{\"@context\":\"https:\\\/\\\/schema.org\",\"@graph\":[{\"@type\":\"Article\",\"@id\":\"https:\\\/\\\/csma.es\\\/noticias\\\/duo-anima-en-concierto-en-el-csma\\\/#article\",\"isPartOf\":{\"@id\":\"https:\\\/\\\/csma.es\\\/noticias\\\/duo-anima-en-concierto-en-el-csma\\\/\"},\"author\":{\"name\":\"TICS CSMA\",\"@id\":\"https:\\\/\\\/csma.es\\\/#\\\/schema\\\/person\\\/dd9e345cd1ec5925a5e8927a0cb3fc69\"},\"headline\":\"D\u00daO \u00c1NIMA EN CONCIERTO EN EL CSMA\",\"datePublished\":\"2026-02-05T22:57:13+00:00\",\"mainEntityOfPage\":{\"@id\":\"https:\\\/\\\/csma.es\\\/noticias\\\/duo-anima-en-concierto-en-el-csma\\\/\"},\"wordCount\":347,\"commentCount\":0,\"publisher\":{\"@id\":\"https:\\\/\\\/csma.es\\\/#organization\"},\"image\":{\"@id\":\"https:\\\/\\\/csma.es\\\/noticias\\\/duo-anima-en-concierto-en-el-csma\\\/#primaryimage\"},\"thumbnailUrl\":\"https:\\\/\\\/csma.es\\\/wp-content\\\/uploads\\\/2026\\\/02\\\/PHOTO-2026-02-04-08-10-20.jpg\",\"articleSection\":[\"Noticias\"],\"inLanguage\":\"en-US\",\"potentialAction\":[{\"@type\":\"CommentAction\",\"name\":\"Comment\",\"target\":[\"https:\\\/\\\/csma.es\\\/noticias\\\/duo-anima-en-concierto-en-el-csma\\\/#respond\"]}]},{\"@type\":\"WebPage\",\"@id\":\"https:\\\/\\\/csma.es\\\/noticias\\\/duo-anima-en-concierto-en-el-csma\\\/\",\"url\":\"https:\\\/\\\/csma.es\\\/noticias\\\/duo-anima-en-concierto-en-el-csma\\\/\",\"name\":\"D\u00daO \u00c1NIMA EN CONCIERTO EN EL CSMA - CSMA\",\"isPartOf\":{\"@id\":\"https:\\\/\\\/csma.es\\\/#website\"},\"primaryImageOfPage\":{\"@id\":\"https:\\\/\\\/csma.es\\\/noticias\\\/duo-anima-en-concierto-en-el-csma\\\/#primaryimage\"},\"image\":{\"@id\":\"https:\\\/\\\/csma.es\\\/noticias\\\/duo-anima-en-concierto-en-el-csma\\\/#primaryimage\"},\"thumbnailUrl\":\"https:\\\/\\\/csma.es\\\/wp-content\\\/uploads\\\/2026\\\/02\\\/PHOTO-2026-02-04-08-10-20.jpg\",\"datePublished\":\"2026-02-05T22:57:13+00:00\",\"breadcrumb\":{\"@id\":\"https:\\\/\\\/csma.es\\\/noticias\\\/duo-anima-en-concierto-en-el-csma\\\/#breadcrumb\"},\"inLanguage\":\"en-US\",\"potentialAction\":[{\"@type\":\"ReadAction\",\"target\":[\"https:\\\/\\\/csma.es\\\/noticias\\\/duo-anima-en-concierto-en-el-csma\\\/\"]}]},{\"@type\":\"ImageObject\",\"inLanguage\":\"en-US\",\"@id\":\"https:\\\/\\\/csma.es\\\/noticias\\\/duo-anima-en-concierto-en-el-csma\\\/#primaryimage\",\"url\":\"https:\\\/\\\/csma.es\\\/wp-content\\\/uploads\\\/2026\\\/02\\\/PHOTO-2026-02-04-08-10-20.jpg\",\"contentUrl\":\"https:\\\/\\\/csma.es\\\/wp-content\\\/uploads\\\/2026\\\/02\\\/PHOTO-2026-02-04-08-10-20.jpg\",\"width\":1079,\"height\":729},{\"@type\":\"BreadcrumbList\",\"@id\":\"https:\\\/\\\/csma.es\\\/noticias\\\/duo-anima-en-concierto-en-el-csma\\\/#breadcrumb\",\"itemListElement\":[{\"@type\":\"ListItem\",\"position\":1,\"name\":\"Portada\",\"item\":\"https:\\\/\\\/csma.es\\\/en\\\/\"},{\"@type\":\"ListItem\",\"position\":2,\"name\":\"D\u00daO \u00c1NIMA EN CONCIERTO EN EL CSMA\"}]},{\"@type\":\"WebSite\",\"@id\":\"https:\\\/\\\/csma.es\\\/#website\",\"url\":\"https:\\\/\\\/csma.es\\\/\",\"name\":\"CSMA\",\"description\":\"Conservatorio Superior de M\u00fasica de Arag\u00f3n\",\"publisher\":{\"@id\":\"https:\\\/\\\/csma.es\\\/#organization\"},\"potentialAction\":[{\"@type\":\"SearchAction\",\"target\":{\"@type\":\"EntryPoint\",\"urlTemplate\":\"https:\\\/\\\/csma.es\\\/?s={search_term_string}\"},\"query-input\":{\"@type\":\"PropertyValueSpecification\",\"valueRequired\":true,\"valueName\":\"search_term_string\"}}],\"inLanguage\":\"en-US\"},{\"@type\":\"Organization\",\"@id\":\"https:\\\/\\\/csma.es\\\/#organization\",\"name\":\"Conservatorio Superior de M\u00fasica de Arag\u00f3n\",\"url\":\"https:\\\/\\\/csma.es\\\/\",\"logo\":{\"@type\":\"ImageObject\",\"inLanguage\":\"en-US\",\"@id\":\"https:\\\/\\\/csma.es\\\/#\\\/schema\\\/logo\\\/image\\\/\",\"url\":\"https:\\\/\\\/csma.es\\\/wp-content\\\/uploads\\\/2025\\\/04\\\/cropped-logo-csma-40anos-vertical-sintexto-positivo.png\",\"contentUrl\":\"https:\\\/\\\/csma.es\\\/wp-content\\\/uploads\\\/2025\\\/04\\\/cropped-logo-csma-40anos-vertical-sintexto-positivo.png\",\"width\":512,\"height\":512,\"caption\":\"Conservatorio Superior de M\u00fasica de Arag\u00f3n\"},\"image\":{\"@id\":\"https:\\\/\\\/csma.es\\\/#\\\/schema\\\/logo\\\/image\\\/\"},\"sameAs\":[\"https:\\\/\\\/www.facebook.com\\\/CSMAragon\\\/\",\"https:\\\/\\\/x.com\\\/csmaconser\",\"https:\\\/\\\/www.instagram.com\\\/csmaragon\\\/\",\"https:\\\/\\\/www.youtube.com\\\/channel\\\/UCcsLLtgZJUhz11-3Aj1sv3w\"]},{\"@type\":\"Person\",\"@id\":\"https:\\\/\\\/csma.es\\\/#\\\/schema\\\/person\\\/dd9e345cd1ec5925a5e8927a0cb3fc69\",\"name\":\"TICS CSMA\"}]}<\/script>\n<!-- \/ Yoast SEO plugin. -->","yoast_head_json":{"title":"D\u00daO \u00c1NIMA EN CONCIERTO EN EL CSMA - CSMA","robots":{"index":"index","follow":"follow","max-snippet":"max-snippet:-1","max-image-preview":"max-image-preview:large","max-video-preview":"max-video-preview:-1"},"canonical":"https:\/\/csma.es\/noticias\/duo-anima-en-concierto-en-el-csma\/","og_locale":"en_US","og_type":"article","og_title":"D\u00daO \u00c1NIMA EN CONCIERTO EN EL CSMA - CSMA","og_description":"El D\u00fao \u00c1nima ofrecer\u00e1 un concierto especial en el Auditorio Ant\u00f3n Garc\u00eda Abril\u00a0el pr\u00f3ximo d\u00eda 10 de febrero a las 18:00 con entrada libre. Formado...","og_url":"https:\/\/csma.es\/noticias\/duo-anima-en-concierto-en-el-csma\/","og_site_name":"CSMA","article_publisher":"https:\/\/www.facebook.com\/CSMAragon\/","article_published_time":"2026-02-05T22:57:13+00:00","og_image":[{"width":1079,"height":729,"url":"https:\/\/csma.es\/wp-content\/uploads\/2026\/02\/PHOTO-2026-02-04-08-10-20.jpg","type":"image\/jpeg"}],"author":"TICS CSMA","twitter_card":"summary_large_image","twitter_creator":"@csmaconser","twitter_site":"@csmaconser","twitter_misc":{"Written by":"TICS CSMA","Est. reading time":"2 minutes"},"schema":{"@context":"https:\/\/schema.org","@graph":[{"@type":"Article","@id":"https:\/\/csma.es\/noticias\/duo-anima-en-concierto-en-el-csma\/#article","isPartOf":{"@id":"https:\/\/csma.es\/noticias\/duo-anima-en-concierto-en-el-csma\/"},"author":{"name":"TICS CSMA","@id":"https:\/\/csma.es\/#\/schema\/person\/dd9e345cd1ec5925a5e8927a0cb3fc69"},"headline":"D\u00daO \u00c1NIMA EN CONCIERTO EN EL CSMA","datePublished":"2026-02-05T22:57:13+00:00","mainEntityOfPage":{"@id":"https:\/\/csma.es\/noticias\/duo-anima-en-concierto-en-el-csma\/"},"wordCount":347,"commentCount":0,"publisher":{"@id":"https:\/\/csma.es\/#organization"},"image":{"@id":"https:\/\/csma.es\/noticias\/duo-anima-en-concierto-en-el-csma\/#primaryimage"},"thumbnailUrl":"https:\/\/csma.es\/wp-content\/uploads\/2026\/02\/PHOTO-2026-02-04-08-10-20.jpg","articleSection":["Noticias"],"inLanguage":"en-US","potentialAction":[{"@type":"CommentAction","name":"Comment","target":["https:\/\/csma.es\/noticias\/duo-anima-en-concierto-en-el-csma\/#respond"]}]},{"@type":"WebPage","@id":"https:\/\/csma.es\/noticias\/duo-anima-en-concierto-en-el-csma\/","url":"https:\/\/csma.es\/noticias\/duo-anima-en-concierto-en-el-csma\/","name":"D\u00daO \u00c1NIMA EN CONCIERTO EN EL CSMA - CSMA","isPartOf":{"@id":"https:\/\/csma.es\/#website"},"primaryImageOfPage":{"@id":"https:\/\/csma.es\/noticias\/duo-anima-en-concierto-en-el-csma\/#primaryimage"},"image":{"@id":"https:\/\/csma.es\/noticias\/duo-anima-en-concierto-en-el-csma\/#primaryimage"},"thumbnailUrl":"https:\/\/csma.es\/wp-content\/uploads\/2026\/02\/PHOTO-2026-02-04-08-10-20.jpg","datePublished":"2026-02-05T22:57:13+00:00","breadcrumb":{"@id":"https:\/\/csma.es\/noticias\/duo-anima-en-concierto-en-el-csma\/#breadcrumb"},"inLanguage":"en-US","potentialAction":[{"@type":"ReadAction","target":["https:\/\/csma.es\/noticias\/duo-anima-en-concierto-en-el-csma\/"]}]},{"@type":"ImageObject","inLanguage":"en-US","@id":"https:\/\/csma.es\/noticias\/duo-anima-en-concierto-en-el-csma\/#primaryimage","url":"https:\/\/csma.es\/wp-content\/uploads\/2026\/02\/PHOTO-2026-02-04-08-10-20.jpg","contentUrl":"https:\/\/csma.es\/wp-content\/uploads\/2026\/02\/PHOTO-2026-02-04-08-10-20.jpg","width":1079,"height":729},{"@type":"BreadcrumbList","@id":"https:\/\/csma.es\/noticias\/duo-anima-en-concierto-en-el-csma\/#breadcrumb","itemListElement":[{"@type":"ListItem","position":1,"name":"Portada","item":"https:\/\/csma.es\/en\/"},{"@type":"ListItem","position":2,"name":"D\u00daO \u00c1NIMA EN CONCIERTO EN EL CSMA"}]},{"@type":"WebSite","@id":"https:\/\/csma.es\/#website","url":"https:\/\/csma.es\/","name":"CSMA","description":"Conservatorio Superior de M\u00fasica de Arag\u00f3n","publisher":{"@id":"https:\/\/csma.es\/#organization"},"potentialAction":[{"@type":"SearchAction","target":{"@type":"EntryPoint","urlTemplate":"https:\/\/csma.es\/?s={search_term_string}"},"query-input":{"@type":"PropertyValueSpecification","valueRequired":true,"valueName":"search_term_string"}}],"inLanguage":"en-US"},{"@type":"Organization","@id":"https:\/\/csma.es\/#organization","name":"Conservatorio Superior de M\u00fasica de Arag\u00f3n","url":"https:\/\/csma.es\/","logo":{"@type":"ImageObject","inLanguage":"en-US","@id":"https:\/\/csma.es\/#\/schema\/logo\/image\/","url":"https:\/\/csma.es\/wp-content\/uploads\/2025\/04\/cropped-logo-csma-40anos-vertical-sintexto-positivo.png","contentUrl":"https:\/\/csma.es\/wp-content\/uploads\/2025\/04\/cropped-logo-csma-40anos-vertical-sintexto-positivo.png","width":512,"height":512,"caption":"Conservatorio Superior de M\u00fasica de Arag\u00f3n"},"image":{"@id":"https:\/\/csma.es\/#\/schema\/logo\/image\/"},"sameAs":["https:\/\/www.facebook.com\/CSMAragon\/","https:\/\/x.com\/csmaconser","https:\/\/www.instagram.com\/csmaragon\/","https:\/\/www.youtube.com\/channel\/UCcsLLtgZJUhz11-3Aj1sv3w"]},{"@type":"Person","@id":"https:\/\/csma.es\/#\/schema\/person\/dd9e345cd1ec5925a5e8927a0cb3fc69","name":"TICS CSMA"}]}},"publishpress_future_action":{"enabled":false,"date":"2026-05-08 10:52:45","action":"change-status","newStatus":"draft","terms":[],"taxonomy":"category","extraData":[]},"publishpress_future_workflow_manual_trigger":{"enabledWorkflows":[]},"_links":{"self":[{"href":"https:\/\/csma.es\/en\/wp-json\/wp\/v2\/posts\/32950","targetHints":{"allow":["GET"]}}],"collection":[{"href":"https:\/\/csma.es\/en\/wp-json\/wp\/v2\/posts"}],"about":[{"href":"https:\/\/csma.es\/en\/wp-json\/wp\/v2\/types\/post"}],"author":[{"embeddable":true,"href":"https:\/\/csma.es\/en\/wp-json\/wp\/v2\/users\/3"}],"replies":[{"embeddable":true,"href":"https:\/\/csma.es\/en\/wp-json\/wp\/v2\/comments?post=32950"}],"version-history":[{"count":0,"href":"https:\/\/csma.es\/en\/wp-json\/wp\/v2\/posts\/32950\/revisions"}],"wp:featuredmedia":[{"embeddable":true,"href":"https:\/\/csma.es\/en\/wp-json\/wp\/v2\/media\/32951"}],"wp:attachment":[{"href":"https:\/\/csma.es\/en\/wp-json\/wp\/v2\/media?parent=32950"}],"wp:term":[{"taxonomy":"category","embeddable":true,"href":"https:\/\/csma.es\/en\/wp-json\/wp\/v2\/categories?post=32950"},{"taxonomy":"post_tag","embeddable":true,"href":"https:\/\/csma.es\/en\/wp-json\/wp\/v2\/tags?post=32950"}],"curies":[{"name":"wp","href":"https:\/\/api.w.org\/{rel}","templated":true}]}}