{"id":32669,"date":"2026-01-04T16:41:01","date_gmt":"2026-01-04T15:41:01","guid":{"rendered":"https:\/\/csma.es\/?p=32669"},"modified":"2026-01-04T16:41:01","modified_gmt":"2026-01-04T15:41:01","slug":"asier-candial-con-la-orquesta-de-rtve","status":"publish","type":"post","link":"https:\/\/csma.es\/en\/noticias\/asier-candial-con-la-orquesta-de-rtve\/","title":{"rendered":"ASIER CANDIAL CON LA ORQUESTA DE RTVE"},"content":{"rendered":"<p>El pasado 12 de diciembre se celebr\u00f3 la III Gala J\u00f3venes Talentos Intercentros Mel\u00f3mano en el Teatro Monumental de Madrid a beneficio de la campa\u00f1a<em> Un Juguete una Ilusi\u00f3n.<\/em><\/p>\n<p>En esta gala, junto a la Orquesta Sinf\u00f3nica y Coro de Radio Televisi\u00f3n Espa\u00f1ola dirigida por Carlos Garc\u00e9s, particip\u00f3 como solista nuestro alumno de Guitarra <strong>Asier Candial<\/strong>, como uno de los ganadores del Concurso Mel\u00f3mano intercentros 2024. Interpret\u00f3 el CONCIERTO ELEGIACO PARA GUITARRA Y ORQUESTA Mov III. Finale de L. Brower.<\/p>\n<p>El concierto fue retransmitido en directo por La2 de TVE y puede verse <a href=\"https:\/\/www.rtve.es\/play\/videos\/los-conciertos-de-la-2\/gala-jovenes-talentos-juguete-ilusion\/16857180\/\" target=\"_blank\" rel=\"noopener\">AQU\u00cd<\/a><\/p>\n<p>&nbsp;<\/p>\n<p>\u00a1Enhorabuena, Asier!<\/p>\n","protected":false},"excerpt":{"rendered":"<p>El pasado 12 de diciembre se celebr\u00f3 la III Gala J\u00f3venes Talentos Intercentros Mel\u00f3mano en el Teatro Monumental de Madrid a beneficio de la campa\u00f1a&#8230;<\/p>\n","protected":false},"author":3,"featured_media":32670,"comment_status":"open","ping_status":"open","sticky":false,"template":"","format":"standard","meta":{"footnotes":""},"categories":[368],"tags":[],"class_list":["post-32669","post","type-post","status-publish","format-standard","has-post-thumbnail","hentry","category-noticias"],"yoast_head":"<!-- This site is optimized with the Yoast SEO plugin v27.5 - https:\/\/yoast.com\/product\/yoast-seo-wordpress\/ -->\n<title>ASIER CANDIAL CON LA ORQUESTA DE RTVE - CSMA<\/title>\n<meta name=\"robots\" content=\"index, follow, max-snippet:-1, max-image-preview:large, max-video-preview:-1\" \/>\n<link rel=\"canonical\" href=\"https:\/\/csma.es\/noticias\/asier-candial-con-la-orquesta-de-rtve\/\" \/>\n<meta property=\"og:locale\" content=\"en_US\" \/>\n<meta property=\"og:type\" content=\"article\" \/>\n<meta property=\"og:title\" content=\"ASIER CANDIAL CON LA ORQUESTA DE RTVE - CSMA\" \/>\n<meta property=\"og:description\" content=\"El pasado 12 de diciembre se celebr\u00f3 la III Gala J\u00f3venes Talentos Intercentros Mel\u00f3mano en el Teatro Monumental de Madrid a beneficio de la campa\u00f1a...\" \/>\n<meta property=\"og:url\" content=\"https:\/\/csma.es\/noticias\/asier-candial-con-la-orquesta-de-rtve\/\" \/>\n<meta property=\"og:site_name\" content=\"CSMA\" \/>\n<meta property=\"article:publisher\" content=\"https:\/\/www.facebook.com\/CSMAragon\/\" \/>\n<meta property=\"article:published_time\" content=\"2026-01-04T15:41:01+00:00\" \/>\n<meta property=\"og:image\" content=\"https:\/\/csma.es\/wp-content\/uploads\/2026\/01\/ASIER-CANDIAL.jpg\" \/>\n\t<meta property=\"og:image:width\" content=\"2000\" \/>\n\t<meta property=\"og:image:height\" content=\"1333\" \/>\n\t<meta property=\"og:image:type\" content=\"image\/jpeg\" \/>\n<meta name=\"author\" content=\"TICS CSMA\" \/>\n<meta name=\"twitter:card\" content=\"summary_large_image\" \/>\n<meta name=\"twitter:creator\" content=\"@csmaconser\" \/>\n<meta name=\"twitter:site\" content=\"@csmaconser\" \/>\n<meta name=\"twitter:label1\" content=\"Written by\" \/>\n\t<meta name=\"twitter:data1\" content=\"TICS CSMA\" \/>\n\t<meta name=\"twitter:label2\" content=\"Est. reading time\" \/>\n\t<meta name=\"twitter:data2\" content=\"1 minute\" \/>\n<script type=\"application\/ld+json\" class=\"yoast-schema-graph\">{\"@context\":\"https:\\\/\\\/schema.org\",\"@graph\":[{\"@type\":\"Article\",\"@id\":\"https:\\\/\\\/csma.es\\\/noticias\\\/asier-candial-con-la-orquesta-de-rtve\\\/#article\",\"isPartOf\":{\"@id\":\"https:\\\/\\\/csma.es\\\/noticias\\\/asier-candial-con-la-orquesta-de-rtve\\\/\"},\"author\":{\"name\":\"TICS CSMA\",\"@id\":\"https:\\\/\\\/csma.es\\\/#\\\/schema\\\/person\\\/dd9e345cd1ec5925a5e8927a0cb3fc69\"},\"headline\":\"ASIER CANDIAL CON LA ORQUESTA DE RTVE\",\"datePublished\":\"2026-01-04T15:41:01+00:00\",\"mainEntityOfPage\":{\"@id\":\"https:\\\/\\\/csma.es\\\/noticias\\\/asier-candial-con-la-orquesta-de-rtve\\\/\"},\"wordCount\":111,\"commentCount\":0,\"publisher\":{\"@id\":\"https:\\\/\\\/csma.es\\\/#organization\"},\"image\":{\"@id\":\"https:\\\/\\\/csma.es\\\/noticias\\\/asier-candial-con-la-orquesta-de-rtve\\\/#primaryimage\"},\"thumbnailUrl\":\"https:\\\/\\\/csma.es\\\/wp-content\\\/uploads\\\/2026\\\/01\\\/ASIER-CANDIAL.jpg\",\"articleSection\":[\"Noticias\"],\"inLanguage\":\"en-US\",\"potentialAction\":[{\"@type\":\"CommentAction\",\"name\":\"Comment\",\"target\":[\"https:\\\/\\\/csma.es\\\/noticias\\\/asier-candial-con-la-orquesta-de-rtve\\\/#respond\"]}]},{\"@type\":\"WebPage\",\"@id\":\"https:\\\/\\\/csma.es\\\/noticias\\\/asier-candial-con-la-orquesta-de-rtve\\\/\",\"url\":\"https:\\\/\\\/csma.es\\\/noticias\\\/asier-candial-con-la-orquesta-de-rtve\\\/\",\"name\":\"ASIER CANDIAL CON LA ORQUESTA DE RTVE - CSMA\",\"isPartOf\":{\"@id\":\"https:\\\/\\\/csma.es\\\/#website\"},\"primaryImageOfPage\":{\"@id\":\"https:\\\/\\\/csma.es\\\/noticias\\\/asier-candial-con-la-orquesta-de-rtve\\\/#primaryimage\"},\"image\":{\"@id\":\"https:\\\/\\\/csma.es\\\/noticias\\\/asier-candial-con-la-orquesta-de-rtve\\\/#primaryimage\"},\"thumbnailUrl\":\"https:\\\/\\\/csma.es\\\/wp-content\\\/uploads\\\/2026\\\/01\\\/ASIER-CANDIAL.jpg\",\"datePublished\":\"2026-01-04T15:41:01+00:00\",\"breadcrumb\":{\"@id\":\"https:\\\/\\\/csma.es\\\/noticias\\\/asier-candial-con-la-orquesta-de-rtve\\\/#breadcrumb\"},\"inLanguage\":\"en-US\",\"potentialAction\":[{\"@type\":\"ReadAction\",\"target\":[\"https:\\\/\\\/csma.es\\\/noticias\\\/asier-candial-con-la-orquesta-de-rtve\\\/\"]}]},{\"@type\":\"ImageObject\",\"inLanguage\":\"en-US\",\"@id\":\"https:\\\/\\\/csma.es\\\/noticias\\\/asier-candial-con-la-orquesta-de-rtve\\\/#primaryimage\",\"url\":\"https:\\\/\\\/csma.es\\\/wp-content\\\/uploads\\\/2026\\\/01\\\/ASIER-CANDIAL.jpg\",\"contentUrl\":\"https:\\\/\\\/csma.es\\\/wp-content\\\/uploads\\\/2026\\\/01\\\/ASIER-CANDIAL.jpg\",\"width\":2000,\"height\":1333},{\"@type\":\"BreadcrumbList\",\"@id\":\"https:\\\/\\\/csma.es\\\/noticias\\\/asier-candial-con-la-orquesta-de-rtve\\\/#breadcrumb\",\"itemListElement\":[{\"@type\":\"ListItem\",\"position\":1,\"name\":\"Portada\",\"item\":\"https:\\\/\\\/csma.es\\\/en\\\/\"},{\"@type\":\"ListItem\",\"position\":2,\"name\":\"ASIER CANDIAL CON LA ORQUESTA DE RTVE\"}]},{\"@type\":\"WebSite\",\"@id\":\"https:\\\/\\\/csma.es\\\/#website\",\"url\":\"https:\\\/\\\/csma.es\\\/\",\"name\":\"CSMA\",\"description\":\"Conservatorio Superior de M\u00fasica de Arag\u00f3n\",\"publisher\":{\"@id\":\"https:\\\/\\\/csma.es\\\/#organization\"},\"potentialAction\":[{\"@type\":\"SearchAction\",\"target\":{\"@type\":\"EntryPoint\",\"urlTemplate\":\"https:\\\/\\\/csma.es\\\/?s={search_term_string}\"},\"query-input\":{\"@type\":\"PropertyValueSpecification\",\"valueRequired\":true,\"valueName\":\"search_term_string\"}}],\"inLanguage\":\"en-US\"},{\"@type\":\"Organization\",\"@id\":\"https:\\\/\\\/csma.es\\\/#organization\",\"name\":\"Conservatorio Superior de M\u00fasica de Arag\u00f3n\",\"url\":\"https:\\\/\\\/csma.es\\\/\",\"logo\":{\"@type\":\"ImageObject\",\"inLanguage\":\"en-US\",\"@id\":\"https:\\\/\\\/csma.es\\\/#\\\/schema\\\/logo\\\/image\\\/\",\"url\":\"https:\\\/\\\/csma.es\\\/wp-content\\\/uploads\\\/2025\\\/04\\\/cropped-logo-csma-40anos-vertical-sintexto-positivo.png\",\"contentUrl\":\"https:\\\/\\\/csma.es\\\/wp-content\\\/uploads\\\/2025\\\/04\\\/cropped-logo-csma-40anos-vertical-sintexto-positivo.png\",\"width\":512,\"height\":512,\"caption\":\"Conservatorio Superior de M\u00fasica de Arag\u00f3n\"},\"image\":{\"@id\":\"https:\\\/\\\/csma.es\\\/#\\\/schema\\\/logo\\\/image\\\/\"},\"sameAs\":[\"https:\\\/\\\/www.facebook.com\\\/CSMAragon\\\/\",\"https:\\\/\\\/x.com\\\/csmaconser\",\"https:\\\/\\\/www.instagram.com\\\/csmaragon\\\/\",\"https:\\\/\\\/www.youtube.com\\\/channel\\\/UCcsLLtgZJUhz11-3Aj1sv3w\"]},{\"@type\":\"Person\",\"@id\":\"https:\\\/\\\/csma.es\\\/#\\\/schema\\\/person\\\/dd9e345cd1ec5925a5e8927a0cb3fc69\",\"name\":\"TICS CSMA\"}]}<\/script>\n<!-- \/ Yoast SEO plugin. -->","yoast_head_json":{"title":"ASIER CANDIAL CON LA ORQUESTA DE RTVE - CSMA","robots":{"index":"index","follow":"follow","max-snippet":"max-snippet:-1","max-image-preview":"max-image-preview:large","max-video-preview":"max-video-preview:-1"},"canonical":"https:\/\/csma.es\/noticias\/asier-candial-con-la-orquesta-de-rtve\/","og_locale":"en_US","og_type":"article","og_title":"ASIER CANDIAL CON LA ORQUESTA DE RTVE - CSMA","og_description":"El pasado 12 de diciembre se celebr\u00f3 la III Gala J\u00f3venes Talentos Intercentros Mel\u00f3mano en el Teatro Monumental de Madrid a beneficio de la campa\u00f1a...","og_url":"https:\/\/csma.es\/noticias\/asier-candial-con-la-orquesta-de-rtve\/","og_site_name":"CSMA","article_publisher":"https:\/\/www.facebook.com\/CSMAragon\/","article_published_time":"2026-01-04T15:41:01+00:00","og_image":[{"width":2000,"height":1333,"url":"https:\/\/csma.es\/wp-content\/uploads\/2026\/01\/ASIER-CANDIAL.jpg","type":"image\/jpeg"}],"author":"TICS CSMA","twitter_card":"summary_large_image","twitter_creator":"@csmaconser","twitter_site":"@csmaconser","twitter_misc":{"Written by":"TICS CSMA","Est. reading time":"1 minute"},"schema":{"@context":"https:\/\/schema.org","@graph":[{"@type":"Article","@id":"https:\/\/csma.es\/noticias\/asier-candial-con-la-orquesta-de-rtve\/#article","isPartOf":{"@id":"https:\/\/csma.es\/noticias\/asier-candial-con-la-orquesta-de-rtve\/"},"author":{"name":"TICS CSMA","@id":"https:\/\/csma.es\/#\/schema\/person\/dd9e345cd1ec5925a5e8927a0cb3fc69"},"headline":"ASIER CANDIAL CON LA ORQUESTA DE RTVE","datePublished":"2026-01-04T15:41:01+00:00","mainEntityOfPage":{"@id":"https:\/\/csma.es\/noticias\/asier-candial-con-la-orquesta-de-rtve\/"},"wordCount":111,"commentCount":0,"publisher":{"@id":"https:\/\/csma.es\/#organization"},"image":{"@id":"https:\/\/csma.es\/noticias\/asier-candial-con-la-orquesta-de-rtve\/#primaryimage"},"thumbnailUrl":"https:\/\/csma.es\/wp-content\/uploads\/2026\/01\/ASIER-CANDIAL.jpg","articleSection":["Noticias"],"inLanguage":"en-US","potentialAction":[{"@type":"CommentAction","name":"Comment","target":["https:\/\/csma.es\/noticias\/asier-candial-con-la-orquesta-de-rtve\/#respond"]}]},{"@type":"WebPage","@id":"https:\/\/csma.es\/noticias\/asier-candial-con-la-orquesta-de-rtve\/","url":"https:\/\/csma.es\/noticias\/asier-candial-con-la-orquesta-de-rtve\/","name":"ASIER CANDIAL CON LA ORQUESTA DE RTVE - CSMA","isPartOf":{"@id":"https:\/\/csma.es\/#website"},"primaryImageOfPage":{"@id":"https:\/\/csma.es\/noticias\/asier-candial-con-la-orquesta-de-rtve\/#primaryimage"},"image":{"@id":"https:\/\/csma.es\/noticias\/asier-candial-con-la-orquesta-de-rtve\/#primaryimage"},"thumbnailUrl":"https:\/\/csma.es\/wp-content\/uploads\/2026\/01\/ASIER-CANDIAL.jpg","datePublished":"2026-01-04T15:41:01+00:00","breadcrumb":{"@id":"https:\/\/csma.es\/noticias\/asier-candial-con-la-orquesta-de-rtve\/#breadcrumb"},"inLanguage":"en-US","potentialAction":[{"@type":"ReadAction","target":["https:\/\/csma.es\/noticias\/asier-candial-con-la-orquesta-de-rtve\/"]}]},{"@type":"ImageObject","inLanguage":"en-US","@id":"https:\/\/csma.es\/noticias\/asier-candial-con-la-orquesta-de-rtve\/#primaryimage","url":"https:\/\/csma.es\/wp-content\/uploads\/2026\/01\/ASIER-CANDIAL.jpg","contentUrl":"https:\/\/csma.es\/wp-content\/uploads\/2026\/01\/ASIER-CANDIAL.jpg","width":2000,"height":1333},{"@type":"BreadcrumbList","@id":"https:\/\/csma.es\/noticias\/asier-candial-con-la-orquesta-de-rtve\/#breadcrumb","itemListElement":[{"@type":"ListItem","position":1,"name":"Portada","item":"https:\/\/csma.es\/en\/"},{"@type":"ListItem","position":2,"name":"ASIER CANDIAL CON LA ORQUESTA DE RTVE"}]},{"@type":"WebSite","@id":"https:\/\/csma.es\/#website","url":"https:\/\/csma.es\/","name":"CSMA","description":"Conservatorio Superior de M\u00fasica de Arag\u00f3n","publisher":{"@id":"https:\/\/csma.es\/#organization"},"potentialAction":[{"@type":"SearchAction","target":{"@type":"EntryPoint","urlTemplate":"https:\/\/csma.es\/?s={search_term_string}"},"query-input":{"@type":"PropertyValueSpecification","valueRequired":true,"valueName":"search_term_string"}}],"inLanguage":"en-US"},{"@type":"Organization","@id":"https:\/\/csma.es\/#organization","name":"Conservatorio Superior de M\u00fasica de Arag\u00f3n","url":"https:\/\/csma.es\/","logo":{"@type":"ImageObject","inLanguage":"en-US","@id":"https:\/\/csma.es\/#\/schema\/logo\/image\/","url":"https:\/\/csma.es\/wp-content\/uploads\/2025\/04\/cropped-logo-csma-40anos-vertical-sintexto-positivo.png","contentUrl":"https:\/\/csma.es\/wp-content\/uploads\/2025\/04\/cropped-logo-csma-40anos-vertical-sintexto-positivo.png","width":512,"height":512,"caption":"Conservatorio Superior de M\u00fasica de Arag\u00f3n"},"image":{"@id":"https:\/\/csma.es\/#\/schema\/logo\/image\/"},"sameAs":["https:\/\/www.facebook.com\/CSMAragon\/","https:\/\/x.com\/csmaconser","https:\/\/www.instagram.com\/csmaragon\/","https:\/\/www.youtube.com\/channel\/UCcsLLtgZJUhz11-3Aj1sv3w"]},{"@type":"Person","@id":"https:\/\/csma.es\/#\/schema\/person\/dd9e345cd1ec5925a5e8927a0cb3fc69","name":"TICS CSMA"}]}},"publishpress_future_action":{"enabled":false,"date":"2026-05-09 12:32:50","action":"change-status","newStatus":"draft","terms":[],"taxonomy":"category","extraData":[]},"publishpress_future_workflow_manual_trigger":{"enabledWorkflows":[]},"_links":{"self":[{"href":"https:\/\/csma.es\/en\/wp-json\/wp\/v2\/posts\/32669","targetHints":{"allow":["GET"]}}],"collection":[{"href":"https:\/\/csma.es\/en\/wp-json\/wp\/v2\/posts"}],"about":[{"href":"https:\/\/csma.es\/en\/wp-json\/wp\/v2\/types\/post"}],"author":[{"embeddable":true,"href":"https:\/\/csma.es\/en\/wp-json\/wp\/v2\/users\/3"}],"replies":[{"embeddable":true,"href":"https:\/\/csma.es\/en\/wp-json\/wp\/v2\/comments?post=32669"}],"version-history":[{"count":0,"href":"https:\/\/csma.es\/en\/wp-json\/wp\/v2\/posts\/32669\/revisions"}],"wp:featuredmedia":[{"embeddable":true,"href":"https:\/\/csma.es\/en\/wp-json\/wp\/v2\/media\/32670"}],"wp:attachment":[{"href":"https:\/\/csma.es\/en\/wp-json\/wp\/v2\/media?parent=32669"}],"wp:term":[{"taxonomy":"category","embeddable":true,"href":"https:\/\/csma.es\/en\/wp-json\/wp\/v2\/categories?post=32669"},{"taxonomy":"post_tag","embeddable":true,"href":"https:\/\/csma.es\/en\/wp-json\/wp\/v2\/tags?post=32669"}],"curies":[{"name":"wp","href":"https:\/\/api.w.org\/{rel}","templated":true}]}}