{"id":32630,"date":"2025-12-05T12:29:39","date_gmt":"2025-12-05T11:29:39","guid":{"rendered":"https:\/\/csma.es\/?p=32630"},"modified":"2025-12-05T12:30:18","modified_gmt":"2025-12-05T11:30:18","slug":"la-academia-para-la-nueva-musica-abre-el-ciclo-atmosferas","status":"publish","type":"post","link":"https:\/\/csma.es\/en\/noticias\/la-academia-para-la-nueva-musica-abre-el-ciclo-atmosferas\/","title":{"rendered":"LA ACADEMIA PARA LA NUEVA M\u00daSICA ABRE EL CICLO ATM\u00d3SFERAS"},"content":{"rendered":"<p>El pr\u00f3ximo martes 9 de diciembre, La Academia para la Nueva M\u00fasica, dirigida por Nacho de Paz, ofrecer\u00e1 el primer concierto del Ciclo Atm\u00f3sferas en el Auditorio Eduardo del Pueyo a las 19:30.<\/p>\n<p>En esta ocasi\u00f3n, los alumnos solistas; Antonio Casta\u00f1o (saxo) y V\u00edctor Sapi\u00f1a (percusi\u00f3n) intervendr\u00e1n como alumnos galardonados con sendos acc\u00e9sist en el pasado Concurso Solistas CSMA 2025.<\/p>\n<p>&nbsp;<\/p>\n<p>PROGRAMA<\/p>\n<p>&#8220;CHEMINS&#8221;LUCIANO BERIO:\u00a0&#8220;Chemins IV&#8221;\u00a0\u00a0 \u00a0 (11 minutos)<br \/>\nAntonio Casta\u00f1o, saxo soprano<\/p>\n<p>PIERRE BOULEZ:\u00a0&#8220;M\u00e9moriale&#8221;\u00a0\u00a0 \u00a0 \u00a0(7 minutos)<br \/>\nPiedad G\u00f3mez, flauta<\/p>\n<p>IANNIS XENAKIS:\u00a0&#8220;O-Mega&#8221;\u00a0\u00a0 \u00a0 \u00a0(4 minutos)<br \/>\nV\u00edctor Sapi\u00f1a, percusi\u00f3n<\/p>\n<p>DURACI\u00d3N PROGRAMA: 30 minutos de m\u00fasica + 20 minutos de presentaci\u00f3n y ejemplos musicales<\/p>\n<hr \/>\n<p>&nbsp;<\/p>\n<p><em>CHEMINS<\/em><\/p>\n<p><em>En 2025 se cumple el centenario del nacimiento de Pierre Boulez y de Luciano Berio. En 2025 se cumplen 103 a\u00f1os del nacimiento de Iannis Xenakis. Cada uno de estos 3 autores han representado caminos (chemins) est\u00e9ticos dispares en la denominada &#8220;vanguardia&#8221; hist\u00f3rica de la segunda mitad del siglo XX. Las 3 obras que se presentan en este concierto fueron compuestas para instrumentos solistas con acompa\u00f1amiento de ensemble.\u00a0<\/em><br \/>\n<em>En el caso de Berio, &#8220;Chemins IV&#8221; es una elaboraci\u00f3n que parte de la obra a solo &#8220;Sequenza VII&#8221; para oboe solo. En el caso de &#8220;M\u00e9moriel&#8221; de Pierre Boulez, se trata de una obra que parte de la pieza para flauta solo &#8220;&#8230;explosante-fixe&#8230;&#8221; que hab\u00eda sido dedicada a Igor Stravinsky. El caso de &#8220;O-Mega&#8221; de Iannis Xenakis, se trata de la \u00faltima obra que el compositor griego escribi\u00f3 luchando conscientemente contra el Alzheimer. La pieza, brev\u00edsima, es testimonio de la enorme dificultad mental que sufri\u00f3 el autor. Xenakis sab\u00eda que no ser\u00eda capaz de escribir nunca otra obra m\u00e1s y decidi\u00f3 poner punto final a su cat\u00e1logo titulando la obra seg\u00fan la \u00faltima letra del alfabeto griego.<\/em><\/p>\n","protected":false},"excerpt":{"rendered":"<p>El pr\u00f3ximo martes 9 de diciembre, La Academia para la Nueva M\u00fasica, dirigida por Nacho de Paz, ofrecer\u00e1 el primer concierto del Ciclo Atm\u00f3sferas en&#8230;<\/p>\n","protected":false},"author":3,"featured_media":32627,"comment_status":"open","ping_status":"open","sticky":false,"template":"","format":"standard","meta":{"footnotes":""},"categories":[368],"tags":[],"class_list":["post-32630","post","type-post","status-publish","format-standard","has-post-thumbnail","hentry","category-noticias"],"yoast_head":"<!-- This site is optimized with the Yoast SEO plugin v27.5 - https:\/\/yoast.com\/product\/yoast-seo-wordpress\/ -->\n<title>LA ACADEMIA PARA LA NUEVA M\u00daSICA ABRE EL CICLO ATM\u00d3SFERAS - CSMA<\/title>\n<meta name=\"robots\" content=\"index, follow, max-snippet:-1, max-image-preview:large, max-video-preview:-1\" \/>\n<link rel=\"canonical\" href=\"https:\/\/csma.es\/noticias\/la-academia-para-la-nueva-musica-abre-el-ciclo-atmosferas\/\" \/>\n<meta property=\"og:locale\" content=\"en_US\" \/>\n<meta property=\"og:type\" content=\"article\" \/>\n<meta property=\"og:title\" content=\"LA ACADEMIA PARA LA NUEVA M\u00daSICA ABRE EL CICLO ATM\u00d3SFERAS - CSMA\" \/>\n<meta property=\"og:description\" content=\"El pr\u00f3ximo martes 9 de diciembre, La Academia para la Nueva M\u00fasica, dirigida por Nacho de Paz, ofrecer\u00e1 el primer concierto del Ciclo Atm\u00f3sferas en...\" \/>\n<meta property=\"og:url\" content=\"https:\/\/csma.es\/noticias\/la-academia-para-la-nueva-musica-abre-el-ciclo-atmosferas\/\" \/>\n<meta property=\"og:site_name\" content=\"CSMA\" \/>\n<meta property=\"article:publisher\" content=\"https:\/\/www.facebook.com\/CSMAragon\/\" \/>\n<meta property=\"article:published_time\" content=\"2025-12-05T11:29:39+00:00\" \/>\n<meta property=\"article:modified_time\" content=\"2025-12-05T11:30:18+00:00\" \/>\n<meta property=\"og:image\" content=\"https:\/\/csma.es\/wp-content\/uploads\/2025\/12\/09122025_ATMOSFERAS-CHEMINS.jpg\" \/>\n\t<meta property=\"og:image:width\" content=\"960\" \/>\n\t<meta property=\"og:image:height\" content=\"540\" \/>\n\t<meta property=\"og:image:type\" content=\"image\/jpeg\" \/>\n<meta name=\"author\" content=\"TICS CSMA\" \/>\n<meta name=\"twitter:card\" content=\"summary_large_image\" \/>\n<meta name=\"twitter:creator\" content=\"@csmaconser\" \/>\n<meta name=\"twitter:site\" content=\"@csmaconser\" \/>\n<meta name=\"twitter:label1\" content=\"Written by\" \/>\n\t<meta name=\"twitter:data1\" content=\"TICS CSMA\" \/>\n\t<meta name=\"twitter:label2\" content=\"Est. reading time\" \/>\n\t<meta name=\"twitter:data2\" content=\"2 minutes\" \/>\n<script type=\"application\/ld+json\" class=\"yoast-schema-graph\">{\"@context\":\"https:\\\/\\\/schema.org\",\"@graph\":[{\"@type\":\"Article\",\"@id\":\"https:\\\/\\\/csma.es\\\/noticias\\\/la-academia-para-la-nueva-musica-abre-el-ciclo-atmosferas\\\/#article\",\"isPartOf\":{\"@id\":\"https:\\\/\\\/csma.es\\\/noticias\\\/la-academia-para-la-nueva-musica-abre-el-ciclo-atmosferas\\\/\"},\"author\":{\"name\":\"TICS CSMA\",\"@id\":\"https:\\\/\\\/csma.es\\\/#\\\/schema\\\/person\\\/dd9e345cd1ec5925a5e8927a0cb3fc69\"},\"headline\":\"LA ACADEMIA PARA LA NUEVA M\u00daSICA ABRE EL CICLO ATM\u00d3SFERAS\",\"datePublished\":\"2025-12-05T11:29:39+00:00\",\"dateModified\":\"2025-12-05T11:30:18+00:00\",\"mainEntityOfPage\":{\"@id\":\"https:\\\/\\\/csma.es\\\/noticias\\\/la-academia-para-la-nueva-musica-abre-el-ciclo-atmosferas\\\/\"},\"wordCount\":321,\"commentCount\":0,\"publisher\":{\"@id\":\"https:\\\/\\\/csma.es\\\/#organization\"},\"image\":{\"@id\":\"https:\\\/\\\/csma.es\\\/noticias\\\/la-academia-para-la-nueva-musica-abre-el-ciclo-atmosferas\\\/#primaryimage\"},\"thumbnailUrl\":\"https:\\\/\\\/csma.es\\\/wp-content\\\/uploads\\\/2025\\\/12\\\/09122025_ATMOSFERAS-CHEMINS.jpg\",\"articleSection\":[\"Noticias\"],\"inLanguage\":\"en-US\",\"potentialAction\":[{\"@type\":\"CommentAction\",\"name\":\"Comment\",\"target\":[\"https:\\\/\\\/csma.es\\\/noticias\\\/la-academia-para-la-nueva-musica-abre-el-ciclo-atmosferas\\\/#respond\"]}]},{\"@type\":\"WebPage\",\"@id\":\"https:\\\/\\\/csma.es\\\/noticias\\\/la-academia-para-la-nueva-musica-abre-el-ciclo-atmosferas\\\/\",\"url\":\"https:\\\/\\\/csma.es\\\/noticias\\\/la-academia-para-la-nueva-musica-abre-el-ciclo-atmosferas\\\/\",\"name\":\"LA ACADEMIA PARA LA NUEVA M\u00daSICA ABRE EL CICLO ATM\u00d3SFERAS - CSMA\",\"isPartOf\":{\"@id\":\"https:\\\/\\\/csma.es\\\/#website\"},\"primaryImageOfPage\":{\"@id\":\"https:\\\/\\\/csma.es\\\/noticias\\\/la-academia-para-la-nueva-musica-abre-el-ciclo-atmosferas\\\/#primaryimage\"},\"image\":{\"@id\":\"https:\\\/\\\/csma.es\\\/noticias\\\/la-academia-para-la-nueva-musica-abre-el-ciclo-atmosferas\\\/#primaryimage\"},\"thumbnailUrl\":\"https:\\\/\\\/csma.es\\\/wp-content\\\/uploads\\\/2025\\\/12\\\/09122025_ATMOSFERAS-CHEMINS.jpg\",\"datePublished\":\"2025-12-05T11:29:39+00:00\",\"dateModified\":\"2025-12-05T11:30:18+00:00\",\"breadcrumb\":{\"@id\":\"https:\\\/\\\/csma.es\\\/noticias\\\/la-academia-para-la-nueva-musica-abre-el-ciclo-atmosferas\\\/#breadcrumb\"},\"inLanguage\":\"en-US\",\"potentialAction\":[{\"@type\":\"ReadAction\",\"target\":[\"https:\\\/\\\/csma.es\\\/noticias\\\/la-academia-para-la-nueva-musica-abre-el-ciclo-atmosferas\\\/\"]}]},{\"@type\":\"ImageObject\",\"inLanguage\":\"en-US\",\"@id\":\"https:\\\/\\\/csma.es\\\/noticias\\\/la-academia-para-la-nueva-musica-abre-el-ciclo-atmosferas\\\/#primaryimage\",\"url\":\"https:\\\/\\\/csma.es\\\/wp-content\\\/uploads\\\/2025\\\/12\\\/09122025_ATMOSFERAS-CHEMINS.jpg\",\"contentUrl\":\"https:\\\/\\\/csma.es\\\/wp-content\\\/uploads\\\/2025\\\/12\\\/09122025_ATMOSFERAS-CHEMINS.jpg\",\"width\":960,\"height\":540},{\"@type\":\"BreadcrumbList\",\"@id\":\"https:\\\/\\\/csma.es\\\/noticias\\\/la-academia-para-la-nueva-musica-abre-el-ciclo-atmosferas\\\/#breadcrumb\",\"itemListElement\":[{\"@type\":\"ListItem\",\"position\":1,\"name\":\"Portada\",\"item\":\"https:\\\/\\\/csma.es\\\/en\\\/\"},{\"@type\":\"ListItem\",\"position\":2,\"name\":\"LA ACADEMIA PARA LA NUEVA M\u00daSICA ABRE EL CICLO ATM\u00d3SFERAS\"}]},{\"@type\":\"WebSite\",\"@id\":\"https:\\\/\\\/csma.es\\\/#website\",\"url\":\"https:\\\/\\\/csma.es\\\/\",\"name\":\"CSMA\",\"description\":\"Conservatorio Superior de M\u00fasica de Arag\u00f3n\",\"publisher\":{\"@id\":\"https:\\\/\\\/csma.es\\\/#organization\"},\"potentialAction\":[{\"@type\":\"SearchAction\",\"target\":{\"@type\":\"EntryPoint\",\"urlTemplate\":\"https:\\\/\\\/csma.es\\\/?s={search_term_string}\"},\"query-input\":{\"@type\":\"PropertyValueSpecification\",\"valueRequired\":true,\"valueName\":\"search_term_string\"}}],\"inLanguage\":\"en-US\"},{\"@type\":\"Organization\",\"@id\":\"https:\\\/\\\/csma.es\\\/#organization\",\"name\":\"Conservatorio Superior de M\u00fasica de Arag\u00f3n\",\"url\":\"https:\\\/\\\/csma.es\\\/\",\"logo\":{\"@type\":\"ImageObject\",\"inLanguage\":\"en-US\",\"@id\":\"https:\\\/\\\/csma.es\\\/#\\\/schema\\\/logo\\\/image\\\/\",\"url\":\"https:\\\/\\\/csma.es\\\/wp-content\\\/uploads\\\/2025\\\/04\\\/cropped-logo-csma-40anos-vertical-sintexto-positivo.png\",\"contentUrl\":\"https:\\\/\\\/csma.es\\\/wp-content\\\/uploads\\\/2025\\\/04\\\/cropped-logo-csma-40anos-vertical-sintexto-positivo.png\",\"width\":512,\"height\":512,\"caption\":\"Conservatorio Superior de M\u00fasica de Arag\u00f3n\"},\"image\":{\"@id\":\"https:\\\/\\\/csma.es\\\/#\\\/schema\\\/logo\\\/image\\\/\"},\"sameAs\":[\"https:\\\/\\\/www.facebook.com\\\/CSMAragon\\\/\",\"https:\\\/\\\/x.com\\\/csmaconser\",\"https:\\\/\\\/www.instagram.com\\\/csmaragon\\\/\",\"https:\\\/\\\/www.youtube.com\\\/channel\\\/UCcsLLtgZJUhz11-3Aj1sv3w\"]},{\"@type\":\"Person\",\"@id\":\"https:\\\/\\\/csma.es\\\/#\\\/schema\\\/person\\\/dd9e345cd1ec5925a5e8927a0cb3fc69\",\"name\":\"TICS CSMA\"}]}<\/script>\n<!-- \/ Yoast SEO plugin. -->","yoast_head_json":{"title":"LA ACADEMIA PARA LA NUEVA M\u00daSICA ABRE EL CICLO ATM\u00d3SFERAS - CSMA","robots":{"index":"index","follow":"follow","max-snippet":"max-snippet:-1","max-image-preview":"max-image-preview:large","max-video-preview":"max-video-preview:-1"},"canonical":"https:\/\/csma.es\/noticias\/la-academia-para-la-nueva-musica-abre-el-ciclo-atmosferas\/","og_locale":"en_US","og_type":"article","og_title":"LA ACADEMIA PARA LA NUEVA M\u00daSICA ABRE EL CICLO ATM\u00d3SFERAS - CSMA","og_description":"El pr\u00f3ximo martes 9 de diciembre, La Academia para la Nueva M\u00fasica, dirigida por Nacho de Paz, ofrecer\u00e1 el primer concierto del Ciclo Atm\u00f3sferas en...","og_url":"https:\/\/csma.es\/noticias\/la-academia-para-la-nueva-musica-abre-el-ciclo-atmosferas\/","og_site_name":"CSMA","article_publisher":"https:\/\/www.facebook.com\/CSMAragon\/","article_published_time":"2025-12-05T11:29:39+00:00","article_modified_time":"2025-12-05T11:30:18+00:00","og_image":[{"width":960,"height":540,"url":"https:\/\/csma.es\/wp-content\/uploads\/2025\/12\/09122025_ATMOSFERAS-CHEMINS.jpg","type":"image\/jpeg"}],"author":"TICS CSMA","twitter_card":"summary_large_image","twitter_creator":"@csmaconser","twitter_site":"@csmaconser","twitter_misc":{"Written by":"TICS CSMA","Est. reading time":"2 minutes"},"schema":{"@context":"https:\/\/schema.org","@graph":[{"@type":"Article","@id":"https:\/\/csma.es\/noticias\/la-academia-para-la-nueva-musica-abre-el-ciclo-atmosferas\/#article","isPartOf":{"@id":"https:\/\/csma.es\/noticias\/la-academia-para-la-nueva-musica-abre-el-ciclo-atmosferas\/"},"author":{"name":"TICS CSMA","@id":"https:\/\/csma.es\/#\/schema\/person\/dd9e345cd1ec5925a5e8927a0cb3fc69"},"headline":"LA ACADEMIA PARA LA NUEVA M\u00daSICA ABRE EL CICLO ATM\u00d3SFERAS","datePublished":"2025-12-05T11:29:39+00:00","dateModified":"2025-12-05T11:30:18+00:00","mainEntityOfPage":{"@id":"https:\/\/csma.es\/noticias\/la-academia-para-la-nueva-musica-abre-el-ciclo-atmosferas\/"},"wordCount":321,"commentCount":0,"publisher":{"@id":"https:\/\/csma.es\/#organization"},"image":{"@id":"https:\/\/csma.es\/noticias\/la-academia-para-la-nueva-musica-abre-el-ciclo-atmosferas\/#primaryimage"},"thumbnailUrl":"https:\/\/csma.es\/wp-content\/uploads\/2025\/12\/09122025_ATMOSFERAS-CHEMINS.jpg","articleSection":["Noticias"],"inLanguage":"en-US","potentialAction":[{"@type":"CommentAction","name":"Comment","target":["https:\/\/csma.es\/noticias\/la-academia-para-la-nueva-musica-abre-el-ciclo-atmosferas\/#respond"]}]},{"@type":"WebPage","@id":"https:\/\/csma.es\/noticias\/la-academia-para-la-nueva-musica-abre-el-ciclo-atmosferas\/","url":"https:\/\/csma.es\/noticias\/la-academia-para-la-nueva-musica-abre-el-ciclo-atmosferas\/","name":"LA ACADEMIA PARA LA NUEVA M\u00daSICA ABRE EL CICLO ATM\u00d3SFERAS - CSMA","isPartOf":{"@id":"https:\/\/csma.es\/#website"},"primaryImageOfPage":{"@id":"https:\/\/csma.es\/noticias\/la-academia-para-la-nueva-musica-abre-el-ciclo-atmosferas\/#primaryimage"},"image":{"@id":"https:\/\/csma.es\/noticias\/la-academia-para-la-nueva-musica-abre-el-ciclo-atmosferas\/#primaryimage"},"thumbnailUrl":"https:\/\/csma.es\/wp-content\/uploads\/2025\/12\/09122025_ATMOSFERAS-CHEMINS.jpg","datePublished":"2025-12-05T11:29:39+00:00","dateModified":"2025-12-05T11:30:18+00:00","breadcrumb":{"@id":"https:\/\/csma.es\/noticias\/la-academia-para-la-nueva-musica-abre-el-ciclo-atmosferas\/#breadcrumb"},"inLanguage":"en-US","potentialAction":[{"@type":"ReadAction","target":["https:\/\/csma.es\/noticias\/la-academia-para-la-nueva-musica-abre-el-ciclo-atmosferas\/"]}]},{"@type":"ImageObject","inLanguage":"en-US","@id":"https:\/\/csma.es\/noticias\/la-academia-para-la-nueva-musica-abre-el-ciclo-atmosferas\/#primaryimage","url":"https:\/\/csma.es\/wp-content\/uploads\/2025\/12\/09122025_ATMOSFERAS-CHEMINS.jpg","contentUrl":"https:\/\/csma.es\/wp-content\/uploads\/2025\/12\/09122025_ATMOSFERAS-CHEMINS.jpg","width":960,"height":540},{"@type":"BreadcrumbList","@id":"https:\/\/csma.es\/noticias\/la-academia-para-la-nueva-musica-abre-el-ciclo-atmosferas\/#breadcrumb","itemListElement":[{"@type":"ListItem","position":1,"name":"Portada","item":"https:\/\/csma.es\/en\/"},{"@type":"ListItem","position":2,"name":"LA ACADEMIA PARA LA NUEVA M\u00daSICA ABRE EL CICLO ATM\u00d3SFERAS"}]},{"@type":"WebSite","@id":"https:\/\/csma.es\/#website","url":"https:\/\/csma.es\/","name":"CSMA","description":"Conservatorio Superior de M\u00fasica de Arag\u00f3n","publisher":{"@id":"https:\/\/csma.es\/#organization"},"potentialAction":[{"@type":"SearchAction","target":{"@type":"EntryPoint","urlTemplate":"https:\/\/csma.es\/?s={search_term_string}"},"query-input":{"@type":"PropertyValueSpecification","valueRequired":true,"valueName":"search_term_string"}}],"inLanguage":"en-US"},{"@type":"Organization","@id":"https:\/\/csma.es\/#organization","name":"Conservatorio Superior de M\u00fasica de Arag\u00f3n","url":"https:\/\/csma.es\/","logo":{"@type":"ImageObject","inLanguage":"en-US","@id":"https:\/\/csma.es\/#\/schema\/logo\/image\/","url":"https:\/\/csma.es\/wp-content\/uploads\/2025\/04\/cropped-logo-csma-40anos-vertical-sintexto-positivo.png","contentUrl":"https:\/\/csma.es\/wp-content\/uploads\/2025\/04\/cropped-logo-csma-40anos-vertical-sintexto-positivo.png","width":512,"height":512,"caption":"Conservatorio Superior de M\u00fasica de Arag\u00f3n"},"image":{"@id":"https:\/\/csma.es\/#\/schema\/logo\/image\/"},"sameAs":["https:\/\/www.facebook.com\/CSMAragon\/","https:\/\/x.com\/csmaconser","https:\/\/www.instagram.com\/csmaragon\/","https:\/\/www.youtube.com\/channel\/UCcsLLtgZJUhz11-3Aj1sv3w"]},{"@type":"Person","@id":"https:\/\/csma.es\/#\/schema\/person\/dd9e345cd1ec5925a5e8927a0cb3fc69","name":"TICS CSMA"}]}},"publishpress_future_action":{"enabled":false,"date":"2026-05-06 23:36:14","action":"change-status","newStatus":"draft","terms":[],"taxonomy":"category","extraData":[]},"publishpress_future_workflow_manual_trigger":{"enabledWorkflows":[]},"_links":{"self":[{"href":"https:\/\/csma.es\/en\/wp-json\/wp\/v2\/posts\/32630","targetHints":{"allow":["GET"]}}],"collection":[{"href":"https:\/\/csma.es\/en\/wp-json\/wp\/v2\/posts"}],"about":[{"href":"https:\/\/csma.es\/en\/wp-json\/wp\/v2\/types\/post"}],"author":[{"embeddable":true,"href":"https:\/\/csma.es\/en\/wp-json\/wp\/v2\/users\/3"}],"replies":[{"embeddable":true,"href":"https:\/\/csma.es\/en\/wp-json\/wp\/v2\/comments?post=32630"}],"version-history":[{"count":0,"href":"https:\/\/csma.es\/en\/wp-json\/wp\/v2\/posts\/32630\/revisions"}],"wp:featuredmedia":[{"embeddable":true,"href":"https:\/\/csma.es\/en\/wp-json\/wp\/v2\/media\/32627"}],"wp:attachment":[{"href":"https:\/\/csma.es\/en\/wp-json\/wp\/v2\/media?parent=32630"}],"wp:term":[{"taxonomy":"category","embeddable":true,"href":"https:\/\/csma.es\/en\/wp-json\/wp\/v2\/categories?post=32630"},{"taxonomy":"post_tag","embeddable":true,"href":"https:\/\/csma.es\/en\/wp-json\/wp\/v2\/tags?post=32630"}],"curies":[{"name":"wp","href":"https:\/\/api.w.org\/{rel}","templated":true}]}}