{"id":31931,"date":"2025-09-04T13:41:11","date_gmt":"2025-09-04T11:41:11","guid":{"rendered":"https:\/\/csma.es\/?p=31931"},"modified":"2025-09-04T13:55:54","modified_gmt":"2025-09-04T11:55:54","slug":"el-csma-colabora-con-festival-saulus","status":"publish","type":"post","link":"https:\/\/csma.es\/en\/noticias\/el-csma-colabora-con-festival-saulus\/","title":{"rendered":"EL CSMA COLABORA CON FESTIVAL SAULUS"},"content":{"rendered":"<p>En los pr\u00f3ximos d\u00edas dar\u00e1 comienzo una nueva edici\u00f3n del <a href=\"https:\/\/festivalvocalsaulus.com\/\" target=\"_blank\" rel=\"noopener\">Festival Vocal Saulus<\/a> en Zaragoza. Se realizar\u00e1 entre los d\u00edas 14.09 y 9.11 de 2025 con una programaci\u00f3n innovadora, brillante y atractiva que sin duda dinamizar\u00e1 la escena cultural de nuestra ciudad.<\/p>\n<p>En el marco de este Festival, se organizan las jornadas de la Academia ArteSonado de Formaci\u00f3n de Ensembles Vocales que se celebrar\u00e1n del 12 al 14 de septiembre. Toda la comunidad educativa CSMA puede participar como oyente en los ensayos a realizar en CSMA.<\/p>\n<p>VIERNES 12 SEPTIEMBRE<br \/>\n16:00h a 20:30h<\/p>\n<p>SA\u0301BADO 13 SEPTIEMBRE<br \/>\n10h a 13:30h<br \/>\n15:30h a 20:30h<\/p>\n<p>DOMINGO 14 SEPTIEMBRE<br \/>\n11 a 14h<\/p>\n<p>Adem\u00e1s, las entradas para todos los conciertos del Festival tienen una reducci\u00f3n del 50% para las personas con edades comprendidas entre los 16 a 30 a\u00f1os.<\/p>\n<p>Para m\u00e1s informaci\u00f3n y programaci\u00f3n, consultar la web: <a href=\"https:\/\/festivalvocalsaulus.com\/\" target=\"_blank\" rel=\"noopener\">https:\/\/festivalvocalsaulus.com\/<\/a><\/p>\n","protected":false},"excerpt":{"rendered":"<p>En los pr\u00f3ximos d\u00edas dar\u00e1 comienzo una nueva edici\u00f3n del Festival Vocal Saulus en Zaragoza. Se realizar\u00e1 entre los d\u00edas 14.09 y 9.11 de 2025&#8230;<\/p>\n","protected":false},"author":3,"featured_media":31929,"comment_status":"open","ping_status":"open","sticky":false,"template":"","format":"standard","meta":{"footnotes":""},"categories":[368],"tags":[],"class_list":["post-31931","post","type-post","status-publish","format-standard","has-post-thumbnail","hentry","category-noticias"],"yoast_head":"<!-- This site is optimized with the Yoast SEO plugin v27.5 - https:\/\/yoast.com\/product\/yoast-seo-wordpress\/ -->\n<title>EL CSMA COLABORA CON FESTIVAL SAULUS - CSMA<\/title>\n<meta name=\"robots\" content=\"index, follow, max-snippet:-1, max-image-preview:large, max-video-preview:-1\" \/>\n<link rel=\"canonical\" href=\"https:\/\/csma.es\/noticias\/el-csma-colabora-con-festival-saulus\/\" \/>\n<meta property=\"og:locale\" content=\"en_US\" \/>\n<meta property=\"og:type\" content=\"article\" \/>\n<meta property=\"og:title\" content=\"EL CSMA COLABORA CON FESTIVAL SAULUS - CSMA\" \/>\n<meta property=\"og:description\" content=\"En los pr\u00f3ximos d\u00edas dar\u00e1 comienzo una nueva edici\u00f3n del Festival Vocal Saulus en Zaragoza. Se realizar\u00e1 entre los d\u00edas 14.09 y 9.11 de 2025...\" \/>\n<meta property=\"og:url\" content=\"https:\/\/csma.es\/noticias\/el-csma-colabora-con-festival-saulus\/\" \/>\n<meta property=\"og:site_name\" content=\"CSMA\" \/>\n<meta property=\"article:publisher\" content=\"https:\/\/www.facebook.com\/CSMAragon\/\" \/>\n<meta property=\"article:published_time\" content=\"2025-09-04T11:41:11+00:00\" \/>\n<meta property=\"article:modified_time\" content=\"2025-09-04T11:55:54+00:00\" \/>\n<meta property=\"og:image\" content=\"https:\/\/csma.es\/wp-content\/uploads\/2025\/09\/SAULUS-RECORTADO-1024x743.jpg\" \/>\n\t<meta property=\"og:image:width\" content=\"1024\" \/>\n\t<meta property=\"og:image:height\" content=\"743\" \/>\n\t<meta property=\"og:image:type\" content=\"image\/jpeg\" \/>\n<meta name=\"author\" content=\"TICS CSMA\" \/>\n<meta name=\"twitter:card\" content=\"summary_large_image\" \/>\n<meta name=\"twitter:creator\" content=\"@csmaconser\" \/>\n<meta name=\"twitter:site\" content=\"@csmaconser\" \/>\n<meta name=\"twitter:label1\" content=\"Written by\" \/>\n\t<meta name=\"twitter:data1\" content=\"TICS CSMA\" \/>\n\t<meta name=\"twitter:label2\" content=\"Est. reading time\" \/>\n\t<meta name=\"twitter:data2\" content=\"1 minute\" \/>\n<script type=\"application\/ld+json\" class=\"yoast-schema-graph\">{\"@context\":\"https:\\\/\\\/schema.org\",\"@graph\":[{\"@type\":\"Article\",\"@id\":\"https:\\\/\\\/csma.es\\\/noticias\\\/el-csma-colabora-con-festival-saulus\\\/#article\",\"isPartOf\":{\"@id\":\"https:\\\/\\\/csma.es\\\/noticias\\\/el-csma-colabora-con-festival-saulus\\\/\"},\"author\":{\"name\":\"TICS CSMA\",\"@id\":\"https:\\\/\\\/csma.es\\\/#\\\/schema\\\/person\\\/dd9e345cd1ec5925a5e8927a0cb3fc69\"},\"headline\":\"EL CSMA COLABORA CON FESTIVAL SAULUS\",\"datePublished\":\"2025-09-04T11:41:11+00:00\",\"dateModified\":\"2025-09-04T11:55:54+00:00\",\"mainEntityOfPage\":{\"@id\":\"https:\\\/\\\/csma.es\\\/noticias\\\/el-csma-colabora-con-festival-saulus\\\/\"},\"wordCount\":152,\"commentCount\":0,\"publisher\":{\"@id\":\"https:\\\/\\\/csma.es\\\/#organization\"},\"image\":{\"@id\":\"https:\\\/\\\/csma.es\\\/noticias\\\/el-csma-colabora-con-festival-saulus\\\/#primaryimage\"},\"thumbnailUrl\":\"https:\\\/\\\/csma.es\\\/wp-content\\\/uploads\\\/2025\\\/09\\\/SAULUS-RECORTADO.jpg\",\"articleSection\":[\"Noticias\"],\"inLanguage\":\"en-US\",\"potentialAction\":[{\"@type\":\"CommentAction\",\"name\":\"Comment\",\"target\":[\"https:\\\/\\\/csma.es\\\/noticias\\\/el-csma-colabora-con-festival-saulus\\\/#respond\"]}]},{\"@type\":\"WebPage\",\"@id\":\"https:\\\/\\\/csma.es\\\/noticias\\\/el-csma-colabora-con-festival-saulus\\\/\",\"url\":\"https:\\\/\\\/csma.es\\\/noticias\\\/el-csma-colabora-con-festival-saulus\\\/\",\"name\":\"EL CSMA COLABORA CON FESTIVAL SAULUS - CSMA\",\"isPartOf\":{\"@id\":\"https:\\\/\\\/csma.es\\\/#website\"},\"primaryImageOfPage\":{\"@id\":\"https:\\\/\\\/csma.es\\\/noticias\\\/el-csma-colabora-con-festival-saulus\\\/#primaryimage\"},\"image\":{\"@id\":\"https:\\\/\\\/csma.es\\\/noticias\\\/el-csma-colabora-con-festival-saulus\\\/#primaryimage\"},\"thumbnailUrl\":\"https:\\\/\\\/csma.es\\\/wp-content\\\/uploads\\\/2025\\\/09\\\/SAULUS-RECORTADO.jpg\",\"datePublished\":\"2025-09-04T11:41:11+00:00\",\"dateModified\":\"2025-09-04T11:55:54+00:00\",\"breadcrumb\":{\"@id\":\"https:\\\/\\\/csma.es\\\/noticias\\\/el-csma-colabora-con-festival-saulus\\\/#breadcrumb\"},\"inLanguage\":\"en-US\",\"potentialAction\":[{\"@type\":\"ReadAction\",\"target\":[\"https:\\\/\\\/csma.es\\\/noticias\\\/el-csma-colabora-con-festival-saulus\\\/\"]}]},{\"@type\":\"ImageObject\",\"inLanguage\":\"en-US\",\"@id\":\"https:\\\/\\\/csma.es\\\/noticias\\\/el-csma-colabora-con-festival-saulus\\\/#primaryimage\",\"url\":\"https:\\\/\\\/csma.es\\\/wp-content\\\/uploads\\\/2025\\\/09\\\/SAULUS-RECORTADO.jpg\",\"contentUrl\":\"https:\\\/\\\/csma.es\\\/wp-content\\\/uploads\\\/2025\\\/09\\\/SAULUS-RECORTADO.jpg\",\"width\":1390,\"height\":1008},{\"@type\":\"BreadcrumbList\",\"@id\":\"https:\\\/\\\/csma.es\\\/noticias\\\/el-csma-colabora-con-festival-saulus\\\/#breadcrumb\",\"itemListElement\":[{\"@type\":\"ListItem\",\"position\":1,\"name\":\"Portada\",\"item\":\"https:\\\/\\\/csma.es\\\/en\\\/\"},{\"@type\":\"ListItem\",\"position\":2,\"name\":\"EL CSMA COLABORA CON FESTIVAL SAULUS\"}]},{\"@type\":\"WebSite\",\"@id\":\"https:\\\/\\\/csma.es\\\/#website\",\"url\":\"https:\\\/\\\/csma.es\\\/\",\"name\":\"CSMA\",\"description\":\"Conservatorio Superior de M\u00fasica de Arag\u00f3n\",\"publisher\":{\"@id\":\"https:\\\/\\\/csma.es\\\/#organization\"},\"potentialAction\":[{\"@type\":\"SearchAction\",\"target\":{\"@type\":\"EntryPoint\",\"urlTemplate\":\"https:\\\/\\\/csma.es\\\/?s={search_term_string}\"},\"query-input\":{\"@type\":\"PropertyValueSpecification\",\"valueRequired\":true,\"valueName\":\"search_term_string\"}}],\"inLanguage\":\"en-US\"},{\"@type\":\"Organization\",\"@id\":\"https:\\\/\\\/csma.es\\\/#organization\",\"name\":\"Conservatorio Superior de M\u00fasica de Arag\u00f3n\",\"url\":\"https:\\\/\\\/csma.es\\\/\",\"logo\":{\"@type\":\"ImageObject\",\"inLanguage\":\"en-US\",\"@id\":\"https:\\\/\\\/csma.es\\\/#\\\/schema\\\/logo\\\/image\\\/\",\"url\":\"https:\\\/\\\/csma.es\\\/wp-content\\\/uploads\\\/2025\\\/04\\\/cropped-logo-csma-40anos-vertical-sintexto-positivo.png\",\"contentUrl\":\"https:\\\/\\\/csma.es\\\/wp-content\\\/uploads\\\/2025\\\/04\\\/cropped-logo-csma-40anos-vertical-sintexto-positivo.png\",\"width\":512,\"height\":512,\"caption\":\"Conservatorio Superior de M\u00fasica de Arag\u00f3n\"},\"image\":{\"@id\":\"https:\\\/\\\/csma.es\\\/#\\\/schema\\\/logo\\\/image\\\/\"},\"sameAs\":[\"https:\\\/\\\/www.facebook.com\\\/CSMAragon\\\/\",\"https:\\\/\\\/x.com\\\/csmaconser\",\"https:\\\/\\\/www.instagram.com\\\/csmaragon\\\/\",\"https:\\\/\\\/www.youtube.com\\\/channel\\\/UCcsLLtgZJUhz11-3Aj1sv3w\"]},{\"@type\":\"Person\",\"@id\":\"https:\\\/\\\/csma.es\\\/#\\\/schema\\\/person\\\/dd9e345cd1ec5925a5e8927a0cb3fc69\",\"name\":\"TICS CSMA\"}]}<\/script>\n<!-- \/ Yoast SEO plugin. -->","yoast_head_json":{"title":"EL CSMA COLABORA CON FESTIVAL SAULUS - CSMA","robots":{"index":"index","follow":"follow","max-snippet":"max-snippet:-1","max-image-preview":"max-image-preview:large","max-video-preview":"max-video-preview:-1"},"canonical":"https:\/\/csma.es\/noticias\/el-csma-colabora-con-festival-saulus\/","og_locale":"en_US","og_type":"article","og_title":"EL CSMA COLABORA CON FESTIVAL SAULUS - CSMA","og_description":"En los pr\u00f3ximos d\u00edas dar\u00e1 comienzo una nueva edici\u00f3n del Festival Vocal Saulus en Zaragoza. Se realizar\u00e1 entre los d\u00edas 14.09 y 9.11 de 2025...","og_url":"https:\/\/csma.es\/noticias\/el-csma-colabora-con-festival-saulus\/","og_site_name":"CSMA","article_publisher":"https:\/\/www.facebook.com\/CSMAragon\/","article_published_time":"2025-09-04T11:41:11+00:00","article_modified_time":"2025-09-04T11:55:54+00:00","og_image":[{"width":1024,"height":743,"url":"https:\/\/csma.es\/wp-content\/uploads\/2025\/09\/SAULUS-RECORTADO-1024x743.jpg","type":"image\/jpeg"}],"author":"TICS CSMA","twitter_card":"summary_large_image","twitter_creator":"@csmaconser","twitter_site":"@csmaconser","twitter_misc":{"Written by":"TICS CSMA","Est. reading time":"1 minute"},"schema":{"@context":"https:\/\/schema.org","@graph":[{"@type":"Article","@id":"https:\/\/csma.es\/noticias\/el-csma-colabora-con-festival-saulus\/#article","isPartOf":{"@id":"https:\/\/csma.es\/noticias\/el-csma-colabora-con-festival-saulus\/"},"author":{"name":"TICS CSMA","@id":"https:\/\/csma.es\/#\/schema\/person\/dd9e345cd1ec5925a5e8927a0cb3fc69"},"headline":"EL CSMA COLABORA CON FESTIVAL SAULUS","datePublished":"2025-09-04T11:41:11+00:00","dateModified":"2025-09-04T11:55:54+00:00","mainEntityOfPage":{"@id":"https:\/\/csma.es\/noticias\/el-csma-colabora-con-festival-saulus\/"},"wordCount":152,"commentCount":0,"publisher":{"@id":"https:\/\/csma.es\/#organization"},"image":{"@id":"https:\/\/csma.es\/noticias\/el-csma-colabora-con-festival-saulus\/#primaryimage"},"thumbnailUrl":"https:\/\/csma.es\/wp-content\/uploads\/2025\/09\/SAULUS-RECORTADO.jpg","articleSection":["Noticias"],"inLanguage":"en-US","potentialAction":[{"@type":"CommentAction","name":"Comment","target":["https:\/\/csma.es\/noticias\/el-csma-colabora-con-festival-saulus\/#respond"]}]},{"@type":"WebPage","@id":"https:\/\/csma.es\/noticias\/el-csma-colabora-con-festival-saulus\/","url":"https:\/\/csma.es\/noticias\/el-csma-colabora-con-festival-saulus\/","name":"EL CSMA COLABORA CON FESTIVAL SAULUS - CSMA","isPartOf":{"@id":"https:\/\/csma.es\/#website"},"primaryImageOfPage":{"@id":"https:\/\/csma.es\/noticias\/el-csma-colabora-con-festival-saulus\/#primaryimage"},"image":{"@id":"https:\/\/csma.es\/noticias\/el-csma-colabora-con-festival-saulus\/#primaryimage"},"thumbnailUrl":"https:\/\/csma.es\/wp-content\/uploads\/2025\/09\/SAULUS-RECORTADO.jpg","datePublished":"2025-09-04T11:41:11+00:00","dateModified":"2025-09-04T11:55:54+00:00","breadcrumb":{"@id":"https:\/\/csma.es\/noticias\/el-csma-colabora-con-festival-saulus\/#breadcrumb"},"inLanguage":"en-US","potentialAction":[{"@type":"ReadAction","target":["https:\/\/csma.es\/noticias\/el-csma-colabora-con-festival-saulus\/"]}]},{"@type":"ImageObject","inLanguage":"en-US","@id":"https:\/\/csma.es\/noticias\/el-csma-colabora-con-festival-saulus\/#primaryimage","url":"https:\/\/csma.es\/wp-content\/uploads\/2025\/09\/SAULUS-RECORTADO.jpg","contentUrl":"https:\/\/csma.es\/wp-content\/uploads\/2025\/09\/SAULUS-RECORTADO.jpg","width":1390,"height":1008},{"@type":"BreadcrumbList","@id":"https:\/\/csma.es\/noticias\/el-csma-colabora-con-festival-saulus\/#breadcrumb","itemListElement":[{"@type":"ListItem","position":1,"name":"Portada","item":"https:\/\/csma.es\/en\/"},{"@type":"ListItem","position":2,"name":"EL CSMA COLABORA CON FESTIVAL SAULUS"}]},{"@type":"WebSite","@id":"https:\/\/csma.es\/#website","url":"https:\/\/csma.es\/","name":"CSMA","description":"Conservatorio Superior de M\u00fasica de Arag\u00f3n","publisher":{"@id":"https:\/\/csma.es\/#organization"},"potentialAction":[{"@type":"SearchAction","target":{"@type":"EntryPoint","urlTemplate":"https:\/\/csma.es\/?s={search_term_string}"},"query-input":{"@type":"PropertyValueSpecification","valueRequired":true,"valueName":"search_term_string"}}],"inLanguage":"en-US"},{"@type":"Organization","@id":"https:\/\/csma.es\/#organization","name":"Conservatorio Superior de M\u00fasica de Arag\u00f3n","url":"https:\/\/csma.es\/","logo":{"@type":"ImageObject","inLanguage":"en-US","@id":"https:\/\/csma.es\/#\/schema\/logo\/image\/","url":"https:\/\/csma.es\/wp-content\/uploads\/2025\/04\/cropped-logo-csma-40anos-vertical-sintexto-positivo.png","contentUrl":"https:\/\/csma.es\/wp-content\/uploads\/2025\/04\/cropped-logo-csma-40anos-vertical-sintexto-positivo.png","width":512,"height":512,"caption":"Conservatorio Superior de M\u00fasica de Arag\u00f3n"},"image":{"@id":"https:\/\/csma.es\/#\/schema\/logo\/image\/"},"sameAs":["https:\/\/www.facebook.com\/CSMAragon\/","https:\/\/x.com\/csmaconser","https:\/\/www.instagram.com\/csmaragon\/","https:\/\/www.youtube.com\/channel\/UCcsLLtgZJUhz11-3Aj1sv3w"]},{"@type":"Person","@id":"https:\/\/csma.es\/#\/schema\/person\/dd9e345cd1ec5925a5e8927a0cb3fc69","name":"TICS CSMA"}]}},"publishpress_future_action":{"enabled":false,"date":"2026-05-10 12:19:57","action":"change-status","newStatus":"draft","terms":[],"taxonomy":"category","extraData":[]},"publishpress_future_workflow_manual_trigger":{"enabledWorkflows":[]},"_links":{"self":[{"href":"https:\/\/csma.es\/en\/wp-json\/wp\/v2\/posts\/31931","targetHints":{"allow":["GET"]}}],"collection":[{"href":"https:\/\/csma.es\/en\/wp-json\/wp\/v2\/posts"}],"about":[{"href":"https:\/\/csma.es\/en\/wp-json\/wp\/v2\/types\/post"}],"author":[{"embeddable":true,"href":"https:\/\/csma.es\/en\/wp-json\/wp\/v2\/users\/3"}],"replies":[{"embeddable":true,"href":"https:\/\/csma.es\/en\/wp-json\/wp\/v2\/comments?post=31931"}],"version-history":[{"count":0,"href":"https:\/\/csma.es\/en\/wp-json\/wp\/v2\/posts\/31931\/revisions"}],"wp:featuredmedia":[{"embeddable":true,"href":"https:\/\/csma.es\/en\/wp-json\/wp\/v2\/media\/31929"}],"wp:attachment":[{"href":"https:\/\/csma.es\/en\/wp-json\/wp\/v2\/media?parent=31931"}],"wp:term":[{"taxonomy":"category","embeddable":true,"href":"https:\/\/csma.es\/en\/wp-json\/wp\/v2\/categories?post=31931"},{"taxonomy":"post_tag","embeddable":true,"href":"https:\/\/csma.es\/en\/wp-json\/wp\/v2\/tags?post=31931"}],"curies":[{"name":"wp","href":"https:\/\/api.w.org\/{rel}","templated":true}]}}