{"id":31474,"date":"2025-05-27T12:45:35","date_gmt":"2025-05-27T10:45:35","guid":{"rendered":"https:\/\/csma.es\/?p=31474"},"modified":"2025-09-26T15:44:48","modified_gmt":"2025-09-26T13:44:48","slug":"convocatoria-profesores-especialistas-curso-25-26","status":"publish","type":"post","link":"https:\/\/csma.es\/en\/noticias\/convocatoria-profesores-especialistas-curso-25-26\/","title":{"rendered":"CONVOCATORIA PROFESORES ESPECIALISTAS CURSO 25\/26"},"content":{"rendered":"<p>El Gobierno de Arag\u00f3n convoca el procedimiento de ampliaci\u00f3n de listas de espera de las especialidades de PERCUSI\u00d3N y CLARINETE del Cuerpo de CATEDR\u00c1TICOS DE M\u00daSICA Y ARTES ESC\u00c9NICAS, de acuerdo con el procedimiento establecido en el Decreto 31\/2016, de 22 de marzo, del Gobierno de Arag\u00f3n, por el que se establece el r\u00e9gimen de provisi\u00f3n de puestos de trabajo del funcionariado docente no universitario por personal interino en la Comunidad Aut\u00f3noma de Arag\u00f3n.<\/p>\n<p>&nbsp;<\/p>\n<p>Plazo: hasta el 7 de octubre de 2025<\/p>\n<p>M\u00e1s informaci\u00f3n en <a href=\"https:\/\/educa.aragon.es\/-\/ampliaciones-de-listas-de-interinos-secundaria\" target=\"_blank\" rel=\"noopener\">www.educa.aragon.es<\/a><\/p>\n","protected":false},"excerpt":{"rendered":"<p>El Gobierno de Arag\u00f3n convoca el procedimiento de ampliaci\u00f3n de listas de espera de las especialidades de PERCUSI\u00d3N y CLARINETE del Cuerpo de CATEDR\u00c1TICOS DE&#8230;<\/p>\n","protected":false},"author":3,"featured_media":32223,"comment_status":"open","ping_status":"open","sticky":false,"template":"","format":"standard","meta":{"footnotes":""},"categories":[368],"tags":[],"class_list":["post-31474","post","type-post","status-publish","format-standard","has-post-thumbnail","hentry","category-noticias"],"yoast_head":"<!-- This site is optimized with the Yoast SEO plugin v27.5 - https:\/\/yoast.com\/product\/yoast-seo-wordpress\/ -->\n<title>CONVOCATORIA PROFESORES ESPECIALISTAS CURSO 25\/26 - CSMA<\/title>\n<meta name=\"robots\" content=\"index, follow, max-snippet:-1, max-image-preview:large, max-video-preview:-1\" \/>\n<link rel=\"canonical\" href=\"https:\/\/csma.es\/noticias\/convocatoria-profesores-especialistas-curso-25-26\/\" \/>\n<meta property=\"og:locale\" content=\"en_US\" \/>\n<meta property=\"og:type\" content=\"article\" \/>\n<meta property=\"og:title\" content=\"CONVOCATORIA PROFESORES ESPECIALISTAS CURSO 25\/26 - CSMA\" \/>\n<meta property=\"og:description\" content=\"El Gobierno de Arag\u00f3n convoca el procedimiento de ampliaci\u00f3n de listas de espera de las especialidades de PERCUSI\u00d3N y CLARINETE del Cuerpo de CATEDR\u00c1TICOS DE...\" \/>\n<meta property=\"og:url\" content=\"https:\/\/csma.es\/noticias\/convocatoria-profesores-especialistas-curso-25-26\/\" \/>\n<meta property=\"og:site_name\" content=\"CSMA\" \/>\n<meta property=\"article:publisher\" content=\"https:\/\/www.facebook.com\/CSMAragon\/\" \/>\n<meta property=\"article:published_time\" content=\"2025-05-27T10:45:35+00:00\" \/>\n<meta property=\"article:modified_time\" content=\"2025-09-26T13:44:48+00:00\" \/>\n<meta property=\"og:image\" content=\"https:\/\/csma.es\/wp-content\/uploads\/2025\/09\/INFORMACION-VARIOS-25_26.jpg\" \/>\n\t<meta property=\"og:image:width\" content=\"960\" \/>\n\t<meta property=\"og:image:height\" content=\"540\" \/>\n\t<meta property=\"og:image:type\" content=\"image\/jpeg\" \/>\n<meta name=\"author\" content=\"TICS CSMA\" \/>\n<meta name=\"twitter:card\" content=\"summary_large_image\" \/>\n<meta name=\"twitter:creator\" content=\"@csmaconser\" \/>\n<meta name=\"twitter:site\" content=\"@csmaconser\" \/>\n<meta name=\"twitter:label1\" content=\"Written by\" \/>\n\t<meta name=\"twitter:data1\" content=\"TICS CSMA\" \/>\n\t<meta name=\"twitter:label2\" content=\"Est. reading time\" \/>\n\t<meta name=\"twitter:data2\" content=\"1 minute\" \/>\n<script type=\"application\/ld+json\" class=\"yoast-schema-graph\">{\"@context\":\"https:\\\/\\\/schema.org\",\"@graph\":[{\"@type\":\"Article\",\"@id\":\"https:\\\/\\\/csma.es\\\/noticias\\\/convocatoria-profesores-especialistas-curso-25-26\\\/#article\",\"isPartOf\":{\"@id\":\"https:\\\/\\\/csma.es\\\/noticias\\\/convocatoria-profesores-especialistas-curso-25-26\\\/\"},\"author\":{\"name\":\"TICS CSMA\",\"@id\":\"https:\\\/\\\/csma.es\\\/#\\\/schema\\\/person\\\/dd9e345cd1ec5925a5e8927a0cb3fc69\"},\"headline\":\"CONVOCATORIA PROFESORES ESPECIALISTAS CURSO 25\\\/26\",\"datePublished\":\"2025-05-27T10:45:35+00:00\",\"dateModified\":\"2025-09-26T13:44:48+00:00\",\"mainEntityOfPage\":{\"@id\":\"https:\\\/\\\/csma.es\\\/noticias\\\/convocatoria-profesores-especialistas-curso-25-26\\\/\"},\"wordCount\":103,\"commentCount\":0,\"publisher\":{\"@id\":\"https:\\\/\\\/csma.es\\\/#organization\"},\"image\":{\"@id\":\"https:\\\/\\\/csma.es\\\/noticias\\\/convocatoria-profesores-especialistas-curso-25-26\\\/#primaryimage\"},\"thumbnailUrl\":\"https:\\\/\\\/csma.es\\\/wp-content\\\/uploads\\\/2025\\\/09\\\/INFORMACION-VARIOS-25_26.jpg\",\"articleSection\":[\"Noticias\"],\"inLanguage\":\"en-US\",\"potentialAction\":[{\"@type\":\"CommentAction\",\"name\":\"Comment\",\"target\":[\"https:\\\/\\\/csma.es\\\/noticias\\\/convocatoria-profesores-especialistas-curso-25-26\\\/#respond\"]}]},{\"@type\":\"WebPage\",\"@id\":\"https:\\\/\\\/csma.es\\\/noticias\\\/convocatoria-profesores-especialistas-curso-25-26\\\/\",\"url\":\"https:\\\/\\\/csma.es\\\/noticias\\\/convocatoria-profesores-especialistas-curso-25-26\\\/\",\"name\":\"CONVOCATORIA PROFESORES ESPECIALISTAS CURSO 25\\\/26 - CSMA\",\"isPartOf\":{\"@id\":\"https:\\\/\\\/csma.es\\\/#website\"},\"primaryImageOfPage\":{\"@id\":\"https:\\\/\\\/csma.es\\\/noticias\\\/convocatoria-profesores-especialistas-curso-25-26\\\/#primaryimage\"},\"image\":{\"@id\":\"https:\\\/\\\/csma.es\\\/noticias\\\/convocatoria-profesores-especialistas-curso-25-26\\\/#primaryimage\"},\"thumbnailUrl\":\"https:\\\/\\\/csma.es\\\/wp-content\\\/uploads\\\/2025\\\/09\\\/INFORMACION-VARIOS-25_26.jpg\",\"datePublished\":\"2025-05-27T10:45:35+00:00\",\"dateModified\":\"2025-09-26T13:44:48+00:00\",\"breadcrumb\":{\"@id\":\"https:\\\/\\\/csma.es\\\/noticias\\\/convocatoria-profesores-especialistas-curso-25-26\\\/#breadcrumb\"},\"inLanguage\":\"en-US\",\"potentialAction\":[{\"@type\":\"ReadAction\",\"target\":[\"https:\\\/\\\/csma.es\\\/noticias\\\/convocatoria-profesores-especialistas-curso-25-26\\\/\"]}]},{\"@type\":\"ImageObject\",\"inLanguage\":\"en-US\",\"@id\":\"https:\\\/\\\/csma.es\\\/noticias\\\/convocatoria-profesores-especialistas-curso-25-26\\\/#primaryimage\",\"url\":\"https:\\\/\\\/csma.es\\\/wp-content\\\/uploads\\\/2025\\\/09\\\/INFORMACION-VARIOS-25_26.jpg\",\"contentUrl\":\"https:\\\/\\\/csma.es\\\/wp-content\\\/uploads\\\/2025\\\/09\\\/INFORMACION-VARIOS-25_26.jpg\",\"width\":960,\"height\":540},{\"@type\":\"BreadcrumbList\",\"@id\":\"https:\\\/\\\/csma.es\\\/noticias\\\/convocatoria-profesores-especialistas-curso-25-26\\\/#breadcrumb\",\"itemListElement\":[{\"@type\":\"ListItem\",\"position\":1,\"name\":\"Portada\",\"item\":\"https:\\\/\\\/csma.es\\\/en\\\/\"},{\"@type\":\"ListItem\",\"position\":2,\"name\":\"CONVOCATORIA PROFESORES ESPECIALISTAS CURSO 25\\\/26\"}]},{\"@type\":\"WebSite\",\"@id\":\"https:\\\/\\\/csma.es\\\/#website\",\"url\":\"https:\\\/\\\/csma.es\\\/\",\"name\":\"CSMA\",\"description\":\"Conservatorio Superior de M\u00fasica de Arag\u00f3n\",\"publisher\":{\"@id\":\"https:\\\/\\\/csma.es\\\/#organization\"},\"potentialAction\":[{\"@type\":\"SearchAction\",\"target\":{\"@type\":\"EntryPoint\",\"urlTemplate\":\"https:\\\/\\\/csma.es\\\/?s={search_term_string}\"},\"query-input\":{\"@type\":\"PropertyValueSpecification\",\"valueRequired\":true,\"valueName\":\"search_term_string\"}}],\"inLanguage\":\"en-US\"},{\"@type\":\"Organization\",\"@id\":\"https:\\\/\\\/csma.es\\\/#organization\",\"name\":\"Conservatorio Superior de M\u00fasica de Arag\u00f3n\",\"url\":\"https:\\\/\\\/csma.es\\\/\",\"logo\":{\"@type\":\"ImageObject\",\"inLanguage\":\"en-US\",\"@id\":\"https:\\\/\\\/csma.es\\\/#\\\/schema\\\/logo\\\/image\\\/\",\"url\":\"https:\\\/\\\/csma.es\\\/wp-content\\\/uploads\\\/2025\\\/04\\\/cropped-logo-csma-40anos-vertical-sintexto-positivo.png\",\"contentUrl\":\"https:\\\/\\\/csma.es\\\/wp-content\\\/uploads\\\/2025\\\/04\\\/cropped-logo-csma-40anos-vertical-sintexto-positivo.png\",\"width\":512,\"height\":512,\"caption\":\"Conservatorio Superior de M\u00fasica de Arag\u00f3n\"},\"image\":{\"@id\":\"https:\\\/\\\/csma.es\\\/#\\\/schema\\\/logo\\\/image\\\/\"},\"sameAs\":[\"https:\\\/\\\/www.facebook.com\\\/CSMAragon\\\/\",\"https:\\\/\\\/x.com\\\/csmaconser\",\"https:\\\/\\\/www.instagram.com\\\/csmaragon\\\/\",\"https:\\\/\\\/www.youtube.com\\\/channel\\\/UCcsLLtgZJUhz11-3Aj1sv3w\"]},{\"@type\":\"Person\",\"@id\":\"https:\\\/\\\/csma.es\\\/#\\\/schema\\\/person\\\/dd9e345cd1ec5925a5e8927a0cb3fc69\",\"name\":\"TICS CSMA\"}]}<\/script>\n<!-- \/ Yoast SEO plugin. -->","yoast_head_json":{"title":"CONVOCATORIA PROFESORES ESPECIALISTAS CURSO 25\/26 - CSMA","robots":{"index":"index","follow":"follow","max-snippet":"max-snippet:-1","max-image-preview":"max-image-preview:large","max-video-preview":"max-video-preview:-1"},"canonical":"https:\/\/csma.es\/noticias\/convocatoria-profesores-especialistas-curso-25-26\/","og_locale":"en_US","og_type":"article","og_title":"CONVOCATORIA PROFESORES ESPECIALISTAS CURSO 25\/26 - CSMA","og_description":"El Gobierno de Arag\u00f3n convoca el procedimiento de ampliaci\u00f3n de listas de espera de las especialidades de PERCUSI\u00d3N y CLARINETE del Cuerpo de CATEDR\u00c1TICOS DE...","og_url":"https:\/\/csma.es\/noticias\/convocatoria-profesores-especialistas-curso-25-26\/","og_site_name":"CSMA","article_publisher":"https:\/\/www.facebook.com\/CSMAragon\/","article_published_time":"2025-05-27T10:45:35+00:00","article_modified_time":"2025-09-26T13:44:48+00:00","og_image":[{"width":960,"height":540,"url":"https:\/\/csma.es\/wp-content\/uploads\/2025\/09\/INFORMACION-VARIOS-25_26.jpg","type":"image\/jpeg"}],"author":"TICS CSMA","twitter_card":"summary_large_image","twitter_creator":"@csmaconser","twitter_site":"@csmaconser","twitter_misc":{"Written by":"TICS CSMA","Est. reading time":"1 minute"},"schema":{"@context":"https:\/\/schema.org","@graph":[{"@type":"Article","@id":"https:\/\/csma.es\/noticias\/convocatoria-profesores-especialistas-curso-25-26\/#article","isPartOf":{"@id":"https:\/\/csma.es\/noticias\/convocatoria-profesores-especialistas-curso-25-26\/"},"author":{"name":"TICS CSMA","@id":"https:\/\/csma.es\/#\/schema\/person\/dd9e345cd1ec5925a5e8927a0cb3fc69"},"headline":"CONVOCATORIA PROFESORES ESPECIALISTAS CURSO 25\/26","datePublished":"2025-05-27T10:45:35+00:00","dateModified":"2025-09-26T13:44:48+00:00","mainEntityOfPage":{"@id":"https:\/\/csma.es\/noticias\/convocatoria-profesores-especialistas-curso-25-26\/"},"wordCount":103,"commentCount":0,"publisher":{"@id":"https:\/\/csma.es\/#organization"},"image":{"@id":"https:\/\/csma.es\/noticias\/convocatoria-profesores-especialistas-curso-25-26\/#primaryimage"},"thumbnailUrl":"https:\/\/csma.es\/wp-content\/uploads\/2025\/09\/INFORMACION-VARIOS-25_26.jpg","articleSection":["Noticias"],"inLanguage":"en-US","potentialAction":[{"@type":"CommentAction","name":"Comment","target":["https:\/\/csma.es\/noticias\/convocatoria-profesores-especialistas-curso-25-26\/#respond"]}]},{"@type":"WebPage","@id":"https:\/\/csma.es\/noticias\/convocatoria-profesores-especialistas-curso-25-26\/","url":"https:\/\/csma.es\/noticias\/convocatoria-profesores-especialistas-curso-25-26\/","name":"CONVOCATORIA PROFESORES ESPECIALISTAS CURSO 25\/26 - CSMA","isPartOf":{"@id":"https:\/\/csma.es\/#website"},"primaryImageOfPage":{"@id":"https:\/\/csma.es\/noticias\/convocatoria-profesores-especialistas-curso-25-26\/#primaryimage"},"image":{"@id":"https:\/\/csma.es\/noticias\/convocatoria-profesores-especialistas-curso-25-26\/#primaryimage"},"thumbnailUrl":"https:\/\/csma.es\/wp-content\/uploads\/2025\/09\/INFORMACION-VARIOS-25_26.jpg","datePublished":"2025-05-27T10:45:35+00:00","dateModified":"2025-09-26T13:44:48+00:00","breadcrumb":{"@id":"https:\/\/csma.es\/noticias\/convocatoria-profesores-especialistas-curso-25-26\/#breadcrumb"},"inLanguage":"en-US","potentialAction":[{"@type":"ReadAction","target":["https:\/\/csma.es\/noticias\/convocatoria-profesores-especialistas-curso-25-26\/"]}]},{"@type":"ImageObject","inLanguage":"en-US","@id":"https:\/\/csma.es\/noticias\/convocatoria-profesores-especialistas-curso-25-26\/#primaryimage","url":"https:\/\/csma.es\/wp-content\/uploads\/2025\/09\/INFORMACION-VARIOS-25_26.jpg","contentUrl":"https:\/\/csma.es\/wp-content\/uploads\/2025\/09\/INFORMACION-VARIOS-25_26.jpg","width":960,"height":540},{"@type":"BreadcrumbList","@id":"https:\/\/csma.es\/noticias\/convocatoria-profesores-especialistas-curso-25-26\/#breadcrumb","itemListElement":[{"@type":"ListItem","position":1,"name":"Portada","item":"https:\/\/csma.es\/en\/"},{"@type":"ListItem","position":2,"name":"CONVOCATORIA PROFESORES ESPECIALISTAS CURSO 25\/26"}]},{"@type":"WebSite","@id":"https:\/\/csma.es\/#website","url":"https:\/\/csma.es\/","name":"CSMA","description":"Conservatorio Superior de M\u00fasica de Arag\u00f3n","publisher":{"@id":"https:\/\/csma.es\/#organization"},"potentialAction":[{"@type":"SearchAction","target":{"@type":"EntryPoint","urlTemplate":"https:\/\/csma.es\/?s={search_term_string}"},"query-input":{"@type":"PropertyValueSpecification","valueRequired":true,"valueName":"search_term_string"}}],"inLanguage":"en-US"},{"@type":"Organization","@id":"https:\/\/csma.es\/#organization","name":"Conservatorio Superior de M\u00fasica de Arag\u00f3n","url":"https:\/\/csma.es\/","logo":{"@type":"ImageObject","inLanguage":"en-US","@id":"https:\/\/csma.es\/#\/schema\/logo\/image\/","url":"https:\/\/csma.es\/wp-content\/uploads\/2025\/04\/cropped-logo-csma-40anos-vertical-sintexto-positivo.png","contentUrl":"https:\/\/csma.es\/wp-content\/uploads\/2025\/04\/cropped-logo-csma-40anos-vertical-sintexto-positivo.png","width":512,"height":512,"caption":"Conservatorio Superior de M\u00fasica de Arag\u00f3n"},"image":{"@id":"https:\/\/csma.es\/#\/schema\/logo\/image\/"},"sameAs":["https:\/\/www.facebook.com\/CSMAragon\/","https:\/\/x.com\/csmaconser","https:\/\/www.instagram.com\/csmaragon\/","https:\/\/www.youtube.com\/channel\/UCcsLLtgZJUhz11-3Aj1sv3w"]},{"@type":"Person","@id":"https:\/\/csma.es\/#\/schema\/person\/dd9e345cd1ec5925a5e8927a0cb3fc69","name":"TICS CSMA"}]}},"publishpress_future_action":{"enabled":false,"date":"2026-05-08 01:11:04","action":"change-status","newStatus":"draft","terms":[],"taxonomy":"category","extraData":[]},"publishpress_future_workflow_manual_trigger":{"enabledWorkflows":[]},"_links":{"self":[{"href":"https:\/\/csma.es\/en\/wp-json\/wp\/v2\/posts\/31474","targetHints":{"allow":["GET"]}}],"collection":[{"href":"https:\/\/csma.es\/en\/wp-json\/wp\/v2\/posts"}],"about":[{"href":"https:\/\/csma.es\/en\/wp-json\/wp\/v2\/types\/post"}],"author":[{"embeddable":true,"href":"https:\/\/csma.es\/en\/wp-json\/wp\/v2\/users\/3"}],"replies":[{"embeddable":true,"href":"https:\/\/csma.es\/en\/wp-json\/wp\/v2\/comments?post=31474"}],"version-history":[{"count":0,"href":"https:\/\/csma.es\/en\/wp-json\/wp\/v2\/posts\/31474\/revisions"}],"wp:featuredmedia":[{"embeddable":true,"href":"https:\/\/csma.es\/en\/wp-json\/wp\/v2\/media\/32223"}],"wp:attachment":[{"href":"https:\/\/csma.es\/en\/wp-json\/wp\/v2\/media?parent=31474"}],"wp:term":[{"taxonomy":"category","embeddable":true,"href":"https:\/\/csma.es\/en\/wp-json\/wp\/v2\/categories?post=31474"},{"taxonomy":"post_tag","embeddable":true,"href":"https:\/\/csma.es\/en\/wp-json\/wp\/v2\/tags?post=31474"}],"curies":[{"name":"wp","href":"https:\/\/api.w.org\/{rel}","templated":true}]}}