{"id":31207,"date":"2025-05-10T11:03:40","date_gmt":"2025-05-10T09:03:40","guid":{"rendered":"https:\/\/csma.es\/?p=31207"},"modified":"2025-05-10T11:03:40","modified_gmt":"2025-05-10T09:03:40","slug":"el-aula-de-tuba-en-el-congreso-itec-2025","status":"publish","type":"post","link":"https:\/\/csma.es\/en\/noticias\/el-aula-de-tuba-en-el-congreso-itec-2025\/","title":{"rendered":"EL AULA DE TUBA EN EL CONGRESO ITEC 2025"},"content":{"rendered":"<p>El Aula de Tuba y Bombardino del Conservatorio Superior de M\u00fasica de Arag\u00f3n (CSMA) ha sido oficialmente invitada a participar en uno de los eventos m\u00e1s destacados a nivel internacional para los instrumentos de viento-metal: el congreso ITEC 2025 (International Tuba Euphonium Conference), que este a\u00f1o se celebrar\u00e1 en la ciudad de Valencia. Esta invitaci\u00f3n representa un reconocimiento al esfuerzo, dedicaci\u00f3n y alto nivel art\u00edstico alcanzado por nuestro alumnado y profesorado, y estamos profundamente agradecidos por la oportunidad de formar parte de esta experiencia \u00fanica junto a m\u00fasicos de todo el mundo.<\/p>\n<p>El pr\u00f3ximo <strong>27 de junio<\/strong> a las 17:30h, tendremos el privilegio de ofrecer un concierto especial dentro del programa oficial del congreso. Ser\u00e1 un momento muy especial en el que contaremos con la participaci\u00f3n estelar de dos reconocidos solistas internacionales: Ramiro Tejero y Ricardo Ant\u00e3o, quienes compartir\u00e1n escenario con nuestros estudiantes en una muestra de virtuosismo, colaboraci\u00f3n y pasi\u00f3n por la m\u00fasica.<\/p>\n<p>Este evento no solo celebra el talento y la formaci\u00f3n de excelencia, sino tambi\u00e9n el valor de la comunidad art\u00edstica, el intercambio cultural y el amor por los instrumentos que nos inspiran cada d\u00eda como la tuba y el bombardino.<\/p>\n<p>\u00a1Nos vemos en ITEC\u201925 para vivir juntos esta fiesta de la m\u00fasica, la creatividad y el aprendizaje compartido!<\/p>\n","protected":false},"excerpt":{"rendered":"<p>El Aula de Tuba y Bombardino del Conservatorio Superior de M\u00fasica de Arag\u00f3n (CSMA) ha sido oficialmente invitada a participar en uno de los eventos&#8230;<\/p>\n","protected":false},"author":3,"featured_media":31208,"comment_status":"open","ping_status":"open","sticky":false,"template":"","format":"standard","meta":{"footnotes":""},"categories":[368],"tags":[],"class_list":["post-31207","post","type-post","status-publish","format-standard","has-post-thumbnail","hentry","category-noticias"],"yoast_head":"<!-- This site is optimized with the Yoast SEO plugin v27.5 - https:\/\/yoast.com\/product\/yoast-seo-wordpress\/ -->\n<title>EL AULA DE TUBA EN EL CONGRESO ITEC 2025 - CSMA<\/title>\n<meta name=\"robots\" content=\"index, follow, max-snippet:-1, max-image-preview:large, max-video-preview:-1\" \/>\n<link rel=\"canonical\" href=\"https:\/\/csma.es\/noticias\/el-aula-de-tuba-en-el-congreso-itec-2025\/\" \/>\n<meta property=\"og:locale\" content=\"en_US\" \/>\n<meta property=\"og:type\" content=\"article\" \/>\n<meta property=\"og:title\" content=\"EL AULA DE TUBA EN EL CONGRESO ITEC 2025 - CSMA\" \/>\n<meta property=\"og:description\" content=\"El Aula de Tuba y Bombardino del Conservatorio Superior de M\u00fasica de Arag\u00f3n (CSMA) ha sido oficialmente invitada a participar en uno de los eventos...\" \/>\n<meta property=\"og:url\" content=\"https:\/\/csma.es\/noticias\/el-aula-de-tuba-en-el-congreso-itec-2025\/\" \/>\n<meta property=\"og:site_name\" content=\"CSMA\" \/>\n<meta property=\"article:publisher\" content=\"https:\/\/www.facebook.com\/CSMAragon\/\" \/>\n<meta property=\"article:published_time\" content=\"2025-05-10T09:03:40+00:00\" \/>\n<meta property=\"og:image\" content=\"https:\/\/csma.es\/wp-content\/uploads\/2025\/05\/EC191C11-998B-487B-8607-8F94EB10C266.jpeg\" \/>\n\t<meta property=\"og:image:width\" content=\"1079\" \/>\n\t<meta property=\"og:image:height\" content=\"1079\" \/>\n\t<meta property=\"og:image:type\" content=\"image\/jpeg\" \/>\n<meta name=\"author\" content=\"TICS CSMA\" \/>\n<meta name=\"twitter:card\" content=\"summary_large_image\" \/>\n<meta name=\"twitter:creator\" content=\"@csmaconser\" \/>\n<meta name=\"twitter:site\" content=\"@csmaconser\" \/>\n<meta name=\"twitter:label1\" content=\"Written by\" \/>\n\t<meta name=\"twitter:data1\" content=\"TICS CSMA\" \/>\n\t<meta name=\"twitter:label2\" content=\"Est. reading time\" \/>\n\t<meta name=\"twitter:data2\" content=\"2 minutes\" \/>\n<script type=\"application\/ld+json\" class=\"yoast-schema-graph\">{\"@context\":\"https:\\\/\\\/schema.org\",\"@graph\":[{\"@type\":\"Article\",\"@id\":\"https:\\\/\\\/csma.es\\\/noticias\\\/el-aula-de-tuba-en-el-congreso-itec-2025\\\/#article\",\"isPartOf\":{\"@id\":\"https:\\\/\\\/csma.es\\\/noticias\\\/el-aula-de-tuba-en-el-congreso-itec-2025\\\/\"},\"author\":{\"name\":\"TICS CSMA\",\"@id\":\"https:\\\/\\\/csma.es\\\/#\\\/schema\\\/person\\\/dd9e345cd1ec5925a5e8927a0cb3fc69\"},\"headline\":\"EL AULA DE TUBA EN EL CONGRESO ITEC 2025\",\"datePublished\":\"2025-05-10T09:03:40+00:00\",\"mainEntityOfPage\":{\"@id\":\"https:\\\/\\\/csma.es\\\/noticias\\\/el-aula-de-tuba-en-el-congreso-itec-2025\\\/\"},\"wordCount\":238,\"commentCount\":0,\"publisher\":{\"@id\":\"https:\\\/\\\/csma.es\\\/#organization\"},\"image\":{\"@id\":\"https:\\\/\\\/csma.es\\\/noticias\\\/el-aula-de-tuba-en-el-congreso-itec-2025\\\/#primaryimage\"},\"thumbnailUrl\":\"https:\\\/\\\/csma.es\\\/wp-content\\\/uploads\\\/2025\\\/05\\\/EC191C11-998B-487B-8607-8F94EB10C266.jpeg\",\"articleSection\":[\"Noticias\"],\"inLanguage\":\"en-US\",\"potentialAction\":[{\"@type\":\"CommentAction\",\"name\":\"Comment\",\"target\":[\"https:\\\/\\\/csma.es\\\/noticias\\\/el-aula-de-tuba-en-el-congreso-itec-2025\\\/#respond\"]}]},{\"@type\":\"WebPage\",\"@id\":\"https:\\\/\\\/csma.es\\\/noticias\\\/el-aula-de-tuba-en-el-congreso-itec-2025\\\/\",\"url\":\"https:\\\/\\\/csma.es\\\/noticias\\\/el-aula-de-tuba-en-el-congreso-itec-2025\\\/\",\"name\":\"EL AULA DE TUBA EN EL CONGRESO ITEC 2025 - CSMA\",\"isPartOf\":{\"@id\":\"https:\\\/\\\/csma.es\\\/#website\"},\"primaryImageOfPage\":{\"@id\":\"https:\\\/\\\/csma.es\\\/noticias\\\/el-aula-de-tuba-en-el-congreso-itec-2025\\\/#primaryimage\"},\"image\":{\"@id\":\"https:\\\/\\\/csma.es\\\/noticias\\\/el-aula-de-tuba-en-el-congreso-itec-2025\\\/#primaryimage\"},\"thumbnailUrl\":\"https:\\\/\\\/csma.es\\\/wp-content\\\/uploads\\\/2025\\\/05\\\/EC191C11-998B-487B-8607-8F94EB10C266.jpeg\",\"datePublished\":\"2025-05-10T09:03:40+00:00\",\"breadcrumb\":{\"@id\":\"https:\\\/\\\/csma.es\\\/noticias\\\/el-aula-de-tuba-en-el-congreso-itec-2025\\\/#breadcrumb\"},\"inLanguage\":\"en-US\",\"potentialAction\":[{\"@type\":\"ReadAction\",\"target\":[\"https:\\\/\\\/csma.es\\\/noticias\\\/el-aula-de-tuba-en-el-congreso-itec-2025\\\/\"]}]},{\"@type\":\"ImageObject\",\"inLanguage\":\"en-US\",\"@id\":\"https:\\\/\\\/csma.es\\\/noticias\\\/el-aula-de-tuba-en-el-congreso-itec-2025\\\/#primaryimage\",\"url\":\"https:\\\/\\\/csma.es\\\/wp-content\\\/uploads\\\/2025\\\/05\\\/EC191C11-998B-487B-8607-8F94EB10C266.jpeg\",\"contentUrl\":\"https:\\\/\\\/csma.es\\\/wp-content\\\/uploads\\\/2025\\\/05\\\/EC191C11-998B-487B-8607-8F94EB10C266.jpeg\",\"width\":1079,\"height\":1079},{\"@type\":\"BreadcrumbList\",\"@id\":\"https:\\\/\\\/csma.es\\\/noticias\\\/el-aula-de-tuba-en-el-congreso-itec-2025\\\/#breadcrumb\",\"itemListElement\":[{\"@type\":\"ListItem\",\"position\":1,\"name\":\"Portada\",\"item\":\"https:\\\/\\\/csma.es\\\/en\\\/\"},{\"@type\":\"ListItem\",\"position\":2,\"name\":\"EL AULA DE TUBA EN EL CONGRESO ITEC 2025\"}]},{\"@type\":\"WebSite\",\"@id\":\"https:\\\/\\\/csma.es\\\/#website\",\"url\":\"https:\\\/\\\/csma.es\\\/\",\"name\":\"CSMA\",\"description\":\"Conservatorio Superior de M\u00fasica de Arag\u00f3n\",\"publisher\":{\"@id\":\"https:\\\/\\\/csma.es\\\/#organization\"},\"potentialAction\":[{\"@type\":\"SearchAction\",\"target\":{\"@type\":\"EntryPoint\",\"urlTemplate\":\"https:\\\/\\\/csma.es\\\/?s={search_term_string}\"},\"query-input\":{\"@type\":\"PropertyValueSpecification\",\"valueRequired\":true,\"valueName\":\"search_term_string\"}}],\"inLanguage\":\"en-US\"},{\"@type\":\"Organization\",\"@id\":\"https:\\\/\\\/csma.es\\\/#organization\",\"name\":\"Conservatorio Superior de M\u00fasica de Arag\u00f3n\",\"url\":\"https:\\\/\\\/csma.es\\\/\",\"logo\":{\"@type\":\"ImageObject\",\"inLanguage\":\"en-US\",\"@id\":\"https:\\\/\\\/csma.es\\\/#\\\/schema\\\/logo\\\/image\\\/\",\"url\":\"https:\\\/\\\/csma.es\\\/wp-content\\\/uploads\\\/2025\\\/04\\\/cropped-logo-csma-40anos-vertical-sintexto-positivo.png\",\"contentUrl\":\"https:\\\/\\\/csma.es\\\/wp-content\\\/uploads\\\/2025\\\/04\\\/cropped-logo-csma-40anos-vertical-sintexto-positivo.png\",\"width\":512,\"height\":512,\"caption\":\"Conservatorio Superior de M\u00fasica de Arag\u00f3n\"},\"image\":{\"@id\":\"https:\\\/\\\/csma.es\\\/#\\\/schema\\\/logo\\\/image\\\/\"},\"sameAs\":[\"https:\\\/\\\/www.facebook.com\\\/CSMAragon\\\/\",\"https:\\\/\\\/x.com\\\/csmaconser\",\"https:\\\/\\\/www.instagram.com\\\/csmaragon\\\/\",\"https:\\\/\\\/www.youtube.com\\\/channel\\\/UCcsLLtgZJUhz11-3Aj1sv3w\"]},{\"@type\":\"Person\",\"@id\":\"https:\\\/\\\/csma.es\\\/#\\\/schema\\\/person\\\/dd9e345cd1ec5925a5e8927a0cb3fc69\",\"name\":\"TICS CSMA\"}]}<\/script>\n<!-- \/ Yoast SEO plugin. -->","yoast_head_json":{"title":"EL AULA DE TUBA EN EL CONGRESO ITEC 2025 - CSMA","robots":{"index":"index","follow":"follow","max-snippet":"max-snippet:-1","max-image-preview":"max-image-preview:large","max-video-preview":"max-video-preview:-1"},"canonical":"https:\/\/csma.es\/noticias\/el-aula-de-tuba-en-el-congreso-itec-2025\/","og_locale":"en_US","og_type":"article","og_title":"EL AULA DE TUBA EN EL CONGRESO ITEC 2025 - CSMA","og_description":"El Aula de Tuba y Bombardino del Conservatorio Superior de M\u00fasica de Arag\u00f3n (CSMA) ha sido oficialmente invitada a participar en uno de los eventos...","og_url":"https:\/\/csma.es\/noticias\/el-aula-de-tuba-en-el-congreso-itec-2025\/","og_site_name":"CSMA","article_publisher":"https:\/\/www.facebook.com\/CSMAragon\/","article_published_time":"2025-05-10T09:03:40+00:00","og_image":[{"width":1079,"height":1079,"url":"https:\/\/csma.es\/wp-content\/uploads\/2025\/05\/EC191C11-998B-487B-8607-8F94EB10C266.jpeg","type":"image\/jpeg"}],"author":"TICS CSMA","twitter_card":"summary_large_image","twitter_creator":"@csmaconser","twitter_site":"@csmaconser","twitter_misc":{"Written by":"TICS CSMA","Est. reading time":"2 minutes"},"schema":{"@context":"https:\/\/schema.org","@graph":[{"@type":"Article","@id":"https:\/\/csma.es\/noticias\/el-aula-de-tuba-en-el-congreso-itec-2025\/#article","isPartOf":{"@id":"https:\/\/csma.es\/noticias\/el-aula-de-tuba-en-el-congreso-itec-2025\/"},"author":{"name":"TICS CSMA","@id":"https:\/\/csma.es\/#\/schema\/person\/dd9e345cd1ec5925a5e8927a0cb3fc69"},"headline":"EL AULA DE TUBA EN EL CONGRESO ITEC 2025","datePublished":"2025-05-10T09:03:40+00:00","mainEntityOfPage":{"@id":"https:\/\/csma.es\/noticias\/el-aula-de-tuba-en-el-congreso-itec-2025\/"},"wordCount":238,"commentCount":0,"publisher":{"@id":"https:\/\/csma.es\/#organization"},"image":{"@id":"https:\/\/csma.es\/noticias\/el-aula-de-tuba-en-el-congreso-itec-2025\/#primaryimage"},"thumbnailUrl":"https:\/\/csma.es\/wp-content\/uploads\/2025\/05\/EC191C11-998B-487B-8607-8F94EB10C266.jpeg","articleSection":["Noticias"],"inLanguage":"en-US","potentialAction":[{"@type":"CommentAction","name":"Comment","target":["https:\/\/csma.es\/noticias\/el-aula-de-tuba-en-el-congreso-itec-2025\/#respond"]}]},{"@type":"WebPage","@id":"https:\/\/csma.es\/noticias\/el-aula-de-tuba-en-el-congreso-itec-2025\/","url":"https:\/\/csma.es\/noticias\/el-aula-de-tuba-en-el-congreso-itec-2025\/","name":"EL AULA DE TUBA EN EL CONGRESO ITEC 2025 - CSMA","isPartOf":{"@id":"https:\/\/csma.es\/#website"},"primaryImageOfPage":{"@id":"https:\/\/csma.es\/noticias\/el-aula-de-tuba-en-el-congreso-itec-2025\/#primaryimage"},"image":{"@id":"https:\/\/csma.es\/noticias\/el-aula-de-tuba-en-el-congreso-itec-2025\/#primaryimage"},"thumbnailUrl":"https:\/\/csma.es\/wp-content\/uploads\/2025\/05\/EC191C11-998B-487B-8607-8F94EB10C266.jpeg","datePublished":"2025-05-10T09:03:40+00:00","breadcrumb":{"@id":"https:\/\/csma.es\/noticias\/el-aula-de-tuba-en-el-congreso-itec-2025\/#breadcrumb"},"inLanguage":"en-US","potentialAction":[{"@type":"ReadAction","target":["https:\/\/csma.es\/noticias\/el-aula-de-tuba-en-el-congreso-itec-2025\/"]}]},{"@type":"ImageObject","inLanguage":"en-US","@id":"https:\/\/csma.es\/noticias\/el-aula-de-tuba-en-el-congreso-itec-2025\/#primaryimage","url":"https:\/\/csma.es\/wp-content\/uploads\/2025\/05\/EC191C11-998B-487B-8607-8F94EB10C266.jpeg","contentUrl":"https:\/\/csma.es\/wp-content\/uploads\/2025\/05\/EC191C11-998B-487B-8607-8F94EB10C266.jpeg","width":1079,"height":1079},{"@type":"BreadcrumbList","@id":"https:\/\/csma.es\/noticias\/el-aula-de-tuba-en-el-congreso-itec-2025\/#breadcrumb","itemListElement":[{"@type":"ListItem","position":1,"name":"Portada","item":"https:\/\/csma.es\/en\/"},{"@type":"ListItem","position":2,"name":"EL AULA DE TUBA EN EL CONGRESO ITEC 2025"}]},{"@type":"WebSite","@id":"https:\/\/csma.es\/#website","url":"https:\/\/csma.es\/","name":"CSMA","description":"Conservatorio Superior de M\u00fasica de Arag\u00f3n","publisher":{"@id":"https:\/\/csma.es\/#organization"},"potentialAction":[{"@type":"SearchAction","target":{"@type":"EntryPoint","urlTemplate":"https:\/\/csma.es\/?s={search_term_string}"},"query-input":{"@type":"PropertyValueSpecification","valueRequired":true,"valueName":"search_term_string"}}],"inLanguage":"en-US"},{"@type":"Organization","@id":"https:\/\/csma.es\/#organization","name":"Conservatorio Superior de M\u00fasica de Arag\u00f3n","url":"https:\/\/csma.es\/","logo":{"@type":"ImageObject","inLanguage":"en-US","@id":"https:\/\/csma.es\/#\/schema\/logo\/image\/","url":"https:\/\/csma.es\/wp-content\/uploads\/2025\/04\/cropped-logo-csma-40anos-vertical-sintexto-positivo.png","contentUrl":"https:\/\/csma.es\/wp-content\/uploads\/2025\/04\/cropped-logo-csma-40anos-vertical-sintexto-positivo.png","width":512,"height":512,"caption":"Conservatorio Superior de M\u00fasica de Arag\u00f3n"},"image":{"@id":"https:\/\/csma.es\/#\/schema\/logo\/image\/"},"sameAs":["https:\/\/www.facebook.com\/CSMAragon\/","https:\/\/x.com\/csmaconser","https:\/\/www.instagram.com\/csmaragon\/","https:\/\/www.youtube.com\/channel\/UCcsLLtgZJUhz11-3Aj1sv3w"]},{"@type":"Person","@id":"https:\/\/csma.es\/#\/schema\/person\/dd9e345cd1ec5925a5e8927a0cb3fc69","name":"TICS CSMA"}]}},"publishpress_future_action":{"enabled":false,"date":"2026-05-08 00:42:08","action":"change-status","newStatus":"draft","terms":[],"taxonomy":"category","extraData":[]},"publishpress_future_workflow_manual_trigger":{"enabledWorkflows":[]},"_links":{"self":[{"href":"https:\/\/csma.es\/en\/wp-json\/wp\/v2\/posts\/31207","targetHints":{"allow":["GET"]}}],"collection":[{"href":"https:\/\/csma.es\/en\/wp-json\/wp\/v2\/posts"}],"about":[{"href":"https:\/\/csma.es\/en\/wp-json\/wp\/v2\/types\/post"}],"author":[{"embeddable":true,"href":"https:\/\/csma.es\/en\/wp-json\/wp\/v2\/users\/3"}],"replies":[{"embeddable":true,"href":"https:\/\/csma.es\/en\/wp-json\/wp\/v2\/comments?post=31207"}],"version-history":[{"count":0,"href":"https:\/\/csma.es\/en\/wp-json\/wp\/v2\/posts\/31207\/revisions"}],"wp:featuredmedia":[{"embeddable":true,"href":"https:\/\/csma.es\/en\/wp-json\/wp\/v2\/media\/31208"}],"wp:attachment":[{"href":"https:\/\/csma.es\/en\/wp-json\/wp\/v2\/media?parent=31207"}],"wp:term":[{"taxonomy":"category","embeddable":true,"href":"https:\/\/csma.es\/en\/wp-json\/wp\/v2\/categories?post=31207"},{"taxonomy":"post_tag","embeddable":true,"href":"https:\/\/csma.es\/en\/wp-json\/wp\/v2\/tags?post=31207"}],"curies":[{"name":"wp","href":"https:\/\/api.w.org\/{rel}","templated":true}]}}