{"id":30691,"date":"2025-04-07T23:44:56","date_gmt":"2025-04-07T21:44:56","guid":{"rendered":"https:\/\/csma.es\/?p=30691"},"modified":"2025-04-07T23:44:56","modified_gmt":"2025-04-07T21:44:56","slug":"en-petit-comite-referentes-mujeres-compositoras","status":"publish","type":"post","link":"https:\/\/csma.es\/en\/noticias\/en-petit-comite-referentes-mujeres-compositoras\/","title":{"rendered":"EN PETIT COMIT\u00c9: REFERENTES, MUJERES COMPOSITORAS"},"content":{"rendered":"<p>Organizados desde el \u00e1rea de Igualdad y Convivencia del CSMA, en colaboraci\u00f3n con el Vicerrectorado de Cultura y Proyecci\u00f3n Social de la Universidad de Zaragoza, los conciertos de este nuevo Ciclo\u00a0Petit Comit\u00e9\u00a0contin\u00faan la l\u00ednea iniciada en la \u00faltima edici\u00f3n, con el objetivo de\u00a0reconocer y valorar las contribuciones de las mujeres a la m\u00fasica.\u00a0Referentes: mujeres compositoras (I y\u00a0II)\u00a0explora nuevos repertorios escritos por mujeres para grupos de c\u00e1mara y solistas seleccionando obras poco\u00a0habituales en los escenarios: Fanny Mendelssohn , Clara Schumann,\u00a0Mar\u00eda Malibr\u00e1n,\u00a0Gabriela Ortiz, Teresa Carre\u00f1o, Carolina Cerezo o Laura Vega, ser\u00e1n algunas de las compositoras escogidas en esta ocasi\u00f3n. Este proyecto coral pretende dar cabida a compositoras del pasado y del presente,\u00a0asegurando que su legado perdure y siga inspirando a futuras generaciones.<\/p>\n<hr \/>\n<p>Fecha:<br \/>\n09\/04\/2025<br \/>\nLugar:<br \/>\n<strong>Aula Magna. Facultad de Filosof\u00eda y Letras (C\/Pedro Cerbuna s\/n)<\/strong><br \/>\nHorario:<br \/>\n19:00 horas<br \/>\nOrganizadores:<br \/>\n\u00c1rea de Cultura. Vicerrectorado de Cultura y Proyecci\u00f3n Social y Conservatorio Superior de M\u00fasica de Arag\u00f3n<br \/>\nColaboradores:<br \/>\nFacultad de Filosof\u00eda y Letras<br \/>\nEntrada:<br \/>\nLibre hasta completar aforo<\/p>\n","protected":false},"excerpt":{"rendered":"<p>Organizados desde el \u00e1rea de Igualdad y Convivencia del CSMA, en colaboraci\u00f3n con el Vicerrectorado de Cultura y Proyecci\u00f3n Social de la Universidad de Zaragoza,&#8230;<\/p>\n","protected":false},"author":3,"featured_media":30692,"comment_status":"open","ping_status":"open","sticky":false,"template":"","format":"standard","meta":{"footnotes":""},"categories":[368],"tags":[],"class_list":["post-30691","post","type-post","status-publish","format-standard","has-post-thumbnail","hentry","category-noticias"],"yoast_head":"<!-- This site is optimized with the Yoast SEO plugin v27.5 - https:\/\/yoast.com\/product\/yoast-seo-wordpress\/ -->\n<title>EN PETIT COMIT\u00c9: REFERENTES, MUJERES COMPOSITORAS - CSMA<\/title>\n<meta name=\"robots\" content=\"index, follow, max-snippet:-1, max-image-preview:large, max-video-preview:-1\" \/>\n<link rel=\"canonical\" href=\"https:\/\/csma.es\/noticias\/en-petit-comite-referentes-mujeres-compositoras\/\" \/>\n<meta property=\"og:locale\" content=\"en_US\" \/>\n<meta property=\"og:type\" content=\"article\" \/>\n<meta property=\"og:title\" content=\"EN PETIT COMIT\u00c9: REFERENTES, MUJERES COMPOSITORAS - CSMA\" \/>\n<meta property=\"og:description\" content=\"Organizados desde el \u00e1rea de Igualdad y Convivencia del CSMA, en colaboraci\u00f3n con el Vicerrectorado de Cultura y Proyecci\u00f3n Social de la Universidad de Zaragoza,...\" \/>\n<meta property=\"og:url\" content=\"https:\/\/csma.es\/noticias\/en-petit-comite-referentes-mujeres-compositoras\/\" \/>\n<meta property=\"og:site_name\" content=\"CSMA\" \/>\n<meta property=\"article:publisher\" content=\"https:\/\/www.facebook.com\/CSMAragon\/\" \/>\n<meta property=\"article:published_time\" content=\"2025-04-07T21:44:56+00:00\" \/>\n<meta property=\"og:image\" content=\"https:\/\/csma.es\/wp-content\/uploads\/2025\/04\/Cartel-Petit-comite-dia-9_final-scaled.jpg\" \/>\n\t<meta property=\"og:image:width\" content=\"2047\" \/>\n\t<meta property=\"og:image:height\" content=\"2560\" \/>\n\t<meta property=\"og:image:type\" content=\"image\/jpeg\" \/>\n<meta name=\"author\" content=\"TICS CSMA\" \/>\n<meta name=\"twitter:card\" content=\"summary_large_image\" \/>\n<meta name=\"twitter:creator\" content=\"@csmaconser\" \/>\n<meta name=\"twitter:site\" content=\"@csmaconser\" \/>\n<meta name=\"twitter:label1\" content=\"Written by\" \/>\n\t<meta name=\"twitter:data1\" content=\"TICS CSMA\" \/>\n\t<meta name=\"twitter:label2\" content=\"Est. reading time\" \/>\n\t<meta name=\"twitter:data2\" content=\"1 minute\" \/>\n<script type=\"application\/ld+json\" class=\"yoast-schema-graph\">{\"@context\":\"https:\\\/\\\/schema.org\",\"@graph\":[{\"@type\":\"Article\",\"@id\":\"https:\\\/\\\/csma.es\\\/noticias\\\/en-petit-comite-referentes-mujeres-compositoras\\\/#article\",\"isPartOf\":{\"@id\":\"https:\\\/\\\/csma.es\\\/noticias\\\/en-petit-comite-referentes-mujeres-compositoras\\\/\"},\"author\":{\"name\":\"TICS CSMA\",\"@id\":\"https:\\\/\\\/csma.es\\\/#\\\/schema\\\/person\\\/dd9e345cd1ec5925a5e8927a0cb3fc69\"},\"headline\":\"EN PETIT COMIT\u00c9: REFERENTES, MUJERES COMPOSITORAS\",\"datePublished\":\"2025-04-07T21:44:56+00:00\",\"mainEntityOfPage\":{\"@id\":\"https:\\\/\\\/csma.es\\\/noticias\\\/en-petit-comite-referentes-mujeres-compositoras\\\/\"},\"wordCount\":196,\"commentCount\":0,\"publisher\":{\"@id\":\"https:\\\/\\\/csma.es\\\/#organization\"},\"image\":{\"@id\":\"https:\\\/\\\/csma.es\\\/noticias\\\/en-petit-comite-referentes-mujeres-compositoras\\\/#primaryimage\"},\"thumbnailUrl\":\"https:\\\/\\\/csma.es\\\/wp-content\\\/uploads\\\/2025\\\/04\\\/Cartel-Petit-comite-dia-9_final-scaled.jpg\",\"articleSection\":[\"Noticias\"],\"inLanguage\":\"en-US\",\"potentialAction\":[{\"@type\":\"CommentAction\",\"name\":\"Comment\",\"target\":[\"https:\\\/\\\/csma.es\\\/noticias\\\/en-petit-comite-referentes-mujeres-compositoras\\\/#respond\"]}]},{\"@type\":\"WebPage\",\"@id\":\"https:\\\/\\\/csma.es\\\/noticias\\\/en-petit-comite-referentes-mujeres-compositoras\\\/\",\"url\":\"https:\\\/\\\/csma.es\\\/noticias\\\/en-petit-comite-referentes-mujeres-compositoras\\\/\",\"name\":\"EN PETIT COMIT\u00c9: REFERENTES, MUJERES COMPOSITORAS - CSMA\",\"isPartOf\":{\"@id\":\"https:\\\/\\\/csma.es\\\/#website\"},\"primaryImageOfPage\":{\"@id\":\"https:\\\/\\\/csma.es\\\/noticias\\\/en-petit-comite-referentes-mujeres-compositoras\\\/#primaryimage\"},\"image\":{\"@id\":\"https:\\\/\\\/csma.es\\\/noticias\\\/en-petit-comite-referentes-mujeres-compositoras\\\/#primaryimage\"},\"thumbnailUrl\":\"https:\\\/\\\/csma.es\\\/wp-content\\\/uploads\\\/2025\\\/04\\\/Cartel-Petit-comite-dia-9_final-scaled.jpg\",\"datePublished\":\"2025-04-07T21:44:56+00:00\",\"breadcrumb\":{\"@id\":\"https:\\\/\\\/csma.es\\\/noticias\\\/en-petit-comite-referentes-mujeres-compositoras\\\/#breadcrumb\"},\"inLanguage\":\"en-US\",\"potentialAction\":[{\"@type\":\"ReadAction\",\"target\":[\"https:\\\/\\\/csma.es\\\/noticias\\\/en-petit-comite-referentes-mujeres-compositoras\\\/\"]}]},{\"@type\":\"ImageObject\",\"inLanguage\":\"en-US\",\"@id\":\"https:\\\/\\\/csma.es\\\/noticias\\\/en-petit-comite-referentes-mujeres-compositoras\\\/#primaryimage\",\"url\":\"https:\\\/\\\/csma.es\\\/wp-content\\\/uploads\\\/2025\\\/04\\\/Cartel-Petit-comite-dia-9_final-scaled.jpg\",\"contentUrl\":\"https:\\\/\\\/csma.es\\\/wp-content\\\/uploads\\\/2025\\\/04\\\/Cartel-Petit-comite-dia-9_final-scaled.jpg\",\"width\":2047,\"height\":2560},{\"@type\":\"BreadcrumbList\",\"@id\":\"https:\\\/\\\/csma.es\\\/noticias\\\/en-petit-comite-referentes-mujeres-compositoras\\\/#breadcrumb\",\"itemListElement\":[{\"@type\":\"ListItem\",\"position\":1,\"name\":\"Portada\",\"item\":\"https:\\\/\\\/csma.es\\\/en\\\/\"},{\"@type\":\"ListItem\",\"position\":2,\"name\":\"EN PETIT COMIT\u00c9: REFERENTES, MUJERES COMPOSITORAS\"}]},{\"@type\":\"WebSite\",\"@id\":\"https:\\\/\\\/csma.es\\\/#website\",\"url\":\"https:\\\/\\\/csma.es\\\/\",\"name\":\"CSMA\",\"description\":\"Conservatorio Superior de M\u00fasica de Arag\u00f3n\",\"publisher\":{\"@id\":\"https:\\\/\\\/csma.es\\\/#organization\"},\"potentialAction\":[{\"@type\":\"SearchAction\",\"target\":{\"@type\":\"EntryPoint\",\"urlTemplate\":\"https:\\\/\\\/csma.es\\\/?s={search_term_string}\"},\"query-input\":{\"@type\":\"PropertyValueSpecification\",\"valueRequired\":true,\"valueName\":\"search_term_string\"}}],\"inLanguage\":\"en-US\"},{\"@type\":\"Organization\",\"@id\":\"https:\\\/\\\/csma.es\\\/#organization\",\"name\":\"Conservatorio Superior de M\u00fasica de Arag\u00f3n\",\"url\":\"https:\\\/\\\/csma.es\\\/\",\"logo\":{\"@type\":\"ImageObject\",\"inLanguage\":\"en-US\",\"@id\":\"https:\\\/\\\/csma.es\\\/#\\\/schema\\\/logo\\\/image\\\/\",\"url\":\"https:\\\/\\\/csma.es\\\/wp-content\\\/uploads\\\/2025\\\/04\\\/cropped-logo-csma-40anos-vertical-sintexto-positivo.png\",\"contentUrl\":\"https:\\\/\\\/csma.es\\\/wp-content\\\/uploads\\\/2025\\\/04\\\/cropped-logo-csma-40anos-vertical-sintexto-positivo.png\",\"width\":512,\"height\":512,\"caption\":\"Conservatorio Superior de M\u00fasica de Arag\u00f3n\"},\"image\":{\"@id\":\"https:\\\/\\\/csma.es\\\/#\\\/schema\\\/logo\\\/image\\\/\"},\"sameAs\":[\"https:\\\/\\\/www.facebook.com\\\/CSMAragon\\\/\",\"https:\\\/\\\/x.com\\\/csmaconser\",\"https:\\\/\\\/www.instagram.com\\\/csmaragon\\\/\",\"https:\\\/\\\/www.youtube.com\\\/channel\\\/UCcsLLtgZJUhz11-3Aj1sv3w\"]},{\"@type\":\"Person\",\"@id\":\"https:\\\/\\\/csma.es\\\/#\\\/schema\\\/person\\\/dd9e345cd1ec5925a5e8927a0cb3fc69\",\"name\":\"TICS CSMA\"}]}<\/script>\n<!-- \/ Yoast SEO plugin. -->","yoast_head_json":{"title":"EN PETIT COMIT\u00c9: REFERENTES, MUJERES COMPOSITORAS - CSMA","robots":{"index":"index","follow":"follow","max-snippet":"max-snippet:-1","max-image-preview":"max-image-preview:large","max-video-preview":"max-video-preview:-1"},"canonical":"https:\/\/csma.es\/noticias\/en-petit-comite-referentes-mujeres-compositoras\/","og_locale":"en_US","og_type":"article","og_title":"EN PETIT COMIT\u00c9: REFERENTES, MUJERES COMPOSITORAS - CSMA","og_description":"Organizados desde el \u00e1rea de Igualdad y Convivencia del CSMA, en colaboraci\u00f3n con el Vicerrectorado de Cultura y Proyecci\u00f3n Social de la Universidad de Zaragoza,...","og_url":"https:\/\/csma.es\/noticias\/en-petit-comite-referentes-mujeres-compositoras\/","og_site_name":"CSMA","article_publisher":"https:\/\/www.facebook.com\/CSMAragon\/","article_published_time":"2025-04-07T21:44:56+00:00","og_image":[{"width":2047,"height":2560,"url":"https:\/\/csma.es\/wp-content\/uploads\/2025\/04\/Cartel-Petit-comite-dia-9_final-scaled.jpg","type":"image\/jpeg"}],"author":"TICS CSMA","twitter_card":"summary_large_image","twitter_creator":"@csmaconser","twitter_site":"@csmaconser","twitter_misc":{"Written by":"TICS CSMA","Est. reading time":"1 minute"},"schema":{"@context":"https:\/\/schema.org","@graph":[{"@type":"Article","@id":"https:\/\/csma.es\/noticias\/en-petit-comite-referentes-mujeres-compositoras\/#article","isPartOf":{"@id":"https:\/\/csma.es\/noticias\/en-petit-comite-referentes-mujeres-compositoras\/"},"author":{"name":"TICS CSMA","@id":"https:\/\/csma.es\/#\/schema\/person\/dd9e345cd1ec5925a5e8927a0cb3fc69"},"headline":"EN PETIT COMIT\u00c9: REFERENTES, MUJERES COMPOSITORAS","datePublished":"2025-04-07T21:44:56+00:00","mainEntityOfPage":{"@id":"https:\/\/csma.es\/noticias\/en-petit-comite-referentes-mujeres-compositoras\/"},"wordCount":196,"commentCount":0,"publisher":{"@id":"https:\/\/csma.es\/#organization"},"image":{"@id":"https:\/\/csma.es\/noticias\/en-petit-comite-referentes-mujeres-compositoras\/#primaryimage"},"thumbnailUrl":"https:\/\/csma.es\/wp-content\/uploads\/2025\/04\/Cartel-Petit-comite-dia-9_final-scaled.jpg","articleSection":["Noticias"],"inLanguage":"en-US","potentialAction":[{"@type":"CommentAction","name":"Comment","target":["https:\/\/csma.es\/noticias\/en-petit-comite-referentes-mujeres-compositoras\/#respond"]}]},{"@type":"WebPage","@id":"https:\/\/csma.es\/noticias\/en-petit-comite-referentes-mujeres-compositoras\/","url":"https:\/\/csma.es\/noticias\/en-petit-comite-referentes-mujeres-compositoras\/","name":"EN PETIT COMIT\u00c9: REFERENTES, MUJERES COMPOSITORAS - CSMA","isPartOf":{"@id":"https:\/\/csma.es\/#website"},"primaryImageOfPage":{"@id":"https:\/\/csma.es\/noticias\/en-petit-comite-referentes-mujeres-compositoras\/#primaryimage"},"image":{"@id":"https:\/\/csma.es\/noticias\/en-petit-comite-referentes-mujeres-compositoras\/#primaryimage"},"thumbnailUrl":"https:\/\/csma.es\/wp-content\/uploads\/2025\/04\/Cartel-Petit-comite-dia-9_final-scaled.jpg","datePublished":"2025-04-07T21:44:56+00:00","breadcrumb":{"@id":"https:\/\/csma.es\/noticias\/en-petit-comite-referentes-mujeres-compositoras\/#breadcrumb"},"inLanguage":"en-US","potentialAction":[{"@type":"ReadAction","target":["https:\/\/csma.es\/noticias\/en-petit-comite-referentes-mujeres-compositoras\/"]}]},{"@type":"ImageObject","inLanguage":"en-US","@id":"https:\/\/csma.es\/noticias\/en-petit-comite-referentes-mujeres-compositoras\/#primaryimage","url":"https:\/\/csma.es\/wp-content\/uploads\/2025\/04\/Cartel-Petit-comite-dia-9_final-scaled.jpg","contentUrl":"https:\/\/csma.es\/wp-content\/uploads\/2025\/04\/Cartel-Petit-comite-dia-9_final-scaled.jpg","width":2047,"height":2560},{"@type":"BreadcrumbList","@id":"https:\/\/csma.es\/noticias\/en-petit-comite-referentes-mujeres-compositoras\/#breadcrumb","itemListElement":[{"@type":"ListItem","position":1,"name":"Portada","item":"https:\/\/csma.es\/en\/"},{"@type":"ListItem","position":2,"name":"EN PETIT COMIT\u00c9: REFERENTES, MUJERES COMPOSITORAS"}]},{"@type":"WebSite","@id":"https:\/\/csma.es\/#website","url":"https:\/\/csma.es\/","name":"CSMA","description":"Conservatorio Superior de M\u00fasica de Arag\u00f3n","publisher":{"@id":"https:\/\/csma.es\/#organization"},"potentialAction":[{"@type":"SearchAction","target":{"@type":"EntryPoint","urlTemplate":"https:\/\/csma.es\/?s={search_term_string}"},"query-input":{"@type":"PropertyValueSpecification","valueRequired":true,"valueName":"search_term_string"}}],"inLanguage":"en-US"},{"@type":"Organization","@id":"https:\/\/csma.es\/#organization","name":"Conservatorio Superior de M\u00fasica de Arag\u00f3n","url":"https:\/\/csma.es\/","logo":{"@type":"ImageObject","inLanguage":"en-US","@id":"https:\/\/csma.es\/#\/schema\/logo\/image\/","url":"https:\/\/csma.es\/wp-content\/uploads\/2025\/04\/cropped-logo-csma-40anos-vertical-sintexto-positivo.png","contentUrl":"https:\/\/csma.es\/wp-content\/uploads\/2025\/04\/cropped-logo-csma-40anos-vertical-sintexto-positivo.png","width":512,"height":512,"caption":"Conservatorio Superior de M\u00fasica de Arag\u00f3n"},"image":{"@id":"https:\/\/csma.es\/#\/schema\/logo\/image\/"},"sameAs":["https:\/\/www.facebook.com\/CSMAragon\/","https:\/\/x.com\/csmaconser","https:\/\/www.instagram.com\/csmaragon\/","https:\/\/www.youtube.com\/channel\/UCcsLLtgZJUhz11-3Aj1sv3w"]},{"@type":"Person","@id":"https:\/\/csma.es\/#\/schema\/person\/dd9e345cd1ec5925a5e8927a0cb3fc69","name":"TICS CSMA"}]}},"publishpress_future_action":{"enabled":false,"date":"2026-05-10 11:36:20","action":"change-status","newStatus":"draft","terms":[],"taxonomy":"category","extraData":[]},"publishpress_future_workflow_manual_trigger":{"enabledWorkflows":[]},"_links":{"self":[{"href":"https:\/\/csma.es\/en\/wp-json\/wp\/v2\/posts\/30691","targetHints":{"allow":["GET"]}}],"collection":[{"href":"https:\/\/csma.es\/en\/wp-json\/wp\/v2\/posts"}],"about":[{"href":"https:\/\/csma.es\/en\/wp-json\/wp\/v2\/types\/post"}],"author":[{"embeddable":true,"href":"https:\/\/csma.es\/en\/wp-json\/wp\/v2\/users\/3"}],"replies":[{"embeddable":true,"href":"https:\/\/csma.es\/en\/wp-json\/wp\/v2\/comments?post=30691"}],"version-history":[{"count":0,"href":"https:\/\/csma.es\/en\/wp-json\/wp\/v2\/posts\/30691\/revisions"}],"wp:featuredmedia":[{"embeddable":true,"href":"https:\/\/csma.es\/en\/wp-json\/wp\/v2\/media\/30692"}],"wp:attachment":[{"href":"https:\/\/csma.es\/en\/wp-json\/wp\/v2\/media?parent=30691"}],"wp:term":[{"taxonomy":"category","embeddable":true,"href":"https:\/\/csma.es\/en\/wp-json\/wp\/v2\/categories?post=30691"},{"taxonomy":"post_tag","embeddable":true,"href":"https:\/\/csma.es\/en\/wp-json\/wp\/v2\/tags?post=30691"}],"curies":[{"name":"wp","href":"https:\/\/api.w.org\/{rel}","templated":true}]}}