{"id":30370,"date":"2025-03-27T12:40:00","date_gmt":"2025-03-27T11:40:00","guid":{"rendered":"https:\/\/csma.es\/?p=30370"},"modified":"2025-03-27T12:40:00","modified_gmt":"2025-03-27T11:40:00","slug":"el-alma-de-mis-operas","status":"publish","type":"post","link":"https:\/\/csma.es\/en\/noticias\/el-alma-de-mis-operas\/","title":{"rendered":"EL ALMA DE MIS \u00d3PERAS"},"content":{"rendered":"<p>El Ciclo de Grandes Conciertos CSMA presenta un nuevo concierto el pr\u00f3ximo d\u00eda 8 de abril a las 19:30 en el Auditorio Eduardo del Pueyo. Este proyecto interdisciplinar es fruto de la colaboraci\u00f3n conjunta del aula de canto, el aula de coro y el aula de direcci\u00f3n de orquesta del CSMA, as\u00ed como de todos los departamentos instrumentales que han participado para llevar a cabo esta enriquecedora experiencia.<\/p>\n<p>En esta ocasi\u00f3n, la entrada es libre <strong>con invitaci\u00f3n<\/strong> que podr\u00e1 recogerse en la conserjer\u00eda del CSMA una hora antes del inicio del concierto. Habr\u00e1 proyecci\u00f3n en directo en el hall del CSMA en caso de aforo completo. Tambi\u00e9n podr\u00e1 seguirse la retransmisi\u00f3n online desde nuestro <a href=\"https:\/\/www.youtube.com\/live\/oEtRbYRWumk?feature=shared\" target=\"_blank\" rel=\"noopener\">Canal CSMA en YouTube<\/a>.<\/p>\n<p>&nbsp;<\/p>\n<hr \/>\n<p><em>W. A. Mozart. El alma de mis \u00f3peras<\/em><\/p>\n<p>Temas universales como el\u00a0 amor, la traicio\u0301n o la redencio\u0301n en la o\u0301pera atraviesan muchas de las obras del prodigioso maestro del clasicismo, nacido en Salzburgo Wolfang Amadeus Mozart. Desde <em>Las bodas de Fi\u0301garo<\/em>, donde se explora el ingenio de unos sirvientes que luchan por su amor verdadero en medio de los caprichos de la nobleza, hasta <em>La flauta ma\u0301gica<\/em>, relato ma\u0301gico\u00a0 lleno de simbolismo y misticismo sobre la lucha entre la luz y la oscuridad,\u00a0 Entre armon\u00eda y enredos, enlaza a los diferentes personajes y episodios de las o\u0301peras de Mozart conectando cap\u00edtulos distintos de las emociones humanas a trave\u0301s del poder transformador su mu\u0301sica.<\/p>\n<p>&nbsp;<\/p>\n<p>DIRECTOR TITULAR: Javier Castro<\/p>\n<p>DIRECTORA CORO: Nikoleta Popova<\/p>\n<p><a href=\"https:\/\/csma.es\/wp-content\/uploads\/2025\/03\/QR_080425_Mozart_Sinfoniertta-CSMA_el-alma-de-mis-operas.pdf\" target=\"_blank\" rel=\"noopener\">PROGRAMA<\/a><\/p>\n","protected":false},"excerpt":{"rendered":"<p>El Ciclo de Grandes Conciertos CSMA presenta un nuevo concierto el pr\u00f3ximo d\u00eda 8 de abril a las 19:30 en el Auditorio Eduardo del Pueyo&#8230;.<\/p>\n","protected":false},"author":3,"featured_media":30373,"comment_status":"open","ping_status":"open","sticky":false,"template":"","format":"standard","meta":{"footnotes":""},"categories":[368],"tags":[],"class_list":["post-30370","post","type-post","status-publish","format-standard","has-post-thumbnail","hentry","category-noticias"],"yoast_head":"<!-- This site is optimized with the Yoast SEO plugin v27.5 - https:\/\/yoast.com\/product\/yoast-seo-wordpress\/ -->\n<title>EL ALMA DE MIS \u00d3PERAS - CSMA<\/title>\n<meta name=\"robots\" content=\"index, follow, max-snippet:-1, max-image-preview:large, max-video-preview:-1\" \/>\n<link rel=\"canonical\" href=\"https:\/\/csma.es\/noticias\/el-alma-de-mis-operas\/\" \/>\n<meta property=\"og:locale\" content=\"en_US\" \/>\n<meta property=\"og:type\" content=\"article\" \/>\n<meta property=\"og:title\" content=\"EL ALMA DE MIS \u00d3PERAS - CSMA\" \/>\n<meta property=\"og:description\" content=\"El Ciclo de Grandes Conciertos CSMA presenta un nuevo concierto el pr\u00f3ximo d\u00eda 8 de abril a las 19:30 en el Auditorio Eduardo del Pueyo....\" \/>\n<meta property=\"og:url\" content=\"https:\/\/csma.es\/noticias\/el-alma-de-mis-operas\/\" \/>\n<meta property=\"og:site_name\" content=\"CSMA\" \/>\n<meta property=\"article:publisher\" content=\"https:\/\/www.facebook.com\/CSMAragon\/\" \/>\n<meta property=\"article:published_time\" content=\"2025-03-27T11:40:00+00:00\" \/>\n<meta property=\"og:image\" content=\"https:\/\/csma.es\/wp-content\/uploads\/2025\/03\/QR_080425_Mozart_Sinfoniertta-CSMA_el-alma-de-mis-operas.jpg\" \/>\n\t<meta property=\"og:image:width\" content=\"960\" \/>\n\t<meta property=\"og:image:height\" content=\"540\" \/>\n\t<meta property=\"og:image:type\" content=\"image\/jpeg\" \/>\n<meta name=\"author\" content=\"TICS CSMA\" \/>\n<meta name=\"twitter:card\" content=\"summary_large_image\" \/>\n<meta name=\"twitter:creator\" content=\"@csmaconser\" \/>\n<meta name=\"twitter:site\" content=\"@csmaconser\" \/>\n<meta name=\"twitter:label1\" content=\"Written by\" \/>\n\t<meta name=\"twitter:data1\" content=\"TICS CSMA\" \/>\n\t<meta name=\"twitter:label2\" content=\"Est. reading time\" \/>\n\t<meta name=\"twitter:data2\" content=\"2 minutes\" \/>\n<script type=\"application\/ld+json\" class=\"yoast-schema-graph\">{\"@context\":\"https:\\\/\\\/schema.org\",\"@graph\":[{\"@type\":\"Article\",\"@id\":\"https:\\\/\\\/csma.es\\\/noticias\\\/el-alma-de-mis-operas\\\/#article\",\"isPartOf\":{\"@id\":\"https:\\\/\\\/csma.es\\\/noticias\\\/el-alma-de-mis-operas\\\/\"},\"author\":{\"name\":\"TICS CSMA\",\"@id\":\"https:\\\/\\\/csma.es\\\/#\\\/schema\\\/person\\\/dd9e345cd1ec5925a5e8927a0cb3fc69\"},\"headline\":\"EL ALMA DE MIS \u00d3PERAS\",\"datePublished\":\"2025-03-27T11:40:00+00:00\",\"mainEntityOfPage\":{\"@id\":\"https:\\\/\\\/csma.es\\\/noticias\\\/el-alma-de-mis-operas\\\/\"},\"wordCount\":267,\"commentCount\":0,\"publisher\":{\"@id\":\"https:\\\/\\\/csma.es\\\/#organization\"},\"image\":{\"@id\":\"https:\\\/\\\/csma.es\\\/noticias\\\/el-alma-de-mis-operas\\\/#primaryimage\"},\"thumbnailUrl\":\"https:\\\/\\\/csma.es\\\/wp-content\\\/uploads\\\/2025\\\/03\\\/QR_080425_Mozart_Sinfoniertta-CSMA_el-alma-de-mis-operas.jpg\",\"articleSection\":[\"Noticias\"],\"inLanguage\":\"en-US\",\"potentialAction\":[{\"@type\":\"CommentAction\",\"name\":\"Comment\",\"target\":[\"https:\\\/\\\/csma.es\\\/noticias\\\/el-alma-de-mis-operas\\\/#respond\"]}]},{\"@type\":\"WebPage\",\"@id\":\"https:\\\/\\\/csma.es\\\/noticias\\\/el-alma-de-mis-operas\\\/\",\"url\":\"https:\\\/\\\/csma.es\\\/noticias\\\/el-alma-de-mis-operas\\\/\",\"name\":\"EL ALMA DE MIS \u00d3PERAS - CSMA\",\"isPartOf\":{\"@id\":\"https:\\\/\\\/csma.es\\\/#website\"},\"primaryImageOfPage\":{\"@id\":\"https:\\\/\\\/csma.es\\\/noticias\\\/el-alma-de-mis-operas\\\/#primaryimage\"},\"image\":{\"@id\":\"https:\\\/\\\/csma.es\\\/noticias\\\/el-alma-de-mis-operas\\\/#primaryimage\"},\"thumbnailUrl\":\"https:\\\/\\\/csma.es\\\/wp-content\\\/uploads\\\/2025\\\/03\\\/QR_080425_Mozart_Sinfoniertta-CSMA_el-alma-de-mis-operas.jpg\",\"datePublished\":\"2025-03-27T11:40:00+00:00\",\"breadcrumb\":{\"@id\":\"https:\\\/\\\/csma.es\\\/noticias\\\/el-alma-de-mis-operas\\\/#breadcrumb\"},\"inLanguage\":\"en-US\",\"potentialAction\":[{\"@type\":\"ReadAction\",\"target\":[\"https:\\\/\\\/csma.es\\\/noticias\\\/el-alma-de-mis-operas\\\/\"]}]},{\"@type\":\"ImageObject\",\"inLanguage\":\"en-US\",\"@id\":\"https:\\\/\\\/csma.es\\\/noticias\\\/el-alma-de-mis-operas\\\/#primaryimage\",\"url\":\"https:\\\/\\\/csma.es\\\/wp-content\\\/uploads\\\/2025\\\/03\\\/QR_080425_Mozart_Sinfoniertta-CSMA_el-alma-de-mis-operas.jpg\",\"contentUrl\":\"https:\\\/\\\/csma.es\\\/wp-content\\\/uploads\\\/2025\\\/03\\\/QR_080425_Mozart_Sinfoniertta-CSMA_el-alma-de-mis-operas.jpg\",\"width\":960,\"height\":540},{\"@type\":\"BreadcrumbList\",\"@id\":\"https:\\\/\\\/csma.es\\\/noticias\\\/el-alma-de-mis-operas\\\/#breadcrumb\",\"itemListElement\":[{\"@type\":\"ListItem\",\"position\":1,\"name\":\"Portada\",\"item\":\"https:\\\/\\\/csma.es\\\/en\\\/\"},{\"@type\":\"ListItem\",\"position\":2,\"name\":\"EL ALMA DE MIS \u00d3PERAS\"}]},{\"@type\":\"WebSite\",\"@id\":\"https:\\\/\\\/csma.es\\\/#website\",\"url\":\"https:\\\/\\\/csma.es\\\/\",\"name\":\"CSMA\",\"description\":\"Conservatorio Superior de M\u00fasica de Arag\u00f3n\",\"publisher\":{\"@id\":\"https:\\\/\\\/csma.es\\\/#organization\"},\"potentialAction\":[{\"@type\":\"SearchAction\",\"target\":{\"@type\":\"EntryPoint\",\"urlTemplate\":\"https:\\\/\\\/csma.es\\\/?s={search_term_string}\"},\"query-input\":{\"@type\":\"PropertyValueSpecification\",\"valueRequired\":true,\"valueName\":\"search_term_string\"}}],\"inLanguage\":\"en-US\"},{\"@type\":\"Organization\",\"@id\":\"https:\\\/\\\/csma.es\\\/#organization\",\"name\":\"Conservatorio Superior de M\u00fasica de Arag\u00f3n\",\"url\":\"https:\\\/\\\/csma.es\\\/\",\"logo\":{\"@type\":\"ImageObject\",\"inLanguage\":\"en-US\",\"@id\":\"https:\\\/\\\/csma.es\\\/#\\\/schema\\\/logo\\\/image\\\/\",\"url\":\"https:\\\/\\\/csma.es\\\/wp-content\\\/uploads\\\/2025\\\/04\\\/cropped-logo-csma-40anos-vertical-sintexto-positivo.png\",\"contentUrl\":\"https:\\\/\\\/csma.es\\\/wp-content\\\/uploads\\\/2025\\\/04\\\/cropped-logo-csma-40anos-vertical-sintexto-positivo.png\",\"width\":512,\"height\":512,\"caption\":\"Conservatorio Superior de M\u00fasica de Arag\u00f3n\"},\"image\":{\"@id\":\"https:\\\/\\\/csma.es\\\/#\\\/schema\\\/logo\\\/image\\\/\"},\"sameAs\":[\"https:\\\/\\\/www.facebook.com\\\/CSMAragon\\\/\",\"https:\\\/\\\/x.com\\\/csmaconser\",\"https:\\\/\\\/www.instagram.com\\\/csmaragon\\\/\",\"https:\\\/\\\/www.youtube.com\\\/channel\\\/UCcsLLtgZJUhz11-3Aj1sv3w\"]},{\"@type\":\"Person\",\"@id\":\"https:\\\/\\\/csma.es\\\/#\\\/schema\\\/person\\\/dd9e345cd1ec5925a5e8927a0cb3fc69\",\"name\":\"TICS CSMA\"}]}<\/script>\n<!-- \/ Yoast SEO plugin. -->","yoast_head_json":{"title":"EL ALMA DE MIS \u00d3PERAS - CSMA","robots":{"index":"index","follow":"follow","max-snippet":"max-snippet:-1","max-image-preview":"max-image-preview:large","max-video-preview":"max-video-preview:-1"},"canonical":"https:\/\/csma.es\/noticias\/el-alma-de-mis-operas\/","og_locale":"en_US","og_type":"article","og_title":"EL ALMA DE MIS \u00d3PERAS - CSMA","og_description":"El Ciclo de Grandes Conciertos CSMA presenta un nuevo concierto el pr\u00f3ximo d\u00eda 8 de abril a las 19:30 en el Auditorio Eduardo del Pueyo....","og_url":"https:\/\/csma.es\/noticias\/el-alma-de-mis-operas\/","og_site_name":"CSMA","article_publisher":"https:\/\/www.facebook.com\/CSMAragon\/","article_published_time":"2025-03-27T11:40:00+00:00","og_image":[{"width":960,"height":540,"url":"https:\/\/csma.es\/wp-content\/uploads\/2025\/03\/QR_080425_Mozart_Sinfoniertta-CSMA_el-alma-de-mis-operas.jpg","type":"image\/jpeg"}],"author":"TICS CSMA","twitter_card":"summary_large_image","twitter_creator":"@csmaconser","twitter_site":"@csmaconser","twitter_misc":{"Written by":"TICS CSMA","Est. reading time":"2 minutes"},"schema":{"@context":"https:\/\/schema.org","@graph":[{"@type":"Article","@id":"https:\/\/csma.es\/noticias\/el-alma-de-mis-operas\/#article","isPartOf":{"@id":"https:\/\/csma.es\/noticias\/el-alma-de-mis-operas\/"},"author":{"name":"TICS CSMA","@id":"https:\/\/csma.es\/#\/schema\/person\/dd9e345cd1ec5925a5e8927a0cb3fc69"},"headline":"EL ALMA DE MIS \u00d3PERAS","datePublished":"2025-03-27T11:40:00+00:00","mainEntityOfPage":{"@id":"https:\/\/csma.es\/noticias\/el-alma-de-mis-operas\/"},"wordCount":267,"commentCount":0,"publisher":{"@id":"https:\/\/csma.es\/#organization"},"image":{"@id":"https:\/\/csma.es\/noticias\/el-alma-de-mis-operas\/#primaryimage"},"thumbnailUrl":"https:\/\/csma.es\/wp-content\/uploads\/2025\/03\/QR_080425_Mozart_Sinfoniertta-CSMA_el-alma-de-mis-operas.jpg","articleSection":["Noticias"],"inLanguage":"en-US","potentialAction":[{"@type":"CommentAction","name":"Comment","target":["https:\/\/csma.es\/noticias\/el-alma-de-mis-operas\/#respond"]}]},{"@type":"WebPage","@id":"https:\/\/csma.es\/noticias\/el-alma-de-mis-operas\/","url":"https:\/\/csma.es\/noticias\/el-alma-de-mis-operas\/","name":"EL ALMA DE MIS \u00d3PERAS - CSMA","isPartOf":{"@id":"https:\/\/csma.es\/#website"},"primaryImageOfPage":{"@id":"https:\/\/csma.es\/noticias\/el-alma-de-mis-operas\/#primaryimage"},"image":{"@id":"https:\/\/csma.es\/noticias\/el-alma-de-mis-operas\/#primaryimage"},"thumbnailUrl":"https:\/\/csma.es\/wp-content\/uploads\/2025\/03\/QR_080425_Mozart_Sinfoniertta-CSMA_el-alma-de-mis-operas.jpg","datePublished":"2025-03-27T11:40:00+00:00","breadcrumb":{"@id":"https:\/\/csma.es\/noticias\/el-alma-de-mis-operas\/#breadcrumb"},"inLanguage":"en-US","potentialAction":[{"@type":"ReadAction","target":["https:\/\/csma.es\/noticias\/el-alma-de-mis-operas\/"]}]},{"@type":"ImageObject","inLanguage":"en-US","@id":"https:\/\/csma.es\/noticias\/el-alma-de-mis-operas\/#primaryimage","url":"https:\/\/csma.es\/wp-content\/uploads\/2025\/03\/QR_080425_Mozart_Sinfoniertta-CSMA_el-alma-de-mis-operas.jpg","contentUrl":"https:\/\/csma.es\/wp-content\/uploads\/2025\/03\/QR_080425_Mozart_Sinfoniertta-CSMA_el-alma-de-mis-operas.jpg","width":960,"height":540},{"@type":"BreadcrumbList","@id":"https:\/\/csma.es\/noticias\/el-alma-de-mis-operas\/#breadcrumb","itemListElement":[{"@type":"ListItem","position":1,"name":"Portada","item":"https:\/\/csma.es\/en\/"},{"@type":"ListItem","position":2,"name":"EL ALMA DE MIS \u00d3PERAS"}]},{"@type":"WebSite","@id":"https:\/\/csma.es\/#website","url":"https:\/\/csma.es\/","name":"CSMA","description":"Conservatorio Superior de M\u00fasica de Arag\u00f3n","publisher":{"@id":"https:\/\/csma.es\/#organization"},"potentialAction":[{"@type":"SearchAction","target":{"@type":"EntryPoint","urlTemplate":"https:\/\/csma.es\/?s={search_term_string}"},"query-input":{"@type":"PropertyValueSpecification","valueRequired":true,"valueName":"search_term_string"}}],"inLanguage":"en-US"},{"@type":"Organization","@id":"https:\/\/csma.es\/#organization","name":"Conservatorio Superior de M\u00fasica de Arag\u00f3n","url":"https:\/\/csma.es\/","logo":{"@type":"ImageObject","inLanguage":"en-US","@id":"https:\/\/csma.es\/#\/schema\/logo\/image\/","url":"https:\/\/csma.es\/wp-content\/uploads\/2025\/04\/cropped-logo-csma-40anos-vertical-sintexto-positivo.png","contentUrl":"https:\/\/csma.es\/wp-content\/uploads\/2025\/04\/cropped-logo-csma-40anos-vertical-sintexto-positivo.png","width":512,"height":512,"caption":"Conservatorio Superior de M\u00fasica de Arag\u00f3n"},"image":{"@id":"https:\/\/csma.es\/#\/schema\/logo\/image\/"},"sameAs":["https:\/\/www.facebook.com\/CSMAragon\/","https:\/\/x.com\/csmaconser","https:\/\/www.instagram.com\/csmaragon\/","https:\/\/www.youtube.com\/channel\/UCcsLLtgZJUhz11-3Aj1sv3w"]},{"@type":"Person","@id":"https:\/\/csma.es\/#\/schema\/person\/dd9e345cd1ec5925a5e8927a0cb3fc69","name":"TICS CSMA"}]}},"publishpress_future_action":{"enabled":false,"date":"2026-05-09 01:44:15","action":"change-status","newStatus":"draft","terms":[],"taxonomy":"category","extraData":[]},"publishpress_future_workflow_manual_trigger":{"enabledWorkflows":[]},"_links":{"self":[{"href":"https:\/\/csma.es\/en\/wp-json\/wp\/v2\/posts\/30370","targetHints":{"allow":["GET"]}}],"collection":[{"href":"https:\/\/csma.es\/en\/wp-json\/wp\/v2\/posts"}],"about":[{"href":"https:\/\/csma.es\/en\/wp-json\/wp\/v2\/types\/post"}],"author":[{"embeddable":true,"href":"https:\/\/csma.es\/en\/wp-json\/wp\/v2\/users\/3"}],"replies":[{"embeddable":true,"href":"https:\/\/csma.es\/en\/wp-json\/wp\/v2\/comments?post=30370"}],"version-history":[{"count":0,"href":"https:\/\/csma.es\/en\/wp-json\/wp\/v2\/posts\/30370\/revisions"}],"wp:featuredmedia":[{"embeddable":true,"href":"https:\/\/csma.es\/en\/wp-json\/wp\/v2\/media\/30373"}],"wp:attachment":[{"href":"https:\/\/csma.es\/en\/wp-json\/wp\/v2\/media?parent=30370"}],"wp:term":[{"taxonomy":"category","embeddable":true,"href":"https:\/\/csma.es\/en\/wp-json\/wp\/v2\/categories?post=30370"},{"taxonomy":"post_tag","embeddable":true,"href":"https:\/\/csma.es\/en\/wp-json\/wp\/v2\/tags?post=30370"}],"curies":[{"name":"wp","href":"https:\/\/api.w.org\/{rel}","templated":true}]}}