{"id":30341,"date":"2025-03-18T17:49:58","date_gmt":"2025-03-18T16:49:58","guid":{"rendered":"https:\/\/csma.es\/?p=30341"},"modified":"2025-03-18T17:49:58","modified_gmt":"2025-03-18T16:49:58","slug":"orquesta-de-flautas-en-ciclo-atmosferas","status":"publish","type":"post","link":"https:\/\/csma.es\/en\/noticias\/orquesta-de-flautas-en-ciclo-atmosferas\/","title":{"rendered":"ORQUESTA DE FLAUTAS EN CICLO ATM\u00d3SFERAS"},"content":{"rendered":"<p>Pr\u00f3xima cita en el Ciclo Atm\u00f3sferas el lunes 24 de marzo a las 19:30 h. Esta vez a cargo de la Orquesta de Flautas del CSMA, bajo la direcci\u00f3n del m\u00fasico invitado Jos\u00e9 Carlos Hern\u00e1ndez, flautista, arreglista y director.<\/p>\n<p>La orquesta de Flautas del CSMA nace como un proyecto pedag\u00f3gico enmarcado en la asignatura \u201corquesta de flautas\u201d motivada por los profesores Fernando G\u00f3mez y Antonio Nuez\u00a0 hace m\u00e1s de 20 a\u00f1os. Actualmente se contin\u00faa dicha labor con el profesor Guillermo Gonz\u00e1lez. La orquesta la forman todos los alumnos de flauta del CSMA utilizando adem\u00e1s de la flauta en Do,\u00a0 el flaut\u00edn, flauta en sol, flauta baja y contrabaja, a lo que se a\u00f1aden otros instrumentos tales como el piano, el violonchelo o la percusi\u00f3n. A lo largo de su historia, han sido invitados afamados flautistas y directores como: Juanjo Hern\u00e1ndez, Juli\u00e1n Elvira, Abel Aldas, Miguel Romea, Jorge Carievschi, Salvador Espasa, Vi\u00e7ens Prat etc. realizando conciertos en diferentes puntos de la geograf\u00eda nacional, destacando el realizado en Barcelona dentro del II Congreso Nacional de flautistas AFE.<\/p>\n<hr \/>\n<p>DANZAS DE PRIMAVERA<\/p>\n<p>&nbsp;<\/p>\n<p><strong>Suite Hebraica<\/strong>\/ Miguel Gonz\u00e1lez Arrg. Jos\u00e9 Carlos H. Alarc\u00f3n<br \/>\n1 Exodus<br \/>\n2 Sunrise, Sunset<br \/>\n3 Frelich<br \/>\n4 My Yiddishe momme<br \/>\n5 Artsa Aleenu-Rad Halailah<br \/>\n6 Finale<\/p>\n<p>DESCANSO<\/p>\n<p><strong>Tango Jalousie<\/strong>\/Jacob Gade Arrg. Jos\u00e9 Carlos H. Alarc\u00f3n<br \/>\n<strong>Danzas Polovtsianas del Pr\u00edncipe Igor<\/strong>\/ A. Borodin Arrg. Jos\u00e9 Carlos H. Alarc\u00f3n<br \/>\n<strong>Amparito Roca<\/strong>\/ Jaime Texidor Arrg. Jos\u00e9 Carlos H. Alarc\u00f3n<br \/>\nDURACI\u00d3N PROGRAMA:\u00a0 50\u00b4<\/p>\n<p>&nbsp;<\/p>\n<p>Desde las vibrantes <em>Danzas Polovtsianas de El Pr\u00edncipe Igor de Alexander Borodin<\/em>, hasta la profunda tradici\u00f3n musical hebrea con la <em>Suite Hebraica<\/em>, el programa nos invita a un fascinante recorrido cultural de melod\u00edas cautivadoras y ritmos din\u00e1micos que evocan im\u00e1genes de festividades y celebraciones en la corte del pr\u00edncipe Igor y\u00a0 la rica historia y cultura del pueblo hebreo. Se completa el programa con unas obras muy conocidas, el <em>Tango Jalousie<\/em> y el conocido pasodoble <em>Amparito Roca<\/em> que nunca podr\u00edan faltar en un programa dedicado a la Danza.<\/p>\n","protected":false},"excerpt":{"rendered":"<p>Pr\u00f3xima cita en el Ciclo Atm\u00f3sferas el lunes 24 de marzo a las 19:30 h. Esta vez a cargo de la Orquesta de Flautas del&#8230;<\/p>\n","protected":false},"author":3,"featured_media":30328,"comment_status":"open","ping_status":"open","sticky":false,"template":"","format":"standard","meta":{"footnotes":""},"categories":[368],"tags":[],"class_list":["post-30341","post","type-post","status-publish","format-standard","has-post-thumbnail","hentry","category-noticias"],"yoast_head":"<!-- This site is optimized with the Yoast SEO plugin v27.5 - https:\/\/yoast.com\/product\/yoast-seo-wordpress\/ -->\n<title>ORQUESTA DE FLAUTAS EN CICLO ATM\u00d3SFERAS - CSMA<\/title>\n<meta name=\"robots\" content=\"index, follow, max-snippet:-1, max-image-preview:large, max-video-preview:-1\" \/>\n<link rel=\"canonical\" href=\"https:\/\/csma.es\/noticias\/orquesta-de-flautas-en-ciclo-atmosferas\/\" \/>\n<meta property=\"og:locale\" content=\"en_US\" \/>\n<meta property=\"og:type\" content=\"article\" \/>\n<meta property=\"og:title\" content=\"ORQUESTA DE FLAUTAS EN CICLO ATM\u00d3SFERAS - CSMA\" \/>\n<meta property=\"og:description\" content=\"Pr\u00f3xima cita en el Ciclo Atm\u00f3sferas el lunes 24 de marzo a las 19:30 h. Esta vez a cargo de la Orquesta de Flautas del...\" \/>\n<meta property=\"og:url\" content=\"https:\/\/csma.es\/noticias\/orquesta-de-flautas-en-ciclo-atmosferas\/\" \/>\n<meta property=\"og:site_name\" content=\"CSMA\" \/>\n<meta property=\"article:publisher\" content=\"https:\/\/www.facebook.com\/CSMAragon\/\" \/>\n<meta property=\"article:published_time\" content=\"2025-03-18T16:49:58+00:00\" \/>\n<meta property=\"og:image\" content=\"https:\/\/csma.es\/wp-content\/uploads\/2025\/03\/240325_ORQUESTA-DE-FLAUTAS_ATMOSFERAS.jpg\" \/>\n\t<meta property=\"og:image:width\" content=\"1920\" \/>\n\t<meta property=\"og:image:height\" content=\"1080\" \/>\n\t<meta property=\"og:image:type\" content=\"image\/jpeg\" \/>\n<meta name=\"author\" content=\"TICS CSMA\" \/>\n<meta name=\"twitter:card\" content=\"summary_large_image\" \/>\n<meta name=\"twitter:creator\" content=\"@csmaconser\" \/>\n<meta name=\"twitter:site\" content=\"@csmaconser\" \/>\n<meta name=\"twitter:label1\" content=\"Written by\" \/>\n\t<meta name=\"twitter:data1\" content=\"TICS CSMA\" \/>\n\t<meta name=\"twitter:label2\" content=\"Est. reading time\" \/>\n\t<meta name=\"twitter:data2\" content=\"2 minutes\" \/>\n<script type=\"application\/ld+json\" class=\"yoast-schema-graph\">{\"@context\":\"https:\\\/\\\/schema.org\",\"@graph\":[{\"@type\":\"Article\",\"@id\":\"https:\\\/\\\/csma.es\\\/noticias\\\/orquesta-de-flautas-en-ciclo-atmosferas\\\/#article\",\"isPartOf\":{\"@id\":\"https:\\\/\\\/csma.es\\\/noticias\\\/orquesta-de-flautas-en-ciclo-atmosferas\\\/\"},\"author\":{\"name\":\"TICS CSMA\",\"@id\":\"https:\\\/\\\/csma.es\\\/#\\\/schema\\\/person\\\/dd9e345cd1ec5925a5e8927a0cb3fc69\"},\"headline\":\"ORQUESTA DE FLAUTAS EN CICLO ATM\u00d3SFERAS\",\"datePublished\":\"2025-03-18T16:49:58+00:00\",\"mainEntityOfPage\":{\"@id\":\"https:\\\/\\\/csma.es\\\/noticias\\\/orquesta-de-flautas-en-ciclo-atmosferas\\\/\"},\"wordCount\":358,\"commentCount\":0,\"publisher\":{\"@id\":\"https:\\\/\\\/csma.es\\\/#organization\"},\"image\":{\"@id\":\"https:\\\/\\\/csma.es\\\/noticias\\\/orquesta-de-flautas-en-ciclo-atmosferas\\\/#primaryimage\"},\"thumbnailUrl\":\"https:\\\/\\\/csma.es\\\/wp-content\\\/uploads\\\/2025\\\/03\\\/240325_ORQUESTA-DE-FLAUTAS_ATMOSFERAS.jpg\",\"articleSection\":[\"Noticias\"],\"inLanguage\":\"en-US\",\"potentialAction\":[{\"@type\":\"CommentAction\",\"name\":\"Comment\",\"target\":[\"https:\\\/\\\/csma.es\\\/noticias\\\/orquesta-de-flautas-en-ciclo-atmosferas\\\/#respond\"]}]},{\"@type\":\"WebPage\",\"@id\":\"https:\\\/\\\/csma.es\\\/noticias\\\/orquesta-de-flautas-en-ciclo-atmosferas\\\/\",\"url\":\"https:\\\/\\\/csma.es\\\/noticias\\\/orquesta-de-flautas-en-ciclo-atmosferas\\\/\",\"name\":\"ORQUESTA DE FLAUTAS EN CICLO ATM\u00d3SFERAS - CSMA\",\"isPartOf\":{\"@id\":\"https:\\\/\\\/csma.es\\\/#website\"},\"primaryImageOfPage\":{\"@id\":\"https:\\\/\\\/csma.es\\\/noticias\\\/orquesta-de-flautas-en-ciclo-atmosferas\\\/#primaryimage\"},\"image\":{\"@id\":\"https:\\\/\\\/csma.es\\\/noticias\\\/orquesta-de-flautas-en-ciclo-atmosferas\\\/#primaryimage\"},\"thumbnailUrl\":\"https:\\\/\\\/csma.es\\\/wp-content\\\/uploads\\\/2025\\\/03\\\/240325_ORQUESTA-DE-FLAUTAS_ATMOSFERAS.jpg\",\"datePublished\":\"2025-03-18T16:49:58+00:00\",\"breadcrumb\":{\"@id\":\"https:\\\/\\\/csma.es\\\/noticias\\\/orquesta-de-flautas-en-ciclo-atmosferas\\\/#breadcrumb\"},\"inLanguage\":\"en-US\",\"potentialAction\":[{\"@type\":\"ReadAction\",\"target\":[\"https:\\\/\\\/csma.es\\\/noticias\\\/orquesta-de-flautas-en-ciclo-atmosferas\\\/\"]}]},{\"@type\":\"ImageObject\",\"inLanguage\":\"en-US\",\"@id\":\"https:\\\/\\\/csma.es\\\/noticias\\\/orquesta-de-flautas-en-ciclo-atmosferas\\\/#primaryimage\",\"url\":\"https:\\\/\\\/csma.es\\\/wp-content\\\/uploads\\\/2025\\\/03\\\/240325_ORQUESTA-DE-FLAUTAS_ATMOSFERAS.jpg\",\"contentUrl\":\"https:\\\/\\\/csma.es\\\/wp-content\\\/uploads\\\/2025\\\/03\\\/240325_ORQUESTA-DE-FLAUTAS_ATMOSFERAS.jpg\",\"width\":1920,\"height\":1080},{\"@type\":\"BreadcrumbList\",\"@id\":\"https:\\\/\\\/csma.es\\\/noticias\\\/orquesta-de-flautas-en-ciclo-atmosferas\\\/#breadcrumb\",\"itemListElement\":[{\"@type\":\"ListItem\",\"position\":1,\"name\":\"Portada\",\"item\":\"https:\\\/\\\/csma.es\\\/en\\\/\"},{\"@type\":\"ListItem\",\"position\":2,\"name\":\"ORQUESTA DE FLAUTAS EN CICLO ATM\u00d3SFERAS\"}]},{\"@type\":\"WebSite\",\"@id\":\"https:\\\/\\\/csma.es\\\/#website\",\"url\":\"https:\\\/\\\/csma.es\\\/\",\"name\":\"CSMA\",\"description\":\"Conservatorio Superior de M\u00fasica de Arag\u00f3n\",\"publisher\":{\"@id\":\"https:\\\/\\\/csma.es\\\/#organization\"},\"potentialAction\":[{\"@type\":\"SearchAction\",\"target\":{\"@type\":\"EntryPoint\",\"urlTemplate\":\"https:\\\/\\\/csma.es\\\/?s={search_term_string}\"},\"query-input\":{\"@type\":\"PropertyValueSpecification\",\"valueRequired\":true,\"valueName\":\"search_term_string\"}}],\"inLanguage\":\"en-US\"},{\"@type\":\"Organization\",\"@id\":\"https:\\\/\\\/csma.es\\\/#organization\",\"name\":\"Conservatorio Superior de M\u00fasica de Arag\u00f3n\",\"url\":\"https:\\\/\\\/csma.es\\\/\",\"logo\":{\"@type\":\"ImageObject\",\"inLanguage\":\"en-US\",\"@id\":\"https:\\\/\\\/csma.es\\\/#\\\/schema\\\/logo\\\/image\\\/\",\"url\":\"https:\\\/\\\/csma.es\\\/wp-content\\\/uploads\\\/2025\\\/04\\\/cropped-logo-csma-40anos-vertical-sintexto-positivo.png\",\"contentUrl\":\"https:\\\/\\\/csma.es\\\/wp-content\\\/uploads\\\/2025\\\/04\\\/cropped-logo-csma-40anos-vertical-sintexto-positivo.png\",\"width\":512,\"height\":512,\"caption\":\"Conservatorio Superior de M\u00fasica de Arag\u00f3n\"},\"image\":{\"@id\":\"https:\\\/\\\/csma.es\\\/#\\\/schema\\\/logo\\\/image\\\/\"},\"sameAs\":[\"https:\\\/\\\/www.facebook.com\\\/CSMAragon\\\/\",\"https:\\\/\\\/x.com\\\/csmaconser\",\"https:\\\/\\\/www.instagram.com\\\/csmaragon\\\/\",\"https:\\\/\\\/www.youtube.com\\\/channel\\\/UCcsLLtgZJUhz11-3Aj1sv3w\"]},{\"@type\":\"Person\",\"@id\":\"https:\\\/\\\/csma.es\\\/#\\\/schema\\\/person\\\/dd9e345cd1ec5925a5e8927a0cb3fc69\",\"name\":\"TICS CSMA\"}]}<\/script>\n<!-- \/ Yoast SEO plugin. -->","yoast_head_json":{"title":"ORQUESTA DE FLAUTAS EN CICLO ATM\u00d3SFERAS - CSMA","robots":{"index":"index","follow":"follow","max-snippet":"max-snippet:-1","max-image-preview":"max-image-preview:large","max-video-preview":"max-video-preview:-1"},"canonical":"https:\/\/csma.es\/noticias\/orquesta-de-flautas-en-ciclo-atmosferas\/","og_locale":"en_US","og_type":"article","og_title":"ORQUESTA DE FLAUTAS EN CICLO ATM\u00d3SFERAS - CSMA","og_description":"Pr\u00f3xima cita en el Ciclo Atm\u00f3sferas el lunes 24 de marzo a las 19:30 h. Esta vez a cargo de la Orquesta de Flautas del...","og_url":"https:\/\/csma.es\/noticias\/orquesta-de-flautas-en-ciclo-atmosferas\/","og_site_name":"CSMA","article_publisher":"https:\/\/www.facebook.com\/CSMAragon\/","article_published_time":"2025-03-18T16:49:58+00:00","og_image":[{"width":1920,"height":1080,"url":"https:\/\/csma.es\/wp-content\/uploads\/2025\/03\/240325_ORQUESTA-DE-FLAUTAS_ATMOSFERAS.jpg","type":"image\/jpeg"}],"author":"TICS CSMA","twitter_card":"summary_large_image","twitter_creator":"@csmaconser","twitter_site":"@csmaconser","twitter_misc":{"Written by":"TICS CSMA","Est. reading time":"2 minutes"},"schema":{"@context":"https:\/\/schema.org","@graph":[{"@type":"Article","@id":"https:\/\/csma.es\/noticias\/orquesta-de-flautas-en-ciclo-atmosferas\/#article","isPartOf":{"@id":"https:\/\/csma.es\/noticias\/orquesta-de-flautas-en-ciclo-atmosferas\/"},"author":{"name":"TICS CSMA","@id":"https:\/\/csma.es\/#\/schema\/person\/dd9e345cd1ec5925a5e8927a0cb3fc69"},"headline":"ORQUESTA DE FLAUTAS EN CICLO ATM\u00d3SFERAS","datePublished":"2025-03-18T16:49:58+00:00","mainEntityOfPage":{"@id":"https:\/\/csma.es\/noticias\/orquesta-de-flautas-en-ciclo-atmosferas\/"},"wordCount":358,"commentCount":0,"publisher":{"@id":"https:\/\/csma.es\/#organization"},"image":{"@id":"https:\/\/csma.es\/noticias\/orquesta-de-flautas-en-ciclo-atmosferas\/#primaryimage"},"thumbnailUrl":"https:\/\/csma.es\/wp-content\/uploads\/2025\/03\/240325_ORQUESTA-DE-FLAUTAS_ATMOSFERAS.jpg","articleSection":["Noticias"],"inLanguage":"en-US","potentialAction":[{"@type":"CommentAction","name":"Comment","target":["https:\/\/csma.es\/noticias\/orquesta-de-flautas-en-ciclo-atmosferas\/#respond"]}]},{"@type":"WebPage","@id":"https:\/\/csma.es\/noticias\/orquesta-de-flautas-en-ciclo-atmosferas\/","url":"https:\/\/csma.es\/noticias\/orquesta-de-flautas-en-ciclo-atmosferas\/","name":"ORQUESTA DE FLAUTAS EN CICLO ATM\u00d3SFERAS - CSMA","isPartOf":{"@id":"https:\/\/csma.es\/#website"},"primaryImageOfPage":{"@id":"https:\/\/csma.es\/noticias\/orquesta-de-flautas-en-ciclo-atmosferas\/#primaryimage"},"image":{"@id":"https:\/\/csma.es\/noticias\/orquesta-de-flautas-en-ciclo-atmosferas\/#primaryimage"},"thumbnailUrl":"https:\/\/csma.es\/wp-content\/uploads\/2025\/03\/240325_ORQUESTA-DE-FLAUTAS_ATMOSFERAS.jpg","datePublished":"2025-03-18T16:49:58+00:00","breadcrumb":{"@id":"https:\/\/csma.es\/noticias\/orquesta-de-flautas-en-ciclo-atmosferas\/#breadcrumb"},"inLanguage":"en-US","potentialAction":[{"@type":"ReadAction","target":["https:\/\/csma.es\/noticias\/orquesta-de-flautas-en-ciclo-atmosferas\/"]}]},{"@type":"ImageObject","inLanguage":"en-US","@id":"https:\/\/csma.es\/noticias\/orquesta-de-flautas-en-ciclo-atmosferas\/#primaryimage","url":"https:\/\/csma.es\/wp-content\/uploads\/2025\/03\/240325_ORQUESTA-DE-FLAUTAS_ATMOSFERAS.jpg","contentUrl":"https:\/\/csma.es\/wp-content\/uploads\/2025\/03\/240325_ORQUESTA-DE-FLAUTAS_ATMOSFERAS.jpg","width":1920,"height":1080},{"@type":"BreadcrumbList","@id":"https:\/\/csma.es\/noticias\/orquesta-de-flautas-en-ciclo-atmosferas\/#breadcrumb","itemListElement":[{"@type":"ListItem","position":1,"name":"Portada","item":"https:\/\/csma.es\/en\/"},{"@type":"ListItem","position":2,"name":"ORQUESTA DE FLAUTAS EN CICLO ATM\u00d3SFERAS"}]},{"@type":"WebSite","@id":"https:\/\/csma.es\/#website","url":"https:\/\/csma.es\/","name":"CSMA","description":"Conservatorio Superior de M\u00fasica de Arag\u00f3n","publisher":{"@id":"https:\/\/csma.es\/#organization"},"potentialAction":[{"@type":"SearchAction","target":{"@type":"EntryPoint","urlTemplate":"https:\/\/csma.es\/?s={search_term_string}"},"query-input":{"@type":"PropertyValueSpecification","valueRequired":true,"valueName":"search_term_string"}}],"inLanguage":"en-US"},{"@type":"Organization","@id":"https:\/\/csma.es\/#organization","name":"Conservatorio Superior de M\u00fasica de Arag\u00f3n","url":"https:\/\/csma.es\/","logo":{"@type":"ImageObject","inLanguage":"en-US","@id":"https:\/\/csma.es\/#\/schema\/logo\/image\/","url":"https:\/\/csma.es\/wp-content\/uploads\/2025\/04\/cropped-logo-csma-40anos-vertical-sintexto-positivo.png","contentUrl":"https:\/\/csma.es\/wp-content\/uploads\/2025\/04\/cropped-logo-csma-40anos-vertical-sintexto-positivo.png","width":512,"height":512,"caption":"Conservatorio Superior de M\u00fasica de Arag\u00f3n"},"image":{"@id":"https:\/\/csma.es\/#\/schema\/logo\/image\/"},"sameAs":["https:\/\/www.facebook.com\/CSMAragon\/","https:\/\/x.com\/csmaconser","https:\/\/www.instagram.com\/csmaragon\/","https:\/\/www.youtube.com\/channel\/UCcsLLtgZJUhz11-3Aj1sv3w"]},{"@type":"Person","@id":"https:\/\/csma.es\/#\/schema\/person\/dd9e345cd1ec5925a5e8927a0cb3fc69","name":"TICS CSMA"}]}},"publishpress_future_action":{"enabled":false,"date":"2026-05-10 09:53:30","action":"change-status","newStatus":"draft","terms":[],"taxonomy":"category","extraData":[]},"publishpress_future_workflow_manual_trigger":{"enabledWorkflows":[]},"_links":{"self":[{"href":"https:\/\/csma.es\/en\/wp-json\/wp\/v2\/posts\/30341","targetHints":{"allow":["GET"]}}],"collection":[{"href":"https:\/\/csma.es\/en\/wp-json\/wp\/v2\/posts"}],"about":[{"href":"https:\/\/csma.es\/en\/wp-json\/wp\/v2\/types\/post"}],"author":[{"embeddable":true,"href":"https:\/\/csma.es\/en\/wp-json\/wp\/v2\/users\/3"}],"replies":[{"embeddable":true,"href":"https:\/\/csma.es\/en\/wp-json\/wp\/v2\/comments?post=30341"}],"version-history":[{"count":0,"href":"https:\/\/csma.es\/en\/wp-json\/wp\/v2\/posts\/30341\/revisions"}],"wp:featuredmedia":[{"embeddable":true,"href":"https:\/\/csma.es\/en\/wp-json\/wp\/v2\/media\/30328"}],"wp:attachment":[{"href":"https:\/\/csma.es\/en\/wp-json\/wp\/v2\/media?parent=30341"}],"wp:term":[{"taxonomy":"category","embeddable":true,"href":"https:\/\/csma.es\/en\/wp-json\/wp\/v2\/categories?post=30341"},{"taxonomy":"post_tag","embeddable":true,"href":"https:\/\/csma.es\/en\/wp-json\/wp\/v2\/tags?post=30341"}],"curies":[{"name":"wp","href":"https:\/\/api.w.org\/{rel}","templated":true}]}}