{"id":30092,"date":"2025-02-10T20:19:12","date_gmt":"2025-02-10T19:19:12","guid":{"rendered":"https:\/\/csma.es\/?p=30092"},"modified":"2025-02-10T20:19:12","modified_gmt":"2025-02-10T19:19:12","slug":"banda-de-oboes-y-fagotes-csma-en-el-ciclo-grandes-conciertos","status":"publish","type":"post","link":"https:\/\/csma.es\/en\/noticias\/banda-de-oboes-y-fagotes-csma-en-el-ciclo-grandes-conciertos\/","title":{"rendered":"BANDA DE OBOES Y FAGOTES CSMA EN EL CICLO GRANDES CONCIERTOS"},"content":{"rendered":"<p>Nueva cita en la programaci\u00f3n de Grandes Conciertos CSMA con la Banda de Oboes y Fagotes del CSMA, dirigida por Carlos Taranc\u00f3n.<\/p>\n<p>Ser\u00e1 el pr\u00f3ximo 13 de febrero a las 19:30 en el Auditorio del CSMA con entrada libre y retransmisi\u00f3n en Streaming a trav\u00e9s del Canal CSMA en Youtube.<\/p>\n<hr \/>\n<p><em>Simphonies pour les Soupers du Roy<\/em><\/p>\n<p>Una de las formaciones m\u00e1s ic\u00f3nicas y respetadas en la m\u00fasica barroca de Banda de Oboes y Fagotes fue la fundada por el rey Luis XIII, conocida como &#8220;Les Douze Grands Hautbois&#8221;. Este patrimonio musical fue legado a su hijo, el rey Luis XIV, Le Roi Soleil, quien gobern\u00f3 la corte francesa hasta principios del siglo XVIII y dej\u00f3 uno de los legados m\u00e1s ricos de repertorio original para esta formaci\u00f3n, que ha perdurado hasta nuestros d\u00edas.<\/p>\n<p>Uno de los compositores m\u00e1s destacados de la corte de Luis XIV fue Michel Richard de Lalande, quien compuso las c\u00e9lebres Simphonies pour les Soupers du Roy a finales del siglo XVII. Estas composiciones, pensadas para acompa\u00f1ar los banquetes reales, se podr\u00e1n disfrutar en este concierto interpretado por la Banda de Oboes y Fagotes del CSMA. El repertorio franc\u00e9s se completa con una de las obras de Joseph Bodin de Boismortier, quien escribi\u00f3 conciertos para conjuntos de cinco instrumentos iguales, que exploran la interacci\u00f3n y armon\u00eda entre los diferentes registros.<\/p>\n<p>Como contraste con el estilo franc\u00e9s del Barroco, el programa incluye dos arreglos de conciertos para \u00f3rgano del compositor Georg Friedrich H\u00e4ndel. En estos arreglos, la Banda de Oboes y Fagotes recrea el sonido natural de un \u00f3rgano, desplegando sus m\u00faltiples registros y explorando las vastas posibilidades sonoras que ofrece la distribuci\u00f3n individual de las voces dentro de la banda.<\/p>\n<p>\u00a1Esperamos que disfruten del concierto y de este viaje sonoro a trav\u00e9s de dos tradiciones musicales excepcionales!<\/p>\n<p>&nbsp;<\/p>\n<p><a href=\"https:\/\/csma.es\/wp-content\/uploads\/2025\/02\/QR_DOSIER_Oboes-y-fagotes_Grandes-Conciertos_-130225.pdf\" target=\"_blank\" rel=\"noopener\">PROGRAMA<\/a><\/p>\n","protected":false},"excerpt":{"rendered":"<p>Nueva cita en la programaci\u00f3n de Grandes Conciertos CSMA con la Banda de Oboes y Fagotes del CSMA, dirigida por Carlos Taranc\u00f3n. Ser\u00e1 el pr\u00f3ximo&#8230;<\/p>\n","protected":false},"author":3,"featured_media":30089,"comment_status":"open","ping_status":"open","sticky":false,"template":"","format":"standard","meta":{"footnotes":""},"categories":[368],"tags":[],"class_list":["post-30092","post","type-post","status-publish","format-standard","has-post-thumbnail","hentry","category-noticias"],"yoast_head":"<!-- This site is optimized with the Yoast SEO plugin v27.5 - https:\/\/yoast.com\/product\/yoast-seo-wordpress\/ -->\n<title>BANDA DE OBOES Y FAGOTES CSMA EN EL CICLO GRANDES CONCIERTOS - CSMA<\/title>\n<meta name=\"robots\" content=\"index, follow, max-snippet:-1, max-image-preview:large, max-video-preview:-1\" \/>\n<link rel=\"canonical\" href=\"https:\/\/csma.es\/noticias\/banda-de-oboes-y-fagotes-csma-en-el-ciclo-grandes-conciertos\/\" \/>\n<meta property=\"og:locale\" content=\"en_US\" \/>\n<meta property=\"og:type\" content=\"article\" \/>\n<meta property=\"og:title\" content=\"BANDA DE OBOES Y FAGOTES CSMA EN EL CICLO GRANDES CONCIERTOS - CSMA\" \/>\n<meta property=\"og:description\" content=\"Nueva cita en la programaci\u00f3n de Grandes Conciertos CSMA con la Banda de Oboes y Fagotes del CSMA, dirigida por Carlos Taranc\u00f3n. Ser\u00e1 el pr\u00f3ximo...\" \/>\n<meta property=\"og:url\" content=\"https:\/\/csma.es\/noticias\/banda-de-oboes-y-fagotes-csma-en-el-ciclo-grandes-conciertos\/\" \/>\n<meta property=\"og:site_name\" content=\"CSMA\" \/>\n<meta property=\"article:publisher\" content=\"https:\/\/www.facebook.com\/CSMAragon\/\" \/>\n<meta property=\"article:published_time\" content=\"2025-02-10T19:19:12+00:00\" \/>\n<meta property=\"og:image\" content=\"https:\/\/csma.es\/wp-content\/uploads\/2025\/02\/13022025_GRANDES-CONCIERTOS_BANDA-OBOES-Y-FAGOTES.jpg\" \/>\n\t<meta property=\"og:image:width\" content=\"960\" \/>\n\t<meta property=\"og:image:height\" content=\"540\" \/>\n\t<meta property=\"og:image:type\" content=\"image\/jpeg\" \/>\n<meta name=\"author\" content=\"TICS CSMA\" \/>\n<meta name=\"twitter:card\" content=\"summary_large_image\" \/>\n<meta name=\"twitter:creator\" content=\"@csmaconser\" \/>\n<meta name=\"twitter:site\" content=\"@csmaconser\" \/>\n<meta name=\"twitter:label1\" content=\"Written by\" \/>\n\t<meta name=\"twitter:data1\" content=\"TICS CSMA\" \/>\n\t<meta name=\"twitter:label2\" content=\"Est. reading time\" \/>\n\t<meta name=\"twitter:data2\" content=\"2 minutes\" \/>\n<script type=\"application\/ld+json\" class=\"yoast-schema-graph\">{\"@context\":\"https:\\\/\\\/schema.org\",\"@graph\":[{\"@type\":\"Article\",\"@id\":\"https:\\\/\\\/csma.es\\\/noticias\\\/banda-de-oboes-y-fagotes-csma-en-el-ciclo-grandes-conciertos\\\/#article\",\"isPartOf\":{\"@id\":\"https:\\\/\\\/csma.es\\\/noticias\\\/banda-de-oboes-y-fagotes-csma-en-el-ciclo-grandes-conciertos\\\/\"},\"author\":{\"name\":\"TICS CSMA\",\"@id\":\"https:\\\/\\\/csma.es\\\/#\\\/schema\\\/person\\\/dd9e345cd1ec5925a5e8927a0cb3fc69\"},\"headline\":\"BANDA DE OBOES Y FAGOTES CSMA EN EL CICLO GRANDES CONCIERTOS\",\"datePublished\":\"2025-02-10T19:19:12+00:00\",\"mainEntityOfPage\":{\"@id\":\"https:\\\/\\\/csma.es\\\/noticias\\\/banda-de-oboes-y-fagotes-csma-en-el-ciclo-grandes-conciertos\\\/\"},\"wordCount\":334,\"commentCount\":0,\"publisher\":{\"@id\":\"https:\\\/\\\/csma.es\\\/#organization\"},\"image\":{\"@id\":\"https:\\\/\\\/csma.es\\\/noticias\\\/banda-de-oboes-y-fagotes-csma-en-el-ciclo-grandes-conciertos\\\/#primaryimage\"},\"thumbnailUrl\":\"https:\\\/\\\/csma.es\\\/wp-content\\\/uploads\\\/2025\\\/02\\\/13022025_GRANDES-CONCIERTOS_BANDA-OBOES-Y-FAGOTES.jpg\",\"articleSection\":[\"Noticias\"],\"inLanguage\":\"en-US\",\"potentialAction\":[{\"@type\":\"CommentAction\",\"name\":\"Comment\",\"target\":[\"https:\\\/\\\/csma.es\\\/noticias\\\/banda-de-oboes-y-fagotes-csma-en-el-ciclo-grandes-conciertos\\\/#respond\"]}]},{\"@type\":\"WebPage\",\"@id\":\"https:\\\/\\\/csma.es\\\/noticias\\\/banda-de-oboes-y-fagotes-csma-en-el-ciclo-grandes-conciertos\\\/\",\"url\":\"https:\\\/\\\/csma.es\\\/noticias\\\/banda-de-oboes-y-fagotes-csma-en-el-ciclo-grandes-conciertos\\\/\",\"name\":\"BANDA DE OBOES Y FAGOTES CSMA EN EL CICLO GRANDES CONCIERTOS - CSMA\",\"isPartOf\":{\"@id\":\"https:\\\/\\\/csma.es\\\/#website\"},\"primaryImageOfPage\":{\"@id\":\"https:\\\/\\\/csma.es\\\/noticias\\\/banda-de-oboes-y-fagotes-csma-en-el-ciclo-grandes-conciertos\\\/#primaryimage\"},\"image\":{\"@id\":\"https:\\\/\\\/csma.es\\\/noticias\\\/banda-de-oboes-y-fagotes-csma-en-el-ciclo-grandes-conciertos\\\/#primaryimage\"},\"thumbnailUrl\":\"https:\\\/\\\/csma.es\\\/wp-content\\\/uploads\\\/2025\\\/02\\\/13022025_GRANDES-CONCIERTOS_BANDA-OBOES-Y-FAGOTES.jpg\",\"datePublished\":\"2025-02-10T19:19:12+00:00\",\"breadcrumb\":{\"@id\":\"https:\\\/\\\/csma.es\\\/noticias\\\/banda-de-oboes-y-fagotes-csma-en-el-ciclo-grandes-conciertos\\\/#breadcrumb\"},\"inLanguage\":\"en-US\",\"potentialAction\":[{\"@type\":\"ReadAction\",\"target\":[\"https:\\\/\\\/csma.es\\\/noticias\\\/banda-de-oboes-y-fagotes-csma-en-el-ciclo-grandes-conciertos\\\/\"]}]},{\"@type\":\"ImageObject\",\"inLanguage\":\"en-US\",\"@id\":\"https:\\\/\\\/csma.es\\\/noticias\\\/banda-de-oboes-y-fagotes-csma-en-el-ciclo-grandes-conciertos\\\/#primaryimage\",\"url\":\"https:\\\/\\\/csma.es\\\/wp-content\\\/uploads\\\/2025\\\/02\\\/13022025_GRANDES-CONCIERTOS_BANDA-OBOES-Y-FAGOTES.jpg\",\"contentUrl\":\"https:\\\/\\\/csma.es\\\/wp-content\\\/uploads\\\/2025\\\/02\\\/13022025_GRANDES-CONCIERTOS_BANDA-OBOES-Y-FAGOTES.jpg\",\"width\":960,\"height\":540},{\"@type\":\"BreadcrumbList\",\"@id\":\"https:\\\/\\\/csma.es\\\/noticias\\\/banda-de-oboes-y-fagotes-csma-en-el-ciclo-grandes-conciertos\\\/#breadcrumb\",\"itemListElement\":[{\"@type\":\"ListItem\",\"position\":1,\"name\":\"Portada\",\"item\":\"https:\\\/\\\/csma.es\\\/en\\\/\"},{\"@type\":\"ListItem\",\"position\":2,\"name\":\"BANDA DE OBOES Y FAGOTES CSMA EN EL CICLO GRANDES CONCIERTOS\"}]},{\"@type\":\"WebSite\",\"@id\":\"https:\\\/\\\/csma.es\\\/#website\",\"url\":\"https:\\\/\\\/csma.es\\\/\",\"name\":\"CSMA\",\"description\":\"Conservatorio Superior de M\u00fasica de Arag\u00f3n\",\"publisher\":{\"@id\":\"https:\\\/\\\/csma.es\\\/#organization\"},\"potentialAction\":[{\"@type\":\"SearchAction\",\"target\":{\"@type\":\"EntryPoint\",\"urlTemplate\":\"https:\\\/\\\/csma.es\\\/?s={search_term_string}\"},\"query-input\":{\"@type\":\"PropertyValueSpecification\",\"valueRequired\":true,\"valueName\":\"search_term_string\"}}],\"inLanguage\":\"en-US\"},{\"@type\":\"Organization\",\"@id\":\"https:\\\/\\\/csma.es\\\/#organization\",\"name\":\"Conservatorio Superior de M\u00fasica de Arag\u00f3n\",\"url\":\"https:\\\/\\\/csma.es\\\/\",\"logo\":{\"@type\":\"ImageObject\",\"inLanguage\":\"en-US\",\"@id\":\"https:\\\/\\\/csma.es\\\/#\\\/schema\\\/logo\\\/image\\\/\",\"url\":\"https:\\\/\\\/csma.es\\\/wp-content\\\/uploads\\\/2025\\\/04\\\/cropped-logo-csma-40anos-vertical-sintexto-positivo.png\",\"contentUrl\":\"https:\\\/\\\/csma.es\\\/wp-content\\\/uploads\\\/2025\\\/04\\\/cropped-logo-csma-40anos-vertical-sintexto-positivo.png\",\"width\":512,\"height\":512,\"caption\":\"Conservatorio Superior de M\u00fasica de Arag\u00f3n\"},\"image\":{\"@id\":\"https:\\\/\\\/csma.es\\\/#\\\/schema\\\/logo\\\/image\\\/\"},\"sameAs\":[\"https:\\\/\\\/www.facebook.com\\\/CSMAragon\\\/\",\"https:\\\/\\\/x.com\\\/csmaconser\",\"https:\\\/\\\/www.instagram.com\\\/csmaragon\\\/\",\"https:\\\/\\\/www.youtube.com\\\/channel\\\/UCcsLLtgZJUhz11-3Aj1sv3w\"]},{\"@type\":\"Person\",\"@id\":\"https:\\\/\\\/csma.es\\\/#\\\/schema\\\/person\\\/dd9e345cd1ec5925a5e8927a0cb3fc69\",\"name\":\"TICS CSMA\"}]}<\/script>\n<!-- \/ Yoast SEO plugin. -->","yoast_head_json":{"title":"BANDA DE OBOES Y FAGOTES CSMA EN EL CICLO GRANDES CONCIERTOS - CSMA","robots":{"index":"index","follow":"follow","max-snippet":"max-snippet:-1","max-image-preview":"max-image-preview:large","max-video-preview":"max-video-preview:-1"},"canonical":"https:\/\/csma.es\/noticias\/banda-de-oboes-y-fagotes-csma-en-el-ciclo-grandes-conciertos\/","og_locale":"en_US","og_type":"article","og_title":"BANDA DE OBOES Y FAGOTES CSMA EN EL CICLO GRANDES CONCIERTOS - CSMA","og_description":"Nueva cita en la programaci\u00f3n de Grandes Conciertos CSMA con la Banda de Oboes y Fagotes del CSMA, dirigida por Carlos Taranc\u00f3n. Ser\u00e1 el pr\u00f3ximo...","og_url":"https:\/\/csma.es\/noticias\/banda-de-oboes-y-fagotes-csma-en-el-ciclo-grandes-conciertos\/","og_site_name":"CSMA","article_publisher":"https:\/\/www.facebook.com\/CSMAragon\/","article_published_time":"2025-02-10T19:19:12+00:00","og_image":[{"width":960,"height":540,"url":"https:\/\/csma.es\/wp-content\/uploads\/2025\/02\/13022025_GRANDES-CONCIERTOS_BANDA-OBOES-Y-FAGOTES.jpg","type":"image\/jpeg"}],"author":"TICS CSMA","twitter_card":"summary_large_image","twitter_creator":"@csmaconser","twitter_site":"@csmaconser","twitter_misc":{"Written by":"TICS CSMA","Est. reading time":"2 minutes"},"schema":{"@context":"https:\/\/schema.org","@graph":[{"@type":"Article","@id":"https:\/\/csma.es\/noticias\/banda-de-oboes-y-fagotes-csma-en-el-ciclo-grandes-conciertos\/#article","isPartOf":{"@id":"https:\/\/csma.es\/noticias\/banda-de-oboes-y-fagotes-csma-en-el-ciclo-grandes-conciertos\/"},"author":{"name":"TICS CSMA","@id":"https:\/\/csma.es\/#\/schema\/person\/dd9e345cd1ec5925a5e8927a0cb3fc69"},"headline":"BANDA DE OBOES Y FAGOTES CSMA EN EL CICLO GRANDES CONCIERTOS","datePublished":"2025-02-10T19:19:12+00:00","mainEntityOfPage":{"@id":"https:\/\/csma.es\/noticias\/banda-de-oboes-y-fagotes-csma-en-el-ciclo-grandes-conciertos\/"},"wordCount":334,"commentCount":0,"publisher":{"@id":"https:\/\/csma.es\/#organization"},"image":{"@id":"https:\/\/csma.es\/noticias\/banda-de-oboes-y-fagotes-csma-en-el-ciclo-grandes-conciertos\/#primaryimage"},"thumbnailUrl":"https:\/\/csma.es\/wp-content\/uploads\/2025\/02\/13022025_GRANDES-CONCIERTOS_BANDA-OBOES-Y-FAGOTES.jpg","articleSection":["Noticias"],"inLanguage":"en-US","potentialAction":[{"@type":"CommentAction","name":"Comment","target":["https:\/\/csma.es\/noticias\/banda-de-oboes-y-fagotes-csma-en-el-ciclo-grandes-conciertos\/#respond"]}]},{"@type":"WebPage","@id":"https:\/\/csma.es\/noticias\/banda-de-oboes-y-fagotes-csma-en-el-ciclo-grandes-conciertos\/","url":"https:\/\/csma.es\/noticias\/banda-de-oboes-y-fagotes-csma-en-el-ciclo-grandes-conciertos\/","name":"BANDA DE OBOES Y FAGOTES CSMA EN EL CICLO GRANDES CONCIERTOS - CSMA","isPartOf":{"@id":"https:\/\/csma.es\/#website"},"primaryImageOfPage":{"@id":"https:\/\/csma.es\/noticias\/banda-de-oboes-y-fagotes-csma-en-el-ciclo-grandes-conciertos\/#primaryimage"},"image":{"@id":"https:\/\/csma.es\/noticias\/banda-de-oboes-y-fagotes-csma-en-el-ciclo-grandes-conciertos\/#primaryimage"},"thumbnailUrl":"https:\/\/csma.es\/wp-content\/uploads\/2025\/02\/13022025_GRANDES-CONCIERTOS_BANDA-OBOES-Y-FAGOTES.jpg","datePublished":"2025-02-10T19:19:12+00:00","breadcrumb":{"@id":"https:\/\/csma.es\/noticias\/banda-de-oboes-y-fagotes-csma-en-el-ciclo-grandes-conciertos\/#breadcrumb"},"inLanguage":"en-US","potentialAction":[{"@type":"ReadAction","target":["https:\/\/csma.es\/noticias\/banda-de-oboes-y-fagotes-csma-en-el-ciclo-grandes-conciertos\/"]}]},{"@type":"ImageObject","inLanguage":"en-US","@id":"https:\/\/csma.es\/noticias\/banda-de-oboes-y-fagotes-csma-en-el-ciclo-grandes-conciertos\/#primaryimage","url":"https:\/\/csma.es\/wp-content\/uploads\/2025\/02\/13022025_GRANDES-CONCIERTOS_BANDA-OBOES-Y-FAGOTES.jpg","contentUrl":"https:\/\/csma.es\/wp-content\/uploads\/2025\/02\/13022025_GRANDES-CONCIERTOS_BANDA-OBOES-Y-FAGOTES.jpg","width":960,"height":540},{"@type":"BreadcrumbList","@id":"https:\/\/csma.es\/noticias\/banda-de-oboes-y-fagotes-csma-en-el-ciclo-grandes-conciertos\/#breadcrumb","itemListElement":[{"@type":"ListItem","position":1,"name":"Portada","item":"https:\/\/csma.es\/en\/"},{"@type":"ListItem","position":2,"name":"BANDA DE OBOES Y FAGOTES CSMA EN EL CICLO GRANDES CONCIERTOS"}]},{"@type":"WebSite","@id":"https:\/\/csma.es\/#website","url":"https:\/\/csma.es\/","name":"CSMA","description":"Conservatorio Superior de M\u00fasica de Arag\u00f3n","publisher":{"@id":"https:\/\/csma.es\/#organization"},"potentialAction":[{"@type":"SearchAction","target":{"@type":"EntryPoint","urlTemplate":"https:\/\/csma.es\/?s={search_term_string}"},"query-input":{"@type":"PropertyValueSpecification","valueRequired":true,"valueName":"search_term_string"}}],"inLanguage":"en-US"},{"@type":"Organization","@id":"https:\/\/csma.es\/#organization","name":"Conservatorio Superior de M\u00fasica de Arag\u00f3n","url":"https:\/\/csma.es\/","logo":{"@type":"ImageObject","inLanguage":"en-US","@id":"https:\/\/csma.es\/#\/schema\/logo\/image\/","url":"https:\/\/csma.es\/wp-content\/uploads\/2025\/04\/cropped-logo-csma-40anos-vertical-sintexto-positivo.png","contentUrl":"https:\/\/csma.es\/wp-content\/uploads\/2025\/04\/cropped-logo-csma-40anos-vertical-sintexto-positivo.png","width":512,"height":512,"caption":"Conservatorio Superior de M\u00fasica de Arag\u00f3n"},"image":{"@id":"https:\/\/csma.es\/#\/schema\/logo\/image\/"},"sameAs":["https:\/\/www.facebook.com\/CSMAragon\/","https:\/\/x.com\/csmaconser","https:\/\/www.instagram.com\/csmaragon\/","https:\/\/www.youtube.com\/channel\/UCcsLLtgZJUhz11-3Aj1sv3w"]},{"@type":"Person","@id":"https:\/\/csma.es\/#\/schema\/person\/dd9e345cd1ec5925a5e8927a0cb3fc69","name":"TICS CSMA"}]}},"publishpress_future_action":{"enabled":false,"date":"2026-05-06 08:09:17","action":"change-status","newStatus":"draft","terms":[],"taxonomy":"category","extraData":[]},"publishpress_future_workflow_manual_trigger":{"enabledWorkflows":[]},"_links":{"self":[{"href":"https:\/\/csma.es\/en\/wp-json\/wp\/v2\/posts\/30092","targetHints":{"allow":["GET"]}}],"collection":[{"href":"https:\/\/csma.es\/en\/wp-json\/wp\/v2\/posts"}],"about":[{"href":"https:\/\/csma.es\/en\/wp-json\/wp\/v2\/types\/post"}],"author":[{"embeddable":true,"href":"https:\/\/csma.es\/en\/wp-json\/wp\/v2\/users\/3"}],"replies":[{"embeddable":true,"href":"https:\/\/csma.es\/en\/wp-json\/wp\/v2\/comments?post=30092"}],"version-history":[{"count":0,"href":"https:\/\/csma.es\/en\/wp-json\/wp\/v2\/posts\/30092\/revisions"}],"wp:featuredmedia":[{"embeddable":true,"href":"https:\/\/csma.es\/en\/wp-json\/wp\/v2\/media\/30089"}],"wp:attachment":[{"href":"https:\/\/csma.es\/en\/wp-json\/wp\/v2\/media?parent=30092"}],"wp:term":[{"taxonomy":"category","embeddable":true,"href":"https:\/\/csma.es\/en\/wp-json\/wp\/v2\/categories?post=30092"},{"taxonomy":"post_tag","embeddable":true,"href":"https:\/\/csma.es\/en\/wp-json\/wp\/v2\/tags?post=30092"}],"curies":[{"name":"wp","href":"https:\/\/api.w.org\/{rel}","templated":true}]}}