{"id":29876,"date":"2025-01-28T18:55:39","date_gmt":"2025-01-28T17:55:39","guid":{"rendered":"https:\/\/csma.es\/?p=29876"},"modified":"2025-01-28T18:55:39","modified_gmt":"2025-01-28T17:55:39","slug":"maria-jose-garcia-zamora","status":"publish","type":"post","link":"https:\/\/csma.es\/en\/profesorado-viento-y-percusion\/maria-jose-garcia-zamora\/","title":{"rendered":"MAR\u00cdA JOS\u00c9 GARC\u00cdA ZAMORA"},"content":{"rendered":"<p>Mar\u00eda Jos\u00e9 Garc\u00eda Zamora nace en Albatera (Alicante) en 1986. Comienza sus estudios musicales a la edad de nueve a\u00f1os en la escuela de la \u201cUni\u00f3n Musical La Aurora\u201d de su localidad, recibiendo clases de guitarra y saxof\u00f3n tenor. A los<br \/>\ntrece a\u00f1os empieza con las clases de fagot. En el a\u00f1o 2000 ingresa en el Conservatorio Profesional \u201cOscar Espl\u00e1\u201d de<br \/>\nAlicante, donde permanece hasta junio de 2005 bajo la tutela de Francisco Vanaclocha y David Arroyos. Seguidamente es aceptada en el Conservatorio Superior de Arag\u00f3n, en Zaragoza, en la clase de Juan Sapi\u00f1a. Finaliza sus estudios superiores en 2009, y el mismo a\u00f1o se traslada a Suiza para realizar el \u201cMaster of Arts in Music Performance\u201d en la Hochschule f\u00fcr Musik der Stadt Basel con el prestigioso fagotista Sergio Azzolini. Ese mismo a\u00f1o obtiene una de las becas otorgadas por Ibercaja para el perfeccionamiento musical. Tras su finalizaci\u00f3n en junio de 2011 contin\u00faa su desarrollo musical hasta 2013, realizando el M\u00e1ster de Solista en el mismo centro.<\/p>\n<p>Su experiencia orquestal se inicia en orquestas j\u00f3venes como Joven Orquesta Nacional de Espa\u00f1a (JONDE) y posteriormente la Gustav Mahler Jugendorchester (GMJO).<\/p>\n<p>A nivel profesional ha trabajado con la hr- Sinfonieorchester, Royal Liverpool Philharmonic Orchestra (RLPO), Deutsches Symphonie-Orchester Berlin (DSO), Rundfunk Sinfonieorchester Berlin (RSB), Konzerthaus Orchester Berlin,<br \/>\nDeutsche Oper Berlin, Orchestre de Chambre de Lausanne, Mahler Chamber Orchester (MCO), Kammerakademie Potsdam, M\u00fcnchener Kammerorchester, Festival Strings Lucerne, Kammerorchester Basel, Orquesta de Radio-Televisi\u00f3n<br \/>\nEspa\u00f1ola, Orquesta Sinf\u00f3nica del Palau de la M\u00fasica de Valencia, Orquesta del Palau de Les Arts de Valencia, Euskadiko Orkestra (Basque National Orchestra) y la Orquesta \u201cOviedo Filarmon\u00eda\u201d.<\/p>\n<p>En la temporada 2010\/11 fue academista de la Sinfonieorchester Basel dirigida por Dennis Russell Davies. En diciembre de 2012 gan\u00f3 la plaza de Fagot Solista en la Komische Oper de Berl\u00edn y desde la temporada 2013\/14 es miembro de<br \/>\nla misma.<\/p>\n<p>Desde 2010 es miembro fundador del Azahar Ensemble, quinteto de viento espa\u00f1ol ganadores en 2014 del 2o premio (primero desierto) y premio del p\u00fablico en el 63o Concurso Internacional del ARD de M\u00fanich.<\/p>\n","protected":false},"excerpt":{"rendered":"<p>Mar\u00eda Jos\u00e9 Garc\u00eda Zamora nace en Albatera (Alicante) en 1986. Comienza sus estudios musicales a la edad de nueve a\u00f1os en la escuela de la&#8230;<\/p>\n","protected":false},"author":3,"featured_media":29877,"comment_status":"open","ping_status":"open","sticky":false,"template":"","format":"standard","meta":{"footnotes":""},"categories":[398],"tags":[],"class_list":["post-29876","post","type-post","status-publish","format-standard","has-post-thumbnail","hentry","category-profesorado-viento-y-percusion"],"yoast_head":"<!-- This site is optimized with the Yoast SEO plugin v27.5 - https:\/\/yoast.com\/product\/yoast-seo-wordpress\/ -->\n<title>MAR\u00cdA JOS\u00c9 GARC\u00cdA ZAMORA - CSMA<\/title>\n<meta name=\"robots\" content=\"index, follow, max-snippet:-1, max-image-preview:large, max-video-preview:-1\" \/>\n<link rel=\"canonical\" href=\"https:\/\/csma.es\/profesorado-viento-y-percusion\/maria-jose-garcia-zamora\/\" \/>\n<meta property=\"og:locale\" content=\"en_US\" \/>\n<meta property=\"og:type\" content=\"article\" \/>\n<meta property=\"og:title\" content=\"MAR\u00cdA JOS\u00c9 GARC\u00cdA ZAMORA - CSMA\" \/>\n<meta property=\"og:description\" content=\"Mar\u00eda Jos\u00e9 Garc\u00eda Zamora nace en Albatera (Alicante) en 1986. Comienza sus estudios musicales a la edad de nueve a\u00f1os en la escuela de la...\" \/>\n<meta property=\"og:url\" content=\"https:\/\/csma.es\/profesorado-viento-y-percusion\/maria-jose-garcia-zamora\/\" \/>\n<meta property=\"og:site_name\" content=\"CSMA\" \/>\n<meta property=\"article:publisher\" content=\"https:\/\/www.facebook.com\/CSMAragon\/\" \/>\n<meta property=\"article:published_time\" content=\"2025-01-28T17:55:39+00:00\" \/>\n<meta property=\"og:image\" content=\"https:\/\/csma.es\/wp-content\/uploads\/2025\/01\/Maria-Jose-GZ.jpg\" \/>\n\t<meta property=\"og:image:width\" content=\"1365\" \/>\n\t<meta property=\"og:image:height\" content=\"2048\" \/>\n\t<meta property=\"og:image:type\" content=\"image\/jpeg\" \/>\n<meta name=\"author\" content=\"TICS CSMA\" \/>\n<meta name=\"twitter:card\" content=\"summary_large_image\" \/>\n<meta name=\"twitter:creator\" content=\"@csmaconser\" \/>\n<meta name=\"twitter:site\" content=\"@csmaconser\" \/>\n<meta name=\"twitter:label1\" content=\"Written by\" \/>\n\t<meta name=\"twitter:data1\" content=\"TICS CSMA\" \/>\n\t<meta name=\"twitter:label2\" content=\"Est. reading time\" \/>\n\t<meta name=\"twitter:data2\" content=\"2 minutes\" \/>\n<script type=\"application\/ld+json\" class=\"yoast-schema-graph\">{\"@context\":\"https:\\\/\\\/schema.org\",\"@graph\":[{\"@type\":\"Article\",\"@id\":\"https:\\\/\\\/csma.es\\\/profesorado-viento-y-percusion\\\/maria-jose-garcia-zamora\\\/#article\",\"isPartOf\":{\"@id\":\"https:\\\/\\\/csma.es\\\/profesorado-viento-y-percusion\\\/maria-jose-garcia-zamora\\\/\"},\"author\":{\"name\":\"TICS CSMA\",\"@id\":\"https:\\\/\\\/csma.es\\\/#\\\/schema\\\/person\\\/dd9e345cd1ec5925a5e8927a0cb3fc69\"},\"headline\":\"MAR\u00cdA JOS\u00c9 GARC\u00cdA ZAMORA\",\"datePublished\":\"2025-01-28T17:55:39+00:00\",\"mainEntityOfPage\":{\"@id\":\"https:\\\/\\\/csma.es\\\/profesorado-viento-y-percusion\\\/maria-jose-garcia-zamora\\\/\"},\"wordCount\":363,\"commentCount\":0,\"publisher\":{\"@id\":\"https:\\\/\\\/csma.es\\\/#organization\"},\"image\":{\"@id\":\"https:\\\/\\\/csma.es\\\/profesorado-viento-y-percusion\\\/maria-jose-garcia-zamora\\\/#primaryimage\"},\"thumbnailUrl\":\"https:\\\/\\\/csma.es\\\/wp-content\\\/uploads\\\/2025\\\/01\\\/Maria-Jose-GZ.jpg\",\"articleSection\":[\"Profesorado viento y percusi\u00f3n\"],\"inLanguage\":\"en-US\",\"potentialAction\":[{\"@type\":\"CommentAction\",\"name\":\"Comment\",\"target\":[\"https:\\\/\\\/csma.es\\\/profesorado-viento-y-percusion\\\/maria-jose-garcia-zamora\\\/#respond\"]}]},{\"@type\":\"WebPage\",\"@id\":\"https:\\\/\\\/csma.es\\\/profesorado-viento-y-percusion\\\/maria-jose-garcia-zamora\\\/\",\"url\":\"https:\\\/\\\/csma.es\\\/profesorado-viento-y-percusion\\\/maria-jose-garcia-zamora\\\/\",\"name\":\"MAR\u00cdA JOS\u00c9 GARC\u00cdA ZAMORA - CSMA\",\"isPartOf\":{\"@id\":\"https:\\\/\\\/csma.es\\\/#website\"},\"primaryImageOfPage\":{\"@id\":\"https:\\\/\\\/csma.es\\\/profesorado-viento-y-percusion\\\/maria-jose-garcia-zamora\\\/#primaryimage\"},\"image\":{\"@id\":\"https:\\\/\\\/csma.es\\\/profesorado-viento-y-percusion\\\/maria-jose-garcia-zamora\\\/#primaryimage\"},\"thumbnailUrl\":\"https:\\\/\\\/csma.es\\\/wp-content\\\/uploads\\\/2025\\\/01\\\/Maria-Jose-GZ.jpg\",\"datePublished\":\"2025-01-28T17:55:39+00:00\",\"breadcrumb\":{\"@id\":\"https:\\\/\\\/csma.es\\\/profesorado-viento-y-percusion\\\/maria-jose-garcia-zamora\\\/#breadcrumb\"},\"inLanguage\":\"en-US\",\"potentialAction\":[{\"@type\":\"ReadAction\",\"target\":[\"https:\\\/\\\/csma.es\\\/profesorado-viento-y-percusion\\\/maria-jose-garcia-zamora\\\/\"]}]},{\"@type\":\"ImageObject\",\"inLanguage\":\"en-US\",\"@id\":\"https:\\\/\\\/csma.es\\\/profesorado-viento-y-percusion\\\/maria-jose-garcia-zamora\\\/#primaryimage\",\"url\":\"https:\\\/\\\/csma.es\\\/wp-content\\\/uploads\\\/2025\\\/01\\\/Maria-Jose-GZ.jpg\",\"contentUrl\":\"https:\\\/\\\/csma.es\\\/wp-content\\\/uploads\\\/2025\\\/01\\\/Maria-Jose-GZ.jpg\",\"width\":1365,\"height\":2048},{\"@type\":\"BreadcrumbList\",\"@id\":\"https:\\\/\\\/csma.es\\\/profesorado-viento-y-percusion\\\/maria-jose-garcia-zamora\\\/#breadcrumb\",\"itemListElement\":[{\"@type\":\"ListItem\",\"position\":1,\"name\":\"Portada\",\"item\":\"https:\\\/\\\/csma.es\\\/en\\\/\"},{\"@type\":\"ListItem\",\"position\":2,\"name\":\"MAR\u00cdA JOS\u00c9 GARC\u00cdA ZAMORA\"}]},{\"@type\":\"WebSite\",\"@id\":\"https:\\\/\\\/csma.es\\\/#website\",\"url\":\"https:\\\/\\\/csma.es\\\/\",\"name\":\"CSMA\",\"description\":\"Conservatorio Superior de M\u00fasica de Arag\u00f3n\",\"publisher\":{\"@id\":\"https:\\\/\\\/csma.es\\\/#organization\"},\"potentialAction\":[{\"@type\":\"SearchAction\",\"target\":{\"@type\":\"EntryPoint\",\"urlTemplate\":\"https:\\\/\\\/csma.es\\\/?s={search_term_string}\"},\"query-input\":{\"@type\":\"PropertyValueSpecification\",\"valueRequired\":true,\"valueName\":\"search_term_string\"}}],\"inLanguage\":\"en-US\"},{\"@type\":\"Organization\",\"@id\":\"https:\\\/\\\/csma.es\\\/#organization\",\"name\":\"Conservatorio Superior de M\u00fasica de Arag\u00f3n\",\"url\":\"https:\\\/\\\/csma.es\\\/\",\"logo\":{\"@type\":\"ImageObject\",\"inLanguage\":\"en-US\",\"@id\":\"https:\\\/\\\/csma.es\\\/#\\\/schema\\\/logo\\\/image\\\/\",\"url\":\"https:\\\/\\\/csma.es\\\/wp-content\\\/uploads\\\/2025\\\/04\\\/cropped-logo-csma-40anos-vertical-sintexto-positivo.png\",\"contentUrl\":\"https:\\\/\\\/csma.es\\\/wp-content\\\/uploads\\\/2025\\\/04\\\/cropped-logo-csma-40anos-vertical-sintexto-positivo.png\",\"width\":512,\"height\":512,\"caption\":\"Conservatorio Superior de M\u00fasica de Arag\u00f3n\"},\"image\":{\"@id\":\"https:\\\/\\\/csma.es\\\/#\\\/schema\\\/logo\\\/image\\\/\"},\"sameAs\":[\"https:\\\/\\\/www.facebook.com\\\/CSMAragon\\\/\",\"https:\\\/\\\/x.com\\\/csmaconser\",\"https:\\\/\\\/www.instagram.com\\\/csmaragon\\\/\",\"https:\\\/\\\/www.youtube.com\\\/channel\\\/UCcsLLtgZJUhz11-3Aj1sv3w\"]},{\"@type\":\"Person\",\"@id\":\"https:\\\/\\\/csma.es\\\/#\\\/schema\\\/person\\\/dd9e345cd1ec5925a5e8927a0cb3fc69\",\"name\":\"TICS CSMA\"}]}<\/script>\n<!-- \/ Yoast SEO plugin. -->","yoast_head_json":{"title":"MAR\u00cdA JOS\u00c9 GARC\u00cdA ZAMORA - CSMA","robots":{"index":"index","follow":"follow","max-snippet":"max-snippet:-1","max-image-preview":"max-image-preview:large","max-video-preview":"max-video-preview:-1"},"canonical":"https:\/\/csma.es\/profesorado-viento-y-percusion\/maria-jose-garcia-zamora\/","og_locale":"en_US","og_type":"article","og_title":"MAR\u00cdA JOS\u00c9 GARC\u00cdA ZAMORA - CSMA","og_description":"Mar\u00eda Jos\u00e9 Garc\u00eda Zamora nace en Albatera (Alicante) en 1986. Comienza sus estudios musicales a la edad de nueve a\u00f1os en la escuela de la...","og_url":"https:\/\/csma.es\/profesorado-viento-y-percusion\/maria-jose-garcia-zamora\/","og_site_name":"CSMA","article_publisher":"https:\/\/www.facebook.com\/CSMAragon\/","article_published_time":"2025-01-28T17:55:39+00:00","og_image":[{"width":1365,"height":2048,"url":"https:\/\/csma.es\/wp-content\/uploads\/2025\/01\/Maria-Jose-GZ.jpg","type":"image\/jpeg"}],"author":"TICS CSMA","twitter_card":"summary_large_image","twitter_creator":"@csmaconser","twitter_site":"@csmaconser","twitter_misc":{"Written by":"TICS CSMA","Est. reading time":"2 minutes"},"schema":{"@context":"https:\/\/schema.org","@graph":[{"@type":"Article","@id":"https:\/\/csma.es\/profesorado-viento-y-percusion\/maria-jose-garcia-zamora\/#article","isPartOf":{"@id":"https:\/\/csma.es\/profesorado-viento-y-percusion\/maria-jose-garcia-zamora\/"},"author":{"name":"TICS CSMA","@id":"https:\/\/csma.es\/#\/schema\/person\/dd9e345cd1ec5925a5e8927a0cb3fc69"},"headline":"MAR\u00cdA JOS\u00c9 GARC\u00cdA ZAMORA","datePublished":"2025-01-28T17:55:39+00:00","mainEntityOfPage":{"@id":"https:\/\/csma.es\/profesorado-viento-y-percusion\/maria-jose-garcia-zamora\/"},"wordCount":363,"commentCount":0,"publisher":{"@id":"https:\/\/csma.es\/#organization"},"image":{"@id":"https:\/\/csma.es\/profesorado-viento-y-percusion\/maria-jose-garcia-zamora\/#primaryimage"},"thumbnailUrl":"https:\/\/csma.es\/wp-content\/uploads\/2025\/01\/Maria-Jose-GZ.jpg","articleSection":["Profesorado viento y percusi\u00f3n"],"inLanguage":"en-US","potentialAction":[{"@type":"CommentAction","name":"Comment","target":["https:\/\/csma.es\/profesorado-viento-y-percusion\/maria-jose-garcia-zamora\/#respond"]}]},{"@type":"WebPage","@id":"https:\/\/csma.es\/profesorado-viento-y-percusion\/maria-jose-garcia-zamora\/","url":"https:\/\/csma.es\/profesorado-viento-y-percusion\/maria-jose-garcia-zamora\/","name":"MAR\u00cdA JOS\u00c9 GARC\u00cdA ZAMORA - CSMA","isPartOf":{"@id":"https:\/\/csma.es\/#website"},"primaryImageOfPage":{"@id":"https:\/\/csma.es\/profesorado-viento-y-percusion\/maria-jose-garcia-zamora\/#primaryimage"},"image":{"@id":"https:\/\/csma.es\/profesorado-viento-y-percusion\/maria-jose-garcia-zamora\/#primaryimage"},"thumbnailUrl":"https:\/\/csma.es\/wp-content\/uploads\/2025\/01\/Maria-Jose-GZ.jpg","datePublished":"2025-01-28T17:55:39+00:00","breadcrumb":{"@id":"https:\/\/csma.es\/profesorado-viento-y-percusion\/maria-jose-garcia-zamora\/#breadcrumb"},"inLanguage":"en-US","potentialAction":[{"@type":"ReadAction","target":["https:\/\/csma.es\/profesorado-viento-y-percusion\/maria-jose-garcia-zamora\/"]}]},{"@type":"ImageObject","inLanguage":"en-US","@id":"https:\/\/csma.es\/profesorado-viento-y-percusion\/maria-jose-garcia-zamora\/#primaryimage","url":"https:\/\/csma.es\/wp-content\/uploads\/2025\/01\/Maria-Jose-GZ.jpg","contentUrl":"https:\/\/csma.es\/wp-content\/uploads\/2025\/01\/Maria-Jose-GZ.jpg","width":1365,"height":2048},{"@type":"BreadcrumbList","@id":"https:\/\/csma.es\/profesorado-viento-y-percusion\/maria-jose-garcia-zamora\/#breadcrumb","itemListElement":[{"@type":"ListItem","position":1,"name":"Portada","item":"https:\/\/csma.es\/en\/"},{"@type":"ListItem","position":2,"name":"MAR\u00cdA JOS\u00c9 GARC\u00cdA ZAMORA"}]},{"@type":"WebSite","@id":"https:\/\/csma.es\/#website","url":"https:\/\/csma.es\/","name":"CSMA","description":"Conservatorio Superior de M\u00fasica de Arag\u00f3n","publisher":{"@id":"https:\/\/csma.es\/#organization"},"potentialAction":[{"@type":"SearchAction","target":{"@type":"EntryPoint","urlTemplate":"https:\/\/csma.es\/?s={search_term_string}"},"query-input":{"@type":"PropertyValueSpecification","valueRequired":true,"valueName":"search_term_string"}}],"inLanguage":"en-US"},{"@type":"Organization","@id":"https:\/\/csma.es\/#organization","name":"Conservatorio Superior de M\u00fasica de Arag\u00f3n","url":"https:\/\/csma.es\/","logo":{"@type":"ImageObject","inLanguage":"en-US","@id":"https:\/\/csma.es\/#\/schema\/logo\/image\/","url":"https:\/\/csma.es\/wp-content\/uploads\/2025\/04\/cropped-logo-csma-40anos-vertical-sintexto-positivo.png","contentUrl":"https:\/\/csma.es\/wp-content\/uploads\/2025\/04\/cropped-logo-csma-40anos-vertical-sintexto-positivo.png","width":512,"height":512,"caption":"Conservatorio Superior de M\u00fasica de Arag\u00f3n"},"image":{"@id":"https:\/\/csma.es\/#\/schema\/logo\/image\/"},"sameAs":["https:\/\/www.facebook.com\/CSMAragon\/","https:\/\/x.com\/csmaconser","https:\/\/www.instagram.com\/csmaragon\/","https:\/\/www.youtube.com\/channel\/UCcsLLtgZJUhz11-3Aj1sv3w"]},{"@type":"Person","@id":"https:\/\/csma.es\/#\/schema\/person\/dd9e345cd1ec5925a5e8927a0cb3fc69","name":"TICS CSMA"}]}},"publishpress_future_action":{"enabled":false,"date":"2026-05-07 09:58:35","action":"change-status","newStatus":"draft","terms":[],"taxonomy":"category","extraData":[]},"publishpress_future_workflow_manual_trigger":{"enabledWorkflows":[]},"_links":{"self":[{"href":"https:\/\/csma.es\/en\/wp-json\/wp\/v2\/posts\/29876","targetHints":{"allow":["GET"]}}],"collection":[{"href":"https:\/\/csma.es\/en\/wp-json\/wp\/v2\/posts"}],"about":[{"href":"https:\/\/csma.es\/en\/wp-json\/wp\/v2\/types\/post"}],"author":[{"embeddable":true,"href":"https:\/\/csma.es\/en\/wp-json\/wp\/v2\/users\/3"}],"replies":[{"embeddable":true,"href":"https:\/\/csma.es\/en\/wp-json\/wp\/v2\/comments?post=29876"}],"version-history":[{"count":0,"href":"https:\/\/csma.es\/en\/wp-json\/wp\/v2\/posts\/29876\/revisions"}],"wp:featuredmedia":[{"embeddable":true,"href":"https:\/\/csma.es\/en\/wp-json\/wp\/v2\/media\/29877"}],"wp:attachment":[{"href":"https:\/\/csma.es\/en\/wp-json\/wp\/v2\/media?parent=29876"}],"wp:term":[{"taxonomy":"category","embeddable":true,"href":"https:\/\/csma.es\/en\/wp-json\/wp\/v2\/categories?post=29876"},{"taxonomy":"post_tag","embeddable":true,"href":"https:\/\/csma.es\/en\/wp-json\/wp\/v2\/tags?post=29876"}],"curies":[{"name":"wp","href":"https:\/\/api.w.org\/{rel}","templated":true}]}}