{"id":29865,"date":"2025-01-26T23:00:44","date_gmt":"2025-01-26T22:00:44","guid":{"rendered":"https:\/\/csma.es\/?p=29865"},"modified":"2025-01-28T10:26:21","modified_gmt":"2025-01-28T09:26:21","slug":"pilar-tur-solista-con-el-octeto-de-violonchelos-csma","status":"publish","type":"post","link":"https:\/\/csma.es\/en\/noticias\/pilar-tur-solista-con-el-octeto-de-violonchelos-csma\/","title":{"rendered":"PILAR TUR, SOLISTA CON EL OCTETO DE VIOLONCHELOS CSMA"},"content":{"rendered":"<p style=\"text-align: justify;\">Este fin de semana se ha celebrado en el Auditorio Ant\u00f3n Garc\u00eda Abril el I Concurso de Solistas del Octeto de Violonchelo del CSMA. El jurado, formado por los profesores Laia Puig (CSMA), Mar\u00eda Isabel Quir\u00f3s (CPM Tarazona) y Dar\u00edo Sierra (CSMA),\u00a0 ha decidido por unanimidad seleccionar a <strong>Pilar Tur<\/strong> como ganadora del concurso. Pilar, estudiante de violonchelo en el CPM Huesca Antonio Vi\u00f1uales,\u00a0 tendr\u00e1 el honor de actuar como solista con el octeto CSMA en su pr\u00f3ximo concierto dentro del ciclo ATM\u00d3SFERAS, el pr\u00f3ximo 17 de marzo en el Auditorio Eduardo del Pueyo.<\/p>\n<p style=\"text-align: justify;\">Adem\u00e1s, debido al gran nivel de interpretaci\u00f3n demostrado por todos los participantes, el jurado ha decidido invitar a <strong>Violeta Moles<\/strong> y <strong>Pablo Sirvent<\/strong> a participar como miembros junto al octeto en algunas de las obras que formar\u00e1n parte de este proyecto.<\/p>\n<p style=\"text-align: justify;\">El jurado ha expresado su m\u00e1s sincero agradecimiento a todos los participantes, a sus familias y a su equipo docente por su apoyo constante en la formaci\u00f3n art\u00edstica de los candidatos.<\/p>\n","protected":false},"excerpt":{"rendered":"<p>Este fin de semana se ha celebrado en el Auditorio Ant\u00f3n Garc\u00eda Abril el I Concurso de Solistas del Octeto de Violonchelo del CSMA. El&#8230;<\/p>\n","protected":false},"author":3,"featured_media":29874,"comment_status":"open","ping_status":"open","sticky":false,"template":"","format":"standard","meta":{"footnotes":""},"categories":[368],"tags":[],"class_list":["post-29865","post","type-post","status-publish","format-standard","has-post-thumbnail","hentry","category-noticias"],"yoast_head":"<!-- This site is optimized with the Yoast SEO plugin v27.5 - https:\/\/yoast.com\/product\/yoast-seo-wordpress\/ -->\n<title>PILAR TUR, SOLISTA CON EL OCTETO DE VIOLONCHELOS CSMA - CSMA<\/title>\n<meta name=\"robots\" content=\"index, follow, max-snippet:-1, max-image-preview:large, max-video-preview:-1\" \/>\n<link rel=\"canonical\" href=\"https:\/\/csma.es\/noticias\/pilar-tur-solista-con-el-octeto-de-violonchelos-csma\/\" \/>\n<meta property=\"og:locale\" content=\"en_US\" \/>\n<meta property=\"og:type\" content=\"article\" \/>\n<meta property=\"og:title\" content=\"PILAR TUR, SOLISTA CON EL OCTETO DE VIOLONCHELOS CSMA - CSMA\" \/>\n<meta property=\"og:description\" content=\"Este fin de semana se ha celebrado en el Auditorio Ant\u00f3n Garc\u00eda Abril el I Concurso de Solistas del Octeto de Violonchelo del CSMA. El...\" \/>\n<meta property=\"og:url\" content=\"https:\/\/csma.es\/noticias\/pilar-tur-solista-con-el-octeto-de-violonchelos-csma\/\" \/>\n<meta property=\"og:site_name\" content=\"CSMA\" \/>\n<meta property=\"article:publisher\" content=\"https:\/\/www.facebook.com\/CSMAragon\/\" \/>\n<meta property=\"article:published_time\" content=\"2025-01-26T22:00:44+00:00\" \/>\n<meta property=\"article:modified_time\" content=\"2025-01-28T09:26:21+00:00\" \/>\n<meta property=\"og:image\" content=\"https:\/\/csma.es\/wp-content\/uploads\/2025\/01\/IMG_2440.jpg\" \/>\n\t<meta property=\"og:image:width\" content=\"1365\" \/>\n\t<meta property=\"og:image:height\" content=\"1365\" \/>\n\t<meta property=\"og:image:type\" content=\"image\/jpeg\" \/>\n<meta name=\"author\" content=\"TICS CSMA\" \/>\n<meta name=\"twitter:card\" content=\"summary_large_image\" \/>\n<meta name=\"twitter:creator\" content=\"@csmaconser\" \/>\n<meta name=\"twitter:site\" content=\"@csmaconser\" \/>\n<meta name=\"twitter:label1\" content=\"Written by\" \/>\n\t<meta name=\"twitter:data1\" content=\"TICS CSMA\" \/>\n\t<meta name=\"twitter:label2\" content=\"Est. reading time\" \/>\n\t<meta name=\"twitter:data2\" content=\"1 minute\" \/>\n<script type=\"application\/ld+json\" class=\"yoast-schema-graph\">{\"@context\":\"https:\\\/\\\/schema.org\",\"@graph\":[{\"@type\":\"Article\",\"@id\":\"https:\\\/\\\/csma.es\\\/noticias\\\/pilar-tur-solista-con-el-octeto-de-violonchelos-csma\\\/#article\",\"isPartOf\":{\"@id\":\"https:\\\/\\\/csma.es\\\/noticias\\\/pilar-tur-solista-con-el-octeto-de-violonchelos-csma\\\/\"},\"author\":{\"name\":\"TICS CSMA\",\"@id\":\"https:\\\/\\\/csma.es\\\/#\\\/schema\\\/person\\\/dd9e345cd1ec5925a5e8927a0cb3fc69\"},\"headline\":\"PILAR TUR, SOLISTA CON EL OCTETO DE VIOLONCHELOS CSMA\",\"datePublished\":\"2025-01-26T22:00:44+00:00\",\"dateModified\":\"2025-01-28T09:26:21+00:00\",\"mainEntityOfPage\":{\"@id\":\"https:\\\/\\\/csma.es\\\/noticias\\\/pilar-tur-solista-con-el-octeto-de-violonchelos-csma\\\/\"},\"wordCount\":189,\"commentCount\":0,\"publisher\":{\"@id\":\"https:\\\/\\\/csma.es\\\/#organization\"},\"image\":{\"@id\":\"https:\\\/\\\/csma.es\\\/noticias\\\/pilar-tur-solista-con-el-octeto-de-violonchelos-csma\\\/#primaryimage\"},\"thumbnailUrl\":\"https:\\\/\\\/csma.es\\\/wp-content\\\/uploads\\\/2025\\\/01\\\/IMG_2440.jpg\",\"articleSection\":[\"Noticias\"],\"inLanguage\":\"en-US\",\"potentialAction\":[{\"@type\":\"CommentAction\",\"name\":\"Comment\",\"target\":[\"https:\\\/\\\/csma.es\\\/noticias\\\/pilar-tur-solista-con-el-octeto-de-violonchelos-csma\\\/#respond\"]}]},{\"@type\":\"WebPage\",\"@id\":\"https:\\\/\\\/csma.es\\\/noticias\\\/pilar-tur-solista-con-el-octeto-de-violonchelos-csma\\\/\",\"url\":\"https:\\\/\\\/csma.es\\\/noticias\\\/pilar-tur-solista-con-el-octeto-de-violonchelos-csma\\\/\",\"name\":\"PILAR TUR, SOLISTA CON EL OCTETO DE VIOLONCHELOS CSMA - CSMA\",\"isPartOf\":{\"@id\":\"https:\\\/\\\/csma.es\\\/#website\"},\"primaryImageOfPage\":{\"@id\":\"https:\\\/\\\/csma.es\\\/noticias\\\/pilar-tur-solista-con-el-octeto-de-violonchelos-csma\\\/#primaryimage\"},\"image\":{\"@id\":\"https:\\\/\\\/csma.es\\\/noticias\\\/pilar-tur-solista-con-el-octeto-de-violonchelos-csma\\\/#primaryimage\"},\"thumbnailUrl\":\"https:\\\/\\\/csma.es\\\/wp-content\\\/uploads\\\/2025\\\/01\\\/IMG_2440.jpg\",\"datePublished\":\"2025-01-26T22:00:44+00:00\",\"dateModified\":\"2025-01-28T09:26:21+00:00\",\"breadcrumb\":{\"@id\":\"https:\\\/\\\/csma.es\\\/noticias\\\/pilar-tur-solista-con-el-octeto-de-violonchelos-csma\\\/#breadcrumb\"},\"inLanguage\":\"en-US\",\"potentialAction\":[{\"@type\":\"ReadAction\",\"target\":[\"https:\\\/\\\/csma.es\\\/noticias\\\/pilar-tur-solista-con-el-octeto-de-violonchelos-csma\\\/\"]}]},{\"@type\":\"ImageObject\",\"inLanguage\":\"en-US\",\"@id\":\"https:\\\/\\\/csma.es\\\/noticias\\\/pilar-tur-solista-con-el-octeto-de-violonchelos-csma\\\/#primaryimage\",\"url\":\"https:\\\/\\\/csma.es\\\/wp-content\\\/uploads\\\/2025\\\/01\\\/IMG_2440.jpg\",\"contentUrl\":\"https:\\\/\\\/csma.es\\\/wp-content\\\/uploads\\\/2025\\\/01\\\/IMG_2440.jpg\",\"width\":1365,\"height\":1365},{\"@type\":\"BreadcrumbList\",\"@id\":\"https:\\\/\\\/csma.es\\\/noticias\\\/pilar-tur-solista-con-el-octeto-de-violonchelos-csma\\\/#breadcrumb\",\"itemListElement\":[{\"@type\":\"ListItem\",\"position\":1,\"name\":\"Portada\",\"item\":\"https:\\\/\\\/csma.es\\\/en\\\/\"},{\"@type\":\"ListItem\",\"position\":2,\"name\":\"PILAR TUR, SOLISTA CON EL OCTETO DE VIOLONCHELOS CSMA\"}]},{\"@type\":\"WebSite\",\"@id\":\"https:\\\/\\\/csma.es\\\/#website\",\"url\":\"https:\\\/\\\/csma.es\\\/\",\"name\":\"CSMA\",\"description\":\"Conservatorio Superior de M\u00fasica de Arag\u00f3n\",\"publisher\":{\"@id\":\"https:\\\/\\\/csma.es\\\/#organization\"},\"potentialAction\":[{\"@type\":\"SearchAction\",\"target\":{\"@type\":\"EntryPoint\",\"urlTemplate\":\"https:\\\/\\\/csma.es\\\/?s={search_term_string}\"},\"query-input\":{\"@type\":\"PropertyValueSpecification\",\"valueRequired\":true,\"valueName\":\"search_term_string\"}}],\"inLanguage\":\"en-US\"},{\"@type\":\"Organization\",\"@id\":\"https:\\\/\\\/csma.es\\\/#organization\",\"name\":\"Conservatorio Superior de M\u00fasica de Arag\u00f3n\",\"url\":\"https:\\\/\\\/csma.es\\\/\",\"logo\":{\"@type\":\"ImageObject\",\"inLanguage\":\"en-US\",\"@id\":\"https:\\\/\\\/csma.es\\\/#\\\/schema\\\/logo\\\/image\\\/\",\"url\":\"https:\\\/\\\/csma.es\\\/wp-content\\\/uploads\\\/2025\\\/04\\\/cropped-logo-csma-40anos-vertical-sintexto-positivo.png\",\"contentUrl\":\"https:\\\/\\\/csma.es\\\/wp-content\\\/uploads\\\/2025\\\/04\\\/cropped-logo-csma-40anos-vertical-sintexto-positivo.png\",\"width\":512,\"height\":512,\"caption\":\"Conservatorio Superior de M\u00fasica de Arag\u00f3n\"},\"image\":{\"@id\":\"https:\\\/\\\/csma.es\\\/#\\\/schema\\\/logo\\\/image\\\/\"},\"sameAs\":[\"https:\\\/\\\/www.facebook.com\\\/CSMAragon\\\/\",\"https:\\\/\\\/x.com\\\/csmaconser\",\"https:\\\/\\\/www.instagram.com\\\/csmaragon\\\/\",\"https:\\\/\\\/www.youtube.com\\\/channel\\\/UCcsLLtgZJUhz11-3Aj1sv3w\"]},{\"@type\":\"Person\",\"@id\":\"https:\\\/\\\/csma.es\\\/#\\\/schema\\\/person\\\/dd9e345cd1ec5925a5e8927a0cb3fc69\",\"name\":\"TICS CSMA\"}]}<\/script>\n<!-- \/ Yoast SEO plugin. -->","yoast_head_json":{"title":"PILAR TUR, SOLISTA CON EL OCTETO DE VIOLONCHELOS CSMA - CSMA","robots":{"index":"index","follow":"follow","max-snippet":"max-snippet:-1","max-image-preview":"max-image-preview:large","max-video-preview":"max-video-preview:-1"},"canonical":"https:\/\/csma.es\/noticias\/pilar-tur-solista-con-el-octeto-de-violonchelos-csma\/","og_locale":"en_US","og_type":"article","og_title":"PILAR TUR, SOLISTA CON EL OCTETO DE VIOLONCHELOS CSMA - CSMA","og_description":"Este fin de semana se ha celebrado en el Auditorio Ant\u00f3n Garc\u00eda Abril el I Concurso de Solistas del Octeto de Violonchelo del CSMA. El...","og_url":"https:\/\/csma.es\/noticias\/pilar-tur-solista-con-el-octeto-de-violonchelos-csma\/","og_site_name":"CSMA","article_publisher":"https:\/\/www.facebook.com\/CSMAragon\/","article_published_time":"2025-01-26T22:00:44+00:00","article_modified_time":"2025-01-28T09:26:21+00:00","og_image":[{"width":1365,"height":1365,"url":"https:\/\/csma.es\/wp-content\/uploads\/2025\/01\/IMG_2440.jpg","type":"image\/jpeg"}],"author":"TICS CSMA","twitter_card":"summary_large_image","twitter_creator":"@csmaconser","twitter_site":"@csmaconser","twitter_misc":{"Written by":"TICS CSMA","Est. reading time":"1 minute"},"schema":{"@context":"https:\/\/schema.org","@graph":[{"@type":"Article","@id":"https:\/\/csma.es\/noticias\/pilar-tur-solista-con-el-octeto-de-violonchelos-csma\/#article","isPartOf":{"@id":"https:\/\/csma.es\/noticias\/pilar-tur-solista-con-el-octeto-de-violonchelos-csma\/"},"author":{"name":"TICS CSMA","@id":"https:\/\/csma.es\/#\/schema\/person\/dd9e345cd1ec5925a5e8927a0cb3fc69"},"headline":"PILAR TUR, SOLISTA CON EL OCTETO DE VIOLONCHELOS CSMA","datePublished":"2025-01-26T22:00:44+00:00","dateModified":"2025-01-28T09:26:21+00:00","mainEntityOfPage":{"@id":"https:\/\/csma.es\/noticias\/pilar-tur-solista-con-el-octeto-de-violonchelos-csma\/"},"wordCount":189,"commentCount":0,"publisher":{"@id":"https:\/\/csma.es\/#organization"},"image":{"@id":"https:\/\/csma.es\/noticias\/pilar-tur-solista-con-el-octeto-de-violonchelos-csma\/#primaryimage"},"thumbnailUrl":"https:\/\/csma.es\/wp-content\/uploads\/2025\/01\/IMG_2440.jpg","articleSection":["Noticias"],"inLanguage":"en-US","potentialAction":[{"@type":"CommentAction","name":"Comment","target":["https:\/\/csma.es\/noticias\/pilar-tur-solista-con-el-octeto-de-violonchelos-csma\/#respond"]}]},{"@type":"WebPage","@id":"https:\/\/csma.es\/noticias\/pilar-tur-solista-con-el-octeto-de-violonchelos-csma\/","url":"https:\/\/csma.es\/noticias\/pilar-tur-solista-con-el-octeto-de-violonchelos-csma\/","name":"PILAR TUR, SOLISTA CON EL OCTETO DE VIOLONCHELOS CSMA - CSMA","isPartOf":{"@id":"https:\/\/csma.es\/#website"},"primaryImageOfPage":{"@id":"https:\/\/csma.es\/noticias\/pilar-tur-solista-con-el-octeto-de-violonchelos-csma\/#primaryimage"},"image":{"@id":"https:\/\/csma.es\/noticias\/pilar-tur-solista-con-el-octeto-de-violonchelos-csma\/#primaryimage"},"thumbnailUrl":"https:\/\/csma.es\/wp-content\/uploads\/2025\/01\/IMG_2440.jpg","datePublished":"2025-01-26T22:00:44+00:00","dateModified":"2025-01-28T09:26:21+00:00","breadcrumb":{"@id":"https:\/\/csma.es\/noticias\/pilar-tur-solista-con-el-octeto-de-violonchelos-csma\/#breadcrumb"},"inLanguage":"en-US","potentialAction":[{"@type":"ReadAction","target":["https:\/\/csma.es\/noticias\/pilar-tur-solista-con-el-octeto-de-violonchelos-csma\/"]}]},{"@type":"ImageObject","inLanguage":"en-US","@id":"https:\/\/csma.es\/noticias\/pilar-tur-solista-con-el-octeto-de-violonchelos-csma\/#primaryimage","url":"https:\/\/csma.es\/wp-content\/uploads\/2025\/01\/IMG_2440.jpg","contentUrl":"https:\/\/csma.es\/wp-content\/uploads\/2025\/01\/IMG_2440.jpg","width":1365,"height":1365},{"@type":"BreadcrumbList","@id":"https:\/\/csma.es\/noticias\/pilar-tur-solista-con-el-octeto-de-violonchelos-csma\/#breadcrumb","itemListElement":[{"@type":"ListItem","position":1,"name":"Portada","item":"https:\/\/csma.es\/en\/"},{"@type":"ListItem","position":2,"name":"PILAR TUR, SOLISTA CON EL OCTETO DE VIOLONCHELOS CSMA"}]},{"@type":"WebSite","@id":"https:\/\/csma.es\/#website","url":"https:\/\/csma.es\/","name":"CSMA","description":"Conservatorio Superior de M\u00fasica de Arag\u00f3n","publisher":{"@id":"https:\/\/csma.es\/#organization"},"potentialAction":[{"@type":"SearchAction","target":{"@type":"EntryPoint","urlTemplate":"https:\/\/csma.es\/?s={search_term_string}"},"query-input":{"@type":"PropertyValueSpecification","valueRequired":true,"valueName":"search_term_string"}}],"inLanguage":"en-US"},{"@type":"Organization","@id":"https:\/\/csma.es\/#organization","name":"Conservatorio Superior de M\u00fasica de Arag\u00f3n","url":"https:\/\/csma.es\/","logo":{"@type":"ImageObject","inLanguage":"en-US","@id":"https:\/\/csma.es\/#\/schema\/logo\/image\/","url":"https:\/\/csma.es\/wp-content\/uploads\/2025\/04\/cropped-logo-csma-40anos-vertical-sintexto-positivo.png","contentUrl":"https:\/\/csma.es\/wp-content\/uploads\/2025\/04\/cropped-logo-csma-40anos-vertical-sintexto-positivo.png","width":512,"height":512,"caption":"Conservatorio Superior de M\u00fasica de Arag\u00f3n"},"image":{"@id":"https:\/\/csma.es\/#\/schema\/logo\/image\/"},"sameAs":["https:\/\/www.facebook.com\/CSMAragon\/","https:\/\/x.com\/csmaconser","https:\/\/www.instagram.com\/csmaragon\/","https:\/\/www.youtube.com\/channel\/UCcsLLtgZJUhz11-3Aj1sv3w"]},{"@type":"Person","@id":"https:\/\/csma.es\/#\/schema\/person\/dd9e345cd1ec5925a5e8927a0cb3fc69","name":"TICS CSMA"}]}},"publishpress_future_action":{"enabled":false,"date":"2026-05-08 02:36:55","action":"change-status","newStatus":"draft","terms":[],"taxonomy":"category","extraData":[]},"publishpress_future_workflow_manual_trigger":{"enabledWorkflows":[]},"_links":{"self":[{"href":"https:\/\/csma.es\/en\/wp-json\/wp\/v2\/posts\/29865","targetHints":{"allow":["GET"]}}],"collection":[{"href":"https:\/\/csma.es\/en\/wp-json\/wp\/v2\/posts"}],"about":[{"href":"https:\/\/csma.es\/en\/wp-json\/wp\/v2\/types\/post"}],"author":[{"embeddable":true,"href":"https:\/\/csma.es\/en\/wp-json\/wp\/v2\/users\/3"}],"replies":[{"embeddable":true,"href":"https:\/\/csma.es\/en\/wp-json\/wp\/v2\/comments?post=29865"}],"version-history":[{"count":0,"href":"https:\/\/csma.es\/en\/wp-json\/wp\/v2\/posts\/29865\/revisions"}],"wp:featuredmedia":[{"embeddable":true,"href":"https:\/\/csma.es\/en\/wp-json\/wp\/v2\/media\/29874"}],"wp:attachment":[{"href":"https:\/\/csma.es\/en\/wp-json\/wp\/v2\/media?parent=29865"}],"wp:term":[{"taxonomy":"category","embeddable":true,"href":"https:\/\/csma.es\/en\/wp-json\/wp\/v2\/categories?post=29865"},{"taxonomy":"post_tag","embeddable":true,"href":"https:\/\/csma.es\/en\/wp-json\/wp\/v2\/tags?post=29865"}],"curies":[{"name":"wp","href":"https:\/\/api.w.org\/{rel}","templated":true}]}}