{"id":29741,"date":"2025-01-08T12:12:57","date_gmt":"2025-01-08T11:12:57","guid":{"rendered":"https:\/\/csma.es\/?p=29741"},"modified":"2025-01-10T17:37:33","modified_gmt":"2025-01-10T16:37:33","slug":"ensemble-de-clarinetes-a-contrapunto","status":"publish","type":"post","link":"https:\/\/csma.es\/en\/noticias\/ensemble-de-clarinetes-a-contrapunto\/","title":{"rendered":"ENSEMBLE DE CLARINETES, A CONTRAPUNTO"},"content":{"rendered":"<p>El pr\u00f3ximo lunes 13 de enero el Ensemble de Clarinetes del CSMA, junto a los alumnos de la Escuela Municipal de Teatro de Zaragoza, ofrecer\u00e1n un nuevo concierto dentro del Ciclo Atm\u00f3sferas. Ser\u00e1 a las 19:30 h en el Auditorio Eduardo del Pueyo y la entrada es libre hasta completar aforo.<\/p>\n<hr \/>\n<p><strong><em>A contrapunto<\/em><\/strong><\/p>\n<p>En 1998, el poeta Jos\u00e9 Hierro public\u00f3 su libro de poemas Cuaderno de Nueva York, uno de sus poemarios m\u00e1s famosos y considerado como una de las obras m\u00e1s influyentes de la poes\u00eda contempor\u00e1nea. El libro comienza con el poema Rapsodia en blue, que adopta una estructura similar a la de una rapsodia musical, uniendo diferentes partes tem\u00e1ticas, as\u00ed como dislocaciones temporales como la imagen de Mozart leyendo a Unamuno. La m\u00fasica est\u00e1 presente en todo el poemario, que incluye referencias como \u201cEl la\u00fad\u201d, \u201cBeethoven ante el televisor\u201d, \u201cAlma Mahler hotel\u201d y \u201cA Contrapunto\u201d, que da nombre a este concierto. Seg\u00fan Hierro, &#8220;la m\u00fasica interviene en mis poemas porque pienso que gran parte de lo que ocurre en la poes\u00eda es a trav\u00e9s del ritmo, consider\u00e1ndola como m\u00fasica con palabras&#8221;.<\/p>\n<p>&nbsp;<\/p>\n<p>PRELUDIO ( Jos\u00e9 Hierro)<br \/>\nNew York Counterpoint- Steve Reich<br \/>\nRAPSODIA EN BLUE (Jos\u00e9 Hierro)<br \/>\nRapsodie in Blue- Georges Gershwin<br \/>\nBEETHOVEN FRENTE AL TELEVISOR (Jos\u00e9 Hierro)<br \/>\nAllegretto de la Sinfon\u00eda no 7- Ludwing Van Beethoven<br \/>\nALMA MAHLER HOTEL (Jos\u00e9 Hierro)<br \/>\nAdaghietto Sinfon\u00eda no5- Gustav Mahler<br \/>\nVIDA (Jos\u00e9 Hierro)<br \/>\nEnigma Variations &#8216;Nimrod&#8217; &#8211; Edgar Elgar<\/p>\n<p>&nbsp;<\/p>\n<p>Francisco A. Garc\u00eda, director<\/p>\n","protected":false},"excerpt":{"rendered":"<p>El pr\u00f3ximo lunes 13 de enero el Ensemble de Clarinetes del CSMA, junto a los alumnos de la Escuela Municipal de Teatro de Zaragoza, ofrecer\u00e1n&#8230;<\/p>\n","protected":false},"author":3,"featured_media":29762,"comment_status":"open","ping_status":"open","sticky":false,"template":"","format":"standard","meta":{"footnotes":""},"categories":[368],"tags":[],"class_list":["post-29741","post","type-post","status-publish","format-standard","has-post-thumbnail","hentry","category-noticias"],"yoast_head":"<!-- This site is optimized with the Yoast SEO plugin v27.5 - https:\/\/yoast.com\/product\/yoast-seo-wordpress\/ -->\n<title>ENSEMBLE DE CLARINETES, A CONTRAPUNTO - CSMA<\/title>\n<meta name=\"robots\" content=\"index, follow, max-snippet:-1, max-image-preview:large, max-video-preview:-1\" \/>\n<link rel=\"canonical\" href=\"https:\/\/csma.es\/noticias\/ensemble-de-clarinetes-a-contrapunto\/\" \/>\n<meta property=\"og:locale\" content=\"en_US\" \/>\n<meta property=\"og:type\" content=\"article\" \/>\n<meta property=\"og:title\" content=\"ENSEMBLE DE CLARINETES, A CONTRAPUNTO - CSMA\" \/>\n<meta property=\"og:description\" content=\"El pr\u00f3ximo lunes 13 de enero el Ensemble de Clarinetes del CSMA, junto a los alumnos de la Escuela Municipal de Teatro de Zaragoza, ofrecer\u00e1n...\" \/>\n<meta property=\"og:url\" content=\"https:\/\/csma.es\/noticias\/ensemble-de-clarinetes-a-contrapunto\/\" \/>\n<meta property=\"og:site_name\" content=\"CSMA\" \/>\n<meta property=\"article:publisher\" content=\"https:\/\/www.facebook.com\/CSMAragon\/\" \/>\n<meta property=\"article:published_time\" content=\"2025-01-08T11:12:57+00:00\" \/>\n<meta property=\"article:modified_time\" content=\"2025-01-10T16:37:33+00:00\" \/>\n<meta property=\"og:image\" content=\"https:\/\/csma.es\/wp-content\/uploads\/2025\/01\/13012025-ENSEMBLE-DE-CLARINETES.jpg\" \/>\n\t<meta property=\"og:image:width\" content=\"1920\" \/>\n\t<meta property=\"og:image:height\" content=\"1080\" \/>\n\t<meta property=\"og:image:type\" content=\"image\/jpeg\" \/>\n<meta name=\"author\" content=\"TICS CSMA\" \/>\n<meta name=\"twitter:card\" content=\"summary_large_image\" \/>\n<meta name=\"twitter:creator\" content=\"@csmaconser\" \/>\n<meta name=\"twitter:site\" content=\"@csmaconser\" \/>\n<meta name=\"twitter:label1\" content=\"Written by\" \/>\n\t<meta name=\"twitter:data1\" content=\"TICS CSMA\" \/>\n\t<meta name=\"twitter:label2\" content=\"Est. reading time\" \/>\n\t<meta name=\"twitter:data2\" content=\"2 minutes\" \/>\n<script type=\"application\/ld+json\" class=\"yoast-schema-graph\">{\"@context\":\"https:\\\/\\\/schema.org\",\"@graph\":[{\"@type\":\"Article\",\"@id\":\"https:\\\/\\\/csma.es\\\/noticias\\\/ensemble-de-clarinetes-a-contrapunto\\\/#article\",\"isPartOf\":{\"@id\":\"https:\\\/\\\/csma.es\\\/noticias\\\/ensemble-de-clarinetes-a-contrapunto\\\/\"},\"author\":{\"name\":\"TICS CSMA\",\"@id\":\"https:\\\/\\\/csma.es\\\/#\\\/schema\\\/person\\\/dd9e345cd1ec5925a5e8927a0cb3fc69\"},\"headline\":\"ENSEMBLE DE CLARINETES, A CONTRAPUNTO\",\"datePublished\":\"2025-01-08T11:12:57+00:00\",\"dateModified\":\"2025-01-10T16:37:33+00:00\",\"mainEntityOfPage\":{\"@id\":\"https:\\\/\\\/csma.es\\\/noticias\\\/ensemble-de-clarinetes-a-contrapunto\\\/\"},\"wordCount\":263,\"commentCount\":0,\"publisher\":{\"@id\":\"https:\\\/\\\/csma.es\\\/#organization\"},\"image\":{\"@id\":\"https:\\\/\\\/csma.es\\\/noticias\\\/ensemble-de-clarinetes-a-contrapunto\\\/#primaryimage\"},\"thumbnailUrl\":\"https:\\\/\\\/csma.es\\\/wp-content\\\/uploads\\\/2025\\\/01\\\/13012025-ENSEMBLE-DE-CLARINETES.jpg\",\"articleSection\":[\"Noticias\"],\"inLanguage\":\"en-US\",\"potentialAction\":[{\"@type\":\"CommentAction\",\"name\":\"Comment\",\"target\":[\"https:\\\/\\\/csma.es\\\/noticias\\\/ensemble-de-clarinetes-a-contrapunto\\\/#respond\"]}]},{\"@type\":\"WebPage\",\"@id\":\"https:\\\/\\\/csma.es\\\/noticias\\\/ensemble-de-clarinetes-a-contrapunto\\\/\",\"url\":\"https:\\\/\\\/csma.es\\\/noticias\\\/ensemble-de-clarinetes-a-contrapunto\\\/\",\"name\":\"ENSEMBLE DE CLARINETES, A CONTRAPUNTO - CSMA\",\"isPartOf\":{\"@id\":\"https:\\\/\\\/csma.es\\\/#website\"},\"primaryImageOfPage\":{\"@id\":\"https:\\\/\\\/csma.es\\\/noticias\\\/ensemble-de-clarinetes-a-contrapunto\\\/#primaryimage\"},\"image\":{\"@id\":\"https:\\\/\\\/csma.es\\\/noticias\\\/ensemble-de-clarinetes-a-contrapunto\\\/#primaryimage\"},\"thumbnailUrl\":\"https:\\\/\\\/csma.es\\\/wp-content\\\/uploads\\\/2025\\\/01\\\/13012025-ENSEMBLE-DE-CLARINETES.jpg\",\"datePublished\":\"2025-01-08T11:12:57+00:00\",\"dateModified\":\"2025-01-10T16:37:33+00:00\",\"breadcrumb\":{\"@id\":\"https:\\\/\\\/csma.es\\\/noticias\\\/ensemble-de-clarinetes-a-contrapunto\\\/#breadcrumb\"},\"inLanguage\":\"en-US\",\"potentialAction\":[{\"@type\":\"ReadAction\",\"target\":[\"https:\\\/\\\/csma.es\\\/noticias\\\/ensemble-de-clarinetes-a-contrapunto\\\/\"]}]},{\"@type\":\"ImageObject\",\"inLanguage\":\"en-US\",\"@id\":\"https:\\\/\\\/csma.es\\\/noticias\\\/ensemble-de-clarinetes-a-contrapunto\\\/#primaryimage\",\"url\":\"https:\\\/\\\/csma.es\\\/wp-content\\\/uploads\\\/2025\\\/01\\\/13012025-ENSEMBLE-DE-CLARINETES.jpg\",\"contentUrl\":\"https:\\\/\\\/csma.es\\\/wp-content\\\/uploads\\\/2025\\\/01\\\/13012025-ENSEMBLE-DE-CLARINETES.jpg\",\"width\":1920,\"height\":1080},{\"@type\":\"BreadcrumbList\",\"@id\":\"https:\\\/\\\/csma.es\\\/noticias\\\/ensemble-de-clarinetes-a-contrapunto\\\/#breadcrumb\",\"itemListElement\":[{\"@type\":\"ListItem\",\"position\":1,\"name\":\"Portada\",\"item\":\"https:\\\/\\\/csma.es\\\/en\\\/\"},{\"@type\":\"ListItem\",\"position\":2,\"name\":\"ENSEMBLE DE CLARINETES, A CONTRAPUNTO\"}]},{\"@type\":\"WebSite\",\"@id\":\"https:\\\/\\\/csma.es\\\/#website\",\"url\":\"https:\\\/\\\/csma.es\\\/\",\"name\":\"CSMA\",\"description\":\"Conservatorio Superior de M\u00fasica de Arag\u00f3n\",\"publisher\":{\"@id\":\"https:\\\/\\\/csma.es\\\/#organization\"},\"potentialAction\":[{\"@type\":\"SearchAction\",\"target\":{\"@type\":\"EntryPoint\",\"urlTemplate\":\"https:\\\/\\\/csma.es\\\/?s={search_term_string}\"},\"query-input\":{\"@type\":\"PropertyValueSpecification\",\"valueRequired\":true,\"valueName\":\"search_term_string\"}}],\"inLanguage\":\"en-US\"},{\"@type\":\"Organization\",\"@id\":\"https:\\\/\\\/csma.es\\\/#organization\",\"name\":\"Conservatorio Superior de M\u00fasica de Arag\u00f3n\",\"url\":\"https:\\\/\\\/csma.es\\\/\",\"logo\":{\"@type\":\"ImageObject\",\"inLanguage\":\"en-US\",\"@id\":\"https:\\\/\\\/csma.es\\\/#\\\/schema\\\/logo\\\/image\\\/\",\"url\":\"https:\\\/\\\/csma.es\\\/wp-content\\\/uploads\\\/2025\\\/04\\\/cropped-logo-csma-40anos-vertical-sintexto-positivo.png\",\"contentUrl\":\"https:\\\/\\\/csma.es\\\/wp-content\\\/uploads\\\/2025\\\/04\\\/cropped-logo-csma-40anos-vertical-sintexto-positivo.png\",\"width\":512,\"height\":512,\"caption\":\"Conservatorio Superior de M\u00fasica de Arag\u00f3n\"},\"image\":{\"@id\":\"https:\\\/\\\/csma.es\\\/#\\\/schema\\\/logo\\\/image\\\/\"},\"sameAs\":[\"https:\\\/\\\/www.facebook.com\\\/CSMAragon\\\/\",\"https:\\\/\\\/x.com\\\/csmaconser\",\"https:\\\/\\\/www.instagram.com\\\/csmaragon\\\/\",\"https:\\\/\\\/www.youtube.com\\\/channel\\\/UCcsLLtgZJUhz11-3Aj1sv3w\"]},{\"@type\":\"Person\",\"@id\":\"https:\\\/\\\/csma.es\\\/#\\\/schema\\\/person\\\/dd9e345cd1ec5925a5e8927a0cb3fc69\",\"name\":\"TICS CSMA\"}]}<\/script>\n<!-- \/ Yoast SEO plugin. -->","yoast_head_json":{"title":"ENSEMBLE DE CLARINETES, A CONTRAPUNTO - CSMA","robots":{"index":"index","follow":"follow","max-snippet":"max-snippet:-1","max-image-preview":"max-image-preview:large","max-video-preview":"max-video-preview:-1"},"canonical":"https:\/\/csma.es\/noticias\/ensemble-de-clarinetes-a-contrapunto\/","og_locale":"en_US","og_type":"article","og_title":"ENSEMBLE DE CLARINETES, A CONTRAPUNTO - CSMA","og_description":"El pr\u00f3ximo lunes 13 de enero el Ensemble de Clarinetes del CSMA, junto a los alumnos de la Escuela Municipal de Teatro de Zaragoza, ofrecer\u00e1n...","og_url":"https:\/\/csma.es\/noticias\/ensemble-de-clarinetes-a-contrapunto\/","og_site_name":"CSMA","article_publisher":"https:\/\/www.facebook.com\/CSMAragon\/","article_published_time":"2025-01-08T11:12:57+00:00","article_modified_time":"2025-01-10T16:37:33+00:00","og_image":[{"width":1920,"height":1080,"url":"https:\/\/csma.es\/wp-content\/uploads\/2025\/01\/13012025-ENSEMBLE-DE-CLARINETES.jpg","type":"image\/jpeg"}],"author":"TICS CSMA","twitter_card":"summary_large_image","twitter_creator":"@csmaconser","twitter_site":"@csmaconser","twitter_misc":{"Written by":"TICS CSMA","Est. reading time":"2 minutes"},"schema":{"@context":"https:\/\/schema.org","@graph":[{"@type":"Article","@id":"https:\/\/csma.es\/noticias\/ensemble-de-clarinetes-a-contrapunto\/#article","isPartOf":{"@id":"https:\/\/csma.es\/noticias\/ensemble-de-clarinetes-a-contrapunto\/"},"author":{"name":"TICS CSMA","@id":"https:\/\/csma.es\/#\/schema\/person\/dd9e345cd1ec5925a5e8927a0cb3fc69"},"headline":"ENSEMBLE DE CLARINETES, A CONTRAPUNTO","datePublished":"2025-01-08T11:12:57+00:00","dateModified":"2025-01-10T16:37:33+00:00","mainEntityOfPage":{"@id":"https:\/\/csma.es\/noticias\/ensemble-de-clarinetes-a-contrapunto\/"},"wordCount":263,"commentCount":0,"publisher":{"@id":"https:\/\/csma.es\/#organization"},"image":{"@id":"https:\/\/csma.es\/noticias\/ensemble-de-clarinetes-a-contrapunto\/#primaryimage"},"thumbnailUrl":"https:\/\/csma.es\/wp-content\/uploads\/2025\/01\/13012025-ENSEMBLE-DE-CLARINETES.jpg","articleSection":["Noticias"],"inLanguage":"en-US","potentialAction":[{"@type":"CommentAction","name":"Comment","target":["https:\/\/csma.es\/noticias\/ensemble-de-clarinetes-a-contrapunto\/#respond"]}]},{"@type":"WebPage","@id":"https:\/\/csma.es\/noticias\/ensemble-de-clarinetes-a-contrapunto\/","url":"https:\/\/csma.es\/noticias\/ensemble-de-clarinetes-a-contrapunto\/","name":"ENSEMBLE DE CLARINETES, A CONTRAPUNTO - CSMA","isPartOf":{"@id":"https:\/\/csma.es\/#website"},"primaryImageOfPage":{"@id":"https:\/\/csma.es\/noticias\/ensemble-de-clarinetes-a-contrapunto\/#primaryimage"},"image":{"@id":"https:\/\/csma.es\/noticias\/ensemble-de-clarinetes-a-contrapunto\/#primaryimage"},"thumbnailUrl":"https:\/\/csma.es\/wp-content\/uploads\/2025\/01\/13012025-ENSEMBLE-DE-CLARINETES.jpg","datePublished":"2025-01-08T11:12:57+00:00","dateModified":"2025-01-10T16:37:33+00:00","breadcrumb":{"@id":"https:\/\/csma.es\/noticias\/ensemble-de-clarinetes-a-contrapunto\/#breadcrumb"},"inLanguage":"en-US","potentialAction":[{"@type":"ReadAction","target":["https:\/\/csma.es\/noticias\/ensemble-de-clarinetes-a-contrapunto\/"]}]},{"@type":"ImageObject","inLanguage":"en-US","@id":"https:\/\/csma.es\/noticias\/ensemble-de-clarinetes-a-contrapunto\/#primaryimage","url":"https:\/\/csma.es\/wp-content\/uploads\/2025\/01\/13012025-ENSEMBLE-DE-CLARINETES.jpg","contentUrl":"https:\/\/csma.es\/wp-content\/uploads\/2025\/01\/13012025-ENSEMBLE-DE-CLARINETES.jpg","width":1920,"height":1080},{"@type":"BreadcrumbList","@id":"https:\/\/csma.es\/noticias\/ensemble-de-clarinetes-a-contrapunto\/#breadcrumb","itemListElement":[{"@type":"ListItem","position":1,"name":"Portada","item":"https:\/\/csma.es\/en\/"},{"@type":"ListItem","position":2,"name":"ENSEMBLE DE CLARINETES, A CONTRAPUNTO"}]},{"@type":"WebSite","@id":"https:\/\/csma.es\/#website","url":"https:\/\/csma.es\/","name":"CSMA","description":"Conservatorio Superior de M\u00fasica de Arag\u00f3n","publisher":{"@id":"https:\/\/csma.es\/#organization"},"potentialAction":[{"@type":"SearchAction","target":{"@type":"EntryPoint","urlTemplate":"https:\/\/csma.es\/?s={search_term_string}"},"query-input":{"@type":"PropertyValueSpecification","valueRequired":true,"valueName":"search_term_string"}}],"inLanguage":"en-US"},{"@type":"Organization","@id":"https:\/\/csma.es\/#organization","name":"Conservatorio Superior de M\u00fasica de Arag\u00f3n","url":"https:\/\/csma.es\/","logo":{"@type":"ImageObject","inLanguage":"en-US","@id":"https:\/\/csma.es\/#\/schema\/logo\/image\/","url":"https:\/\/csma.es\/wp-content\/uploads\/2025\/04\/cropped-logo-csma-40anos-vertical-sintexto-positivo.png","contentUrl":"https:\/\/csma.es\/wp-content\/uploads\/2025\/04\/cropped-logo-csma-40anos-vertical-sintexto-positivo.png","width":512,"height":512,"caption":"Conservatorio Superior de M\u00fasica de Arag\u00f3n"},"image":{"@id":"https:\/\/csma.es\/#\/schema\/logo\/image\/"},"sameAs":["https:\/\/www.facebook.com\/CSMAragon\/","https:\/\/x.com\/csmaconser","https:\/\/www.instagram.com\/csmaragon\/","https:\/\/www.youtube.com\/channel\/UCcsLLtgZJUhz11-3Aj1sv3w"]},{"@type":"Person","@id":"https:\/\/csma.es\/#\/schema\/person\/dd9e345cd1ec5925a5e8927a0cb3fc69","name":"TICS CSMA"}]}},"publishpress_future_action":{"enabled":false,"date":"2026-05-06 02:14:50","action":"change-status","newStatus":"draft","terms":[],"taxonomy":"category","extraData":[]},"publishpress_future_workflow_manual_trigger":{"enabledWorkflows":[]},"_links":{"self":[{"href":"https:\/\/csma.es\/en\/wp-json\/wp\/v2\/posts\/29741","targetHints":{"allow":["GET"]}}],"collection":[{"href":"https:\/\/csma.es\/en\/wp-json\/wp\/v2\/posts"}],"about":[{"href":"https:\/\/csma.es\/en\/wp-json\/wp\/v2\/types\/post"}],"author":[{"embeddable":true,"href":"https:\/\/csma.es\/en\/wp-json\/wp\/v2\/users\/3"}],"replies":[{"embeddable":true,"href":"https:\/\/csma.es\/en\/wp-json\/wp\/v2\/comments?post=29741"}],"version-history":[{"count":0,"href":"https:\/\/csma.es\/en\/wp-json\/wp\/v2\/posts\/29741\/revisions"}],"wp:featuredmedia":[{"embeddable":true,"href":"https:\/\/csma.es\/en\/wp-json\/wp\/v2\/media\/29762"}],"wp:attachment":[{"href":"https:\/\/csma.es\/en\/wp-json\/wp\/v2\/media?parent=29741"}],"wp:term":[{"taxonomy":"category","embeddable":true,"href":"https:\/\/csma.es\/en\/wp-json\/wp\/v2\/categories?post=29741"},{"taxonomy":"post_tag","embeddable":true,"href":"https:\/\/csma.es\/en\/wp-json\/wp\/v2\/tags?post=29741"}],"curies":[{"name":"wp","href":"https:\/\/api.w.org\/{rel}","templated":true}]}}