{"id":29690,"date":"2024-12-17T22:17:31","date_gmt":"2024-12-17T21:17:31","guid":{"rendered":"https:\/\/csma.es\/?p=29690"},"modified":"2024-12-17T22:17:31","modified_gmt":"2024-12-17T21:17:31","slug":"carmen-arjona-reconocimiento-erasmus-2024","status":"publish","type":"post","link":"https:\/\/csma.es\/en\/noticias\/carmen-arjona-reconocimiento-erasmus-2024\/","title":{"rendered":"CARMEN ARJONA, RECONOCIMIENTO ERASMUS + 2024"},"content":{"rendered":"<p>El martes 17 de diciembre de 2024 se ha celebrado en el Teatro Real de Madrid la <strong>Jornada Anual de Difusi\u00f3n Erasmus + 2024<\/strong>. Este evento reconoce la trayectoria y los proyectos destacados dentro del programa Erasmus +\u00a0 la labor que realizan los centros educativos de primaria, secundaria, FP y Ense\u00f1anzas Superiores de toda Espa\u00f1a.<\/p>\n<p>Con presencia de la Ministra de Ciencia, Innovaci\u00f3n y Universidades, Diana Morant, nuestra estudiante y actual Academista en Nuremberg, <strong>Carmen Arjona,<\/strong> alumna de 4\u00ba curso de flauta travesera, ha recibido el <strong>Reconocimiento y Premio en la Ense\u00f1anza Superior Erasmus +<\/strong>.<\/p>\n<p>&nbsp;<\/p>\n<p>Nuevos \u00e9xitos CSMA. Nuevos \u00e9xitos de la C\u00e1tedra de Flauta. \u00a1Felicidades, Carmen!<\/p>\n","protected":false},"excerpt":{"rendered":"<p>El martes 17 de diciembre de 2024 se ha celebrado en el Teatro Real de Madrid la Jornada Anual de Difusi\u00f3n Erasmus + 2024. Este&#8230;<\/p>\n","protected":false},"author":3,"featured_media":29691,"comment_status":"open","ping_status":"open","sticky":false,"template":"","format":"standard","meta":{"footnotes":""},"categories":[368],"tags":[],"class_list":["post-29690","post","type-post","status-publish","format-standard","has-post-thumbnail","hentry","category-noticias"],"yoast_head":"<!-- This site is optimized with the Yoast SEO plugin v27.4 - https:\/\/yoast.com\/product\/yoast-seo-wordpress\/ -->\n<title>CARMEN ARJONA, RECONOCIMIENTO ERASMUS + 2024 - CSMA<\/title>\n<meta name=\"robots\" content=\"index, follow, max-snippet:-1, max-image-preview:large, max-video-preview:-1\" \/>\n<link rel=\"canonical\" href=\"https:\/\/csma.es\/noticias\/carmen-arjona-reconocimiento-erasmus-2024\/\" \/>\n<meta property=\"og:locale\" content=\"en_US\" \/>\n<meta property=\"og:type\" content=\"article\" \/>\n<meta property=\"og:title\" content=\"CARMEN ARJONA, RECONOCIMIENTO ERASMUS + 2024 - CSMA\" \/>\n<meta property=\"og:description\" content=\"El martes 17 de diciembre de 2024 se ha celebrado en el Teatro Real de Madrid la Jornada Anual de Difusi\u00f3n Erasmus + 2024. Este...\" \/>\n<meta property=\"og:url\" content=\"https:\/\/csma.es\/noticias\/carmen-arjona-reconocimiento-erasmus-2024\/\" \/>\n<meta property=\"og:site_name\" content=\"CSMA\" \/>\n<meta property=\"article:publisher\" content=\"https:\/\/www.facebook.com\/CSMAragon\/\" \/>\n<meta property=\"article:published_time\" content=\"2024-12-17T21:17:31+00:00\" \/>\n<meta property=\"og:image\" content=\"https:\/\/csma.es\/wp-content\/uploads\/2024\/12\/CARMEN-ARJONA-ERASMUS--scaled.jpeg\" \/>\n\t<meta property=\"og:image:width\" content=\"1920\" \/>\n\t<meta property=\"og:image:height\" content=\"2560\" \/>\n\t<meta property=\"og:image:type\" content=\"image\/jpeg\" \/>\n<meta name=\"author\" content=\"TICS CSMA\" \/>\n<meta name=\"twitter:card\" content=\"summary_large_image\" \/>\n<meta name=\"twitter:creator\" content=\"@csmaconser\" \/>\n<meta name=\"twitter:site\" content=\"@csmaconser\" \/>\n<meta name=\"twitter:label1\" content=\"Written by\" \/>\n\t<meta name=\"twitter:data1\" content=\"TICS CSMA\" \/>\n\t<meta name=\"twitter:label2\" content=\"Est. reading time\" \/>\n\t<meta name=\"twitter:data2\" content=\"1 minute\" \/>\n<script type=\"application\/ld+json\" class=\"yoast-schema-graph\">{\"@context\":\"https:\\\/\\\/schema.org\",\"@graph\":[{\"@type\":\"Article\",\"@id\":\"https:\\\/\\\/csma.es\\\/noticias\\\/carmen-arjona-reconocimiento-erasmus-2024\\\/#article\",\"isPartOf\":{\"@id\":\"https:\\\/\\\/csma.es\\\/noticias\\\/carmen-arjona-reconocimiento-erasmus-2024\\\/\"},\"author\":{\"name\":\"TICS CSMA\",\"@id\":\"https:\\\/\\\/csma.es\\\/#\\\/schema\\\/person\\\/dd9e345cd1ec5925a5e8927a0cb3fc69\"},\"headline\":\"CARMEN ARJONA, RECONOCIMIENTO ERASMUS + 2024\",\"datePublished\":\"2024-12-17T21:17:31+00:00\",\"mainEntityOfPage\":{\"@id\":\"https:\\\/\\\/csma.es\\\/noticias\\\/carmen-arjona-reconocimiento-erasmus-2024\\\/\"},\"wordCount\":111,\"commentCount\":0,\"publisher\":{\"@id\":\"https:\\\/\\\/csma.es\\\/#organization\"},\"image\":{\"@id\":\"https:\\\/\\\/csma.es\\\/noticias\\\/carmen-arjona-reconocimiento-erasmus-2024\\\/#primaryimage\"},\"thumbnailUrl\":\"https:\\\/\\\/csma.es\\\/wp-content\\\/uploads\\\/2024\\\/12\\\/CARMEN-ARJONA-ERASMUS--scaled.jpeg\",\"articleSection\":[\"Noticias\"],\"inLanguage\":\"en-US\",\"potentialAction\":[{\"@type\":\"CommentAction\",\"name\":\"Comment\",\"target\":[\"https:\\\/\\\/csma.es\\\/noticias\\\/carmen-arjona-reconocimiento-erasmus-2024\\\/#respond\"]}]},{\"@type\":\"WebPage\",\"@id\":\"https:\\\/\\\/csma.es\\\/noticias\\\/carmen-arjona-reconocimiento-erasmus-2024\\\/\",\"url\":\"https:\\\/\\\/csma.es\\\/noticias\\\/carmen-arjona-reconocimiento-erasmus-2024\\\/\",\"name\":\"CARMEN ARJONA, RECONOCIMIENTO ERASMUS + 2024 - CSMA\",\"isPartOf\":{\"@id\":\"https:\\\/\\\/csma.es\\\/#website\"},\"primaryImageOfPage\":{\"@id\":\"https:\\\/\\\/csma.es\\\/noticias\\\/carmen-arjona-reconocimiento-erasmus-2024\\\/#primaryimage\"},\"image\":{\"@id\":\"https:\\\/\\\/csma.es\\\/noticias\\\/carmen-arjona-reconocimiento-erasmus-2024\\\/#primaryimage\"},\"thumbnailUrl\":\"https:\\\/\\\/csma.es\\\/wp-content\\\/uploads\\\/2024\\\/12\\\/CARMEN-ARJONA-ERASMUS--scaled.jpeg\",\"datePublished\":\"2024-12-17T21:17:31+00:00\",\"breadcrumb\":{\"@id\":\"https:\\\/\\\/csma.es\\\/noticias\\\/carmen-arjona-reconocimiento-erasmus-2024\\\/#breadcrumb\"},\"inLanguage\":\"en-US\",\"potentialAction\":[{\"@type\":\"ReadAction\",\"target\":[\"https:\\\/\\\/csma.es\\\/noticias\\\/carmen-arjona-reconocimiento-erasmus-2024\\\/\"]}]},{\"@type\":\"ImageObject\",\"inLanguage\":\"en-US\",\"@id\":\"https:\\\/\\\/csma.es\\\/noticias\\\/carmen-arjona-reconocimiento-erasmus-2024\\\/#primaryimage\",\"url\":\"https:\\\/\\\/csma.es\\\/wp-content\\\/uploads\\\/2024\\\/12\\\/CARMEN-ARJONA-ERASMUS--scaled.jpeg\",\"contentUrl\":\"https:\\\/\\\/csma.es\\\/wp-content\\\/uploads\\\/2024\\\/12\\\/CARMEN-ARJONA-ERASMUS--scaled.jpeg\",\"width\":1920,\"height\":2560},{\"@type\":\"BreadcrumbList\",\"@id\":\"https:\\\/\\\/csma.es\\\/noticias\\\/carmen-arjona-reconocimiento-erasmus-2024\\\/#breadcrumb\",\"itemListElement\":[{\"@type\":\"ListItem\",\"position\":1,\"name\":\"Portada\",\"item\":\"https:\\\/\\\/csma.es\\\/en\\\/\"},{\"@type\":\"ListItem\",\"position\":2,\"name\":\"CARMEN ARJONA, RECONOCIMIENTO ERASMUS + 2024\"}]},{\"@type\":\"WebSite\",\"@id\":\"https:\\\/\\\/csma.es\\\/#website\",\"url\":\"https:\\\/\\\/csma.es\\\/\",\"name\":\"CSMA\",\"description\":\"Conservatorio Superior de M\u00fasica de Arag\u00f3n\",\"publisher\":{\"@id\":\"https:\\\/\\\/csma.es\\\/#organization\"},\"potentialAction\":[{\"@type\":\"SearchAction\",\"target\":{\"@type\":\"EntryPoint\",\"urlTemplate\":\"https:\\\/\\\/csma.es\\\/?s={search_term_string}\"},\"query-input\":{\"@type\":\"PropertyValueSpecification\",\"valueRequired\":true,\"valueName\":\"search_term_string\"}}],\"inLanguage\":\"en-US\"},{\"@type\":\"Organization\",\"@id\":\"https:\\\/\\\/csma.es\\\/#organization\",\"name\":\"Conservatorio Superior de M\u00fasica de Arag\u00f3n\",\"url\":\"https:\\\/\\\/csma.es\\\/\",\"logo\":{\"@type\":\"ImageObject\",\"inLanguage\":\"en-US\",\"@id\":\"https:\\\/\\\/csma.es\\\/#\\\/schema\\\/logo\\\/image\\\/\",\"url\":\"https:\\\/\\\/csma.es\\\/wp-content\\\/uploads\\\/2025\\\/04\\\/cropped-logo-csma-40anos-vertical-sintexto-positivo.png\",\"contentUrl\":\"https:\\\/\\\/csma.es\\\/wp-content\\\/uploads\\\/2025\\\/04\\\/cropped-logo-csma-40anos-vertical-sintexto-positivo.png\",\"width\":512,\"height\":512,\"caption\":\"Conservatorio Superior de M\u00fasica de Arag\u00f3n\"},\"image\":{\"@id\":\"https:\\\/\\\/csma.es\\\/#\\\/schema\\\/logo\\\/image\\\/\"},\"sameAs\":[\"https:\\\/\\\/www.facebook.com\\\/CSMAragon\\\/\",\"https:\\\/\\\/x.com\\\/csmaconser\",\"https:\\\/\\\/www.instagram.com\\\/csmaragon\\\/\",\"https:\\\/\\\/www.youtube.com\\\/channel\\\/UCcsLLtgZJUhz11-3Aj1sv3w\"]},{\"@type\":\"Person\",\"@id\":\"https:\\\/\\\/csma.es\\\/#\\\/schema\\\/person\\\/dd9e345cd1ec5925a5e8927a0cb3fc69\",\"name\":\"TICS CSMA\"}]}<\/script>\n<!-- \/ Yoast SEO plugin. -->","yoast_head_json":{"title":"CARMEN ARJONA, RECONOCIMIENTO ERASMUS + 2024 - CSMA","robots":{"index":"index","follow":"follow","max-snippet":"max-snippet:-1","max-image-preview":"max-image-preview:large","max-video-preview":"max-video-preview:-1"},"canonical":"https:\/\/csma.es\/noticias\/carmen-arjona-reconocimiento-erasmus-2024\/","og_locale":"en_US","og_type":"article","og_title":"CARMEN ARJONA, RECONOCIMIENTO ERASMUS + 2024 - CSMA","og_description":"El martes 17 de diciembre de 2024 se ha celebrado en el Teatro Real de Madrid la Jornada Anual de Difusi\u00f3n Erasmus + 2024. Este...","og_url":"https:\/\/csma.es\/noticias\/carmen-arjona-reconocimiento-erasmus-2024\/","og_site_name":"CSMA","article_publisher":"https:\/\/www.facebook.com\/CSMAragon\/","article_published_time":"2024-12-17T21:17:31+00:00","og_image":[{"width":1920,"height":2560,"url":"https:\/\/csma.es\/wp-content\/uploads\/2024\/12\/CARMEN-ARJONA-ERASMUS--scaled.jpeg","type":"image\/jpeg"}],"author":"TICS CSMA","twitter_card":"summary_large_image","twitter_creator":"@csmaconser","twitter_site":"@csmaconser","twitter_misc":{"Written by":"TICS CSMA","Est. reading time":"1 minute"},"schema":{"@context":"https:\/\/schema.org","@graph":[{"@type":"Article","@id":"https:\/\/csma.es\/noticias\/carmen-arjona-reconocimiento-erasmus-2024\/#article","isPartOf":{"@id":"https:\/\/csma.es\/noticias\/carmen-arjona-reconocimiento-erasmus-2024\/"},"author":{"name":"TICS CSMA","@id":"https:\/\/csma.es\/#\/schema\/person\/dd9e345cd1ec5925a5e8927a0cb3fc69"},"headline":"CARMEN ARJONA, RECONOCIMIENTO ERASMUS + 2024","datePublished":"2024-12-17T21:17:31+00:00","mainEntityOfPage":{"@id":"https:\/\/csma.es\/noticias\/carmen-arjona-reconocimiento-erasmus-2024\/"},"wordCount":111,"commentCount":0,"publisher":{"@id":"https:\/\/csma.es\/#organization"},"image":{"@id":"https:\/\/csma.es\/noticias\/carmen-arjona-reconocimiento-erasmus-2024\/#primaryimage"},"thumbnailUrl":"https:\/\/csma.es\/wp-content\/uploads\/2024\/12\/CARMEN-ARJONA-ERASMUS--scaled.jpeg","articleSection":["Noticias"],"inLanguage":"en-US","potentialAction":[{"@type":"CommentAction","name":"Comment","target":["https:\/\/csma.es\/noticias\/carmen-arjona-reconocimiento-erasmus-2024\/#respond"]}]},{"@type":"WebPage","@id":"https:\/\/csma.es\/noticias\/carmen-arjona-reconocimiento-erasmus-2024\/","url":"https:\/\/csma.es\/noticias\/carmen-arjona-reconocimiento-erasmus-2024\/","name":"CARMEN ARJONA, RECONOCIMIENTO ERASMUS + 2024 - CSMA","isPartOf":{"@id":"https:\/\/csma.es\/#website"},"primaryImageOfPage":{"@id":"https:\/\/csma.es\/noticias\/carmen-arjona-reconocimiento-erasmus-2024\/#primaryimage"},"image":{"@id":"https:\/\/csma.es\/noticias\/carmen-arjona-reconocimiento-erasmus-2024\/#primaryimage"},"thumbnailUrl":"https:\/\/csma.es\/wp-content\/uploads\/2024\/12\/CARMEN-ARJONA-ERASMUS--scaled.jpeg","datePublished":"2024-12-17T21:17:31+00:00","breadcrumb":{"@id":"https:\/\/csma.es\/noticias\/carmen-arjona-reconocimiento-erasmus-2024\/#breadcrumb"},"inLanguage":"en-US","potentialAction":[{"@type":"ReadAction","target":["https:\/\/csma.es\/noticias\/carmen-arjona-reconocimiento-erasmus-2024\/"]}]},{"@type":"ImageObject","inLanguage":"en-US","@id":"https:\/\/csma.es\/noticias\/carmen-arjona-reconocimiento-erasmus-2024\/#primaryimage","url":"https:\/\/csma.es\/wp-content\/uploads\/2024\/12\/CARMEN-ARJONA-ERASMUS--scaled.jpeg","contentUrl":"https:\/\/csma.es\/wp-content\/uploads\/2024\/12\/CARMEN-ARJONA-ERASMUS--scaled.jpeg","width":1920,"height":2560},{"@type":"BreadcrumbList","@id":"https:\/\/csma.es\/noticias\/carmen-arjona-reconocimiento-erasmus-2024\/#breadcrumb","itemListElement":[{"@type":"ListItem","position":1,"name":"Portada","item":"https:\/\/csma.es\/en\/"},{"@type":"ListItem","position":2,"name":"CARMEN ARJONA, RECONOCIMIENTO ERASMUS + 2024"}]},{"@type":"WebSite","@id":"https:\/\/csma.es\/#website","url":"https:\/\/csma.es\/","name":"CSMA","description":"Conservatorio Superior de M\u00fasica de Arag\u00f3n","publisher":{"@id":"https:\/\/csma.es\/#organization"},"potentialAction":[{"@type":"SearchAction","target":{"@type":"EntryPoint","urlTemplate":"https:\/\/csma.es\/?s={search_term_string}"},"query-input":{"@type":"PropertyValueSpecification","valueRequired":true,"valueName":"search_term_string"}}],"inLanguage":"en-US"},{"@type":"Organization","@id":"https:\/\/csma.es\/#organization","name":"Conservatorio Superior de M\u00fasica de Arag\u00f3n","url":"https:\/\/csma.es\/","logo":{"@type":"ImageObject","inLanguage":"en-US","@id":"https:\/\/csma.es\/#\/schema\/logo\/image\/","url":"https:\/\/csma.es\/wp-content\/uploads\/2025\/04\/cropped-logo-csma-40anos-vertical-sintexto-positivo.png","contentUrl":"https:\/\/csma.es\/wp-content\/uploads\/2025\/04\/cropped-logo-csma-40anos-vertical-sintexto-positivo.png","width":512,"height":512,"caption":"Conservatorio Superior de M\u00fasica de Arag\u00f3n"},"image":{"@id":"https:\/\/csma.es\/#\/schema\/logo\/image\/"},"sameAs":["https:\/\/www.facebook.com\/CSMAragon\/","https:\/\/x.com\/csmaconser","https:\/\/www.instagram.com\/csmaragon\/","https:\/\/www.youtube.com\/channel\/UCcsLLtgZJUhz11-3Aj1sv3w"]},{"@type":"Person","@id":"https:\/\/csma.es\/#\/schema\/person\/dd9e345cd1ec5925a5e8927a0cb3fc69","name":"TICS CSMA"}]}},"publishpress_future_action":{"enabled":false,"date":"2026-05-04 00:41:26","action":"change-status","newStatus":"draft","terms":[],"taxonomy":"category","extraData":[]},"publishpress_future_workflow_manual_trigger":{"enabledWorkflows":[]},"_links":{"self":[{"href":"https:\/\/csma.es\/en\/wp-json\/wp\/v2\/posts\/29690","targetHints":{"allow":["GET"]}}],"collection":[{"href":"https:\/\/csma.es\/en\/wp-json\/wp\/v2\/posts"}],"about":[{"href":"https:\/\/csma.es\/en\/wp-json\/wp\/v2\/types\/post"}],"author":[{"embeddable":true,"href":"https:\/\/csma.es\/en\/wp-json\/wp\/v2\/users\/3"}],"replies":[{"embeddable":true,"href":"https:\/\/csma.es\/en\/wp-json\/wp\/v2\/comments?post=29690"}],"version-history":[{"count":0,"href":"https:\/\/csma.es\/en\/wp-json\/wp\/v2\/posts\/29690\/revisions"}],"wp:featuredmedia":[{"embeddable":true,"href":"https:\/\/csma.es\/en\/wp-json\/wp\/v2\/media\/29691"}],"wp:attachment":[{"href":"https:\/\/csma.es\/en\/wp-json\/wp\/v2\/media?parent=29690"}],"wp:term":[{"taxonomy":"category","embeddable":true,"href":"https:\/\/csma.es\/en\/wp-json\/wp\/v2\/categories?post=29690"},{"taxonomy":"post_tag","embeddable":true,"href":"https:\/\/csma.es\/en\/wp-json\/wp\/v2\/tags?post=29690"}],"curies":[{"name":"wp","href":"https:\/\/api.w.org\/{rel}","templated":true}]}}