{"id":29432,"date":"2024-11-08T18:48:55","date_gmt":"2024-11-08T17:48:55","guid":{"rendered":"https:\/\/csma.es\/?p=29432"},"modified":"2024-11-08T18:48:55","modified_gmt":"2024-11-08T17:48:55","slug":"estudio-pionero-en-el-aula-de-canto","status":"publish","type":"post","link":"https:\/\/csma.es\/en\/noticias\/estudio-pionero-en-el-aula-de-canto\/","title":{"rendered":"ESTUDIO PIONERO EN EL AULA DE CANTO"},"content":{"rendered":"<p style=\"text-align: justify;\">La pr\u00f3xima semana se inicia en el CSMA un estudio pionero con la logopeda e investigadora Laura Mart\u00edn, se trata de la <strong>Evaluaci\u00f3n y Regulaci\u00f3n de la Musculatura Suprahioidea en Cantantes: Un Enfoque Basado en sEMG.<\/strong><\/p>\n<p style=\"text-align: justify;\">El estudio que llevar\u00e1 a cabo Laura Mart\u00edn en colaboraci\u00f3n con el CSMA tiene como objetivo la introducci\u00f3n de nuevas tecnolog\u00edas en los centros de estudio para desarrollar t\u00e9cnicas vocales basadas en la evidencia cient\u00edfica. Se centra en la implementaci\u00f3n de tecnolog\u00edas avanzadas como la electromiograf\u00eda de superficie (sEMG) y el biofeedback en tiempo real para mejorar la ense\u00f1anza y el entrenamiento vocal -espec\u00edficamente en el canto l\u00edrico-, identificar tensiones excesivas en el uso de los m\u00fasculos implicados en el canto, aumentar la conciencia corporal y la autorregulaci\u00f3n en los estudiantes y posibilitar a los docentes el uso de herramientas fiables para el desarrollo vocal.<\/p>\n<p>El proyecto ser\u00e1 coordinado por el profesor de canto C\u00e9sar Polo y contar\u00e1 con la participaci\u00f3n de todos los alumnos de la especialidad de Canto de Csma y tiene una duraci\u00f3n prevista de 9 semanas. Los resultados del estudio estar\u00e1n a disposici\u00f3n en la Biblioteca del CSMA para consulta de toda la comunidad CSMA.<\/p>\n<hr \/>\n<p style=\"text-align: justify;\"><strong><em>Laura Mart\u00edn<\/em><\/strong> es logopeda, maestra e investigadora, experta en patolog\u00eda de la voz y t\u00e9cnica vocal, dedicada a ayudar a las personas a recuperar su comunicaci\u00f3n y su identidad, a trav\u00e9s de la voz. M\u00e1ster en Patolog\u00eda de la Voz en la Universidad de Alcal\u00e1. Certificada en Estill Voice Training, un modelo de aprendizaje para el control de la voz, enfoque que aplica en las rehabilitaciones y entrenamientos de voz. Formada en diversas especialidades relacionadas con el tratamiento de la voz:\u00a0tracto vocal semiocluido,\u00a0terapia voz resonante,\u00a0terapia de fonaci\u00f3n fluida,\u00a0fisiolog\u00eda de la voz\u00a0y par\u00e1metros\u00a0biomec\u00e1nicos de la voz, uso de equipos en logopedia, electroestimulaci\u00f3n, l\u00e1ser,\u00a0terapias manuales para recuperar la voz\u2026<\/p>\n<p style=\"text-align: justify;\">Desde 2017 es directora del M\u00e1ster Terapia Vocal en la Universidad Cat\u00f3lica Cardenal Herrera (CEU).<\/p>\n<p style=\"text-align: justify;\">En 2019 comenz\u00f3 a ofrecer cursos de formaci\u00f3n a logopedas y otros profesionales que quieren especializarse en el fascinante mundo de la voz y la t\u00e9cnica vocal.<\/p>\n","protected":false},"excerpt":{"rendered":"<p>La pr\u00f3xima semana se inicia en el CSMA un estudio pionero con la logopeda e investigadora Laura Mart\u00edn, se trata de la Evaluaci\u00f3n y Regulaci\u00f3n&#8230;<\/p>\n","protected":false},"author":3,"featured_media":29433,"comment_status":"open","ping_status":"open","sticky":false,"template":"","format":"standard","meta":{"footnotes":""},"categories":[368],"tags":[],"class_list":["post-29432","post","type-post","status-publish","format-standard","has-post-thumbnail","hentry","category-noticias"],"yoast_head":"<!-- This site is optimized with the Yoast SEO plugin v27.4 - https:\/\/yoast.com\/product\/yoast-seo-wordpress\/ -->\n<title>ESTUDIO PIONERO EN EL AULA DE CANTO - CSMA<\/title>\n<meta name=\"robots\" content=\"index, follow, max-snippet:-1, max-image-preview:large, max-video-preview:-1\" \/>\n<link rel=\"canonical\" href=\"https:\/\/csma.es\/noticias\/estudio-pionero-en-el-aula-de-canto\/\" \/>\n<meta property=\"og:locale\" content=\"en_US\" \/>\n<meta property=\"og:type\" content=\"article\" \/>\n<meta property=\"og:title\" content=\"ESTUDIO PIONERO EN EL AULA DE CANTO - CSMA\" \/>\n<meta property=\"og:description\" content=\"La pr\u00f3xima semana se inicia en el CSMA un estudio pionero con la logopeda e investigadora Laura Mart\u00edn, se trata de la Evaluaci\u00f3n y Regulaci\u00f3n...\" \/>\n<meta property=\"og:url\" content=\"https:\/\/csma.es\/noticias\/estudio-pionero-en-el-aula-de-canto\/\" \/>\n<meta property=\"og:site_name\" content=\"CSMA\" \/>\n<meta property=\"article:publisher\" content=\"https:\/\/www.facebook.com\/CSMAragon\/\" \/>\n<meta property=\"article:published_time\" content=\"2024-11-08T17:48:55+00:00\" \/>\n<meta property=\"og:image\" content=\"https:\/\/csma.es\/wp-content\/uploads\/2024\/11\/Laura-Martin-Bielsa-scaled.jpg\" \/>\n\t<meta property=\"og:image:width\" content=\"2560\" \/>\n\t<meta property=\"og:image:height\" content=\"1707\" \/>\n\t<meta property=\"og:image:type\" content=\"image\/jpeg\" \/>\n<meta name=\"author\" content=\"TICS CSMA\" \/>\n<meta name=\"twitter:card\" content=\"summary_large_image\" \/>\n<meta name=\"twitter:creator\" content=\"@csmaconser\" \/>\n<meta name=\"twitter:site\" content=\"@csmaconser\" \/>\n<meta name=\"twitter:label1\" content=\"Written by\" \/>\n\t<meta name=\"twitter:data1\" content=\"TICS CSMA\" \/>\n\t<meta name=\"twitter:label2\" content=\"Est. reading time\" \/>\n\t<meta name=\"twitter:data2\" content=\"2 minutes\" \/>\n<script type=\"application\/ld+json\" class=\"yoast-schema-graph\">{\"@context\":\"https:\\\/\\\/schema.org\",\"@graph\":[{\"@type\":\"Article\",\"@id\":\"https:\\\/\\\/csma.es\\\/noticias\\\/estudio-pionero-en-el-aula-de-canto\\\/#article\",\"isPartOf\":{\"@id\":\"https:\\\/\\\/csma.es\\\/noticias\\\/estudio-pionero-en-el-aula-de-canto\\\/\"},\"author\":{\"name\":\"TICS CSMA\",\"@id\":\"https:\\\/\\\/csma.es\\\/#\\\/schema\\\/person\\\/dd9e345cd1ec5925a5e8927a0cb3fc69\"},\"headline\":\"ESTUDIO PIONERO EN EL AULA DE CANTO\",\"datePublished\":\"2024-11-08T17:48:55+00:00\",\"mainEntityOfPage\":{\"@id\":\"https:\\\/\\\/csma.es\\\/noticias\\\/estudio-pionero-en-el-aula-de-canto\\\/\"},\"wordCount\":395,\"commentCount\":0,\"publisher\":{\"@id\":\"https:\\\/\\\/csma.es\\\/#organization\"},\"image\":{\"@id\":\"https:\\\/\\\/csma.es\\\/noticias\\\/estudio-pionero-en-el-aula-de-canto\\\/#primaryimage\"},\"thumbnailUrl\":\"https:\\\/\\\/csma.es\\\/wp-content\\\/uploads\\\/2024\\\/11\\\/Laura-Martin-Bielsa-scaled.jpg\",\"articleSection\":[\"Noticias\"],\"inLanguage\":\"en-US\",\"potentialAction\":[{\"@type\":\"CommentAction\",\"name\":\"Comment\",\"target\":[\"https:\\\/\\\/csma.es\\\/noticias\\\/estudio-pionero-en-el-aula-de-canto\\\/#respond\"]}]},{\"@type\":\"WebPage\",\"@id\":\"https:\\\/\\\/csma.es\\\/noticias\\\/estudio-pionero-en-el-aula-de-canto\\\/\",\"url\":\"https:\\\/\\\/csma.es\\\/noticias\\\/estudio-pionero-en-el-aula-de-canto\\\/\",\"name\":\"ESTUDIO PIONERO EN EL AULA DE CANTO - CSMA\",\"isPartOf\":{\"@id\":\"https:\\\/\\\/csma.es\\\/#website\"},\"primaryImageOfPage\":{\"@id\":\"https:\\\/\\\/csma.es\\\/noticias\\\/estudio-pionero-en-el-aula-de-canto\\\/#primaryimage\"},\"image\":{\"@id\":\"https:\\\/\\\/csma.es\\\/noticias\\\/estudio-pionero-en-el-aula-de-canto\\\/#primaryimage\"},\"thumbnailUrl\":\"https:\\\/\\\/csma.es\\\/wp-content\\\/uploads\\\/2024\\\/11\\\/Laura-Martin-Bielsa-scaled.jpg\",\"datePublished\":\"2024-11-08T17:48:55+00:00\",\"breadcrumb\":{\"@id\":\"https:\\\/\\\/csma.es\\\/noticias\\\/estudio-pionero-en-el-aula-de-canto\\\/#breadcrumb\"},\"inLanguage\":\"en-US\",\"potentialAction\":[{\"@type\":\"ReadAction\",\"target\":[\"https:\\\/\\\/csma.es\\\/noticias\\\/estudio-pionero-en-el-aula-de-canto\\\/\"]}]},{\"@type\":\"ImageObject\",\"inLanguage\":\"en-US\",\"@id\":\"https:\\\/\\\/csma.es\\\/noticias\\\/estudio-pionero-en-el-aula-de-canto\\\/#primaryimage\",\"url\":\"https:\\\/\\\/csma.es\\\/wp-content\\\/uploads\\\/2024\\\/11\\\/Laura-Martin-Bielsa-scaled.jpg\",\"contentUrl\":\"https:\\\/\\\/csma.es\\\/wp-content\\\/uploads\\\/2024\\\/11\\\/Laura-Martin-Bielsa-scaled.jpg\",\"width\":2560,\"height\":1707},{\"@type\":\"BreadcrumbList\",\"@id\":\"https:\\\/\\\/csma.es\\\/noticias\\\/estudio-pionero-en-el-aula-de-canto\\\/#breadcrumb\",\"itemListElement\":[{\"@type\":\"ListItem\",\"position\":1,\"name\":\"Portada\",\"item\":\"https:\\\/\\\/csma.es\\\/en\\\/\"},{\"@type\":\"ListItem\",\"position\":2,\"name\":\"ESTUDIO PIONERO EN EL AULA DE CANTO\"}]},{\"@type\":\"WebSite\",\"@id\":\"https:\\\/\\\/csma.es\\\/#website\",\"url\":\"https:\\\/\\\/csma.es\\\/\",\"name\":\"CSMA\",\"description\":\"Conservatorio Superior de M\u00fasica de Arag\u00f3n\",\"publisher\":{\"@id\":\"https:\\\/\\\/csma.es\\\/#organization\"},\"potentialAction\":[{\"@type\":\"SearchAction\",\"target\":{\"@type\":\"EntryPoint\",\"urlTemplate\":\"https:\\\/\\\/csma.es\\\/?s={search_term_string}\"},\"query-input\":{\"@type\":\"PropertyValueSpecification\",\"valueRequired\":true,\"valueName\":\"search_term_string\"}}],\"inLanguage\":\"en-US\"},{\"@type\":\"Organization\",\"@id\":\"https:\\\/\\\/csma.es\\\/#organization\",\"name\":\"Conservatorio Superior de M\u00fasica de Arag\u00f3n\",\"url\":\"https:\\\/\\\/csma.es\\\/\",\"logo\":{\"@type\":\"ImageObject\",\"inLanguage\":\"en-US\",\"@id\":\"https:\\\/\\\/csma.es\\\/#\\\/schema\\\/logo\\\/image\\\/\",\"url\":\"https:\\\/\\\/csma.es\\\/wp-content\\\/uploads\\\/2025\\\/04\\\/cropped-logo-csma-40anos-vertical-sintexto-positivo.png\",\"contentUrl\":\"https:\\\/\\\/csma.es\\\/wp-content\\\/uploads\\\/2025\\\/04\\\/cropped-logo-csma-40anos-vertical-sintexto-positivo.png\",\"width\":512,\"height\":512,\"caption\":\"Conservatorio Superior de M\u00fasica de Arag\u00f3n\"},\"image\":{\"@id\":\"https:\\\/\\\/csma.es\\\/#\\\/schema\\\/logo\\\/image\\\/\"},\"sameAs\":[\"https:\\\/\\\/www.facebook.com\\\/CSMAragon\\\/\",\"https:\\\/\\\/x.com\\\/csmaconser\",\"https:\\\/\\\/www.instagram.com\\\/csmaragon\\\/\",\"https:\\\/\\\/www.youtube.com\\\/channel\\\/UCcsLLtgZJUhz11-3Aj1sv3w\"]},{\"@type\":\"Person\",\"@id\":\"https:\\\/\\\/csma.es\\\/#\\\/schema\\\/person\\\/dd9e345cd1ec5925a5e8927a0cb3fc69\",\"name\":\"TICS CSMA\"}]}<\/script>\n<!-- \/ Yoast SEO plugin. -->","yoast_head_json":{"title":"ESTUDIO PIONERO EN EL AULA DE CANTO - CSMA","robots":{"index":"index","follow":"follow","max-snippet":"max-snippet:-1","max-image-preview":"max-image-preview:large","max-video-preview":"max-video-preview:-1"},"canonical":"https:\/\/csma.es\/noticias\/estudio-pionero-en-el-aula-de-canto\/","og_locale":"en_US","og_type":"article","og_title":"ESTUDIO PIONERO EN EL AULA DE CANTO - CSMA","og_description":"La pr\u00f3xima semana se inicia en el CSMA un estudio pionero con la logopeda e investigadora Laura Mart\u00edn, se trata de la Evaluaci\u00f3n y Regulaci\u00f3n...","og_url":"https:\/\/csma.es\/noticias\/estudio-pionero-en-el-aula-de-canto\/","og_site_name":"CSMA","article_publisher":"https:\/\/www.facebook.com\/CSMAragon\/","article_published_time":"2024-11-08T17:48:55+00:00","og_image":[{"width":2560,"height":1707,"url":"https:\/\/csma.es\/wp-content\/uploads\/2024\/11\/Laura-Martin-Bielsa-scaled.jpg","type":"image\/jpeg"}],"author":"TICS CSMA","twitter_card":"summary_large_image","twitter_creator":"@csmaconser","twitter_site":"@csmaconser","twitter_misc":{"Written by":"TICS CSMA","Est. reading time":"2 minutes"},"schema":{"@context":"https:\/\/schema.org","@graph":[{"@type":"Article","@id":"https:\/\/csma.es\/noticias\/estudio-pionero-en-el-aula-de-canto\/#article","isPartOf":{"@id":"https:\/\/csma.es\/noticias\/estudio-pionero-en-el-aula-de-canto\/"},"author":{"name":"TICS CSMA","@id":"https:\/\/csma.es\/#\/schema\/person\/dd9e345cd1ec5925a5e8927a0cb3fc69"},"headline":"ESTUDIO PIONERO EN EL AULA DE CANTO","datePublished":"2024-11-08T17:48:55+00:00","mainEntityOfPage":{"@id":"https:\/\/csma.es\/noticias\/estudio-pionero-en-el-aula-de-canto\/"},"wordCount":395,"commentCount":0,"publisher":{"@id":"https:\/\/csma.es\/#organization"},"image":{"@id":"https:\/\/csma.es\/noticias\/estudio-pionero-en-el-aula-de-canto\/#primaryimage"},"thumbnailUrl":"https:\/\/csma.es\/wp-content\/uploads\/2024\/11\/Laura-Martin-Bielsa-scaled.jpg","articleSection":["Noticias"],"inLanguage":"en-US","potentialAction":[{"@type":"CommentAction","name":"Comment","target":["https:\/\/csma.es\/noticias\/estudio-pionero-en-el-aula-de-canto\/#respond"]}]},{"@type":"WebPage","@id":"https:\/\/csma.es\/noticias\/estudio-pionero-en-el-aula-de-canto\/","url":"https:\/\/csma.es\/noticias\/estudio-pionero-en-el-aula-de-canto\/","name":"ESTUDIO PIONERO EN EL AULA DE CANTO - CSMA","isPartOf":{"@id":"https:\/\/csma.es\/#website"},"primaryImageOfPage":{"@id":"https:\/\/csma.es\/noticias\/estudio-pionero-en-el-aula-de-canto\/#primaryimage"},"image":{"@id":"https:\/\/csma.es\/noticias\/estudio-pionero-en-el-aula-de-canto\/#primaryimage"},"thumbnailUrl":"https:\/\/csma.es\/wp-content\/uploads\/2024\/11\/Laura-Martin-Bielsa-scaled.jpg","datePublished":"2024-11-08T17:48:55+00:00","breadcrumb":{"@id":"https:\/\/csma.es\/noticias\/estudio-pionero-en-el-aula-de-canto\/#breadcrumb"},"inLanguage":"en-US","potentialAction":[{"@type":"ReadAction","target":["https:\/\/csma.es\/noticias\/estudio-pionero-en-el-aula-de-canto\/"]}]},{"@type":"ImageObject","inLanguage":"en-US","@id":"https:\/\/csma.es\/noticias\/estudio-pionero-en-el-aula-de-canto\/#primaryimage","url":"https:\/\/csma.es\/wp-content\/uploads\/2024\/11\/Laura-Martin-Bielsa-scaled.jpg","contentUrl":"https:\/\/csma.es\/wp-content\/uploads\/2024\/11\/Laura-Martin-Bielsa-scaled.jpg","width":2560,"height":1707},{"@type":"BreadcrumbList","@id":"https:\/\/csma.es\/noticias\/estudio-pionero-en-el-aula-de-canto\/#breadcrumb","itemListElement":[{"@type":"ListItem","position":1,"name":"Portada","item":"https:\/\/csma.es\/en\/"},{"@type":"ListItem","position":2,"name":"ESTUDIO PIONERO EN EL AULA DE CANTO"}]},{"@type":"WebSite","@id":"https:\/\/csma.es\/#website","url":"https:\/\/csma.es\/","name":"CSMA","description":"Conservatorio Superior de M\u00fasica de Arag\u00f3n","publisher":{"@id":"https:\/\/csma.es\/#organization"},"potentialAction":[{"@type":"SearchAction","target":{"@type":"EntryPoint","urlTemplate":"https:\/\/csma.es\/?s={search_term_string}"},"query-input":{"@type":"PropertyValueSpecification","valueRequired":true,"valueName":"search_term_string"}}],"inLanguage":"en-US"},{"@type":"Organization","@id":"https:\/\/csma.es\/#organization","name":"Conservatorio Superior de M\u00fasica de Arag\u00f3n","url":"https:\/\/csma.es\/","logo":{"@type":"ImageObject","inLanguage":"en-US","@id":"https:\/\/csma.es\/#\/schema\/logo\/image\/","url":"https:\/\/csma.es\/wp-content\/uploads\/2025\/04\/cropped-logo-csma-40anos-vertical-sintexto-positivo.png","contentUrl":"https:\/\/csma.es\/wp-content\/uploads\/2025\/04\/cropped-logo-csma-40anos-vertical-sintexto-positivo.png","width":512,"height":512,"caption":"Conservatorio Superior de M\u00fasica de Arag\u00f3n"},"image":{"@id":"https:\/\/csma.es\/#\/schema\/logo\/image\/"},"sameAs":["https:\/\/www.facebook.com\/CSMAragon\/","https:\/\/x.com\/csmaconser","https:\/\/www.instagram.com\/csmaragon\/","https:\/\/www.youtube.com\/channel\/UCcsLLtgZJUhz11-3Aj1sv3w"]},{"@type":"Person","@id":"https:\/\/csma.es\/#\/schema\/person\/dd9e345cd1ec5925a5e8927a0cb3fc69","name":"TICS CSMA"}]}},"publishpress_future_action":{"enabled":false,"date":"2026-05-03 09:45:55","action":"change-status","newStatus":"draft","terms":[],"taxonomy":"category","extraData":[]},"publishpress_future_workflow_manual_trigger":{"enabledWorkflows":[]},"_links":{"self":[{"href":"https:\/\/csma.es\/en\/wp-json\/wp\/v2\/posts\/29432","targetHints":{"allow":["GET"]}}],"collection":[{"href":"https:\/\/csma.es\/en\/wp-json\/wp\/v2\/posts"}],"about":[{"href":"https:\/\/csma.es\/en\/wp-json\/wp\/v2\/types\/post"}],"author":[{"embeddable":true,"href":"https:\/\/csma.es\/en\/wp-json\/wp\/v2\/users\/3"}],"replies":[{"embeddable":true,"href":"https:\/\/csma.es\/en\/wp-json\/wp\/v2\/comments?post=29432"}],"version-history":[{"count":0,"href":"https:\/\/csma.es\/en\/wp-json\/wp\/v2\/posts\/29432\/revisions"}],"wp:featuredmedia":[{"embeddable":true,"href":"https:\/\/csma.es\/en\/wp-json\/wp\/v2\/media\/29433"}],"wp:attachment":[{"href":"https:\/\/csma.es\/en\/wp-json\/wp\/v2\/media?parent=29432"}],"wp:term":[{"taxonomy":"category","embeddable":true,"href":"https:\/\/csma.es\/en\/wp-json\/wp\/v2\/categories?post=29432"},{"taxonomy":"post_tag","embeddable":true,"href":"https:\/\/csma.es\/en\/wp-json\/wp\/v2\/tags?post=29432"}],"curies":[{"name":"wp","href":"https:\/\/api.w.org\/{rel}","templated":true}]}}