{"id":29283,"date":"2024-09-30T12:52:08","date_gmt":"2024-09-30T10:52:08","guid":{"rendered":"https:\/\/csma.es\/?p=29283"},"modified":"2024-09-30T12:52:30","modified_gmt":"2024-09-30T10:52:30","slug":"pianistas-del-csma-en-el-festival-de-la-ribagorza","status":"publish","type":"post","link":"https:\/\/csma.es\/en\/noticias\/pianistas-del-csma-en-el-festival-de-la-ribagorza\/","title":{"rendered":"Pianistas del CSMA en el Festival de la Ribagorza"},"content":{"rendered":"<p>Este verano el Festival de la Ribagorza &#8211; Cl\u00e1sicos en la Frontera estren\u00f3 un nuevo formato llamado Conciertos Obertura. Estos conciertos fueron protagonizados por tres pianistas estudiantes del CSMA en la clase de Juan Fernando Moreno Gista\u00edn, quien adem\u00e1s, inaugur\u00f3 el festival junto a su hermano Jos\u00e9 Enrique (D\u00fao Moreno Gista\u00edn). <strong>Sof\u00eda Mart\u00edn<\/strong>, <strong>Silvia Delgado<\/strong> y <strong>Violeta de la Calle<\/strong> ofrecieron tres recitales en los que presentaron imaginativos programas que combinaban obras clave del repertorio con nuevas propuestas. Los conciertos se realizaron en lugares emblem\u00e1ticos del patrimonio cultural de Secastilla, Graus y Campo. El p\u00fablico, que llen\u00f3 los conciertos, respondi\u00f3 con entusiasmo a esta nueva propuesta. Muchas gracias a la direcci\u00f3n y organizaci\u00f3n del festival por apoyar y difundir el trabajo de j\u00f3venes artistas.<\/p>\n<p>&nbsp;<\/p>\n<p>&nbsp;<\/p>\n","protected":false},"excerpt":{"rendered":"<p>Este verano el Festival de la Ribagorza &#8211; Cl\u00e1sicos en la Frontera estren\u00f3 un nuevo formato llamado Conciertos Obertura. Estos conciertos fueron protagonizados por tres&#8230;<\/p>\n","protected":false},"author":3,"featured_media":29284,"comment_status":"open","ping_status":"open","sticky":false,"template":"","format":"standard","meta":{"footnotes":""},"categories":[368],"tags":[],"class_list":["post-29283","post","type-post","status-publish","format-standard","has-post-thumbnail","hentry","category-noticias"],"yoast_head":"<!-- This site is optimized with the Yoast SEO plugin v27.5 - https:\/\/yoast.com\/product\/yoast-seo-wordpress\/ -->\n<title>Pianistas del CSMA en el Festival de la Ribagorza - CSMA<\/title>\n<meta name=\"robots\" content=\"index, follow, max-snippet:-1, max-image-preview:large, max-video-preview:-1\" \/>\n<link rel=\"canonical\" href=\"https:\/\/csma.es\/noticias\/pianistas-del-csma-en-el-festival-de-la-ribagorza\/\" \/>\n<meta property=\"og:locale\" content=\"en_US\" \/>\n<meta property=\"og:type\" content=\"article\" \/>\n<meta property=\"og:title\" content=\"Pianistas del CSMA en el Festival de la Ribagorza - CSMA\" \/>\n<meta property=\"og:description\" content=\"Este verano el Festival de la Ribagorza &#8211; Cl\u00e1sicos en la Frontera estren\u00f3 un nuevo formato llamado Conciertos Obertura. Estos conciertos fueron protagonizados por tres...\" \/>\n<meta property=\"og:url\" content=\"https:\/\/csma.es\/noticias\/pianistas-del-csma-en-el-festival-de-la-ribagorza\/\" \/>\n<meta property=\"og:site_name\" content=\"CSMA\" \/>\n<meta property=\"article:publisher\" content=\"https:\/\/www.facebook.com\/CSMAragon\/\" \/>\n<meta property=\"article:published_time\" content=\"2024-09-30T10:52:08+00:00\" \/>\n<meta property=\"article:modified_time\" content=\"2024-09-30T10:52:30+00:00\" \/>\n<meta property=\"og:image\" content=\"https:\/\/csma.es\/wp-content\/uploads\/2024\/09\/Sofia-Festival-Ribagorza-Foto-1.jpeg\" \/>\n\t<meta property=\"og:image:width\" content=\"1080\" \/>\n\t<meta property=\"og:image:height\" content=\"1920\" \/>\n\t<meta property=\"og:image:type\" content=\"image\/jpeg\" \/>\n<meta name=\"author\" content=\"TICS CSMA\" \/>\n<meta name=\"twitter:card\" content=\"summary_large_image\" \/>\n<meta name=\"twitter:creator\" content=\"@csmaconser\" \/>\n<meta name=\"twitter:site\" content=\"@csmaconser\" \/>\n<meta name=\"twitter:label1\" content=\"Written by\" \/>\n\t<meta name=\"twitter:data1\" content=\"TICS CSMA\" \/>\n\t<meta name=\"twitter:label2\" content=\"Est. reading time\" \/>\n\t<meta name=\"twitter:data2\" content=\"1 minute\" \/>\n<script type=\"application\/ld+json\" class=\"yoast-schema-graph\">{\"@context\":\"https:\\\/\\\/schema.org\",\"@graph\":[{\"@type\":\"Article\",\"@id\":\"https:\\\/\\\/csma.es\\\/noticias\\\/pianistas-del-csma-en-el-festival-de-la-ribagorza\\\/#article\",\"isPartOf\":{\"@id\":\"https:\\\/\\\/csma.es\\\/noticias\\\/pianistas-del-csma-en-el-festival-de-la-ribagorza\\\/\"},\"author\":{\"name\":\"TICS CSMA\",\"@id\":\"https:\\\/\\\/csma.es\\\/#\\\/schema\\\/person\\\/dd9e345cd1ec5925a5e8927a0cb3fc69\"},\"headline\":\"Pianistas del CSMA en el Festival de la Ribagorza\",\"datePublished\":\"2024-09-30T10:52:08+00:00\",\"dateModified\":\"2024-09-30T10:52:30+00:00\",\"mainEntityOfPage\":{\"@id\":\"https:\\\/\\\/csma.es\\\/noticias\\\/pianistas-del-csma-en-el-festival-de-la-ribagorza\\\/\"},\"wordCount\":147,\"commentCount\":0,\"publisher\":{\"@id\":\"https:\\\/\\\/csma.es\\\/#organization\"},\"image\":{\"@id\":\"https:\\\/\\\/csma.es\\\/noticias\\\/pianistas-del-csma-en-el-festival-de-la-ribagorza\\\/#primaryimage\"},\"thumbnailUrl\":\"https:\\\/\\\/csma.es\\\/wp-content\\\/uploads\\\/2024\\\/09\\\/Sofia-Festival-Ribagorza-Foto-1.jpeg\",\"articleSection\":[\"Noticias\"],\"inLanguage\":\"en-US\",\"potentialAction\":[{\"@type\":\"CommentAction\",\"name\":\"Comment\",\"target\":[\"https:\\\/\\\/csma.es\\\/noticias\\\/pianistas-del-csma-en-el-festival-de-la-ribagorza\\\/#respond\"]}]},{\"@type\":\"WebPage\",\"@id\":\"https:\\\/\\\/csma.es\\\/noticias\\\/pianistas-del-csma-en-el-festival-de-la-ribagorza\\\/\",\"url\":\"https:\\\/\\\/csma.es\\\/noticias\\\/pianistas-del-csma-en-el-festival-de-la-ribagorza\\\/\",\"name\":\"Pianistas del CSMA en el Festival de la Ribagorza - CSMA\",\"isPartOf\":{\"@id\":\"https:\\\/\\\/csma.es\\\/#website\"},\"primaryImageOfPage\":{\"@id\":\"https:\\\/\\\/csma.es\\\/noticias\\\/pianistas-del-csma-en-el-festival-de-la-ribagorza\\\/#primaryimage\"},\"image\":{\"@id\":\"https:\\\/\\\/csma.es\\\/noticias\\\/pianistas-del-csma-en-el-festival-de-la-ribagorza\\\/#primaryimage\"},\"thumbnailUrl\":\"https:\\\/\\\/csma.es\\\/wp-content\\\/uploads\\\/2024\\\/09\\\/Sofia-Festival-Ribagorza-Foto-1.jpeg\",\"datePublished\":\"2024-09-30T10:52:08+00:00\",\"dateModified\":\"2024-09-30T10:52:30+00:00\",\"breadcrumb\":{\"@id\":\"https:\\\/\\\/csma.es\\\/noticias\\\/pianistas-del-csma-en-el-festival-de-la-ribagorza\\\/#breadcrumb\"},\"inLanguage\":\"en-US\",\"potentialAction\":[{\"@type\":\"ReadAction\",\"target\":[\"https:\\\/\\\/csma.es\\\/noticias\\\/pianistas-del-csma-en-el-festival-de-la-ribagorza\\\/\"]}]},{\"@type\":\"ImageObject\",\"inLanguage\":\"en-US\",\"@id\":\"https:\\\/\\\/csma.es\\\/noticias\\\/pianistas-del-csma-en-el-festival-de-la-ribagorza\\\/#primaryimage\",\"url\":\"https:\\\/\\\/csma.es\\\/wp-content\\\/uploads\\\/2024\\\/09\\\/Sofia-Festival-Ribagorza-Foto-1.jpeg\",\"contentUrl\":\"https:\\\/\\\/csma.es\\\/wp-content\\\/uploads\\\/2024\\\/09\\\/Sofia-Festival-Ribagorza-Foto-1.jpeg\",\"width\":1080,\"height\":1920},{\"@type\":\"BreadcrumbList\",\"@id\":\"https:\\\/\\\/csma.es\\\/noticias\\\/pianistas-del-csma-en-el-festival-de-la-ribagorza\\\/#breadcrumb\",\"itemListElement\":[{\"@type\":\"ListItem\",\"position\":1,\"name\":\"Portada\",\"item\":\"https:\\\/\\\/csma.es\\\/en\\\/\"},{\"@type\":\"ListItem\",\"position\":2,\"name\":\"Pianistas del CSMA en el Festival de la Ribagorza\"}]},{\"@type\":\"WebSite\",\"@id\":\"https:\\\/\\\/csma.es\\\/#website\",\"url\":\"https:\\\/\\\/csma.es\\\/\",\"name\":\"CSMA\",\"description\":\"Conservatorio Superior de M\u00fasica de Arag\u00f3n\",\"publisher\":{\"@id\":\"https:\\\/\\\/csma.es\\\/#organization\"},\"potentialAction\":[{\"@type\":\"SearchAction\",\"target\":{\"@type\":\"EntryPoint\",\"urlTemplate\":\"https:\\\/\\\/csma.es\\\/?s={search_term_string}\"},\"query-input\":{\"@type\":\"PropertyValueSpecification\",\"valueRequired\":true,\"valueName\":\"search_term_string\"}}],\"inLanguage\":\"en-US\"},{\"@type\":\"Organization\",\"@id\":\"https:\\\/\\\/csma.es\\\/#organization\",\"name\":\"Conservatorio Superior de M\u00fasica de Arag\u00f3n\",\"url\":\"https:\\\/\\\/csma.es\\\/\",\"logo\":{\"@type\":\"ImageObject\",\"inLanguage\":\"en-US\",\"@id\":\"https:\\\/\\\/csma.es\\\/#\\\/schema\\\/logo\\\/image\\\/\",\"url\":\"https:\\\/\\\/csma.es\\\/wp-content\\\/uploads\\\/2025\\\/04\\\/cropped-logo-csma-40anos-vertical-sintexto-positivo.png\",\"contentUrl\":\"https:\\\/\\\/csma.es\\\/wp-content\\\/uploads\\\/2025\\\/04\\\/cropped-logo-csma-40anos-vertical-sintexto-positivo.png\",\"width\":512,\"height\":512,\"caption\":\"Conservatorio Superior de M\u00fasica de Arag\u00f3n\"},\"image\":{\"@id\":\"https:\\\/\\\/csma.es\\\/#\\\/schema\\\/logo\\\/image\\\/\"},\"sameAs\":[\"https:\\\/\\\/www.facebook.com\\\/CSMAragon\\\/\",\"https:\\\/\\\/x.com\\\/csmaconser\",\"https:\\\/\\\/www.instagram.com\\\/csmaragon\\\/\",\"https:\\\/\\\/www.youtube.com\\\/channel\\\/UCcsLLtgZJUhz11-3Aj1sv3w\"]},{\"@type\":\"Person\",\"@id\":\"https:\\\/\\\/csma.es\\\/#\\\/schema\\\/person\\\/dd9e345cd1ec5925a5e8927a0cb3fc69\",\"name\":\"TICS CSMA\"}]}<\/script>\n<!-- \/ Yoast SEO plugin. -->","yoast_head_json":{"title":"Pianistas del CSMA en el Festival de la Ribagorza - CSMA","robots":{"index":"index","follow":"follow","max-snippet":"max-snippet:-1","max-image-preview":"max-image-preview:large","max-video-preview":"max-video-preview:-1"},"canonical":"https:\/\/csma.es\/noticias\/pianistas-del-csma-en-el-festival-de-la-ribagorza\/","og_locale":"en_US","og_type":"article","og_title":"Pianistas del CSMA en el Festival de la Ribagorza - CSMA","og_description":"Este verano el Festival de la Ribagorza &#8211; Cl\u00e1sicos en la Frontera estren\u00f3 un nuevo formato llamado Conciertos Obertura. Estos conciertos fueron protagonizados por tres...","og_url":"https:\/\/csma.es\/noticias\/pianistas-del-csma-en-el-festival-de-la-ribagorza\/","og_site_name":"CSMA","article_publisher":"https:\/\/www.facebook.com\/CSMAragon\/","article_published_time":"2024-09-30T10:52:08+00:00","article_modified_time":"2024-09-30T10:52:30+00:00","og_image":[{"width":1080,"height":1920,"url":"https:\/\/csma.es\/wp-content\/uploads\/2024\/09\/Sofia-Festival-Ribagorza-Foto-1.jpeg","type":"image\/jpeg"}],"author":"TICS CSMA","twitter_card":"summary_large_image","twitter_creator":"@csmaconser","twitter_site":"@csmaconser","twitter_misc":{"Written by":"TICS CSMA","Est. reading time":"1 minute"},"schema":{"@context":"https:\/\/schema.org","@graph":[{"@type":"Article","@id":"https:\/\/csma.es\/noticias\/pianistas-del-csma-en-el-festival-de-la-ribagorza\/#article","isPartOf":{"@id":"https:\/\/csma.es\/noticias\/pianistas-del-csma-en-el-festival-de-la-ribagorza\/"},"author":{"name":"TICS CSMA","@id":"https:\/\/csma.es\/#\/schema\/person\/dd9e345cd1ec5925a5e8927a0cb3fc69"},"headline":"Pianistas del CSMA en el Festival de la Ribagorza","datePublished":"2024-09-30T10:52:08+00:00","dateModified":"2024-09-30T10:52:30+00:00","mainEntityOfPage":{"@id":"https:\/\/csma.es\/noticias\/pianistas-del-csma-en-el-festival-de-la-ribagorza\/"},"wordCount":147,"commentCount":0,"publisher":{"@id":"https:\/\/csma.es\/#organization"},"image":{"@id":"https:\/\/csma.es\/noticias\/pianistas-del-csma-en-el-festival-de-la-ribagorza\/#primaryimage"},"thumbnailUrl":"https:\/\/csma.es\/wp-content\/uploads\/2024\/09\/Sofia-Festival-Ribagorza-Foto-1.jpeg","articleSection":["Noticias"],"inLanguage":"en-US","potentialAction":[{"@type":"CommentAction","name":"Comment","target":["https:\/\/csma.es\/noticias\/pianistas-del-csma-en-el-festival-de-la-ribagorza\/#respond"]}]},{"@type":"WebPage","@id":"https:\/\/csma.es\/noticias\/pianistas-del-csma-en-el-festival-de-la-ribagorza\/","url":"https:\/\/csma.es\/noticias\/pianistas-del-csma-en-el-festival-de-la-ribagorza\/","name":"Pianistas del CSMA en el Festival de la Ribagorza - CSMA","isPartOf":{"@id":"https:\/\/csma.es\/#website"},"primaryImageOfPage":{"@id":"https:\/\/csma.es\/noticias\/pianistas-del-csma-en-el-festival-de-la-ribagorza\/#primaryimage"},"image":{"@id":"https:\/\/csma.es\/noticias\/pianistas-del-csma-en-el-festival-de-la-ribagorza\/#primaryimage"},"thumbnailUrl":"https:\/\/csma.es\/wp-content\/uploads\/2024\/09\/Sofia-Festival-Ribagorza-Foto-1.jpeg","datePublished":"2024-09-30T10:52:08+00:00","dateModified":"2024-09-30T10:52:30+00:00","breadcrumb":{"@id":"https:\/\/csma.es\/noticias\/pianistas-del-csma-en-el-festival-de-la-ribagorza\/#breadcrumb"},"inLanguage":"en-US","potentialAction":[{"@type":"ReadAction","target":["https:\/\/csma.es\/noticias\/pianistas-del-csma-en-el-festival-de-la-ribagorza\/"]}]},{"@type":"ImageObject","inLanguage":"en-US","@id":"https:\/\/csma.es\/noticias\/pianistas-del-csma-en-el-festival-de-la-ribagorza\/#primaryimage","url":"https:\/\/csma.es\/wp-content\/uploads\/2024\/09\/Sofia-Festival-Ribagorza-Foto-1.jpeg","contentUrl":"https:\/\/csma.es\/wp-content\/uploads\/2024\/09\/Sofia-Festival-Ribagorza-Foto-1.jpeg","width":1080,"height":1920},{"@type":"BreadcrumbList","@id":"https:\/\/csma.es\/noticias\/pianistas-del-csma-en-el-festival-de-la-ribagorza\/#breadcrumb","itemListElement":[{"@type":"ListItem","position":1,"name":"Portada","item":"https:\/\/csma.es\/en\/"},{"@type":"ListItem","position":2,"name":"Pianistas del CSMA en el Festival de la Ribagorza"}]},{"@type":"WebSite","@id":"https:\/\/csma.es\/#website","url":"https:\/\/csma.es\/","name":"CSMA","description":"Conservatorio Superior de M\u00fasica de Arag\u00f3n","publisher":{"@id":"https:\/\/csma.es\/#organization"},"potentialAction":[{"@type":"SearchAction","target":{"@type":"EntryPoint","urlTemplate":"https:\/\/csma.es\/?s={search_term_string}"},"query-input":{"@type":"PropertyValueSpecification","valueRequired":true,"valueName":"search_term_string"}}],"inLanguage":"en-US"},{"@type":"Organization","@id":"https:\/\/csma.es\/#organization","name":"Conservatorio Superior de M\u00fasica de Arag\u00f3n","url":"https:\/\/csma.es\/","logo":{"@type":"ImageObject","inLanguage":"en-US","@id":"https:\/\/csma.es\/#\/schema\/logo\/image\/","url":"https:\/\/csma.es\/wp-content\/uploads\/2025\/04\/cropped-logo-csma-40anos-vertical-sintexto-positivo.png","contentUrl":"https:\/\/csma.es\/wp-content\/uploads\/2025\/04\/cropped-logo-csma-40anos-vertical-sintexto-positivo.png","width":512,"height":512,"caption":"Conservatorio Superior de M\u00fasica de Arag\u00f3n"},"image":{"@id":"https:\/\/csma.es\/#\/schema\/logo\/image\/"},"sameAs":["https:\/\/www.facebook.com\/CSMAragon\/","https:\/\/x.com\/csmaconser","https:\/\/www.instagram.com\/csmaragon\/","https:\/\/www.youtube.com\/channel\/UCcsLLtgZJUhz11-3Aj1sv3w"]},{"@type":"Person","@id":"https:\/\/csma.es\/#\/schema\/person\/dd9e345cd1ec5925a5e8927a0cb3fc69","name":"TICS CSMA"}]}},"publishpress_future_action":{"enabled":false,"date":"2026-05-09 12:18:09","action":"change-status","newStatus":"draft","terms":[],"taxonomy":"category","extraData":[]},"publishpress_future_workflow_manual_trigger":{"enabledWorkflows":[]},"_links":{"self":[{"href":"https:\/\/csma.es\/en\/wp-json\/wp\/v2\/posts\/29283","targetHints":{"allow":["GET"]}}],"collection":[{"href":"https:\/\/csma.es\/en\/wp-json\/wp\/v2\/posts"}],"about":[{"href":"https:\/\/csma.es\/en\/wp-json\/wp\/v2\/types\/post"}],"author":[{"embeddable":true,"href":"https:\/\/csma.es\/en\/wp-json\/wp\/v2\/users\/3"}],"replies":[{"embeddable":true,"href":"https:\/\/csma.es\/en\/wp-json\/wp\/v2\/comments?post=29283"}],"version-history":[{"count":0,"href":"https:\/\/csma.es\/en\/wp-json\/wp\/v2\/posts\/29283\/revisions"}],"wp:featuredmedia":[{"embeddable":true,"href":"https:\/\/csma.es\/en\/wp-json\/wp\/v2\/media\/29284"}],"wp:attachment":[{"href":"https:\/\/csma.es\/en\/wp-json\/wp\/v2\/media?parent=29283"}],"wp:term":[{"taxonomy":"category","embeddable":true,"href":"https:\/\/csma.es\/en\/wp-json\/wp\/v2\/categories?post=29283"},{"taxonomy":"post_tag","embeddable":true,"href":"https:\/\/csma.es\/en\/wp-json\/wp\/v2\/tags?post=29283"}],"curies":[{"name":"wp","href":"https:\/\/api.w.org\/{rel}","templated":true}]}}