{"id":25522,"date":"2024-01-16T14:48:35","date_gmt":"2024-01-16T13:48:35","guid":{"rendered":"https:\/\/csma.es\/?p=25522"},"modified":"2025-02-19T12:47:14","modified_gmt":"2025-02-19T11:47:14","slug":"guillermo-cobo","status":"publish","type":"post","link":"https:\/\/csma.es\/en\/profesorado-proyectos-instrumentales-y-composicion\/guillermo-cobo\/","title":{"rendered":"GUILLERMO COBO GARC\u00cdA"},"content":{"rendered":"<p>Nacido en Ja\u00e9n en 1991, comienza sus estudios de m\u00fasica en el conservatorio de su ciudad natal. Posteriormente cursa el grado de Maestro en la especialidad de Educaci\u00f3n Musical en la Universidad de Ja\u00e9n (2009), obteniendo en 2011 una beca de movilidad internacional para Kean University (NJ, USA), donde recibe lecciones de composici\u00f3n por parte de Joseph Turrin. Una vez finalizados sus estudios en Ja\u00e9n, ingresa en el Conservatorio Superior de M\u00fasica de Arag\u00f3n, donde se forma como compositor bajo la tutela de Jos\u00e9 Mar\u00eda S\u00e1nchez-Verd\u00fa (2013) y Juan Jos\u00e9 Eslava (2015), gradu\u00e1ndose en 2017. Ese mismo a\u00f1o es admitido en la Hochschule f\u00fcr Musik und Theather \u00abFelix Mendelssohn Bartholdy\u00bb de Leipzig para cursar sus estudios de M\u00e1ster en Composici\u00f3n con Fabien L\u00e9vy. En 2018 obtiene una beca Erasmus con la que se traslada a Italia para continuar su formaci\u00f3n en el Conservatorio di Musica \u00abGiuseppe Verdi\u00bb di Milano con Gabriele Manca.<\/p>\n<p>Su obra toma como referencia la geometr\u00eda inherente a los fen\u00f3menos y formas naturales que nos rodean. Mediante las matem\u00e1ticas, esa geometr\u00eda es abstra\u00edda en diversos algoritmos que permiten traducir a m\u00fasica la l\u00f3gica<br \/>\ninterna presente en monta\u00f1as, desiertos, r\u00edos o incluso en nuestra propia biolog\u00eda. Este inter\u00e9s por la m\u00fasica formalizada le ha llevado a colaborar desde 2022 con el compositor Carlos Satu\u00e9.<\/p>\n<p>Su m\u00fasica ha sido reconocida en concursos internacionales (2\u00ba premio Toru Takemitsu Composition Award 2023, Discovering Young Composers of Europe 2022 y VIII\u00a0Concorso Incontri Internazionali per giovani compositori \u201cFranco<br \/>\nDonatoni), siendo interpretada en diversos festivales: Festival After Cage (Pamplona 2017, 2023, 2024), 30\u00ba Encuentros de M\u00fasica Contempor\u00e1nea (Bilbao, 2023), Composium 2023 (Tokio), I Festival de M\u00fasica Contempor\u00e1nea<br \/>\nde Nerja (2023), VII Festival de M\u00fasica Contempor\u00e1nea de La Rioja (2023), XIII y XV Festival de Ensembles (Madrid, 2022 y 2024), XIX y XX Festival de M\u00fasica Espa\u00f1ola de C\u00e1diz (2021 y 2022), ZfGM Festival (Leipzig, 2019) y XXII<br \/>\nTemporada de Grandes Conciertos de Oto\u00f1o (Zaragoza, 2016), entre otros.<\/p>\n<p>Actualmente es profesor de composici\u00f3n y an\u00e1lisis en el Conservatorio Superior de M\u00fasica de Arag\u00f3n, actividad que compagina con la realizaci\u00f3n de su tesis doctoral sobre la m\u00fasica de Paco Guerrero bajo la direcci\u00f3n de Pedro Ord\u00f3\u00f1ez Eslava en la Universidad de Granada. Desde 2023 es miembro del Colectivo de experimentaci\u00f3n musical contempor\u00e1nea E7.2 de Pamplona.<\/p>\n<p><a href=\"http:\/\/www.guillermo-cobo.com\">guillermo-cobo.com<\/a><\/p>\n","protected":false},"excerpt":{"rendered":"<p>Nacido en Ja\u00e9n en 1991, comienza sus estudios de m\u00fasica en el conservatorio de su ciudad natal. Posteriormente cursa el grado de Maestro en la&#8230;<\/p>\n","protected":false},"author":3,"featured_media":29343,"comment_status":"open","ping_status":"open","sticky":false,"template":"","format":"standard","meta":{"footnotes":""},"categories":[438],"tags":[],"class_list":["post-25522","post","type-post","status-publish","format-standard","has-post-thumbnail","hentry","category-profesorado-proyectos-instrumentales-y-composicion"],"yoast_head":"<!-- This site is optimized with the Yoast SEO plugin v27.5 - https:\/\/yoast.com\/product\/yoast-seo-wordpress\/ -->\n<title>GUILLERMO COBO GARC\u00cdA - CSMA<\/title>\n<meta name=\"robots\" content=\"index, follow, max-snippet:-1, max-image-preview:large, max-video-preview:-1\" \/>\n<link rel=\"canonical\" href=\"https:\/\/csma.es\/profesorado\/guillermo-cobo\/\" \/>\n<meta property=\"og:locale\" content=\"en_US\" \/>\n<meta property=\"og:type\" content=\"article\" \/>\n<meta property=\"og:title\" content=\"GUILLERMO COBO GARC\u00cdA - CSMA\" \/>\n<meta property=\"og:description\" content=\"Nacido en Ja\u00e9n en 1991, comienza sus estudios de m\u00fasica en el conservatorio de su ciudad natal. Posteriormente cursa el grado de Maestro en la...\" \/>\n<meta property=\"og:url\" content=\"https:\/\/csma.es\/profesorado\/guillermo-cobo\/\" \/>\n<meta property=\"og:site_name\" content=\"CSMA\" \/>\n<meta property=\"article:publisher\" content=\"https:\/\/www.facebook.com\/CSMAragon\/\" \/>\n<meta property=\"article:published_time\" content=\"2024-01-16T13:48:35+00:00\" \/>\n<meta property=\"article:modified_time\" content=\"2025-02-19T11:47:14+00:00\" \/>\n<meta property=\"og:image\" content=\"https:\/\/csma.es\/wp-content\/uploads\/2024\/01\/GUILLE-COBO.jpg\" \/>\n\t<meta property=\"og:image:width\" content=\"1392\" \/>\n\t<meta property=\"og:image:height\" content=\"928\" \/>\n\t<meta property=\"og:image:type\" content=\"image\/jpeg\" \/>\n<meta name=\"author\" content=\"TICS CSMA\" \/>\n<meta name=\"twitter:card\" content=\"summary_large_image\" \/>\n<meta name=\"twitter:creator\" content=\"@csmaconser\" \/>\n<meta name=\"twitter:site\" content=\"@csmaconser\" \/>\n<meta name=\"twitter:label1\" content=\"Written by\" \/>\n\t<meta name=\"twitter:data1\" content=\"TICS CSMA\" \/>\n\t<meta name=\"twitter:label2\" content=\"Est. reading time\" \/>\n\t<meta name=\"twitter:data2\" content=\"2 minutes\" \/>\n<script type=\"application\/ld+json\" class=\"yoast-schema-graph\">{\"@context\":\"https:\\\/\\\/schema.org\",\"@graph\":[{\"@type\":\"Article\",\"@id\":\"https:\\\/\\\/csma.es\\\/profesorado\\\/guillermo-cobo\\\/#article\",\"isPartOf\":{\"@id\":\"https:\\\/\\\/csma.es\\\/profesorado\\\/guillermo-cobo\\\/\"},\"author\":{\"name\":\"TICS CSMA\",\"@id\":\"https:\\\/\\\/csma.es\\\/#\\\/schema\\\/person\\\/dd9e345cd1ec5925a5e8927a0cb3fc69\"},\"headline\":\"GUILLERMO COBO GARC\u00cdA\",\"datePublished\":\"2024-01-16T13:48:35+00:00\",\"dateModified\":\"2025-02-19T11:47:14+00:00\",\"mainEntityOfPage\":{\"@id\":\"https:\\\/\\\/csma.es\\\/profesorado\\\/guillermo-cobo\\\/\"},\"wordCount\":410,\"commentCount\":0,\"publisher\":{\"@id\":\"https:\\\/\\\/csma.es\\\/#organization\"},\"image\":{\"@id\":\"https:\\\/\\\/csma.es\\\/profesorado\\\/guillermo-cobo\\\/#primaryimage\"},\"thumbnailUrl\":\"https:\\\/\\\/csma.es\\\/wp-content\\\/uploads\\\/2024\\\/01\\\/GUILLE-COBO.jpg\",\"articleSection\":[\"Profesorado proyectos\"],\"inLanguage\":\"en-US\",\"potentialAction\":[{\"@type\":\"CommentAction\",\"name\":\"Comment\",\"target\":[\"https:\\\/\\\/csma.es\\\/profesorado\\\/guillermo-cobo\\\/#respond\"]}]},{\"@type\":\"WebPage\",\"@id\":\"https:\\\/\\\/csma.es\\\/profesorado\\\/guillermo-cobo\\\/\",\"url\":\"https:\\\/\\\/csma.es\\\/profesorado\\\/guillermo-cobo\\\/\",\"name\":\"GUILLERMO COBO GARC\u00cdA - CSMA\",\"isPartOf\":{\"@id\":\"https:\\\/\\\/csma.es\\\/#website\"},\"primaryImageOfPage\":{\"@id\":\"https:\\\/\\\/csma.es\\\/profesorado\\\/guillermo-cobo\\\/#primaryimage\"},\"image\":{\"@id\":\"https:\\\/\\\/csma.es\\\/profesorado\\\/guillermo-cobo\\\/#primaryimage\"},\"thumbnailUrl\":\"https:\\\/\\\/csma.es\\\/wp-content\\\/uploads\\\/2024\\\/01\\\/GUILLE-COBO.jpg\",\"datePublished\":\"2024-01-16T13:48:35+00:00\",\"dateModified\":\"2025-02-19T11:47:14+00:00\",\"breadcrumb\":{\"@id\":\"https:\\\/\\\/csma.es\\\/profesorado\\\/guillermo-cobo\\\/#breadcrumb\"},\"inLanguage\":\"en-US\",\"potentialAction\":[{\"@type\":\"ReadAction\",\"target\":[\"https:\\\/\\\/csma.es\\\/profesorado\\\/guillermo-cobo\\\/\"]}]},{\"@type\":\"ImageObject\",\"inLanguage\":\"en-US\",\"@id\":\"https:\\\/\\\/csma.es\\\/profesorado\\\/guillermo-cobo\\\/#primaryimage\",\"url\":\"https:\\\/\\\/csma.es\\\/wp-content\\\/uploads\\\/2024\\\/01\\\/GUILLE-COBO.jpg\",\"contentUrl\":\"https:\\\/\\\/csma.es\\\/wp-content\\\/uploads\\\/2024\\\/01\\\/GUILLE-COBO.jpg\",\"width\":1392,\"height\":928},{\"@type\":\"BreadcrumbList\",\"@id\":\"https:\\\/\\\/csma.es\\\/profesorado\\\/guillermo-cobo\\\/#breadcrumb\",\"itemListElement\":[{\"@type\":\"ListItem\",\"position\":1,\"name\":\"Portada\",\"item\":\"https:\\\/\\\/csma.es\\\/en\\\/\"},{\"@type\":\"ListItem\",\"position\":2,\"name\":\"GUILLERMO COBO GARC\u00cdA\"}]},{\"@type\":\"WebSite\",\"@id\":\"https:\\\/\\\/csma.es\\\/#website\",\"url\":\"https:\\\/\\\/csma.es\\\/\",\"name\":\"CSMA\",\"description\":\"Conservatorio Superior de M\u00fasica de Arag\u00f3n\",\"publisher\":{\"@id\":\"https:\\\/\\\/csma.es\\\/#organization\"},\"potentialAction\":[{\"@type\":\"SearchAction\",\"target\":{\"@type\":\"EntryPoint\",\"urlTemplate\":\"https:\\\/\\\/csma.es\\\/?s={search_term_string}\"},\"query-input\":{\"@type\":\"PropertyValueSpecification\",\"valueRequired\":true,\"valueName\":\"search_term_string\"}}],\"inLanguage\":\"en-US\"},{\"@type\":\"Organization\",\"@id\":\"https:\\\/\\\/csma.es\\\/#organization\",\"name\":\"Conservatorio Superior de M\u00fasica de Arag\u00f3n\",\"url\":\"https:\\\/\\\/csma.es\\\/\",\"logo\":{\"@type\":\"ImageObject\",\"inLanguage\":\"en-US\",\"@id\":\"https:\\\/\\\/csma.es\\\/#\\\/schema\\\/logo\\\/image\\\/\",\"url\":\"https:\\\/\\\/csma.es\\\/wp-content\\\/uploads\\\/2025\\\/04\\\/cropped-logo-csma-40anos-vertical-sintexto-positivo.png\",\"contentUrl\":\"https:\\\/\\\/csma.es\\\/wp-content\\\/uploads\\\/2025\\\/04\\\/cropped-logo-csma-40anos-vertical-sintexto-positivo.png\",\"width\":512,\"height\":512,\"caption\":\"Conservatorio Superior de M\u00fasica de Arag\u00f3n\"},\"image\":{\"@id\":\"https:\\\/\\\/csma.es\\\/#\\\/schema\\\/logo\\\/image\\\/\"},\"sameAs\":[\"https:\\\/\\\/www.facebook.com\\\/CSMAragon\\\/\",\"https:\\\/\\\/x.com\\\/csmaconser\",\"https:\\\/\\\/www.instagram.com\\\/csmaragon\\\/\",\"https:\\\/\\\/www.youtube.com\\\/channel\\\/UCcsLLtgZJUhz11-3Aj1sv3w\"]},{\"@type\":\"Person\",\"@id\":\"https:\\\/\\\/csma.es\\\/#\\\/schema\\\/person\\\/dd9e345cd1ec5925a5e8927a0cb3fc69\",\"name\":\"TICS CSMA\"}]}<\/script>\n<!-- \/ Yoast SEO plugin. -->","yoast_head_json":{"title":"GUILLERMO COBO GARC\u00cdA - CSMA","robots":{"index":"index","follow":"follow","max-snippet":"max-snippet:-1","max-image-preview":"max-image-preview:large","max-video-preview":"max-video-preview:-1"},"canonical":"https:\/\/csma.es\/profesorado\/guillermo-cobo\/","og_locale":"en_US","og_type":"article","og_title":"GUILLERMO COBO GARC\u00cdA - CSMA","og_description":"Nacido en Ja\u00e9n en 1991, comienza sus estudios de m\u00fasica en el conservatorio de su ciudad natal. Posteriormente cursa el grado de Maestro en la...","og_url":"https:\/\/csma.es\/profesorado\/guillermo-cobo\/","og_site_name":"CSMA","article_publisher":"https:\/\/www.facebook.com\/CSMAragon\/","article_published_time":"2024-01-16T13:48:35+00:00","article_modified_time":"2025-02-19T11:47:14+00:00","og_image":[{"width":1392,"height":928,"url":"https:\/\/csma.es\/wp-content\/uploads\/2024\/01\/GUILLE-COBO.jpg","type":"image\/jpeg"}],"author":"TICS CSMA","twitter_card":"summary_large_image","twitter_creator":"@csmaconser","twitter_site":"@csmaconser","twitter_misc":{"Written by":"TICS CSMA","Est. reading time":"2 minutes"},"schema":{"@context":"https:\/\/schema.org","@graph":[{"@type":"Article","@id":"https:\/\/csma.es\/profesorado\/guillermo-cobo\/#article","isPartOf":{"@id":"https:\/\/csma.es\/profesorado\/guillermo-cobo\/"},"author":{"name":"TICS CSMA","@id":"https:\/\/csma.es\/#\/schema\/person\/dd9e345cd1ec5925a5e8927a0cb3fc69"},"headline":"GUILLERMO COBO GARC\u00cdA","datePublished":"2024-01-16T13:48:35+00:00","dateModified":"2025-02-19T11:47:14+00:00","mainEntityOfPage":{"@id":"https:\/\/csma.es\/profesorado\/guillermo-cobo\/"},"wordCount":410,"commentCount":0,"publisher":{"@id":"https:\/\/csma.es\/#organization"},"image":{"@id":"https:\/\/csma.es\/profesorado\/guillermo-cobo\/#primaryimage"},"thumbnailUrl":"https:\/\/csma.es\/wp-content\/uploads\/2024\/01\/GUILLE-COBO.jpg","articleSection":["Profesorado proyectos"],"inLanguage":"en-US","potentialAction":[{"@type":"CommentAction","name":"Comment","target":["https:\/\/csma.es\/profesorado\/guillermo-cobo\/#respond"]}]},{"@type":"WebPage","@id":"https:\/\/csma.es\/profesorado\/guillermo-cobo\/","url":"https:\/\/csma.es\/profesorado\/guillermo-cobo\/","name":"GUILLERMO COBO GARC\u00cdA - CSMA","isPartOf":{"@id":"https:\/\/csma.es\/#website"},"primaryImageOfPage":{"@id":"https:\/\/csma.es\/profesorado\/guillermo-cobo\/#primaryimage"},"image":{"@id":"https:\/\/csma.es\/profesorado\/guillermo-cobo\/#primaryimage"},"thumbnailUrl":"https:\/\/csma.es\/wp-content\/uploads\/2024\/01\/GUILLE-COBO.jpg","datePublished":"2024-01-16T13:48:35+00:00","dateModified":"2025-02-19T11:47:14+00:00","breadcrumb":{"@id":"https:\/\/csma.es\/profesorado\/guillermo-cobo\/#breadcrumb"},"inLanguage":"en-US","potentialAction":[{"@type":"ReadAction","target":["https:\/\/csma.es\/profesorado\/guillermo-cobo\/"]}]},{"@type":"ImageObject","inLanguage":"en-US","@id":"https:\/\/csma.es\/profesorado\/guillermo-cobo\/#primaryimage","url":"https:\/\/csma.es\/wp-content\/uploads\/2024\/01\/GUILLE-COBO.jpg","contentUrl":"https:\/\/csma.es\/wp-content\/uploads\/2024\/01\/GUILLE-COBO.jpg","width":1392,"height":928},{"@type":"BreadcrumbList","@id":"https:\/\/csma.es\/profesorado\/guillermo-cobo\/#breadcrumb","itemListElement":[{"@type":"ListItem","position":1,"name":"Portada","item":"https:\/\/csma.es\/en\/"},{"@type":"ListItem","position":2,"name":"GUILLERMO COBO GARC\u00cdA"}]},{"@type":"WebSite","@id":"https:\/\/csma.es\/#website","url":"https:\/\/csma.es\/","name":"CSMA","description":"Conservatorio Superior de M\u00fasica de Arag\u00f3n","publisher":{"@id":"https:\/\/csma.es\/#organization"},"potentialAction":[{"@type":"SearchAction","target":{"@type":"EntryPoint","urlTemplate":"https:\/\/csma.es\/?s={search_term_string}"},"query-input":{"@type":"PropertyValueSpecification","valueRequired":true,"valueName":"search_term_string"}}],"inLanguage":"en-US"},{"@type":"Organization","@id":"https:\/\/csma.es\/#organization","name":"Conservatorio Superior de M\u00fasica de Arag\u00f3n","url":"https:\/\/csma.es\/","logo":{"@type":"ImageObject","inLanguage":"en-US","@id":"https:\/\/csma.es\/#\/schema\/logo\/image\/","url":"https:\/\/csma.es\/wp-content\/uploads\/2025\/04\/cropped-logo-csma-40anos-vertical-sintexto-positivo.png","contentUrl":"https:\/\/csma.es\/wp-content\/uploads\/2025\/04\/cropped-logo-csma-40anos-vertical-sintexto-positivo.png","width":512,"height":512,"caption":"Conservatorio Superior de M\u00fasica de Arag\u00f3n"},"image":{"@id":"https:\/\/csma.es\/#\/schema\/logo\/image\/"},"sameAs":["https:\/\/www.facebook.com\/CSMAragon\/","https:\/\/x.com\/csmaconser","https:\/\/www.instagram.com\/csmaragon\/","https:\/\/www.youtube.com\/channel\/UCcsLLtgZJUhz11-3Aj1sv3w"]},{"@type":"Person","@id":"https:\/\/csma.es\/#\/schema\/person\/dd9e345cd1ec5925a5e8927a0cb3fc69","name":"TICS CSMA"}]}},"publishpress_future_action":{"enabled":false,"date":"2026-05-09 00:17:36","action":"change-status","newStatus":"draft","terms":[],"taxonomy":"category","extraData":[]},"publishpress_future_workflow_manual_trigger":{"enabledWorkflows":[]},"_links":{"self":[{"href":"https:\/\/csma.es\/en\/wp-json\/wp\/v2\/posts\/25522","targetHints":{"allow":["GET"]}}],"collection":[{"href":"https:\/\/csma.es\/en\/wp-json\/wp\/v2\/posts"}],"about":[{"href":"https:\/\/csma.es\/en\/wp-json\/wp\/v2\/types\/post"}],"author":[{"embeddable":true,"href":"https:\/\/csma.es\/en\/wp-json\/wp\/v2\/users\/3"}],"replies":[{"embeddable":true,"href":"https:\/\/csma.es\/en\/wp-json\/wp\/v2\/comments?post=25522"}],"version-history":[{"count":0,"href":"https:\/\/csma.es\/en\/wp-json\/wp\/v2\/posts\/25522\/revisions"}],"wp:featuredmedia":[{"embeddable":true,"href":"https:\/\/csma.es\/en\/wp-json\/wp\/v2\/media\/29343"}],"wp:attachment":[{"href":"https:\/\/csma.es\/en\/wp-json\/wp\/v2\/media?parent=25522"}],"wp:term":[{"taxonomy":"category","embeddable":true,"href":"https:\/\/csma.es\/en\/wp-json\/wp\/v2\/categories?post=25522"},{"taxonomy":"post_tag","embeddable":true,"href":"https:\/\/csma.es\/en\/wp-json\/wp\/v2\/tags?post=25522"}],"curies":[{"name":"wp","href":"https:\/\/api.w.org\/{rel}","templated":true}]}}