{"id":25450,"date":"2023-12-13T11:31:39","date_gmt":"2023-12-13T10:31:39","guid":{"rendered":"https:\/\/csma.es\/?p=25450"},"modified":"2023-12-13T11:36:55","modified_gmt":"2023-12-13T10:36:55","slug":"la-temporada-de-conciertos-en-familia-cierra-este-2023-con-un-programa-navideno-del-low-brass-ensemble","status":"publish","type":"post","link":"https:\/\/csma.es\/en\/noticias\/la-temporada-de-conciertos-en-familia-cierra-este-2023-con-un-programa-navideno-del-low-brass-ensemble\/","title":{"rendered":"LA TEMPORADA DE CONCIERTOS EN FAMILIA PRESENTA UN PROGRAMA NAVIDE\u00d1O DEL LOW BRASS ENSEMBLE"},"content":{"rendered":"<p style=\"text-align: justify;\">Tras el inicio de las temporadas de <strong>Grandes Conciertos<\/strong> y Conciertos <strong>En familia<\/strong> el pasado mes de noviembre, y tras la presentaci\u00f3n de m\u00e1s de una decena de t\u00edtulos,\u00a0 el Conservatorio Superior de M\u00fasica de Arag\u00f3n programa un tradicional <strong>Concierto de Navidad<\/strong>.<\/p>\n<p style=\"text-align: justify;\">Una nueva propuesta musical que busca desde la temporada de conciertos En familia\u00a0 introducir la m\u00fasica en la vida familiar para despertar los sentidos de los m\u00e1s peque\u00f1os.\u00a0 Una buena noticia sin duda, donde un mundo de sensaciones, experimentaci\u00f3n y creatividad son presentados para\u00a0 ser descubiertos en familia de una manera sugerente junto a los m\u00e1s peque\u00f1os creando momentos irrepetibles compartidos en familia, ingrediente esencial que enriquece el esp\u00edritu navide\u00f1o.<\/p>\n<p style=\"text-align: justify;\"><strong>Sergio Linares<\/strong> y <strong>Jos\u00e9 Vicente Soler,<\/strong> catedr\u00e1ticos del departamento de viento del CSMA, dirigir\u00e1n una propuesta muy distinta a la habitual en estos conciertos, dando vida a una m\u00fasica emocionante que fue pensada en diferentes \u00e9pocas y tiempos, utilizando instrumentos y conjuntos espec\u00edficos para recrear atm\u00f3sferas muy apreciadas por su belleza y su capacidad para evocar im\u00e1genes y sentimientos.<\/p>\n<p style=\"text-align: justify;\">Las m\u00fasicas de esp\u00edritu renacentista de Vaclav Nelhylbel y una de las canciones m\u00e1s emblem\u00e1ticas de &#8220;Les Mis\u00e9rables&#8221;, I Dreamed a Dream de Michel Sch\u00f6nberg, pertenecientes al musical basado en la novela hom\u00f3nima de Victor Hugo dar\u00e1n paso a una\u00a0 segunda parte de concierto que presentar\u00e1 un programa igualmente interesante, pues son contad\u00edsimas las ocasiones para disfrutar en el escenario de la m\u00fasica\u00a0 de John Williams y su composici\u00f3n m\u00e1s ic\u00f3nica, Olympic Fanfare and Theme, una pieza magistral que captura la emoci\u00f3n y el esp\u00edritu de los Juegos Ol\u00edmpicos.<\/p>\n<p style=\"text-align: justify;\">Disfrutando escena tras escena, t\u00edtulo tras t\u00edtulo llegaremos casi sin enterarnos a la conclusi\u00f3n del concierto con una enigm\u00e1tica dimensi\u00f3n, tan navide\u00f1a como impactante de Leroy Anderson y su Christmas Festival que presenta una brillante creaci\u00f3n musical especialmente dise\u00f1ada para la temporada navide\u00f1a. Concebida para abarcar una variedad de conocidas canciones y villancicos, Anderson la compuso en respuesta a la necesidad del director Arthur Fiedler de tener una pieza que ocupara ambos lados de un disco de vinilo para las festividades.<\/p>\n<p style=\"text-align: justify;\">Las pr\u00f3ximas citas de Grandes Conciertos CSMA y conciertos En Familia del Conservatorio Superior de M\u00fasica de Arag\u00f3n incluir\u00e1 t\u00edtulos del renacimiento italiano, grupo Fluxus, el maestro Lecuona o Rachmaninov y Tchaikovsky.\u00a0 Toda una experiencia musical de t\u00edtulos embrujados abiertos para todos los p\u00fablicos, cumpliendo as\u00ed uno de los principales objetivos de este centro superior de ense\u00f1anzas musicales, que es el de trasladar al p\u00fablico la emoci\u00f3n y pasi\u00f3n de la m\u00fasica sinf\u00f3nica, camer\u00edstica o\u00a0 coral\u00a0 a peque\u00f1os\u00a0 y grandes con el mayor nivel de excelencia.<\/p>\n<p>&nbsp;<\/p>\n","protected":false},"excerpt":{"rendered":"<p>Tras el inicio de las temporadas de Grandes Conciertos y Conciertos En familia el pasado mes de noviembre, y tras la presentaci\u00f3n de m\u00e1s de&#8230;<\/p>\n","protected":false},"author":3,"featured_media":25442,"comment_status":"open","ping_status":"open","sticky":false,"template":"","format":"standard","meta":{"footnotes":""},"categories":[368],"tags":[],"class_list":["post-25450","post","type-post","status-publish","format-standard","has-post-thumbnail","hentry","category-noticias"],"yoast_head":"<!-- This site is optimized with the Yoast SEO plugin v27.5 - https:\/\/yoast.com\/product\/yoast-seo-wordpress\/ -->\n<title>LA TEMPORADA DE CONCIERTOS EN FAMILIA PRESENTA UN PROGRAMA NAVIDE\u00d1O DEL LOW BRASS ENSEMBLE - CSMA<\/title>\n<meta name=\"robots\" content=\"index, follow, max-snippet:-1, max-image-preview:large, max-video-preview:-1\" \/>\n<link rel=\"canonical\" href=\"https:\/\/csma.es\/noticias\/la-temporada-de-conciertos-en-familia-cierra-este-2023-con-un-programa-navideno-del-low-brass-ensemble\/\" \/>\n<meta property=\"og:locale\" content=\"en_US\" \/>\n<meta property=\"og:type\" content=\"article\" \/>\n<meta property=\"og:title\" content=\"LA TEMPORADA DE CONCIERTOS EN FAMILIA PRESENTA UN PROGRAMA NAVIDE\u00d1O DEL LOW BRASS ENSEMBLE - CSMA\" \/>\n<meta property=\"og:description\" content=\"Tras el inicio de las temporadas de Grandes Conciertos y Conciertos En familia el pasado mes de noviembre, y tras la presentaci\u00f3n de m\u00e1s de...\" \/>\n<meta property=\"og:url\" content=\"https:\/\/csma.es\/noticias\/la-temporada-de-conciertos-en-familia-cierra-este-2023-con-un-programa-navideno-del-low-brass-ensemble\/\" \/>\n<meta property=\"og:site_name\" content=\"CSMA\" \/>\n<meta property=\"article:publisher\" content=\"https:\/\/www.facebook.com\/CSMAragon\/\" \/>\n<meta property=\"article:published_time\" content=\"2023-12-13T10:31:39+00:00\" \/>\n<meta property=\"article:modified_time\" content=\"2023-12-13T10:36:55+00:00\" \/>\n<meta property=\"og:image\" content=\"https:\/\/csma.es\/wp-content\/uploads\/2023\/12\/17122023LOW-BRASS.jpg\" \/>\n\t<meta property=\"og:image:width\" content=\"960\" \/>\n\t<meta property=\"og:image:height\" content=\"540\" \/>\n\t<meta property=\"og:image:type\" content=\"image\/jpeg\" \/>\n<meta name=\"author\" content=\"TICS CSMA\" \/>\n<meta name=\"twitter:card\" content=\"summary_large_image\" \/>\n<meta name=\"twitter:creator\" content=\"@csmaconser\" \/>\n<meta name=\"twitter:site\" content=\"@csmaconser\" \/>\n<meta name=\"twitter:label1\" content=\"Written by\" \/>\n\t<meta name=\"twitter:data1\" content=\"TICS CSMA\" \/>\n\t<meta name=\"twitter:label2\" content=\"Est. reading time\" \/>\n\t<meta name=\"twitter:data2\" content=\"3 minutes\" \/>\n<script type=\"application\/ld+json\" class=\"yoast-schema-graph\">{\"@context\":\"https:\\\/\\\/schema.org\",\"@graph\":[{\"@type\":\"Article\",\"@id\":\"https:\\\/\\\/csma.es\\\/noticias\\\/la-temporada-de-conciertos-en-familia-cierra-este-2023-con-un-programa-navideno-del-low-brass-ensemble\\\/#article\",\"isPartOf\":{\"@id\":\"https:\\\/\\\/csma.es\\\/noticias\\\/la-temporada-de-conciertos-en-familia-cierra-este-2023-con-un-programa-navideno-del-low-brass-ensemble\\\/\"},\"author\":{\"name\":\"TICS CSMA\",\"@id\":\"https:\\\/\\\/csma.es\\\/#\\\/schema\\\/person\\\/dd9e345cd1ec5925a5e8927a0cb3fc69\"},\"headline\":\"LA TEMPORADA DE CONCIERTOS EN FAMILIA PRESENTA UN PROGRAMA NAVIDE\u00d1O DEL LOW BRASS ENSEMBLE\",\"datePublished\":\"2023-12-13T10:31:39+00:00\",\"dateModified\":\"2023-12-13T10:36:55+00:00\",\"mainEntityOfPage\":{\"@id\":\"https:\\\/\\\/csma.es\\\/noticias\\\/la-temporada-de-conciertos-en-familia-cierra-este-2023-con-un-programa-navideno-del-low-brass-ensemble\\\/\"},\"wordCount\":501,\"commentCount\":0,\"publisher\":{\"@id\":\"https:\\\/\\\/csma.es\\\/#organization\"},\"image\":{\"@id\":\"https:\\\/\\\/csma.es\\\/noticias\\\/la-temporada-de-conciertos-en-familia-cierra-este-2023-con-un-programa-navideno-del-low-brass-ensemble\\\/#primaryimage\"},\"thumbnailUrl\":\"https:\\\/\\\/csma.es\\\/wp-content\\\/uploads\\\/2023\\\/12\\\/17122023LOW-BRASS.jpg\",\"articleSection\":[\"Noticias\"],\"inLanguage\":\"en-US\",\"potentialAction\":[{\"@type\":\"CommentAction\",\"name\":\"Comment\",\"target\":[\"https:\\\/\\\/csma.es\\\/noticias\\\/la-temporada-de-conciertos-en-familia-cierra-este-2023-con-un-programa-navideno-del-low-brass-ensemble\\\/#respond\"]}]},{\"@type\":\"WebPage\",\"@id\":\"https:\\\/\\\/csma.es\\\/noticias\\\/la-temporada-de-conciertos-en-familia-cierra-este-2023-con-un-programa-navideno-del-low-brass-ensemble\\\/\",\"url\":\"https:\\\/\\\/csma.es\\\/noticias\\\/la-temporada-de-conciertos-en-familia-cierra-este-2023-con-un-programa-navideno-del-low-brass-ensemble\\\/\",\"name\":\"LA TEMPORADA DE CONCIERTOS EN FAMILIA PRESENTA UN PROGRAMA NAVIDE\u00d1O DEL LOW BRASS ENSEMBLE - CSMA\",\"isPartOf\":{\"@id\":\"https:\\\/\\\/csma.es\\\/#website\"},\"primaryImageOfPage\":{\"@id\":\"https:\\\/\\\/csma.es\\\/noticias\\\/la-temporada-de-conciertos-en-familia-cierra-este-2023-con-un-programa-navideno-del-low-brass-ensemble\\\/#primaryimage\"},\"image\":{\"@id\":\"https:\\\/\\\/csma.es\\\/noticias\\\/la-temporada-de-conciertos-en-familia-cierra-este-2023-con-un-programa-navideno-del-low-brass-ensemble\\\/#primaryimage\"},\"thumbnailUrl\":\"https:\\\/\\\/csma.es\\\/wp-content\\\/uploads\\\/2023\\\/12\\\/17122023LOW-BRASS.jpg\",\"datePublished\":\"2023-12-13T10:31:39+00:00\",\"dateModified\":\"2023-12-13T10:36:55+00:00\",\"breadcrumb\":{\"@id\":\"https:\\\/\\\/csma.es\\\/noticias\\\/la-temporada-de-conciertos-en-familia-cierra-este-2023-con-un-programa-navideno-del-low-brass-ensemble\\\/#breadcrumb\"},\"inLanguage\":\"en-US\",\"potentialAction\":[{\"@type\":\"ReadAction\",\"target\":[\"https:\\\/\\\/csma.es\\\/noticias\\\/la-temporada-de-conciertos-en-familia-cierra-este-2023-con-un-programa-navideno-del-low-brass-ensemble\\\/\"]}]},{\"@type\":\"ImageObject\",\"inLanguage\":\"en-US\",\"@id\":\"https:\\\/\\\/csma.es\\\/noticias\\\/la-temporada-de-conciertos-en-familia-cierra-este-2023-con-un-programa-navideno-del-low-brass-ensemble\\\/#primaryimage\",\"url\":\"https:\\\/\\\/csma.es\\\/wp-content\\\/uploads\\\/2023\\\/12\\\/17122023LOW-BRASS.jpg\",\"contentUrl\":\"https:\\\/\\\/csma.es\\\/wp-content\\\/uploads\\\/2023\\\/12\\\/17122023LOW-BRASS.jpg\",\"width\":960,\"height\":540},{\"@type\":\"BreadcrumbList\",\"@id\":\"https:\\\/\\\/csma.es\\\/noticias\\\/la-temporada-de-conciertos-en-familia-cierra-este-2023-con-un-programa-navideno-del-low-brass-ensemble\\\/#breadcrumb\",\"itemListElement\":[{\"@type\":\"ListItem\",\"position\":1,\"name\":\"Portada\",\"item\":\"https:\\\/\\\/csma.es\\\/en\\\/\"},{\"@type\":\"ListItem\",\"position\":2,\"name\":\"LA TEMPORADA DE CONCIERTOS EN FAMILIA PRESENTA UN PROGRAMA NAVIDE\u00d1O DEL LOW BRASS ENSEMBLE\"}]},{\"@type\":\"WebSite\",\"@id\":\"https:\\\/\\\/csma.es\\\/#website\",\"url\":\"https:\\\/\\\/csma.es\\\/\",\"name\":\"CSMA\",\"description\":\"Conservatorio Superior de M\u00fasica de Arag\u00f3n\",\"publisher\":{\"@id\":\"https:\\\/\\\/csma.es\\\/#organization\"},\"potentialAction\":[{\"@type\":\"SearchAction\",\"target\":{\"@type\":\"EntryPoint\",\"urlTemplate\":\"https:\\\/\\\/csma.es\\\/?s={search_term_string}\"},\"query-input\":{\"@type\":\"PropertyValueSpecification\",\"valueRequired\":true,\"valueName\":\"search_term_string\"}}],\"inLanguage\":\"en-US\"},{\"@type\":\"Organization\",\"@id\":\"https:\\\/\\\/csma.es\\\/#organization\",\"name\":\"Conservatorio Superior de M\u00fasica de Arag\u00f3n\",\"url\":\"https:\\\/\\\/csma.es\\\/\",\"logo\":{\"@type\":\"ImageObject\",\"inLanguage\":\"en-US\",\"@id\":\"https:\\\/\\\/csma.es\\\/#\\\/schema\\\/logo\\\/image\\\/\",\"url\":\"https:\\\/\\\/csma.es\\\/wp-content\\\/uploads\\\/2025\\\/04\\\/cropped-logo-csma-40anos-vertical-sintexto-positivo.png\",\"contentUrl\":\"https:\\\/\\\/csma.es\\\/wp-content\\\/uploads\\\/2025\\\/04\\\/cropped-logo-csma-40anos-vertical-sintexto-positivo.png\",\"width\":512,\"height\":512,\"caption\":\"Conservatorio Superior de M\u00fasica de Arag\u00f3n\"},\"image\":{\"@id\":\"https:\\\/\\\/csma.es\\\/#\\\/schema\\\/logo\\\/image\\\/\"},\"sameAs\":[\"https:\\\/\\\/www.facebook.com\\\/CSMAragon\\\/\",\"https:\\\/\\\/x.com\\\/csmaconser\",\"https:\\\/\\\/www.instagram.com\\\/csmaragon\\\/\",\"https:\\\/\\\/www.youtube.com\\\/channel\\\/UCcsLLtgZJUhz11-3Aj1sv3w\"]},{\"@type\":\"Person\",\"@id\":\"https:\\\/\\\/csma.es\\\/#\\\/schema\\\/person\\\/dd9e345cd1ec5925a5e8927a0cb3fc69\",\"name\":\"TICS CSMA\"}]}<\/script>\n<!-- \/ Yoast SEO plugin. -->","yoast_head_json":{"title":"LA TEMPORADA DE CONCIERTOS EN FAMILIA PRESENTA UN PROGRAMA NAVIDE\u00d1O DEL LOW BRASS ENSEMBLE - CSMA","robots":{"index":"index","follow":"follow","max-snippet":"max-snippet:-1","max-image-preview":"max-image-preview:large","max-video-preview":"max-video-preview:-1"},"canonical":"https:\/\/csma.es\/noticias\/la-temporada-de-conciertos-en-familia-cierra-este-2023-con-un-programa-navideno-del-low-brass-ensemble\/","og_locale":"en_US","og_type":"article","og_title":"LA TEMPORADA DE CONCIERTOS EN FAMILIA PRESENTA UN PROGRAMA NAVIDE\u00d1O DEL LOW BRASS ENSEMBLE - CSMA","og_description":"Tras el inicio de las temporadas de Grandes Conciertos y Conciertos En familia el pasado mes de noviembre, y tras la presentaci\u00f3n de m\u00e1s de...","og_url":"https:\/\/csma.es\/noticias\/la-temporada-de-conciertos-en-familia-cierra-este-2023-con-un-programa-navideno-del-low-brass-ensemble\/","og_site_name":"CSMA","article_publisher":"https:\/\/www.facebook.com\/CSMAragon\/","article_published_time":"2023-12-13T10:31:39+00:00","article_modified_time":"2023-12-13T10:36:55+00:00","og_image":[{"width":960,"height":540,"url":"https:\/\/csma.es\/wp-content\/uploads\/2023\/12\/17122023LOW-BRASS.jpg","type":"image\/jpeg"}],"author":"TICS CSMA","twitter_card":"summary_large_image","twitter_creator":"@csmaconser","twitter_site":"@csmaconser","twitter_misc":{"Written by":"TICS CSMA","Est. reading time":"3 minutes"},"schema":{"@context":"https:\/\/schema.org","@graph":[{"@type":"Article","@id":"https:\/\/csma.es\/noticias\/la-temporada-de-conciertos-en-familia-cierra-este-2023-con-un-programa-navideno-del-low-brass-ensemble\/#article","isPartOf":{"@id":"https:\/\/csma.es\/noticias\/la-temporada-de-conciertos-en-familia-cierra-este-2023-con-un-programa-navideno-del-low-brass-ensemble\/"},"author":{"name":"TICS CSMA","@id":"https:\/\/csma.es\/#\/schema\/person\/dd9e345cd1ec5925a5e8927a0cb3fc69"},"headline":"LA TEMPORADA DE CONCIERTOS EN FAMILIA PRESENTA UN PROGRAMA NAVIDE\u00d1O DEL LOW BRASS ENSEMBLE","datePublished":"2023-12-13T10:31:39+00:00","dateModified":"2023-12-13T10:36:55+00:00","mainEntityOfPage":{"@id":"https:\/\/csma.es\/noticias\/la-temporada-de-conciertos-en-familia-cierra-este-2023-con-un-programa-navideno-del-low-brass-ensemble\/"},"wordCount":501,"commentCount":0,"publisher":{"@id":"https:\/\/csma.es\/#organization"},"image":{"@id":"https:\/\/csma.es\/noticias\/la-temporada-de-conciertos-en-familia-cierra-este-2023-con-un-programa-navideno-del-low-brass-ensemble\/#primaryimage"},"thumbnailUrl":"https:\/\/csma.es\/wp-content\/uploads\/2023\/12\/17122023LOW-BRASS.jpg","articleSection":["Noticias"],"inLanguage":"en-US","potentialAction":[{"@type":"CommentAction","name":"Comment","target":["https:\/\/csma.es\/noticias\/la-temporada-de-conciertos-en-familia-cierra-este-2023-con-un-programa-navideno-del-low-brass-ensemble\/#respond"]}]},{"@type":"WebPage","@id":"https:\/\/csma.es\/noticias\/la-temporada-de-conciertos-en-familia-cierra-este-2023-con-un-programa-navideno-del-low-brass-ensemble\/","url":"https:\/\/csma.es\/noticias\/la-temporada-de-conciertos-en-familia-cierra-este-2023-con-un-programa-navideno-del-low-brass-ensemble\/","name":"LA TEMPORADA DE CONCIERTOS EN FAMILIA PRESENTA UN PROGRAMA NAVIDE\u00d1O DEL LOW BRASS ENSEMBLE - CSMA","isPartOf":{"@id":"https:\/\/csma.es\/#website"},"primaryImageOfPage":{"@id":"https:\/\/csma.es\/noticias\/la-temporada-de-conciertos-en-familia-cierra-este-2023-con-un-programa-navideno-del-low-brass-ensemble\/#primaryimage"},"image":{"@id":"https:\/\/csma.es\/noticias\/la-temporada-de-conciertos-en-familia-cierra-este-2023-con-un-programa-navideno-del-low-brass-ensemble\/#primaryimage"},"thumbnailUrl":"https:\/\/csma.es\/wp-content\/uploads\/2023\/12\/17122023LOW-BRASS.jpg","datePublished":"2023-12-13T10:31:39+00:00","dateModified":"2023-12-13T10:36:55+00:00","breadcrumb":{"@id":"https:\/\/csma.es\/noticias\/la-temporada-de-conciertos-en-familia-cierra-este-2023-con-un-programa-navideno-del-low-brass-ensemble\/#breadcrumb"},"inLanguage":"en-US","potentialAction":[{"@type":"ReadAction","target":["https:\/\/csma.es\/noticias\/la-temporada-de-conciertos-en-familia-cierra-este-2023-con-un-programa-navideno-del-low-brass-ensemble\/"]}]},{"@type":"ImageObject","inLanguage":"en-US","@id":"https:\/\/csma.es\/noticias\/la-temporada-de-conciertos-en-familia-cierra-este-2023-con-un-programa-navideno-del-low-brass-ensemble\/#primaryimage","url":"https:\/\/csma.es\/wp-content\/uploads\/2023\/12\/17122023LOW-BRASS.jpg","contentUrl":"https:\/\/csma.es\/wp-content\/uploads\/2023\/12\/17122023LOW-BRASS.jpg","width":960,"height":540},{"@type":"BreadcrumbList","@id":"https:\/\/csma.es\/noticias\/la-temporada-de-conciertos-en-familia-cierra-este-2023-con-un-programa-navideno-del-low-brass-ensemble\/#breadcrumb","itemListElement":[{"@type":"ListItem","position":1,"name":"Portada","item":"https:\/\/csma.es\/en\/"},{"@type":"ListItem","position":2,"name":"LA TEMPORADA DE CONCIERTOS EN FAMILIA PRESENTA UN PROGRAMA NAVIDE\u00d1O DEL LOW BRASS ENSEMBLE"}]},{"@type":"WebSite","@id":"https:\/\/csma.es\/#website","url":"https:\/\/csma.es\/","name":"CSMA","description":"Conservatorio Superior de M\u00fasica de Arag\u00f3n","publisher":{"@id":"https:\/\/csma.es\/#organization"},"potentialAction":[{"@type":"SearchAction","target":{"@type":"EntryPoint","urlTemplate":"https:\/\/csma.es\/?s={search_term_string}"},"query-input":{"@type":"PropertyValueSpecification","valueRequired":true,"valueName":"search_term_string"}}],"inLanguage":"en-US"},{"@type":"Organization","@id":"https:\/\/csma.es\/#organization","name":"Conservatorio Superior de M\u00fasica de Arag\u00f3n","url":"https:\/\/csma.es\/","logo":{"@type":"ImageObject","inLanguage":"en-US","@id":"https:\/\/csma.es\/#\/schema\/logo\/image\/","url":"https:\/\/csma.es\/wp-content\/uploads\/2025\/04\/cropped-logo-csma-40anos-vertical-sintexto-positivo.png","contentUrl":"https:\/\/csma.es\/wp-content\/uploads\/2025\/04\/cropped-logo-csma-40anos-vertical-sintexto-positivo.png","width":512,"height":512,"caption":"Conservatorio Superior de M\u00fasica de Arag\u00f3n"},"image":{"@id":"https:\/\/csma.es\/#\/schema\/logo\/image\/"},"sameAs":["https:\/\/www.facebook.com\/CSMAragon\/","https:\/\/x.com\/csmaconser","https:\/\/www.instagram.com\/csmaragon\/","https:\/\/www.youtube.com\/channel\/UCcsLLtgZJUhz11-3Aj1sv3w"]},{"@type":"Person","@id":"https:\/\/csma.es\/#\/schema\/person\/dd9e345cd1ec5925a5e8927a0cb3fc69","name":"TICS CSMA"}]}},"publishpress_future_action":{"enabled":false,"date":"2026-05-10 10:11:40","action":"change-status","newStatus":"draft","terms":[],"taxonomy":"category","extraData":[]},"publishpress_future_workflow_manual_trigger":{"enabledWorkflows":[]},"_links":{"self":[{"href":"https:\/\/csma.es\/en\/wp-json\/wp\/v2\/posts\/25450","targetHints":{"allow":["GET"]}}],"collection":[{"href":"https:\/\/csma.es\/en\/wp-json\/wp\/v2\/posts"}],"about":[{"href":"https:\/\/csma.es\/en\/wp-json\/wp\/v2\/types\/post"}],"author":[{"embeddable":true,"href":"https:\/\/csma.es\/en\/wp-json\/wp\/v2\/users\/3"}],"replies":[{"embeddable":true,"href":"https:\/\/csma.es\/en\/wp-json\/wp\/v2\/comments?post=25450"}],"version-history":[{"count":0,"href":"https:\/\/csma.es\/en\/wp-json\/wp\/v2\/posts\/25450\/revisions"}],"wp:featuredmedia":[{"embeddable":true,"href":"https:\/\/csma.es\/en\/wp-json\/wp\/v2\/media\/25442"}],"wp:attachment":[{"href":"https:\/\/csma.es\/en\/wp-json\/wp\/v2\/media?parent=25450"}],"wp:term":[{"taxonomy":"category","embeddable":true,"href":"https:\/\/csma.es\/en\/wp-json\/wp\/v2\/categories?post=25450"},{"taxonomy":"post_tag","embeddable":true,"href":"https:\/\/csma.es\/en\/wp-json\/wp\/v2\/tags?post=25450"}],"curies":[{"name":"wp","href":"https:\/\/api.w.org\/{rel}","templated":true}]}}