{"id":24466,"date":"2023-05-09T10:30:51","date_gmt":"2023-05-09T08:30:51","guid":{"rendered":"https:\/\/csma.es\/?p=24466"},"modified":"2023-05-19T19:17:58","modified_gmt":"2023-05-19T17:17:58","slug":"magistral-fagot-kofler-18-20-mayo","status":"publish","type":"post","link":"https:\/\/csma.es\/en\/noticias\/magistral-fagot-kofler-18-20-mayo\/","title":{"rendered":"Magistral Fagot, Kofler, 18-20 mayo"},"content":{"rendered":"<p style=\"text-align: justify;\">Los pr\u00f3ximos d\u00edas <strong>18 al 20 de mayo<\/strong>, <strong>Miriam Kofler <\/strong>impartir\u00e1 unas <strong>Clases Magistrales de Fagot <\/strong>en el CSMA. Tendr\u00e1n lugar <strong>en la Sala Garc\u00eda Abril, Auditorio Eduardo del Pueyo y aula 113 del CSMA.<\/strong><\/p>\n<p style=\"text-align: justify;\">Since the 2018\/19 season, Miriam Kofler has been principal bassoonist with the Rundfunk Sinfonieorchester Berlin. In 2017 she had a temporary contract in the same position with the Mozarteum Orchestra Salzburg.<\/p>\n<p style=\"text-align: justify;\">She performs with orchestras such as the Berlin Philharmonic, Bavarian Radio Symphony Orchestra, Mahler Chamber Orchestra, Hessischer Rundfunk Symphony Orchestra, Bamberg Symphony Orchestra, Konzerthausorchester Berlin, G\u00fcrzenich Orchester K\u00f6ln, Orchestra Andrea Barca, Scottish Chamber Orchestra and Ensemble Spira Mirabilis.<\/p>\n<p style=\"text-align: justify;\">She is also an extremely active chamber musician and part of various groups. In addition, she is a founding member of the &#8216;Ensemble Desiderio&#8217;, an international formation created in 2017, which impresses with its flexibility. The ensemble organises several projects every year, and there are no limits to the repertoire, both in terms of instrumentation and style, as the ensemble reshapes itself around the core members depending on the concept.<\/p>\n<p style=\"text-align: justify;\">Miriam Kofler first received private lessons in bassoon, but after only one year she changed to the conservatory &#8216;C. Monteverdi&#8217; Conservatory in Bolzano with Prof. Claudio Alberti, where she graduated with distinction in 2011. In 2015 she graduated with distinction from the Mozarteum University in Salzburg with Prof. Marco Postinghel.<\/p>\n<p style=\"text-align: justify;\">From 2015 to 2017, the South Tyrolean studied with Sergio Azzolini at the Musik Akademie Basel. Miriam Kofler was a member of the Gustav Mahler Youth Orchestra several times and was also a scholarship holder of the Karajan Academy of the Berlin Philharmonic Orchestra.<\/p>\n","protected":false},"excerpt":{"rendered":"<p>Los pr\u00f3ximos d\u00edas 18 al 20 de mayo, Miriam Kofler impartir\u00e1 unas Clases Magistrales de Fagot en el CSMA. Tendr\u00e1n lugar en la Sala Garc\u00eda&#8230;<\/p>\n","protected":false},"author":3,"featured_media":24467,"comment_status":"open","ping_status":"open","sticky":false,"template":"","format":"standard","meta":{"footnotes":""},"categories":[403,368],"tags":[],"class_list":["post-24466","post","type-post","status-publish","format-standard","has-post-thumbnail","hentry","category-avisos","category-noticias"],"yoast_head":"<!-- This site is optimized with the Yoast SEO plugin v27.5 - https:\/\/yoast.com\/product\/yoast-seo-wordpress\/ -->\n<title>Magistral Fagot, Kofler, 18-20 mayo - CSMA<\/title>\n<meta name=\"robots\" content=\"index, follow, max-snippet:-1, max-image-preview:large, max-video-preview:-1\" \/>\n<link rel=\"canonical\" href=\"https:\/\/csma.es\/actualidad\/magistral-fagot-kofler-18-20-mayo\/\" \/>\n<meta property=\"og:locale\" content=\"en_US\" \/>\n<meta property=\"og:type\" content=\"article\" \/>\n<meta property=\"og:title\" content=\"Magistral Fagot, Kofler, 18-20 mayo - CSMA\" \/>\n<meta property=\"og:description\" content=\"Los pr\u00f3ximos d\u00edas 18 al 20 de mayo, Miriam Kofler impartir\u00e1 unas Clases Magistrales de Fagot en el CSMA. Tendr\u00e1n lugar en la Sala Garc\u00eda...\" \/>\n<meta property=\"og:url\" content=\"https:\/\/csma.es\/actualidad\/magistral-fagot-kofler-18-20-mayo\/\" \/>\n<meta property=\"og:site_name\" content=\"CSMA\" \/>\n<meta property=\"article:publisher\" content=\"https:\/\/www.facebook.com\/CSMAragon\/\" \/>\n<meta property=\"article:published_time\" content=\"2023-05-09T08:30:51+00:00\" \/>\n<meta property=\"article:modified_time\" content=\"2023-05-19T17:17:58+00:00\" \/>\n<meta property=\"og:image\" content=\"https:\/\/csma.es\/wp-content\/uploads\/2023\/05\/kofler.jpg\" \/>\n\t<meta property=\"og:image:width\" content=\"839\" \/>\n\t<meta property=\"og:image:height\" content=\"1257\" \/>\n\t<meta property=\"og:image:type\" content=\"image\/jpeg\" \/>\n<meta name=\"author\" content=\"TICS CSMA\" \/>\n<meta name=\"twitter:card\" content=\"summary_large_image\" \/>\n<meta name=\"twitter:creator\" content=\"@csmaconser\" \/>\n<meta name=\"twitter:site\" content=\"@csmaconser\" \/>\n<meta name=\"twitter:label1\" content=\"Written by\" \/>\n\t<meta name=\"twitter:data1\" content=\"TICS CSMA\" \/>\n\t<meta name=\"twitter:label2\" content=\"Est. reading time\" \/>\n\t<meta name=\"twitter:data2\" content=\"2 minutes\" \/>\n<script type=\"application\/ld+json\" class=\"yoast-schema-graph\">{\"@context\":\"https:\\\/\\\/schema.org\",\"@graph\":[{\"@type\":\"Article\",\"@id\":\"https:\\\/\\\/csma.es\\\/actualidad\\\/magistral-fagot-kofler-18-20-mayo\\\/#article\",\"isPartOf\":{\"@id\":\"https:\\\/\\\/csma.es\\\/actualidad\\\/magistral-fagot-kofler-18-20-mayo\\\/\"},\"author\":{\"name\":\"TICS CSMA\",\"@id\":\"https:\\\/\\\/csma.es\\\/#\\\/schema\\\/person\\\/dd9e345cd1ec5925a5e8927a0cb3fc69\"},\"headline\":\"Magistral Fagot, Kofler, 18-20 mayo\",\"datePublished\":\"2023-05-09T08:30:51+00:00\",\"dateModified\":\"2023-05-19T17:17:58+00:00\",\"mainEntityOfPage\":{\"@id\":\"https:\\\/\\\/csma.es\\\/actualidad\\\/magistral-fagot-kofler-18-20-mayo\\\/\"},\"wordCount\":269,\"commentCount\":0,\"publisher\":{\"@id\":\"https:\\\/\\\/csma.es\\\/#organization\"},\"image\":{\"@id\":\"https:\\\/\\\/csma.es\\\/actualidad\\\/magistral-fagot-kofler-18-20-mayo\\\/#primaryimage\"},\"thumbnailUrl\":\"https:\\\/\\\/csma.es\\\/wp-content\\\/uploads\\\/2023\\\/05\\\/kofler.jpg\",\"articleSection\":[\"Avisos\",\"Noticias\"],\"inLanguage\":\"en-US\",\"potentialAction\":[{\"@type\":\"CommentAction\",\"name\":\"Comment\",\"target\":[\"https:\\\/\\\/csma.es\\\/actualidad\\\/magistral-fagot-kofler-18-20-mayo\\\/#respond\"]}]},{\"@type\":\"WebPage\",\"@id\":\"https:\\\/\\\/csma.es\\\/actualidad\\\/magistral-fagot-kofler-18-20-mayo\\\/\",\"url\":\"https:\\\/\\\/csma.es\\\/actualidad\\\/magistral-fagot-kofler-18-20-mayo\\\/\",\"name\":\"Magistral Fagot, Kofler, 18-20 mayo - CSMA\",\"isPartOf\":{\"@id\":\"https:\\\/\\\/csma.es\\\/#website\"},\"primaryImageOfPage\":{\"@id\":\"https:\\\/\\\/csma.es\\\/actualidad\\\/magistral-fagot-kofler-18-20-mayo\\\/#primaryimage\"},\"image\":{\"@id\":\"https:\\\/\\\/csma.es\\\/actualidad\\\/magistral-fagot-kofler-18-20-mayo\\\/#primaryimage\"},\"thumbnailUrl\":\"https:\\\/\\\/csma.es\\\/wp-content\\\/uploads\\\/2023\\\/05\\\/kofler.jpg\",\"datePublished\":\"2023-05-09T08:30:51+00:00\",\"dateModified\":\"2023-05-19T17:17:58+00:00\",\"breadcrumb\":{\"@id\":\"https:\\\/\\\/csma.es\\\/actualidad\\\/magistral-fagot-kofler-18-20-mayo\\\/#breadcrumb\"},\"inLanguage\":\"en-US\",\"potentialAction\":[{\"@type\":\"ReadAction\",\"target\":[\"https:\\\/\\\/csma.es\\\/actualidad\\\/magistral-fagot-kofler-18-20-mayo\\\/\"]}]},{\"@type\":\"ImageObject\",\"inLanguage\":\"en-US\",\"@id\":\"https:\\\/\\\/csma.es\\\/actualidad\\\/magistral-fagot-kofler-18-20-mayo\\\/#primaryimage\",\"url\":\"https:\\\/\\\/csma.es\\\/wp-content\\\/uploads\\\/2023\\\/05\\\/kofler.jpg\",\"contentUrl\":\"https:\\\/\\\/csma.es\\\/wp-content\\\/uploads\\\/2023\\\/05\\\/kofler.jpg\",\"width\":839,\"height\":1257},{\"@type\":\"BreadcrumbList\",\"@id\":\"https:\\\/\\\/csma.es\\\/actualidad\\\/magistral-fagot-kofler-18-20-mayo\\\/#breadcrumb\",\"itemListElement\":[{\"@type\":\"ListItem\",\"position\":1,\"name\":\"Portada\",\"item\":\"https:\\\/\\\/csma.es\\\/en\\\/\"},{\"@type\":\"ListItem\",\"position\":2,\"name\":\"Magistral Fagot, Kofler, 18-20 mayo\"}]},{\"@type\":\"WebSite\",\"@id\":\"https:\\\/\\\/csma.es\\\/#website\",\"url\":\"https:\\\/\\\/csma.es\\\/\",\"name\":\"CSMA\",\"description\":\"Conservatorio Superior de M\u00fasica de Arag\u00f3n\",\"publisher\":{\"@id\":\"https:\\\/\\\/csma.es\\\/#organization\"},\"potentialAction\":[{\"@type\":\"SearchAction\",\"target\":{\"@type\":\"EntryPoint\",\"urlTemplate\":\"https:\\\/\\\/csma.es\\\/?s={search_term_string}\"},\"query-input\":{\"@type\":\"PropertyValueSpecification\",\"valueRequired\":true,\"valueName\":\"search_term_string\"}}],\"inLanguage\":\"en-US\"},{\"@type\":\"Organization\",\"@id\":\"https:\\\/\\\/csma.es\\\/#organization\",\"name\":\"Conservatorio Superior de M\u00fasica de Arag\u00f3n\",\"url\":\"https:\\\/\\\/csma.es\\\/\",\"logo\":{\"@type\":\"ImageObject\",\"inLanguage\":\"en-US\",\"@id\":\"https:\\\/\\\/csma.es\\\/#\\\/schema\\\/logo\\\/image\\\/\",\"url\":\"https:\\\/\\\/csma.es\\\/wp-content\\\/uploads\\\/2025\\\/04\\\/cropped-logo-csma-40anos-vertical-sintexto-positivo.png\",\"contentUrl\":\"https:\\\/\\\/csma.es\\\/wp-content\\\/uploads\\\/2025\\\/04\\\/cropped-logo-csma-40anos-vertical-sintexto-positivo.png\",\"width\":512,\"height\":512,\"caption\":\"Conservatorio Superior de M\u00fasica de Arag\u00f3n\"},\"image\":{\"@id\":\"https:\\\/\\\/csma.es\\\/#\\\/schema\\\/logo\\\/image\\\/\"},\"sameAs\":[\"https:\\\/\\\/www.facebook.com\\\/CSMAragon\\\/\",\"https:\\\/\\\/x.com\\\/csmaconser\",\"https:\\\/\\\/www.instagram.com\\\/csmaragon\\\/\",\"https:\\\/\\\/www.youtube.com\\\/channel\\\/UCcsLLtgZJUhz11-3Aj1sv3w\"]},{\"@type\":\"Person\",\"@id\":\"https:\\\/\\\/csma.es\\\/#\\\/schema\\\/person\\\/dd9e345cd1ec5925a5e8927a0cb3fc69\",\"name\":\"TICS CSMA\"}]}<\/script>\n<!-- \/ Yoast SEO plugin. -->","yoast_head_json":{"title":"Magistral Fagot, Kofler, 18-20 mayo - CSMA","robots":{"index":"index","follow":"follow","max-snippet":"max-snippet:-1","max-image-preview":"max-image-preview:large","max-video-preview":"max-video-preview:-1"},"canonical":"https:\/\/csma.es\/actualidad\/magistral-fagot-kofler-18-20-mayo\/","og_locale":"en_US","og_type":"article","og_title":"Magistral Fagot, Kofler, 18-20 mayo - CSMA","og_description":"Los pr\u00f3ximos d\u00edas 18 al 20 de mayo, Miriam Kofler impartir\u00e1 unas Clases Magistrales de Fagot en el CSMA. Tendr\u00e1n lugar en la Sala Garc\u00eda...","og_url":"https:\/\/csma.es\/actualidad\/magistral-fagot-kofler-18-20-mayo\/","og_site_name":"CSMA","article_publisher":"https:\/\/www.facebook.com\/CSMAragon\/","article_published_time":"2023-05-09T08:30:51+00:00","article_modified_time":"2023-05-19T17:17:58+00:00","og_image":[{"width":839,"height":1257,"url":"https:\/\/csma.es\/wp-content\/uploads\/2023\/05\/kofler.jpg","type":"image\/jpeg"}],"author":"TICS CSMA","twitter_card":"summary_large_image","twitter_creator":"@csmaconser","twitter_site":"@csmaconser","twitter_misc":{"Written by":"TICS CSMA","Est. reading time":"2 minutes"},"schema":{"@context":"https:\/\/schema.org","@graph":[{"@type":"Article","@id":"https:\/\/csma.es\/actualidad\/magistral-fagot-kofler-18-20-mayo\/#article","isPartOf":{"@id":"https:\/\/csma.es\/actualidad\/magistral-fagot-kofler-18-20-mayo\/"},"author":{"name":"TICS CSMA","@id":"https:\/\/csma.es\/#\/schema\/person\/dd9e345cd1ec5925a5e8927a0cb3fc69"},"headline":"Magistral Fagot, Kofler, 18-20 mayo","datePublished":"2023-05-09T08:30:51+00:00","dateModified":"2023-05-19T17:17:58+00:00","mainEntityOfPage":{"@id":"https:\/\/csma.es\/actualidad\/magistral-fagot-kofler-18-20-mayo\/"},"wordCount":269,"commentCount":0,"publisher":{"@id":"https:\/\/csma.es\/#organization"},"image":{"@id":"https:\/\/csma.es\/actualidad\/magistral-fagot-kofler-18-20-mayo\/#primaryimage"},"thumbnailUrl":"https:\/\/csma.es\/wp-content\/uploads\/2023\/05\/kofler.jpg","articleSection":["Avisos","Noticias"],"inLanguage":"en-US","potentialAction":[{"@type":"CommentAction","name":"Comment","target":["https:\/\/csma.es\/actualidad\/magistral-fagot-kofler-18-20-mayo\/#respond"]}]},{"@type":"WebPage","@id":"https:\/\/csma.es\/actualidad\/magistral-fagot-kofler-18-20-mayo\/","url":"https:\/\/csma.es\/actualidad\/magistral-fagot-kofler-18-20-mayo\/","name":"Magistral Fagot, Kofler, 18-20 mayo - CSMA","isPartOf":{"@id":"https:\/\/csma.es\/#website"},"primaryImageOfPage":{"@id":"https:\/\/csma.es\/actualidad\/magistral-fagot-kofler-18-20-mayo\/#primaryimage"},"image":{"@id":"https:\/\/csma.es\/actualidad\/magistral-fagot-kofler-18-20-mayo\/#primaryimage"},"thumbnailUrl":"https:\/\/csma.es\/wp-content\/uploads\/2023\/05\/kofler.jpg","datePublished":"2023-05-09T08:30:51+00:00","dateModified":"2023-05-19T17:17:58+00:00","breadcrumb":{"@id":"https:\/\/csma.es\/actualidad\/magistral-fagot-kofler-18-20-mayo\/#breadcrumb"},"inLanguage":"en-US","potentialAction":[{"@type":"ReadAction","target":["https:\/\/csma.es\/actualidad\/magistral-fagot-kofler-18-20-mayo\/"]}]},{"@type":"ImageObject","inLanguage":"en-US","@id":"https:\/\/csma.es\/actualidad\/magistral-fagot-kofler-18-20-mayo\/#primaryimage","url":"https:\/\/csma.es\/wp-content\/uploads\/2023\/05\/kofler.jpg","contentUrl":"https:\/\/csma.es\/wp-content\/uploads\/2023\/05\/kofler.jpg","width":839,"height":1257},{"@type":"BreadcrumbList","@id":"https:\/\/csma.es\/actualidad\/magistral-fagot-kofler-18-20-mayo\/#breadcrumb","itemListElement":[{"@type":"ListItem","position":1,"name":"Portada","item":"https:\/\/csma.es\/en\/"},{"@type":"ListItem","position":2,"name":"Magistral Fagot, Kofler, 18-20 mayo"}]},{"@type":"WebSite","@id":"https:\/\/csma.es\/#website","url":"https:\/\/csma.es\/","name":"CSMA","description":"Conservatorio Superior de M\u00fasica de Arag\u00f3n","publisher":{"@id":"https:\/\/csma.es\/#organization"},"potentialAction":[{"@type":"SearchAction","target":{"@type":"EntryPoint","urlTemplate":"https:\/\/csma.es\/?s={search_term_string}"},"query-input":{"@type":"PropertyValueSpecification","valueRequired":true,"valueName":"search_term_string"}}],"inLanguage":"en-US"},{"@type":"Organization","@id":"https:\/\/csma.es\/#organization","name":"Conservatorio Superior de M\u00fasica de Arag\u00f3n","url":"https:\/\/csma.es\/","logo":{"@type":"ImageObject","inLanguage":"en-US","@id":"https:\/\/csma.es\/#\/schema\/logo\/image\/","url":"https:\/\/csma.es\/wp-content\/uploads\/2025\/04\/cropped-logo-csma-40anos-vertical-sintexto-positivo.png","contentUrl":"https:\/\/csma.es\/wp-content\/uploads\/2025\/04\/cropped-logo-csma-40anos-vertical-sintexto-positivo.png","width":512,"height":512,"caption":"Conservatorio Superior de M\u00fasica de Arag\u00f3n"},"image":{"@id":"https:\/\/csma.es\/#\/schema\/logo\/image\/"},"sameAs":["https:\/\/www.facebook.com\/CSMAragon\/","https:\/\/x.com\/csmaconser","https:\/\/www.instagram.com\/csmaragon\/","https:\/\/www.youtube.com\/channel\/UCcsLLtgZJUhz11-3Aj1sv3w"]},{"@type":"Person","@id":"https:\/\/csma.es\/#\/schema\/person\/dd9e345cd1ec5925a5e8927a0cb3fc69","name":"TICS CSMA"}]}},"publishpress_future_action":{"enabled":false,"date":"2026-05-09 13:32:08","action":"change-status","newStatus":"draft","terms":[],"taxonomy":"category","extraData":[]},"publishpress_future_workflow_manual_trigger":{"enabledWorkflows":[]},"_links":{"self":[{"href":"https:\/\/csma.es\/en\/wp-json\/wp\/v2\/posts\/24466","targetHints":{"allow":["GET"]}}],"collection":[{"href":"https:\/\/csma.es\/en\/wp-json\/wp\/v2\/posts"}],"about":[{"href":"https:\/\/csma.es\/en\/wp-json\/wp\/v2\/types\/post"}],"author":[{"embeddable":true,"href":"https:\/\/csma.es\/en\/wp-json\/wp\/v2\/users\/3"}],"replies":[{"embeddable":true,"href":"https:\/\/csma.es\/en\/wp-json\/wp\/v2\/comments?post=24466"}],"version-history":[{"count":0,"href":"https:\/\/csma.es\/en\/wp-json\/wp\/v2\/posts\/24466\/revisions"}],"wp:featuredmedia":[{"embeddable":true,"href":"https:\/\/csma.es\/en\/wp-json\/wp\/v2\/media\/24467"}],"wp:attachment":[{"href":"https:\/\/csma.es\/en\/wp-json\/wp\/v2\/media?parent=24466"}],"wp:term":[{"taxonomy":"category","embeddable":true,"href":"https:\/\/csma.es\/en\/wp-json\/wp\/v2\/categories?post=24466"},{"taxonomy":"post_tag","embeddable":true,"href":"https:\/\/csma.es\/en\/wp-json\/wp\/v2\/tags?post=24466"}],"curies":[{"name":"wp","href":"https:\/\/api.w.org\/{rel}","templated":true}]}}