{"id":24332,"date":"2023-04-28T11:50:37","date_gmt":"2023-04-28T09:50:37","guid":{"rendered":"https:\/\/csma.es\/?p=24332"},"modified":"2023-05-04T10:31:14","modified_gmt":"2023-05-04T08:31:14","slug":"ponencia-improvisacion-carra-4-mayo","status":"publish","type":"post","link":"https:\/\/csma.es\/en\/noticias\/ponencia-improvisacion-carra-4-mayo\/","title":{"rendered":"Ponencia Improvisaci\u00f3n, Carra, 4 mayo"},"content":{"rendered":"<p style=\"text-align: justify;\">El pr\u00f3ximo <strong>4 de mayo<\/strong>, <strong>Jos\u00e9 Carra<\/strong> impartir\u00e1 la <strong>Ponencia <em>C\u00f3mo incluir la improvisaci\u00f3n en la pr\u00e1ctica diaria del instrumento<\/em>\u201d <\/strong>en la <strong>Sala G. Abril <\/strong>del CSMA.<\/p>\n<p style=\"text-align: justify;\">Desde que en 2012 grabara primer disco Ewig, la carrera musical de Jos\u00e9 Carra no ha hecho m\u00e1s que crecer. Con sus proyectos a tr\u00edo y solo, realiza conciertos por los principales festivales de jazz de Espa\u00f1a y el extranjero (Alemania, Francia, Ruman\u00eda, Venezuela, etc.). Su discograf\u00eda propia incluye la trilog\u00eda formada por El camino (2014), Verso (2016), Diario de vuelo (2018), su disco a piano solo Santuario (2020) y su \u00faltimo trabajo Sat\u00e9lite, lanzado en 2022 con una gran acogida de la cr\u00edtica especializada: \u201cSublime. Es lo mejor que he escuchado en mucho tiempo\u201d (Jos\u00e9 Miguel L\u00f3pez RNE), \u201cNo habr\u00e1 habido muchos discos tan ambiciosos en el jazz de aqu\u00ed como Sat\u00e9lite\u201d (Roger Roca, El Peri\u00f3dico), \u201cUna m\u00e1gica, fastuosa y loqu\u00edsima voladura de cabeza\u201d (Fernando Neira, El Pa\u00eds).<\/p>\n<p style=\"text-align: justify;\">Junto a sus proyectos como l\u00edder, ha grabado y tocado con m\u00fasicos de jazz de prestigio como Sheila Jordan, Eric Alexander, Lee Konitz, Javier Colina, Roberta Gambarini, etc. y del mundo del flamenco como Miguel Poveda, la cantaora Argentina, Jorge Pardo, Carles Benavent, etc.<\/p>\n<p style=\"text-align: justify;\">Adem\u00e1s de su actividad concert\u00edstica, ha realizado m\u00fasica para cine y teatro, as\u00ed como composiciones y arreglos para diferentes orquestas sinf\u00f3nicas y grupos de c\u00e1mara, incluyendo la composici\u00f3n de la banda sonora \u201cColeccioneista\u201d (Premio del Festival de Cine Fant\u00e1stico de la UMA), arreglos y orquestaciones para artistas como Argentina, Jos\u00e9 Quebedo Bolita (Premio Giraldillo de la Bienal de Flamenco de Sevilla), Miguel Poveda, los Chicos del Coro de Saint Marc Sing the Beatles. Participa tambi\u00e9n durante la primera temporada del programa de televisi\u00f3n producido por Antonio Banderas \u201cLas Tres Puertas\u201d emitido en La 1 de TVE. Colabora habitualmente como compositor y arreglista con la Orquesta Filarm\u00f3nica de M\u00e1laga y la Orquesta Sinf\u00f3nica de M\u00e1laga.<\/p>\n<p style=\"text-align: justify;\">La continua actividad art\u00edstica de Carra se compagina con su perfil docente, con una amplia formaci\u00f3n acad\u00e9mica (t\u00edtulos superiores de composici\u00f3n y piano jazz y dos m\u00e1steres universitarios, uno en investigaci\u00f3n musical y otro en composici\u00f3n con nuevas tecnolog\u00edas). Actualmente ense\u00f1a en el Centro de Artes y M\u00fasica Moderna, un proyecto iniciado junto a varios compa\u00f1eros m\u00fasicos de M\u00e1laga con una metodolog\u00eda propia e innovadora en la que se fomenta sobre todo el desarrollo r\u00edtmico-auditivo, la improvisaci\u00f3n y la pr\u00e1ctica grupal. Adem\u00e1s, es habitual invitado en seminarios de jazz y para realizar clases magistrales.<\/p>\n<p style=\"text-align: justify;\">En 2020 recibe el I Premio a la Producci\u00f3n Art\u00edstica de la Fundaci\u00f3n la Caixa, en 2016 el premio Mu\u00e9stra-T M\u00e1laga como reconocimiento a su trayectoria como m\u00fasico y a ser impulsor de la imagen de la ciudad de M\u00e1laga y en 2017 el Premio al Trabajo Discogr\u00e1fico de la Associaci\u00f3 de M\u00fasics de Jazz i M\u00fasica Moderna de Catalunya.<\/p>\n","protected":false},"excerpt":{"rendered":"<p>El pr\u00f3ximo 4 de mayo, Jos\u00e9 Carra impartir\u00e1 la Ponencia C\u00f3mo incluir la improvisaci\u00f3n en la pr\u00e1ctica diaria del instrumento\u201d en la Sala G. Abril&#8230;<\/p>\n","protected":false},"author":3,"featured_media":24402,"comment_status":"open","ping_status":"open","sticky":false,"template":"","format":"standard","meta":{"footnotes":""},"categories":[403,368],"tags":[],"class_list":["post-24332","post","type-post","status-publish","format-standard","has-post-thumbnail","hentry","category-avisos","category-noticias"],"yoast_head":"<!-- This site is optimized with the Yoast SEO plugin v27.5 - https:\/\/yoast.com\/product\/yoast-seo-wordpress\/ -->\n<title>Ponencia Improvisaci\u00f3n, Carra, 4 mayo - CSMA<\/title>\n<meta name=\"robots\" content=\"index, follow, max-snippet:-1, max-image-preview:large, max-video-preview:-1\" \/>\n<link rel=\"canonical\" href=\"https:\/\/csma.es\/actualidad\/ponencia-improvisacion-carra-4-mayo\/\" \/>\n<meta property=\"og:locale\" content=\"en_US\" \/>\n<meta property=\"og:type\" content=\"article\" \/>\n<meta property=\"og:title\" content=\"Ponencia Improvisaci\u00f3n, Carra, 4 mayo - CSMA\" \/>\n<meta property=\"og:description\" content=\"El pr\u00f3ximo 4 de mayo, Jos\u00e9 Carra impartir\u00e1 la Ponencia C\u00f3mo incluir la improvisaci\u00f3n en la pr\u00e1ctica diaria del instrumento\u201d en la Sala G. Abril...\" \/>\n<meta property=\"og:url\" content=\"https:\/\/csma.es\/actualidad\/ponencia-improvisacion-carra-4-mayo\/\" \/>\n<meta property=\"og:site_name\" content=\"CSMA\" \/>\n<meta property=\"article:publisher\" content=\"https:\/\/www.facebook.com\/CSMAragon\/\" \/>\n<meta property=\"article:published_time\" content=\"2023-04-28T09:50:37+00:00\" \/>\n<meta property=\"article:modified_time\" content=\"2023-05-04T08:31:14+00:00\" \/>\n<meta property=\"og:image\" content=\"https:\/\/csma.es\/wp-content\/uploads\/2023\/04\/Carra.jpg\" \/>\n\t<meta property=\"og:image:width\" content=\"1326\" \/>\n\t<meta property=\"og:image:height\" content=\"933\" \/>\n\t<meta property=\"og:image:type\" content=\"image\/jpeg\" \/>\n<meta name=\"author\" content=\"TICS CSMA\" \/>\n<meta name=\"twitter:card\" content=\"summary_large_image\" \/>\n<meta name=\"twitter:creator\" content=\"@csmaconser\" \/>\n<meta name=\"twitter:site\" content=\"@csmaconser\" \/>\n<meta name=\"twitter:label1\" content=\"Written by\" \/>\n\t<meta name=\"twitter:data1\" content=\"TICS CSMA\" \/>\n\t<meta name=\"twitter:label2\" content=\"Est. reading time\" \/>\n\t<meta name=\"twitter:data2\" content=\"3 minutes\" \/>\n<script type=\"application\/ld+json\" class=\"yoast-schema-graph\">{\"@context\":\"https:\\\/\\\/schema.org\",\"@graph\":[{\"@type\":\"Article\",\"@id\":\"https:\\\/\\\/csma.es\\\/actualidad\\\/ponencia-improvisacion-carra-4-mayo\\\/#article\",\"isPartOf\":{\"@id\":\"https:\\\/\\\/csma.es\\\/actualidad\\\/ponencia-improvisacion-carra-4-mayo\\\/\"},\"author\":{\"name\":\"TICS CSMA\",\"@id\":\"https:\\\/\\\/csma.es\\\/#\\\/schema\\\/person\\\/dd9e345cd1ec5925a5e8927a0cb3fc69\"},\"headline\":\"Ponencia Improvisaci\u00f3n, Carra, 4 mayo\",\"datePublished\":\"2023-04-28T09:50:37+00:00\",\"dateModified\":\"2023-05-04T08:31:14+00:00\",\"mainEntityOfPage\":{\"@id\":\"https:\\\/\\\/csma.es\\\/actualidad\\\/ponencia-improvisacion-carra-4-mayo\\\/\"},\"wordCount\":524,\"commentCount\":0,\"publisher\":{\"@id\":\"https:\\\/\\\/csma.es\\\/#organization\"},\"image\":{\"@id\":\"https:\\\/\\\/csma.es\\\/actualidad\\\/ponencia-improvisacion-carra-4-mayo\\\/#primaryimage\"},\"thumbnailUrl\":\"https:\\\/\\\/csma.es\\\/wp-content\\\/uploads\\\/2023\\\/04\\\/Carra.jpg\",\"articleSection\":[\"Avisos\",\"Noticias\"],\"inLanguage\":\"en-US\",\"potentialAction\":[{\"@type\":\"CommentAction\",\"name\":\"Comment\",\"target\":[\"https:\\\/\\\/csma.es\\\/actualidad\\\/ponencia-improvisacion-carra-4-mayo\\\/#respond\"]}]},{\"@type\":\"WebPage\",\"@id\":\"https:\\\/\\\/csma.es\\\/actualidad\\\/ponencia-improvisacion-carra-4-mayo\\\/\",\"url\":\"https:\\\/\\\/csma.es\\\/actualidad\\\/ponencia-improvisacion-carra-4-mayo\\\/\",\"name\":\"Ponencia Improvisaci\u00f3n, Carra, 4 mayo - CSMA\",\"isPartOf\":{\"@id\":\"https:\\\/\\\/csma.es\\\/#website\"},\"primaryImageOfPage\":{\"@id\":\"https:\\\/\\\/csma.es\\\/actualidad\\\/ponencia-improvisacion-carra-4-mayo\\\/#primaryimage\"},\"image\":{\"@id\":\"https:\\\/\\\/csma.es\\\/actualidad\\\/ponencia-improvisacion-carra-4-mayo\\\/#primaryimage\"},\"thumbnailUrl\":\"https:\\\/\\\/csma.es\\\/wp-content\\\/uploads\\\/2023\\\/04\\\/Carra.jpg\",\"datePublished\":\"2023-04-28T09:50:37+00:00\",\"dateModified\":\"2023-05-04T08:31:14+00:00\",\"breadcrumb\":{\"@id\":\"https:\\\/\\\/csma.es\\\/actualidad\\\/ponencia-improvisacion-carra-4-mayo\\\/#breadcrumb\"},\"inLanguage\":\"en-US\",\"potentialAction\":[{\"@type\":\"ReadAction\",\"target\":[\"https:\\\/\\\/csma.es\\\/actualidad\\\/ponencia-improvisacion-carra-4-mayo\\\/\"]}]},{\"@type\":\"ImageObject\",\"inLanguage\":\"en-US\",\"@id\":\"https:\\\/\\\/csma.es\\\/actualidad\\\/ponencia-improvisacion-carra-4-mayo\\\/#primaryimage\",\"url\":\"https:\\\/\\\/csma.es\\\/wp-content\\\/uploads\\\/2023\\\/04\\\/Carra.jpg\",\"contentUrl\":\"https:\\\/\\\/csma.es\\\/wp-content\\\/uploads\\\/2023\\\/04\\\/Carra.jpg\",\"width\":1326,\"height\":933},{\"@type\":\"BreadcrumbList\",\"@id\":\"https:\\\/\\\/csma.es\\\/actualidad\\\/ponencia-improvisacion-carra-4-mayo\\\/#breadcrumb\",\"itemListElement\":[{\"@type\":\"ListItem\",\"position\":1,\"name\":\"Portada\",\"item\":\"https:\\\/\\\/csma.es\\\/en\\\/\"},{\"@type\":\"ListItem\",\"position\":2,\"name\":\"Ponencia Improvisaci\u00f3n, Carra, 4 mayo\"}]},{\"@type\":\"WebSite\",\"@id\":\"https:\\\/\\\/csma.es\\\/#website\",\"url\":\"https:\\\/\\\/csma.es\\\/\",\"name\":\"CSMA\",\"description\":\"Conservatorio Superior de M\u00fasica de Arag\u00f3n\",\"publisher\":{\"@id\":\"https:\\\/\\\/csma.es\\\/#organization\"},\"potentialAction\":[{\"@type\":\"SearchAction\",\"target\":{\"@type\":\"EntryPoint\",\"urlTemplate\":\"https:\\\/\\\/csma.es\\\/?s={search_term_string}\"},\"query-input\":{\"@type\":\"PropertyValueSpecification\",\"valueRequired\":true,\"valueName\":\"search_term_string\"}}],\"inLanguage\":\"en-US\"},{\"@type\":\"Organization\",\"@id\":\"https:\\\/\\\/csma.es\\\/#organization\",\"name\":\"Conservatorio Superior de M\u00fasica de Arag\u00f3n\",\"url\":\"https:\\\/\\\/csma.es\\\/\",\"logo\":{\"@type\":\"ImageObject\",\"inLanguage\":\"en-US\",\"@id\":\"https:\\\/\\\/csma.es\\\/#\\\/schema\\\/logo\\\/image\\\/\",\"url\":\"https:\\\/\\\/csma.es\\\/wp-content\\\/uploads\\\/2025\\\/04\\\/cropped-logo-csma-40anos-vertical-sintexto-positivo.png\",\"contentUrl\":\"https:\\\/\\\/csma.es\\\/wp-content\\\/uploads\\\/2025\\\/04\\\/cropped-logo-csma-40anos-vertical-sintexto-positivo.png\",\"width\":512,\"height\":512,\"caption\":\"Conservatorio Superior de M\u00fasica de Arag\u00f3n\"},\"image\":{\"@id\":\"https:\\\/\\\/csma.es\\\/#\\\/schema\\\/logo\\\/image\\\/\"},\"sameAs\":[\"https:\\\/\\\/www.facebook.com\\\/CSMAragon\\\/\",\"https:\\\/\\\/x.com\\\/csmaconser\",\"https:\\\/\\\/www.instagram.com\\\/csmaragon\\\/\",\"https:\\\/\\\/www.youtube.com\\\/channel\\\/UCcsLLtgZJUhz11-3Aj1sv3w\"]},{\"@type\":\"Person\",\"@id\":\"https:\\\/\\\/csma.es\\\/#\\\/schema\\\/person\\\/dd9e345cd1ec5925a5e8927a0cb3fc69\",\"name\":\"TICS CSMA\"}]}<\/script>\n<!-- \/ Yoast SEO plugin. -->","yoast_head_json":{"title":"Ponencia Improvisaci\u00f3n, Carra, 4 mayo - CSMA","robots":{"index":"index","follow":"follow","max-snippet":"max-snippet:-1","max-image-preview":"max-image-preview:large","max-video-preview":"max-video-preview:-1"},"canonical":"https:\/\/csma.es\/actualidad\/ponencia-improvisacion-carra-4-mayo\/","og_locale":"en_US","og_type":"article","og_title":"Ponencia Improvisaci\u00f3n, Carra, 4 mayo - CSMA","og_description":"El pr\u00f3ximo 4 de mayo, Jos\u00e9 Carra impartir\u00e1 la Ponencia C\u00f3mo incluir la improvisaci\u00f3n en la pr\u00e1ctica diaria del instrumento\u201d en la Sala G. Abril...","og_url":"https:\/\/csma.es\/actualidad\/ponencia-improvisacion-carra-4-mayo\/","og_site_name":"CSMA","article_publisher":"https:\/\/www.facebook.com\/CSMAragon\/","article_published_time":"2023-04-28T09:50:37+00:00","article_modified_time":"2023-05-04T08:31:14+00:00","og_image":[{"width":1326,"height":933,"url":"https:\/\/csma.es\/wp-content\/uploads\/2023\/04\/Carra.jpg","type":"image\/jpeg"}],"author":"TICS CSMA","twitter_card":"summary_large_image","twitter_creator":"@csmaconser","twitter_site":"@csmaconser","twitter_misc":{"Written by":"TICS CSMA","Est. reading time":"3 minutes"},"schema":{"@context":"https:\/\/schema.org","@graph":[{"@type":"Article","@id":"https:\/\/csma.es\/actualidad\/ponencia-improvisacion-carra-4-mayo\/#article","isPartOf":{"@id":"https:\/\/csma.es\/actualidad\/ponencia-improvisacion-carra-4-mayo\/"},"author":{"name":"TICS CSMA","@id":"https:\/\/csma.es\/#\/schema\/person\/dd9e345cd1ec5925a5e8927a0cb3fc69"},"headline":"Ponencia Improvisaci\u00f3n, Carra, 4 mayo","datePublished":"2023-04-28T09:50:37+00:00","dateModified":"2023-05-04T08:31:14+00:00","mainEntityOfPage":{"@id":"https:\/\/csma.es\/actualidad\/ponencia-improvisacion-carra-4-mayo\/"},"wordCount":524,"commentCount":0,"publisher":{"@id":"https:\/\/csma.es\/#organization"},"image":{"@id":"https:\/\/csma.es\/actualidad\/ponencia-improvisacion-carra-4-mayo\/#primaryimage"},"thumbnailUrl":"https:\/\/csma.es\/wp-content\/uploads\/2023\/04\/Carra.jpg","articleSection":["Avisos","Noticias"],"inLanguage":"en-US","potentialAction":[{"@type":"CommentAction","name":"Comment","target":["https:\/\/csma.es\/actualidad\/ponencia-improvisacion-carra-4-mayo\/#respond"]}]},{"@type":"WebPage","@id":"https:\/\/csma.es\/actualidad\/ponencia-improvisacion-carra-4-mayo\/","url":"https:\/\/csma.es\/actualidad\/ponencia-improvisacion-carra-4-mayo\/","name":"Ponencia Improvisaci\u00f3n, Carra, 4 mayo - CSMA","isPartOf":{"@id":"https:\/\/csma.es\/#website"},"primaryImageOfPage":{"@id":"https:\/\/csma.es\/actualidad\/ponencia-improvisacion-carra-4-mayo\/#primaryimage"},"image":{"@id":"https:\/\/csma.es\/actualidad\/ponencia-improvisacion-carra-4-mayo\/#primaryimage"},"thumbnailUrl":"https:\/\/csma.es\/wp-content\/uploads\/2023\/04\/Carra.jpg","datePublished":"2023-04-28T09:50:37+00:00","dateModified":"2023-05-04T08:31:14+00:00","breadcrumb":{"@id":"https:\/\/csma.es\/actualidad\/ponencia-improvisacion-carra-4-mayo\/#breadcrumb"},"inLanguage":"en-US","potentialAction":[{"@type":"ReadAction","target":["https:\/\/csma.es\/actualidad\/ponencia-improvisacion-carra-4-mayo\/"]}]},{"@type":"ImageObject","inLanguage":"en-US","@id":"https:\/\/csma.es\/actualidad\/ponencia-improvisacion-carra-4-mayo\/#primaryimage","url":"https:\/\/csma.es\/wp-content\/uploads\/2023\/04\/Carra.jpg","contentUrl":"https:\/\/csma.es\/wp-content\/uploads\/2023\/04\/Carra.jpg","width":1326,"height":933},{"@type":"BreadcrumbList","@id":"https:\/\/csma.es\/actualidad\/ponencia-improvisacion-carra-4-mayo\/#breadcrumb","itemListElement":[{"@type":"ListItem","position":1,"name":"Portada","item":"https:\/\/csma.es\/en\/"},{"@type":"ListItem","position":2,"name":"Ponencia Improvisaci\u00f3n, Carra, 4 mayo"}]},{"@type":"WebSite","@id":"https:\/\/csma.es\/#website","url":"https:\/\/csma.es\/","name":"CSMA","description":"Conservatorio Superior de M\u00fasica de Arag\u00f3n","publisher":{"@id":"https:\/\/csma.es\/#organization"},"potentialAction":[{"@type":"SearchAction","target":{"@type":"EntryPoint","urlTemplate":"https:\/\/csma.es\/?s={search_term_string}"},"query-input":{"@type":"PropertyValueSpecification","valueRequired":true,"valueName":"search_term_string"}}],"inLanguage":"en-US"},{"@type":"Organization","@id":"https:\/\/csma.es\/#organization","name":"Conservatorio Superior de M\u00fasica de Arag\u00f3n","url":"https:\/\/csma.es\/","logo":{"@type":"ImageObject","inLanguage":"en-US","@id":"https:\/\/csma.es\/#\/schema\/logo\/image\/","url":"https:\/\/csma.es\/wp-content\/uploads\/2025\/04\/cropped-logo-csma-40anos-vertical-sintexto-positivo.png","contentUrl":"https:\/\/csma.es\/wp-content\/uploads\/2025\/04\/cropped-logo-csma-40anos-vertical-sintexto-positivo.png","width":512,"height":512,"caption":"Conservatorio Superior de M\u00fasica de Arag\u00f3n"},"image":{"@id":"https:\/\/csma.es\/#\/schema\/logo\/image\/"},"sameAs":["https:\/\/www.facebook.com\/CSMAragon\/","https:\/\/x.com\/csmaconser","https:\/\/www.instagram.com\/csmaragon\/","https:\/\/www.youtube.com\/channel\/UCcsLLtgZJUhz11-3Aj1sv3w"]},{"@type":"Person","@id":"https:\/\/csma.es\/#\/schema\/person\/dd9e345cd1ec5925a5e8927a0cb3fc69","name":"TICS CSMA"}]}},"publishpress_future_action":{"enabled":false,"date":"2026-05-10 11:35:34","action":"change-status","newStatus":"draft","terms":[],"taxonomy":"category","extraData":[]},"publishpress_future_workflow_manual_trigger":{"enabledWorkflows":[]},"_links":{"self":[{"href":"https:\/\/csma.es\/en\/wp-json\/wp\/v2\/posts\/24332","targetHints":{"allow":["GET"]}}],"collection":[{"href":"https:\/\/csma.es\/en\/wp-json\/wp\/v2\/posts"}],"about":[{"href":"https:\/\/csma.es\/en\/wp-json\/wp\/v2\/types\/post"}],"author":[{"embeddable":true,"href":"https:\/\/csma.es\/en\/wp-json\/wp\/v2\/users\/3"}],"replies":[{"embeddable":true,"href":"https:\/\/csma.es\/en\/wp-json\/wp\/v2\/comments?post=24332"}],"version-history":[{"count":0,"href":"https:\/\/csma.es\/en\/wp-json\/wp\/v2\/posts\/24332\/revisions"}],"wp:featuredmedia":[{"embeddable":true,"href":"https:\/\/csma.es\/en\/wp-json\/wp\/v2\/media\/24402"}],"wp:attachment":[{"href":"https:\/\/csma.es\/en\/wp-json\/wp\/v2\/media?parent=24332"}],"wp:term":[{"taxonomy":"category","embeddable":true,"href":"https:\/\/csma.es\/en\/wp-json\/wp\/v2\/categories?post=24332"},{"taxonomy":"post_tag","embeddable":true,"href":"https:\/\/csma.es\/en\/wp-json\/wp\/v2\/tags?post=24332"}],"curies":[{"name":"wp","href":"https:\/\/api.w.org\/{rel}","templated":true}]}}