{"id":24299,"date":"2023-04-14T08:05:51","date_gmt":"2023-04-14T06:05:51","guid":{"rendered":"https:\/\/csma.es\/?p=24299"},"modified":"2023-04-20T16:37:30","modified_gmt":"2023-04-20T14:37:30","slug":"magistral-violin-fonseca-21-22-abril","status":"publish","type":"post","link":"https:\/\/csma.es\/en\/noticias\/magistral-violin-fonseca-21-22-abril\/","title":{"rendered":"Magistral Viol\u00edn, Fonseca, 21-22 abril"},"content":{"rendered":"<p style=\"text-align: justify;\">Los pr\u00f3ximos d\u00edas <strong>21 y 22 de abril<\/strong>, <strong>Heriberto Fonseca<\/strong>\u00a0impartir\u00e1 unas <strong>Clases Magistrales de Viol\u00edn <\/strong>en el CSMA. Tendr\u00e1n lugar en la\u00a0<strong>Sala Garc\u00eda Abril<\/strong>.<\/p>\n<p style=\"text-align: justify;\">Heriberto Fonseca Bibescu, destacado violinista y pedagogo de su generaci\u00f3n, premiado en concursos nacionales.<\/p>\n<p style=\"text-align: justify;\">Termina su licenciatura y posgrado en la Universidad de las Artes de la Habana.<\/p>\n<p style=\"text-align: justify;\">Cursa sus estudios de M\u00e1ster en el Conservatorio Superior de M\u00fasica del Liceo en m\u00fasica de c\u00e1mara.<\/p>\n<p style=\"text-align: justify;\">Se forma con los maestros Alexander Kanievki, Vili Mokasian, Evelio Tieles, Inna Kuznetzova, Valeri Gasarian y en m\u00fasica de c\u00e1mara con los prestigiosos maestros Radosvet Bojadjiev y Gregori Fedorenko.<\/p>\n<p style=\"text-align: justify;\">Amplia su formaci\u00f3n en cursos de interpretaci\u00f3n, pedagog\u00eda y especializaci\u00f3n musical con los maestros Vartan Manoogian, Heidi Castleman,\u00a0 Guya Martinini, Anita Mitterer.<\/p>\n<p style=\"text-align: justify;\">Desde 1981 desarrolla una importante labor pedag\u00f3gica ejerciendo como profesor en los conservatorios de m\u00fasica \u201cGuillermo Tom\u00e1s\u201d y \u201cAmadeo Rold\u00e1n\u201d de la Habana y simult\u00e1neamente desempe\u00f1a su labor profesional como solista y m\u00fasico de c\u00e1mara en el \u201cCentro Nacional de la M\u00fasica de Concierto\u201d de la misma ciudad.<\/p>\n<p style=\"text-align: justify;\">Como solista ha actuado con las orquestas m\u00e1s importantes de su pa\u00eds, bajo la direcci\u00f3n de los maestros Guido L\u00f3pez Gavil\u00e1n, Tom\u00e1s Fort\u00edn, Miguel del Castillo, P\u00e9rez Mesas, David de la Mora.<\/p>\n<p style=\"text-align: justify;\">Fue artista invitado a participar en el ciclo de concierto por el 50 aniversario de la fundaci\u00f3n de la Orquesta Sinf\u00f3nica Nacional de Cuba bajo la direcci\u00f3n del maestro \u00c1lvaro Manzano (2010).<\/p>\n<p style=\"text-align: justify;\">En Barcelona ha colaborado como primer viol\u00edn en el conjunto \u201cBarcelona Modern Project\u201d dedicado a divulgar y grabar la m\u00fasica de compositores contempor\u00e1neos como Robert Gerhard, Joaquim Homs, Jes\u00fas Rodr\u00edguez Pic\u00f3, Joan Ginjoan entre otros. Tambi\u00e9n ha colaborado como solista con la \u201cCamerata di Phonassi\u201d, orquesta de C\u00e1mara de Vila Seca, \u201cCamerata XXI\u201d, orquesta de c\u00e1mara del Conservatorio del Liceo.<\/p>\n<p style=\"text-align: justify;\">Ha compartido escenario con las pianistas Dagmar Mu\u00f1iz, Ivet Frontela y Olga Kobekina, abordando repertorios que abarcan desde la m\u00fasica barroca hasta la contempor\u00e1nea, destacando los programas de la integral de las sonatas de Hindemith y Beethoven.<\/p>\n<p style=\"text-align: justify;\">A lo largo de su labor pedag\u00f3gica ha participado en proyectos de intercambios entre conservatorios y entidades musicales con diferentes pa\u00edses como Portugal, Italia, Alemania, Chequia, Hungr\u00eda, Austria, China y es invitado a realizar clases magistrales en diferentes conservatorios de Catalu\u00f1a y jurado de concursos.<\/p>\n<p style=\"text-align: justify;\">Tiene alumnos premiados en concursos nacionales e internacionales y becados para estudiar en prestigiosos centros como Reina Sof\u00eda, Chetham&#8217;s School of Music de Manchester, Purcell School of Music de Londres, \u201cLiceu Junior\u201d y \u201cJ\u00f3venes Promesas\u201d de la fundaci\u00f3n de m\u00fasica \u201cFerrer Salat\u201d.<\/p>\n<p style=\"text-align: justify;\">Actualmente est\u00e1 enfocado en la actividad pedag\u00f3gica, es jefe de departamento de cuerda del conservatorio Liceo y profesor de viol\u00edn y orquesta en los centros Instituto Escola Art\u00edstico \u201cOriol Martorell\u201d de Barcelona y en el conservatorio profesional de m\u00fasica de Badalona.<\/p>\n","protected":false},"excerpt":{"rendered":"<p>Los pr\u00f3ximos d\u00edas 21 y 22 de abril, Heriberto Fonseca\u00a0impartir\u00e1 unas Clases Magistrales de Viol\u00edn en el CSMA. Tendr\u00e1n lugar en la\u00a0Sala Garc\u00eda Abril. Heriberto&#8230;<\/p>\n","protected":false},"author":3,"featured_media":24300,"comment_status":"open","ping_status":"open","sticky":false,"template":"","format":"standard","meta":{"footnotes":""},"categories":[403,368],"tags":[],"class_list":["post-24299","post","type-post","status-publish","format-standard","has-post-thumbnail","hentry","category-avisos","category-noticias"],"yoast_head":"<!-- This site is optimized with the Yoast SEO plugin v27.5 - https:\/\/yoast.com\/product\/yoast-seo-wordpress\/ -->\n<title>Magistral Viol\u00edn, Fonseca, 21-22 abril - CSMA<\/title>\n<meta name=\"robots\" content=\"index, follow, max-snippet:-1, max-image-preview:large, max-video-preview:-1\" \/>\n<link rel=\"canonical\" href=\"https:\/\/csma.es\/actualidad\/magistral-violin-fonseca-21-22-abril\/\" \/>\n<meta property=\"og:locale\" content=\"en_US\" \/>\n<meta property=\"og:type\" content=\"article\" \/>\n<meta property=\"og:title\" content=\"Magistral Viol\u00edn, Fonseca, 21-22 abril - CSMA\" \/>\n<meta property=\"og:description\" content=\"Los pr\u00f3ximos d\u00edas 21 y 22 de abril, Heriberto Fonseca\u00a0impartir\u00e1 unas Clases Magistrales de Viol\u00edn en el CSMA. Tendr\u00e1n lugar en la\u00a0Sala Garc\u00eda Abril. Heriberto...\" \/>\n<meta property=\"og:url\" content=\"https:\/\/csma.es\/actualidad\/magistral-violin-fonseca-21-22-abril\/\" \/>\n<meta property=\"og:site_name\" content=\"CSMA\" \/>\n<meta property=\"article:publisher\" content=\"https:\/\/www.facebook.com\/CSMAragon\/\" \/>\n<meta property=\"article:published_time\" content=\"2023-04-14T06:05:51+00:00\" \/>\n<meta property=\"article:modified_time\" content=\"2023-04-20T14:37:30+00:00\" \/>\n<meta property=\"og:image\" content=\"https:\/\/csma.es\/wp-content\/uploads\/2023\/04\/Fonseca.jpg\" \/>\n\t<meta property=\"og:image:width\" content=\"466\" \/>\n\t<meta property=\"og:image:height\" content=\"622\" \/>\n\t<meta property=\"og:image:type\" content=\"image\/jpeg\" \/>\n<meta name=\"author\" content=\"TICS CSMA\" \/>\n<meta name=\"twitter:card\" content=\"summary_large_image\" \/>\n<meta name=\"twitter:creator\" content=\"@csmaconser\" \/>\n<meta name=\"twitter:site\" content=\"@csmaconser\" \/>\n<meta name=\"twitter:label1\" content=\"Written by\" \/>\n\t<meta name=\"twitter:data1\" content=\"TICS CSMA\" \/>\n\t<meta name=\"twitter:label2\" content=\"Est. reading time\" \/>\n\t<meta name=\"twitter:data2\" content=\"3 minutes\" \/>\n<script type=\"application\/ld+json\" class=\"yoast-schema-graph\">{\"@context\":\"https:\\\/\\\/schema.org\",\"@graph\":[{\"@type\":\"Article\",\"@id\":\"https:\\\/\\\/csma.es\\\/actualidad\\\/magistral-violin-fonseca-21-22-abril\\\/#article\",\"isPartOf\":{\"@id\":\"https:\\\/\\\/csma.es\\\/actualidad\\\/magistral-violin-fonseca-21-22-abril\\\/\"},\"author\":{\"name\":\"TICS CSMA\",\"@id\":\"https:\\\/\\\/csma.es\\\/#\\\/schema\\\/person\\\/dd9e345cd1ec5925a5e8927a0cb3fc69\"},\"headline\":\"Magistral Viol\u00edn, Fonseca, 21-22 abril\",\"datePublished\":\"2023-04-14T06:05:51+00:00\",\"dateModified\":\"2023-04-20T14:37:30+00:00\",\"mainEntityOfPage\":{\"@id\":\"https:\\\/\\\/csma.es\\\/actualidad\\\/magistral-violin-fonseca-21-22-abril\\\/\"},\"wordCount\":519,\"commentCount\":0,\"publisher\":{\"@id\":\"https:\\\/\\\/csma.es\\\/#organization\"},\"image\":{\"@id\":\"https:\\\/\\\/csma.es\\\/actualidad\\\/magistral-violin-fonseca-21-22-abril\\\/#primaryimage\"},\"thumbnailUrl\":\"https:\\\/\\\/csma.es\\\/wp-content\\\/uploads\\\/2023\\\/04\\\/Fonseca.jpg\",\"articleSection\":[\"Avisos\",\"Noticias\"],\"inLanguage\":\"en-US\",\"potentialAction\":[{\"@type\":\"CommentAction\",\"name\":\"Comment\",\"target\":[\"https:\\\/\\\/csma.es\\\/actualidad\\\/magistral-violin-fonseca-21-22-abril\\\/#respond\"]}]},{\"@type\":\"WebPage\",\"@id\":\"https:\\\/\\\/csma.es\\\/actualidad\\\/magistral-violin-fonseca-21-22-abril\\\/\",\"url\":\"https:\\\/\\\/csma.es\\\/actualidad\\\/magistral-violin-fonseca-21-22-abril\\\/\",\"name\":\"Magistral Viol\u00edn, Fonseca, 21-22 abril - CSMA\",\"isPartOf\":{\"@id\":\"https:\\\/\\\/csma.es\\\/#website\"},\"primaryImageOfPage\":{\"@id\":\"https:\\\/\\\/csma.es\\\/actualidad\\\/magistral-violin-fonseca-21-22-abril\\\/#primaryimage\"},\"image\":{\"@id\":\"https:\\\/\\\/csma.es\\\/actualidad\\\/magistral-violin-fonseca-21-22-abril\\\/#primaryimage\"},\"thumbnailUrl\":\"https:\\\/\\\/csma.es\\\/wp-content\\\/uploads\\\/2023\\\/04\\\/Fonseca.jpg\",\"datePublished\":\"2023-04-14T06:05:51+00:00\",\"dateModified\":\"2023-04-20T14:37:30+00:00\",\"breadcrumb\":{\"@id\":\"https:\\\/\\\/csma.es\\\/actualidad\\\/magistral-violin-fonseca-21-22-abril\\\/#breadcrumb\"},\"inLanguage\":\"en-US\",\"potentialAction\":[{\"@type\":\"ReadAction\",\"target\":[\"https:\\\/\\\/csma.es\\\/actualidad\\\/magistral-violin-fonseca-21-22-abril\\\/\"]}]},{\"@type\":\"ImageObject\",\"inLanguage\":\"en-US\",\"@id\":\"https:\\\/\\\/csma.es\\\/actualidad\\\/magistral-violin-fonseca-21-22-abril\\\/#primaryimage\",\"url\":\"https:\\\/\\\/csma.es\\\/wp-content\\\/uploads\\\/2023\\\/04\\\/Fonseca.jpg\",\"contentUrl\":\"https:\\\/\\\/csma.es\\\/wp-content\\\/uploads\\\/2023\\\/04\\\/Fonseca.jpg\",\"width\":466,\"height\":622},{\"@type\":\"BreadcrumbList\",\"@id\":\"https:\\\/\\\/csma.es\\\/actualidad\\\/magistral-violin-fonseca-21-22-abril\\\/#breadcrumb\",\"itemListElement\":[{\"@type\":\"ListItem\",\"position\":1,\"name\":\"Portada\",\"item\":\"https:\\\/\\\/csma.es\\\/en\\\/\"},{\"@type\":\"ListItem\",\"position\":2,\"name\":\"Magistral Viol\u00edn, Fonseca, 21-22 abril\"}]},{\"@type\":\"WebSite\",\"@id\":\"https:\\\/\\\/csma.es\\\/#website\",\"url\":\"https:\\\/\\\/csma.es\\\/\",\"name\":\"CSMA\",\"description\":\"Conservatorio Superior de M\u00fasica de Arag\u00f3n\",\"publisher\":{\"@id\":\"https:\\\/\\\/csma.es\\\/#organization\"},\"potentialAction\":[{\"@type\":\"SearchAction\",\"target\":{\"@type\":\"EntryPoint\",\"urlTemplate\":\"https:\\\/\\\/csma.es\\\/?s={search_term_string}\"},\"query-input\":{\"@type\":\"PropertyValueSpecification\",\"valueRequired\":true,\"valueName\":\"search_term_string\"}}],\"inLanguage\":\"en-US\"},{\"@type\":\"Organization\",\"@id\":\"https:\\\/\\\/csma.es\\\/#organization\",\"name\":\"Conservatorio Superior de M\u00fasica de Arag\u00f3n\",\"url\":\"https:\\\/\\\/csma.es\\\/\",\"logo\":{\"@type\":\"ImageObject\",\"inLanguage\":\"en-US\",\"@id\":\"https:\\\/\\\/csma.es\\\/#\\\/schema\\\/logo\\\/image\\\/\",\"url\":\"https:\\\/\\\/csma.es\\\/wp-content\\\/uploads\\\/2025\\\/04\\\/cropped-logo-csma-40anos-vertical-sintexto-positivo.png\",\"contentUrl\":\"https:\\\/\\\/csma.es\\\/wp-content\\\/uploads\\\/2025\\\/04\\\/cropped-logo-csma-40anos-vertical-sintexto-positivo.png\",\"width\":512,\"height\":512,\"caption\":\"Conservatorio Superior de M\u00fasica de Arag\u00f3n\"},\"image\":{\"@id\":\"https:\\\/\\\/csma.es\\\/#\\\/schema\\\/logo\\\/image\\\/\"},\"sameAs\":[\"https:\\\/\\\/www.facebook.com\\\/CSMAragon\\\/\",\"https:\\\/\\\/x.com\\\/csmaconser\",\"https:\\\/\\\/www.instagram.com\\\/csmaragon\\\/\",\"https:\\\/\\\/www.youtube.com\\\/channel\\\/UCcsLLtgZJUhz11-3Aj1sv3w\"]},{\"@type\":\"Person\",\"@id\":\"https:\\\/\\\/csma.es\\\/#\\\/schema\\\/person\\\/dd9e345cd1ec5925a5e8927a0cb3fc69\",\"name\":\"TICS CSMA\"}]}<\/script>\n<!-- \/ Yoast SEO plugin. -->","yoast_head_json":{"title":"Magistral Viol\u00edn, Fonseca, 21-22 abril - CSMA","robots":{"index":"index","follow":"follow","max-snippet":"max-snippet:-1","max-image-preview":"max-image-preview:large","max-video-preview":"max-video-preview:-1"},"canonical":"https:\/\/csma.es\/actualidad\/magistral-violin-fonseca-21-22-abril\/","og_locale":"en_US","og_type":"article","og_title":"Magistral Viol\u00edn, Fonseca, 21-22 abril - CSMA","og_description":"Los pr\u00f3ximos d\u00edas 21 y 22 de abril, Heriberto Fonseca\u00a0impartir\u00e1 unas Clases Magistrales de Viol\u00edn en el CSMA. Tendr\u00e1n lugar en la\u00a0Sala Garc\u00eda Abril. Heriberto...","og_url":"https:\/\/csma.es\/actualidad\/magistral-violin-fonseca-21-22-abril\/","og_site_name":"CSMA","article_publisher":"https:\/\/www.facebook.com\/CSMAragon\/","article_published_time":"2023-04-14T06:05:51+00:00","article_modified_time":"2023-04-20T14:37:30+00:00","og_image":[{"width":466,"height":622,"url":"https:\/\/csma.es\/wp-content\/uploads\/2023\/04\/Fonseca.jpg","type":"image\/jpeg"}],"author":"TICS CSMA","twitter_card":"summary_large_image","twitter_creator":"@csmaconser","twitter_site":"@csmaconser","twitter_misc":{"Written by":"TICS CSMA","Est. reading time":"3 minutes"},"schema":{"@context":"https:\/\/schema.org","@graph":[{"@type":"Article","@id":"https:\/\/csma.es\/actualidad\/magistral-violin-fonseca-21-22-abril\/#article","isPartOf":{"@id":"https:\/\/csma.es\/actualidad\/magistral-violin-fonseca-21-22-abril\/"},"author":{"name":"TICS CSMA","@id":"https:\/\/csma.es\/#\/schema\/person\/dd9e345cd1ec5925a5e8927a0cb3fc69"},"headline":"Magistral Viol\u00edn, Fonseca, 21-22 abril","datePublished":"2023-04-14T06:05:51+00:00","dateModified":"2023-04-20T14:37:30+00:00","mainEntityOfPage":{"@id":"https:\/\/csma.es\/actualidad\/magistral-violin-fonseca-21-22-abril\/"},"wordCount":519,"commentCount":0,"publisher":{"@id":"https:\/\/csma.es\/#organization"},"image":{"@id":"https:\/\/csma.es\/actualidad\/magistral-violin-fonseca-21-22-abril\/#primaryimage"},"thumbnailUrl":"https:\/\/csma.es\/wp-content\/uploads\/2023\/04\/Fonseca.jpg","articleSection":["Avisos","Noticias"],"inLanguage":"en-US","potentialAction":[{"@type":"CommentAction","name":"Comment","target":["https:\/\/csma.es\/actualidad\/magistral-violin-fonseca-21-22-abril\/#respond"]}]},{"@type":"WebPage","@id":"https:\/\/csma.es\/actualidad\/magistral-violin-fonseca-21-22-abril\/","url":"https:\/\/csma.es\/actualidad\/magistral-violin-fonseca-21-22-abril\/","name":"Magistral Viol\u00edn, Fonseca, 21-22 abril - CSMA","isPartOf":{"@id":"https:\/\/csma.es\/#website"},"primaryImageOfPage":{"@id":"https:\/\/csma.es\/actualidad\/magistral-violin-fonseca-21-22-abril\/#primaryimage"},"image":{"@id":"https:\/\/csma.es\/actualidad\/magistral-violin-fonseca-21-22-abril\/#primaryimage"},"thumbnailUrl":"https:\/\/csma.es\/wp-content\/uploads\/2023\/04\/Fonseca.jpg","datePublished":"2023-04-14T06:05:51+00:00","dateModified":"2023-04-20T14:37:30+00:00","breadcrumb":{"@id":"https:\/\/csma.es\/actualidad\/magistral-violin-fonseca-21-22-abril\/#breadcrumb"},"inLanguage":"en-US","potentialAction":[{"@type":"ReadAction","target":["https:\/\/csma.es\/actualidad\/magistral-violin-fonseca-21-22-abril\/"]}]},{"@type":"ImageObject","inLanguage":"en-US","@id":"https:\/\/csma.es\/actualidad\/magistral-violin-fonseca-21-22-abril\/#primaryimage","url":"https:\/\/csma.es\/wp-content\/uploads\/2023\/04\/Fonseca.jpg","contentUrl":"https:\/\/csma.es\/wp-content\/uploads\/2023\/04\/Fonseca.jpg","width":466,"height":622},{"@type":"BreadcrumbList","@id":"https:\/\/csma.es\/actualidad\/magistral-violin-fonseca-21-22-abril\/#breadcrumb","itemListElement":[{"@type":"ListItem","position":1,"name":"Portada","item":"https:\/\/csma.es\/en\/"},{"@type":"ListItem","position":2,"name":"Magistral Viol\u00edn, Fonseca, 21-22 abril"}]},{"@type":"WebSite","@id":"https:\/\/csma.es\/#website","url":"https:\/\/csma.es\/","name":"CSMA","description":"Conservatorio Superior de M\u00fasica de Arag\u00f3n","publisher":{"@id":"https:\/\/csma.es\/#organization"},"potentialAction":[{"@type":"SearchAction","target":{"@type":"EntryPoint","urlTemplate":"https:\/\/csma.es\/?s={search_term_string}"},"query-input":{"@type":"PropertyValueSpecification","valueRequired":true,"valueName":"search_term_string"}}],"inLanguage":"en-US"},{"@type":"Organization","@id":"https:\/\/csma.es\/#organization","name":"Conservatorio Superior de M\u00fasica de Arag\u00f3n","url":"https:\/\/csma.es\/","logo":{"@type":"ImageObject","inLanguage":"en-US","@id":"https:\/\/csma.es\/#\/schema\/logo\/image\/","url":"https:\/\/csma.es\/wp-content\/uploads\/2025\/04\/cropped-logo-csma-40anos-vertical-sintexto-positivo.png","contentUrl":"https:\/\/csma.es\/wp-content\/uploads\/2025\/04\/cropped-logo-csma-40anos-vertical-sintexto-positivo.png","width":512,"height":512,"caption":"Conservatorio Superior de M\u00fasica de Arag\u00f3n"},"image":{"@id":"https:\/\/csma.es\/#\/schema\/logo\/image\/"},"sameAs":["https:\/\/www.facebook.com\/CSMAragon\/","https:\/\/x.com\/csmaconser","https:\/\/www.instagram.com\/csmaragon\/","https:\/\/www.youtube.com\/channel\/UCcsLLtgZJUhz11-3Aj1sv3w"]},{"@type":"Person","@id":"https:\/\/csma.es\/#\/schema\/person\/dd9e345cd1ec5925a5e8927a0cb3fc69","name":"TICS CSMA"}]}},"publishpress_future_action":{"enabled":false,"date":"2026-05-07 14:14:34","action":"change-status","newStatus":"draft","terms":[],"taxonomy":"category","extraData":[]},"publishpress_future_workflow_manual_trigger":{"enabledWorkflows":[]},"_links":{"self":[{"href":"https:\/\/csma.es\/en\/wp-json\/wp\/v2\/posts\/24299","targetHints":{"allow":["GET"]}}],"collection":[{"href":"https:\/\/csma.es\/en\/wp-json\/wp\/v2\/posts"}],"about":[{"href":"https:\/\/csma.es\/en\/wp-json\/wp\/v2\/types\/post"}],"author":[{"embeddable":true,"href":"https:\/\/csma.es\/en\/wp-json\/wp\/v2\/users\/3"}],"replies":[{"embeddable":true,"href":"https:\/\/csma.es\/en\/wp-json\/wp\/v2\/comments?post=24299"}],"version-history":[{"count":0,"href":"https:\/\/csma.es\/en\/wp-json\/wp\/v2\/posts\/24299\/revisions"}],"wp:featuredmedia":[{"embeddable":true,"href":"https:\/\/csma.es\/en\/wp-json\/wp\/v2\/media\/24300"}],"wp:attachment":[{"href":"https:\/\/csma.es\/en\/wp-json\/wp\/v2\/media?parent=24299"}],"wp:term":[{"taxonomy":"category","embeddable":true,"href":"https:\/\/csma.es\/en\/wp-json\/wp\/v2\/categories?post=24299"},{"taxonomy":"post_tag","embeddable":true,"href":"https:\/\/csma.es\/en\/wp-json\/wp\/v2\/tags?post=24299"}],"curies":[{"name":"wp","href":"https:\/\/api.w.org\/{rel}","templated":true}]}}