{"id":24289,"date":"2023-04-14T08:15:00","date_gmt":"2023-04-14T06:15:00","guid":{"rendered":"https:\/\/csma.es\/?p=24289"},"modified":"2023-04-20T16:36:58","modified_gmt":"2023-04-20T14:36:58","slug":"magistral-trompa-silva-26-28-abril","status":"publish","type":"post","link":"https:\/\/csma.es\/en\/noticias\/magistral-trompa-silva-26-28-abril\/","title":{"rendered":"Magistral Trompa, Silva, 26-28 abril"},"content":{"rendered":"<p style=\"text-align: justify;\">Los pr\u00f3ximos d\u00edas <strong>26, 27 y 28 de abril<\/strong>, <strong>Bernardo Silva<\/strong>\u00a0impartir\u00e1 unas <strong>Clases Magistrales de Trompa <\/strong>en el CSMA. Tendr\u00e1n lugar en las <strong>aulas 002, 111 y 113 respectivamente<\/strong>.<\/p>\n<p style=\"text-align: justify;\">Bernardo naci\u00f3 en Oporto, Portugal, y es uno de los trompistas portugueses m\u00e1s destacados. Estudi\u00f3 con Jonathan Luxton en Lisboa y con Ab Koster en Hamburgo. Bernardo es miembro de la Orquestra Sinf\u00f3nica do Porto Casa da M\u00fasica, en Portugal.<\/p>\n<p style=\"text-align: justify;\">Ha actuado como solista, en recitales, m\u00fasica de c\u00e1mara y orquesta en muchos pa\u00edses, como Portugal, Espa\u00f1a, Francia, B\u00e9lgica, Holanda, Polonia, Alemania, Inglaterra, Finlandia, Luxemburgo, Rep\u00fablica Checa, Rusia, Brasil, M\u00e9xico y EE.UU.<\/p>\n<p style=\"text-align: justify;\">Bernardo ense\u00f1a en la Universidad de Aveiro y en la Escuela Superior de M\u00fasica e Artes do Espect\u00e1culo do Porto- ESMAE, en Portugal. Con frecuencia dirige clases magistrales en Portugal y en el extranjero. Es invitado regularmente a ser jurado de concursos nacionales e internacionales, ha estado en concursos en Portugal, Espa\u00f1a, Finlandia y EE.UU. Fue galardonado con el Primer Premio en el Concurso Farkas organizado por el IHS, Finlandia en 2002.<\/p>\n<p style=\"text-align: justify;\">Su discograf\u00eda incluye varias obras a solo, m\u00fasica de c\u00e1mara y como m\u00fasico de orquesta. Sus dos \u00e1lbumes a solo &#8216;Lunar Songs&#8217; y &#8216;Solo&#8217; han recibido excelentescr\u00edticas.Realiz\u00f3 la primera grabaci\u00f3n mundial de la obra &#8216;Jeanne d&#8217;Arc&#8217; para solista y orquesta de vientos del compositor Alex Poelman para el sello holand\u00e9s Molenaar. Bernardo es tambi\u00e9n un m\u00fasico de c\u00e1mara muy activo, actuando a menudo en d\u00fao con piano y en un cuarteto de trompas. Es miembro fundador del cuarteto Trompas Lusas. El grupo se presenta con frecuencia en conciertos en Portugal y en el extranjero.<\/p>\n<p style=\"text-align: justify;\">Bernardo ha mantenido una estrecha relaci\u00f3n con varios compositores para ampliar el repertorio original del instrumento y ha estrenado muchos trabajos. Compositores como Anne Victorino d\u2019 Almeida, S\u00e9rgio Azevedo, Telmo Marques, Lu\u00eds Carvalho, Jo\u00e3o Carlos Alves, Jo\u00e3o Gaspar y Liduino Pitombeira le han dedicado composiciones.<\/p>\n<p style=\"text-align: justify;\">Act\u00faa con frecuencia en simposios, congresos y encuentros de la Sociedad Internacional de Trompas (IHS), de la Asociaci\u00f3n Espa\u00f1ola de Amantes de la Trompa y de la Asociaci\u00f3n Catalana de Trompistas. Es vicepresidente de la Sociedad Internacional de Trompas. Bernardo es un artista de D\u00fcrkHorns y Romera Brass.<\/p>\n","protected":false},"excerpt":{"rendered":"<p>Los pr\u00f3ximos d\u00edas 26, 27 y 28 de abril, Bernardo Silva\u00a0impartir\u00e1 unas Clases Magistrales de Trompa en el CSMA. Tendr\u00e1n lugar en las aulas 002,&#8230;<\/p>\n","protected":false},"author":3,"featured_media":24290,"comment_status":"open","ping_status":"open","sticky":false,"template":"","format":"standard","meta":{"footnotes":""},"categories":[403,368],"tags":[],"class_list":["post-24289","post","type-post","status-publish","format-standard","has-post-thumbnail","hentry","category-avisos","category-noticias"],"yoast_head":"<!-- This site is optimized with the Yoast SEO plugin v27.5 - https:\/\/yoast.com\/product\/yoast-seo-wordpress\/ -->\n<title>Magistral Trompa, Silva, 26-28 abril - CSMA<\/title>\n<meta name=\"robots\" content=\"index, follow, max-snippet:-1, max-image-preview:large, max-video-preview:-1\" \/>\n<link rel=\"canonical\" href=\"https:\/\/csma.es\/actualidad\/magistral-trompa-silva-26-28-abril\/\" \/>\n<meta property=\"og:locale\" content=\"en_US\" \/>\n<meta property=\"og:type\" content=\"article\" \/>\n<meta property=\"og:title\" content=\"Magistral Trompa, Silva, 26-28 abril - CSMA\" \/>\n<meta property=\"og:description\" content=\"Los pr\u00f3ximos d\u00edas 26, 27 y 28 de abril, Bernardo Silva\u00a0impartir\u00e1 unas Clases Magistrales de Trompa en el CSMA. Tendr\u00e1n lugar en las aulas 002,...\" \/>\n<meta property=\"og:url\" content=\"https:\/\/csma.es\/actualidad\/magistral-trompa-silva-26-28-abril\/\" \/>\n<meta property=\"og:site_name\" content=\"CSMA\" \/>\n<meta property=\"article:publisher\" content=\"https:\/\/www.facebook.com\/CSMAragon\/\" \/>\n<meta property=\"article:published_time\" content=\"2023-04-14T06:15:00+00:00\" \/>\n<meta property=\"article:modified_time\" content=\"2023-04-20T14:36:58+00:00\" \/>\n<meta property=\"og:image\" content=\"https:\/\/csma.es\/wp-content\/uploads\/2023\/04\/Silva-701x1024.png\" \/>\n\t<meta property=\"og:image:width\" content=\"701\" \/>\n\t<meta property=\"og:image:height\" content=\"1024\" \/>\n\t<meta property=\"og:image:type\" content=\"image\/png\" \/>\n<meta name=\"author\" content=\"TICS CSMA\" \/>\n<meta name=\"twitter:card\" content=\"summary_large_image\" \/>\n<meta name=\"twitter:creator\" content=\"@csmaconser\" \/>\n<meta name=\"twitter:site\" content=\"@csmaconser\" \/>\n<meta name=\"twitter:label1\" content=\"Written by\" \/>\n\t<meta name=\"twitter:data1\" content=\"TICS CSMA\" \/>\n\t<meta name=\"twitter:label2\" content=\"Est. reading time\" \/>\n\t<meta name=\"twitter:data2\" content=\"2 minutes\" \/>\n<script type=\"application\/ld+json\" class=\"yoast-schema-graph\">{\"@context\":\"https:\\\/\\\/schema.org\",\"@graph\":[{\"@type\":\"Article\",\"@id\":\"https:\\\/\\\/csma.es\\\/actualidad\\\/magistral-trompa-silva-26-28-abril\\\/#article\",\"isPartOf\":{\"@id\":\"https:\\\/\\\/csma.es\\\/actualidad\\\/magistral-trompa-silva-26-28-abril\\\/\"},\"author\":{\"name\":\"TICS CSMA\",\"@id\":\"https:\\\/\\\/csma.es\\\/#\\\/schema\\\/person\\\/dd9e345cd1ec5925a5e8927a0cb3fc69\"},\"headline\":\"Magistral Trompa, Silva, 26-28 abril\",\"datePublished\":\"2023-04-14T06:15:00+00:00\",\"dateModified\":\"2023-04-20T14:36:58+00:00\",\"mainEntityOfPage\":{\"@id\":\"https:\\\/\\\/csma.es\\\/actualidad\\\/magistral-trompa-silva-26-28-abril\\\/\"},\"wordCount\":400,\"commentCount\":0,\"publisher\":{\"@id\":\"https:\\\/\\\/csma.es\\\/#organization\"},\"image\":{\"@id\":\"https:\\\/\\\/csma.es\\\/actualidad\\\/magistral-trompa-silva-26-28-abril\\\/#primaryimage\"},\"thumbnailUrl\":\"https:\\\/\\\/csma.es\\\/wp-content\\\/uploads\\\/2023\\\/04\\\/Silva.png\",\"articleSection\":[\"Avisos\",\"Noticias\"],\"inLanguage\":\"en-US\",\"potentialAction\":[{\"@type\":\"CommentAction\",\"name\":\"Comment\",\"target\":[\"https:\\\/\\\/csma.es\\\/actualidad\\\/magistral-trompa-silva-26-28-abril\\\/#respond\"]}]},{\"@type\":\"WebPage\",\"@id\":\"https:\\\/\\\/csma.es\\\/actualidad\\\/magistral-trompa-silva-26-28-abril\\\/\",\"url\":\"https:\\\/\\\/csma.es\\\/actualidad\\\/magistral-trompa-silva-26-28-abril\\\/\",\"name\":\"Magistral Trompa, Silva, 26-28 abril - CSMA\",\"isPartOf\":{\"@id\":\"https:\\\/\\\/csma.es\\\/#website\"},\"primaryImageOfPage\":{\"@id\":\"https:\\\/\\\/csma.es\\\/actualidad\\\/magistral-trompa-silva-26-28-abril\\\/#primaryimage\"},\"image\":{\"@id\":\"https:\\\/\\\/csma.es\\\/actualidad\\\/magistral-trompa-silva-26-28-abril\\\/#primaryimage\"},\"thumbnailUrl\":\"https:\\\/\\\/csma.es\\\/wp-content\\\/uploads\\\/2023\\\/04\\\/Silva.png\",\"datePublished\":\"2023-04-14T06:15:00+00:00\",\"dateModified\":\"2023-04-20T14:36:58+00:00\",\"breadcrumb\":{\"@id\":\"https:\\\/\\\/csma.es\\\/actualidad\\\/magistral-trompa-silva-26-28-abril\\\/#breadcrumb\"},\"inLanguage\":\"en-US\",\"potentialAction\":[{\"@type\":\"ReadAction\",\"target\":[\"https:\\\/\\\/csma.es\\\/actualidad\\\/magistral-trompa-silva-26-28-abril\\\/\"]}]},{\"@type\":\"ImageObject\",\"inLanguage\":\"en-US\",\"@id\":\"https:\\\/\\\/csma.es\\\/actualidad\\\/magistral-trompa-silva-26-28-abril\\\/#primaryimage\",\"url\":\"https:\\\/\\\/csma.es\\\/wp-content\\\/uploads\\\/2023\\\/04\\\/Silva.png\",\"contentUrl\":\"https:\\\/\\\/csma.es\\\/wp-content\\\/uploads\\\/2023\\\/04\\\/Silva.png\",\"width\":1096,\"height\":1600},{\"@type\":\"BreadcrumbList\",\"@id\":\"https:\\\/\\\/csma.es\\\/actualidad\\\/magistral-trompa-silva-26-28-abril\\\/#breadcrumb\",\"itemListElement\":[{\"@type\":\"ListItem\",\"position\":1,\"name\":\"Portada\",\"item\":\"https:\\\/\\\/csma.es\\\/en\\\/\"},{\"@type\":\"ListItem\",\"position\":2,\"name\":\"Magistral Trompa, Silva, 26-28 abril\"}]},{\"@type\":\"WebSite\",\"@id\":\"https:\\\/\\\/csma.es\\\/#website\",\"url\":\"https:\\\/\\\/csma.es\\\/\",\"name\":\"CSMA\",\"description\":\"Conservatorio Superior de M\u00fasica de Arag\u00f3n\",\"publisher\":{\"@id\":\"https:\\\/\\\/csma.es\\\/#organization\"},\"potentialAction\":[{\"@type\":\"SearchAction\",\"target\":{\"@type\":\"EntryPoint\",\"urlTemplate\":\"https:\\\/\\\/csma.es\\\/?s={search_term_string}\"},\"query-input\":{\"@type\":\"PropertyValueSpecification\",\"valueRequired\":true,\"valueName\":\"search_term_string\"}}],\"inLanguage\":\"en-US\"},{\"@type\":\"Organization\",\"@id\":\"https:\\\/\\\/csma.es\\\/#organization\",\"name\":\"Conservatorio Superior de M\u00fasica de Arag\u00f3n\",\"url\":\"https:\\\/\\\/csma.es\\\/\",\"logo\":{\"@type\":\"ImageObject\",\"inLanguage\":\"en-US\",\"@id\":\"https:\\\/\\\/csma.es\\\/#\\\/schema\\\/logo\\\/image\\\/\",\"url\":\"https:\\\/\\\/csma.es\\\/wp-content\\\/uploads\\\/2025\\\/04\\\/cropped-logo-csma-40anos-vertical-sintexto-positivo.png\",\"contentUrl\":\"https:\\\/\\\/csma.es\\\/wp-content\\\/uploads\\\/2025\\\/04\\\/cropped-logo-csma-40anos-vertical-sintexto-positivo.png\",\"width\":512,\"height\":512,\"caption\":\"Conservatorio Superior de M\u00fasica de Arag\u00f3n\"},\"image\":{\"@id\":\"https:\\\/\\\/csma.es\\\/#\\\/schema\\\/logo\\\/image\\\/\"},\"sameAs\":[\"https:\\\/\\\/www.facebook.com\\\/CSMAragon\\\/\",\"https:\\\/\\\/x.com\\\/csmaconser\",\"https:\\\/\\\/www.instagram.com\\\/csmaragon\\\/\",\"https:\\\/\\\/www.youtube.com\\\/channel\\\/UCcsLLtgZJUhz11-3Aj1sv3w\"]},{\"@type\":\"Person\",\"@id\":\"https:\\\/\\\/csma.es\\\/#\\\/schema\\\/person\\\/dd9e345cd1ec5925a5e8927a0cb3fc69\",\"name\":\"TICS CSMA\"}]}<\/script>\n<!-- \/ Yoast SEO plugin. -->","yoast_head_json":{"title":"Magistral Trompa, Silva, 26-28 abril - CSMA","robots":{"index":"index","follow":"follow","max-snippet":"max-snippet:-1","max-image-preview":"max-image-preview:large","max-video-preview":"max-video-preview:-1"},"canonical":"https:\/\/csma.es\/actualidad\/magistral-trompa-silva-26-28-abril\/","og_locale":"en_US","og_type":"article","og_title":"Magistral Trompa, Silva, 26-28 abril - CSMA","og_description":"Los pr\u00f3ximos d\u00edas 26, 27 y 28 de abril, Bernardo Silva\u00a0impartir\u00e1 unas Clases Magistrales de Trompa en el CSMA. Tendr\u00e1n lugar en las aulas 002,...","og_url":"https:\/\/csma.es\/actualidad\/magistral-trompa-silva-26-28-abril\/","og_site_name":"CSMA","article_publisher":"https:\/\/www.facebook.com\/CSMAragon\/","article_published_time":"2023-04-14T06:15:00+00:00","article_modified_time":"2023-04-20T14:36:58+00:00","og_image":[{"width":701,"height":1024,"url":"https:\/\/csma.es\/wp-content\/uploads\/2023\/04\/Silva-701x1024.png","type":"image\/png"}],"author":"TICS CSMA","twitter_card":"summary_large_image","twitter_creator":"@csmaconser","twitter_site":"@csmaconser","twitter_misc":{"Written by":"TICS CSMA","Est. reading time":"2 minutes"},"schema":{"@context":"https:\/\/schema.org","@graph":[{"@type":"Article","@id":"https:\/\/csma.es\/actualidad\/magistral-trompa-silva-26-28-abril\/#article","isPartOf":{"@id":"https:\/\/csma.es\/actualidad\/magistral-trompa-silva-26-28-abril\/"},"author":{"name":"TICS CSMA","@id":"https:\/\/csma.es\/#\/schema\/person\/dd9e345cd1ec5925a5e8927a0cb3fc69"},"headline":"Magistral Trompa, Silva, 26-28 abril","datePublished":"2023-04-14T06:15:00+00:00","dateModified":"2023-04-20T14:36:58+00:00","mainEntityOfPage":{"@id":"https:\/\/csma.es\/actualidad\/magistral-trompa-silva-26-28-abril\/"},"wordCount":400,"commentCount":0,"publisher":{"@id":"https:\/\/csma.es\/#organization"},"image":{"@id":"https:\/\/csma.es\/actualidad\/magistral-trompa-silva-26-28-abril\/#primaryimage"},"thumbnailUrl":"https:\/\/csma.es\/wp-content\/uploads\/2023\/04\/Silva.png","articleSection":["Avisos","Noticias"],"inLanguage":"en-US","potentialAction":[{"@type":"CommentAction","name":"Comment","target":["https:\/\/csma.es\/actualidad\/magistral-trompa-silva-26-28-abril\/#respond"]}]},{"@type":"WebPage","@id":"https:\/\/csma.es\/actualidad\/magistral-trompa-silva-26-28-abril\/","url":"https:\/\/csma.es\/actualidad\/magistral-trompa-silva-26-28-abril\/","name":"Magistral Trompa, Silva, 26-28 abril - CSMA","isPartOf":{"@id":"https:\/\/csma.es\/#website"},"primaryImageOfPage":{"@id":"https:\/\/csma.es\/actualidad\/magistral-trompa-silva-26-28-abril\/#primaryimage"},"image":{"@id":"https:\/\/csma.es\/actualidad\/magistral-trompa-silva-26-28-abril\/#primaryimage"},"thumbnailUrl":"https:\/\/csma.es\/wp-content\/uploads\/2023\/04\/Silva.png","datePublished":"2023-04-14T06:15:00+00:00","dateModified":"2023-04-20T14:36:58+00:00","breadcrumb":{"@id":"https:\/\/csma.es\/actualidad\/magistral-trompa-silva-26-28-abril\/#breadcrumb"},"inLanguage":"en-US","potentialAction":[{"@type":"ReadAction","target":["https:\/\/csma.es\/actualidad\/magistral-trompa-silva-26-28-abril\/"]}]},{"@type":"ImageObject","inLanguage":"en-US","@id":"https:\/\/csma.es\/actualidad\/magistral-trompa-silva-26-28-abril\/#primaryimage","url":"https:\/\/csma.es\/wp-content\/uploads\/2023\/04\/Silva.png","contentUrl":"https:\/\/csma.es\/wp-content\/uploads\/2023\/04\/Silva.png","width":1096,"height":1600},{"@type":"BreadcrumbList","@id":"https:\/\/csma.es\/actualidad\/magistral-trompa-silva-26-28-abril\/#breadcrumb","itemListElement":[{"@type":"ListItem","position":1,"name":"Portada","item":"https:\/\/csma.es\/en\/"},{"@type":"ListItem","position":2,"name":"Magistral Trompa, Silva, 26-28 abril"}]},{"@type":"WebSite","@id":"https:\/\/csma.es\/#website","url":"https:\/\/csma.es\/","name":"CSMA","description":"Conservatorio Superior de M\u00fasica de Arag\u00f3n","publisher":{"@id":"https:\/\/csma.es\/#organization"},"potentialAction":[{"@type":"SearchAction","target":{"@type":"EntryPoint","urlTemplate":"https:\/\/csma.es\/?s={search_term_string}"},"query-input":{"@type":"PropertyValueSpecification","valueRequired":true,"valueName":"search_term_string"}}],"inLanguage":"en-US"},{"@type":"Organization","@id":"https:\/\/csma.es\/#organization","name":"Conservatorio Superior de M\u00fasica de Arag\u00f3n","url":"https:\/\/csma.es\/","logo":{"@type":"ImageObject","inLanguage":"en-US","@id":"https:\/\/csma.es\/#\/schema\/logo\/image\/","url":"https:\/\/csma.es\/wp-content\/uploads\/2025\/04\/cropped-logo-csma-40anos-vertical-sintexto-positivo.png","contentUrl":"https:\/\/csma.es\/wp-content\/uploads\/2025\/04\/cropped-logo-csma-40anos-vertical-sintexto-positivo.png","width":512,"height":512,"caption":"Conservatorio Superior de M\u00fasica de Arag\u00f3n"},"image":{"@id":"https:\/\/csma.es\/#\/schema\/logo\/image\/"},"sameAs":["https:\/\/www.facebook.com\/CSMAragon\/","https:\/\/x.com\/csmaconser","https:\/\/www.instagram.com\/csmaragon\/","https:\/\/www.youtube.com\/channel\/UCcsLLtgZJUhz11-3Aj1sv3w"]},{"@type":"Person","@id":"https:\/\/csma.es\/#\/schema\/person\/dd9e345cd1ec5925a5e8927a0cb3fc69","name":"TICS CSMA"}]}},"publishpress_future_action":{"enabled":false,"date":"2026-05-07 03:36:14","action":"change-status","newStatus":"draft","terms":[],"taxonomy":"category","extraData":[]},"publishpress_future_workflow_manual_trigger":{"enabledWorkflows":[]},"_links":{"self":[{"href":"https:\/\/csma.es\/en\/wp-json\/wp\/v2\/posts\/24289","targetHints":{"allow":["GET"]}}],"collection":[{"href":"https:\/\/csma.es\/en\/wp-json\/wp\/v2\/posts"}],"about":[{"href":"https:\/\/csma.es\/en\/wp-json\/wp\/v2\/types\/post"}],"author":[{"embeddable":true,"href":"https:\/\/csma.es\/en\/wp-json\/wp\/v2\/users\/3"}],"replies":[{"embeddable":true,"href":"https:\/\/csma.es\/en\/wp-json\/wp\/v2\/comments?post=24289"}],"version-history":[{"count":0,"href":"https:\/\/csma.es\/en\/wp-json\/wp\/v2\/posts\/24289\/revisions"}],"wp:featuredmedia":[{"embeddable":true,"href":"https:\/\/csma.es\/en\/wp-json\/wp\/v2\/media\/24290"}],"wp:attachment":[{"href":"https:\/\/csma.es\/en\/wp-json\/wp\/v2\/media?parent=24289"}],"wp:term":[{"taxonomy":"category","embeddable":true,"href":"https:\/\/csma.es\/en\/wp-json\/wp\/v2\/categories?post=24289"},{"taxonomy":"post_tag","embeddable":true,"href":"https:\/\/csma.es\/en\/wp-json\/wp\/v2\/tags?post=24289"}],"curies":[{"name":"wp","href":"https:\/\/api.w.org\/{rel}","templated":true}]}}