{"id":24187,"date":"2023-05-07T08:10:17","date_gmt":"2023-05-07T06:10:17","guid":{"rendered":"https:\/\/csma.es\/?p=24187"},"modified":"2023-05-15T10:34:08","modified_gmt":"2023-05-15T08:34:08","slug":"magistral-canto-barnat-11-12-mayo","status":"publish","type":"post","link":"https:\/\/csma.es\/en\/noticias\/magistral-canto-barnat-11-12-mayo\/","title":{"rendered":"Magistral Canto, Barnat, 11-12 mayo"},"content":{"rendered":"<p style=\"text-align: justify;\">Los pr\u00f3ximos d\u00edas <strong>11 y 12 de mayo<\/strong>, <strong>Laila Sophia Barnat<\/strong>\u00a0impartir\u00e1 unas <strong>Clases Magistrales de Canto<\/strong> &#8220;Est\u00e9tica de la m\u00e9lodie y po\u00e9tica francesa&#8221; en el CSMA. Tendr\u00e1n lugar en en <strong>aula 001<\/strong> y la\u00a0 <strong>Sala G. Abril<\/strong>.<\/p>\n<p><strong><a href=\"https:\/\/docs.google.com\/forms\/d\/e\/1FAIpQLSf6hMS-eGL81T7hN1elbPGV4yYrBhPtbocyxvumde34YFvK1A\/viewform?usp=sf_link\" target=\"_blank\" rel=\"noopener\">Formulario de inscripci\u00f3n AQUI<\/a><\/strong><\/p>\n<p style=\"text-align: justify;\">La\u00efla Barnat es una pianista especializada como coach de franc\u00e9s. Es invitada como freelance en teatros como el Royal Opera House (Jette Parker Programa de J\u00f3venes Artistas) en Covent Garden-Londres, el Festival de Glyndebourne, la \u00d3pera de Z\u00farich, Bayerisches Staatsoper en M\u00fanich, la Danish National Opera, el Teatro Real de Madrid, La \u00d3pera de Las Palmas, El Palau de les Arts de Valencia&#8230; Ha trabajado para producciones y cursos junto a los Maestros Lorin Maazel, Zubin Mehta, Richard Bonynge, Alberto Zedda, Fabio Luisi, Jakub Hrusa, Henrik Nanasi,\u00a0Roberto Abbado,\u00a0Maurizio Benini, Juanjo Mena y con\u00a0Elina Garanca, Nadine Sierra, Aylin P\u00e9rez, Natalie Dessay, Angel Blue, Mariusz Kwiecie\u0144, Gregory Kunde, Vittorio Grigolo, Javier Camarena, Marion Cotillard&#8230;<\/p>\n<p style=\"text-align: justify;\">Recibi\u00f3 el premio de la Fundaci\u00f3n Safran para la M\u00fasica y el premio de los International Opera Awards, as\u00ed como varios premios de pianista acompa\u00f1ante y fue finalista del concurso internacional del Wigmore Hall de Londres (2\u00ba Premio).<\/p>\n<p style=\"text-align: justify;\">Se form\u00f3 en Londres en la National Opera Studio y el Royal College of Music, donde obtuvo un postgrado con Roger Vignoles &amp; Simon Lepper. Recibi\u00f3 varias becas para participar en cursos como el Britten Pears Young Artist Programme (Reino Unido), la Academia Mozart del festival de Aix-en-Provence (Francia) y la Solti Academia (Italia).<\/p>\n<p style=\"text-align: justify;\">En Espa\u00f1a, fue parte del Centre de Perfeccionament Pl\u00e1cido Domingo en Valencia despu\u00e9s de obtener el t\u00edtulo superior en Musikene, San Sebasti\u00e1n y fue durante varios a\u00f1os pianista del curso internacional de canto Jos\u00e9 Mart\u00ed en Valencia. Ha tocado en recitales con cantantes en Francia, Reino Unido, Dinamarca, Espa\u00f1a, Suiza, Italia (Teatro dell&#8217;Opera de Roma), Malta (Oficina del Primer Ministro), China (2010 Exposici\u00f3n Mundial), Canad\u00e1, EE. UU. y M\u00e9xico.<\/p>\n<p style=\"text-align: justify;\">Es pianista repertorista de canto en el Conservatorio Superior de M\u00fasica de Valencia y profesora de fon\u00e9tica aplicada al canto en el Master de Lied Victoria de los \u00c1ngeles de la ESMUC (Barcelona).<\/p>\n<p style=\"text-align: justify;\">www.lailabarnat.com<\/p>\n","protected":false},"excerpt":{"rendered":"<p>Los pr\u00f3ximos d\u00edas 11 y 12 de mayo, Laila Sophia Barnat\u00a0impartir\u00e1 unas Clases Magistrales de Canto &#8220;Est\u00e9tica de la m\u00e9lodie y po\u00e9tica francesa&#8221; en el&#8230;<\/p>\n","protected":false},"author":3,"featured_media":24188,"comment_status":"open","ping_status":"open","sticky":false,"template":"","format":"standard","meta":{"footnotes":""},"categories":[403,368],"tags":[],"class_list":["post-24187","post","type-post","status-publish","format-standard","has-post-thumbnail","hentry","category-avisos","category-noticias"],"yoast_head":"<!-- This site is optimized with the Yoast SEO plugin v27.5 - https:\/\/yoast.com\/product\/yoast-seo-wordpress\/ -->\n<title>Magistral Canto, Barnat, 11-12 mayo - CSMA<\/title>\n<meta name=\"robots\" content=\"index, follow, max-snippet:-1, max-image-preview:large, max-video-preview:-1\" \/>\n<link rel=\"canonical\" href=\"https:\/\/csma.es\/actualidad\/magistral-canto-barnat-11-12-mayo\/\" \/>\n<meta property=\"og:locale\" content=\"en_US\" \/>\n<meta property=\"og:type\" content=\"article\" \/>\n<meta property=\"og:title\" content=\"Magistral Canto, Barnat, 11-12 mayo - CSMA\" \/>\n<meta property=\"og:description\" content=\"Los pr\u00f3ximos d\u00edas 11 y 12 de mayo, Laila Sophia Barnat\u00a0impartir\u00e1 unas Clases Magistrales de Canto &#8220;Est\u00e9tica de la m\u00e9lodie y po\u00e9tica francesa&#8221; en el...\" \/>\n<meta property=\"og:url\" content=\"https:\/\/csma.es\/actualidad\/magistral-canto-barnat-11-12-mayo\/\" \/>\n<meta property=\"og:site_name\" content=\"CSMA\" \/>\n<meta property=\"article:publisher\" content=\"https:\/\/www.facebook.com\/CSMAragon\/\" \/>\n<meta property=\"article:published_time\" content=\"2023-05-07T06:10:17+00:00\" \/>\n<meta property=\"article:modified_time\" content=\"2023-05-15T08:34:08+00:00\" \/>\n<meta property=\"og:image\" content=\"https:\/\/csma.es\/wp-content\/uploads\/2023\/03\/@vicovang-_MG_2438-3-1-scaled.jpg\" \/>\n\t<meta property=\"og:image:width\" content=\"1707\" \/>\n\t<meta property=\"og:image:height\" content=\"2560\" \/>\n\t<meta property=\"og:image:type\" content=\"image\/jpeg\" \/>\n<meta name=\"author\" content=\"TICS CSMA\" \/>\n<meta name=\"twitter:card\" content=\"summary_large_image\" \/>\n<meta name=\"twitter:creator\" content=\"@csmaconser\" \/>\n<meta name=\"twitter:site\" content=\"@csmaconser\" \/>\n<meta name=\"twitter:label1\" content=\"Written by\" \/>\n\t<meta name=\"twitter:data1\" content=\"TICS CSMA\" \/>\n\t<meta name=\"twitter:label2\" content=\"Est. reading time\" \/>\n\t<meta name=\"twitter:data2\" content=\"2 minutes\" \/>\n<script type=\"application\/ld+json\" class=\"yoast-schema-graph\">{\"@context\":\"https:\\\/\\\/schema.org\",\"@graph\":[{\"@type\":\"Article\",\"@id\":\"https:\\\/\\\/csma.es\\\/actualidad\\\/magistral-canto-barnat-11-12-mayo\\\/#article\",\"isPartOf\":{\"@id\":\"https:\\\/\\\/csma.es\\\/actualidad\\\/magistral-canto-barnat-11-12-mayo\\\/\"},\"author\":{\"name\":\"TICS CSMA\",\"@id\":\"https:\\\/\\\/csma.es\\\/#\\\/schema\\\/person\\\/dd9e345cd1ec5925a5e8927a0cb3fc69\"},\"headline\":\"Magistral Canto, Barnat, 11-12 mayo\",\"datePublished\":\"2023-05-07T06:10:17+00:00\",\"dateModified\":\"2023-05-15T08:34:08+00:00\",\"mainEntityOfPage\":{\"@id\":\"https:\\\/\\\/csma.es\\\/actualidad\\\/magistral-canto-barnat-11-12-mayo\\\/\"},\"wordCount\":381,\"commentCount\":0,\"publisher\":{\"@id\":\"https:\\\/\\\/csma.es\\\/#organization\"},\"image\":{\"@id\":\"https:\\\/\\\/csma.es\\\/actualidad\\\/magistral-canto-barnat-11-12-mayo\\\/#primaryimage\"},\"thumbnailUrl\":\"https:\\\/\\\/csma.es\\\/wp-content\\\/uploads\\\/2023\\\/03\\\/@vicovang-_MG_2438-3-1-scaled.jpg\",\"articleSection\":[\"Avisos\",\"Noticias\"],\"inLanguage\":\"en-US\",\"potentialAction\":[{\"@type\":\"CommentAction\",\"name\":\"Comment\",\"target\":[\"https:\\\/\\\/csma.es\\\/actualidad\\\/magistral-canto-barnat-11-12-mayo\\\/#respond\"]}]},{\"@type\":\"WebPage\",\"@id\":\"https:\\\/\\\/csma.es\\\/actualidad\\\/magistral-canto-barnat-11-12-mayo\\\/\",\"url\":\"https:\\\/\\\/csma.es\\\/actualidad\\\/magistral-canto-barnat-11-12-mayo\\\/\",\"name\":\"Magistral Canto, Barnat, 11-12 mayo - CSMA\",\"isPartOf\":{\"@id\":\"https:\\\/\\\/csma.es\\\/#website\"},\"primaryImageOfPage\":{\"@id\":\"https:\\\/\\\/csma.es\\\/actualidad\\\/magistral-canto-barnat-11-12-mayo\\\/#primaryimage\"},\"image\":{\"@id\":\"https:\\\/\\\/csma.es\\\/actualidad\\\/magistral-canto-barnat-11-12-mayo\\\/#primaryimage\"},\"thumbnailUrl\":\"https:\\\/\\\/csma.es\\\/wp-content\\\/uploads\\\/2023\\\/03\\\/@vicovang-_MG_2438-3-1-scaled.jpg\",\"datePublished\":\"2023-05-07T06:10:17+00:00\",\"dateModified\":\"2023-05-15T08:34:08+00:00\",\"breadcrumb\":{\"@id\":\"https:\\\/\\\/csma.es\\\/actualidad\\\/magistral-canto-barnat-11-12-mayo\\\/#breadcrumb\"},\"inLanguage\":\"en-US\",\"potentialAction\":[{\"@type\":\"ReadAction\",\"target\":[\"https:\\\/\\\/csma.es\\\/actualidad\\\/magistral-canto-barnat-11-12-mayo\\\/\"]}]},{\"@type\":\"ImageObject\",\"inLanguage\":\"en-US\",\"@id\":\"https:\\\/\\\/csma.es\\\/actualidad\\\/magistral-canto-barnat-11-12-mayo\\\/#primaryimage\",\"url\":\"https:\\\/\\\/csma.es\\\/wp-content\\\/uploads\\\/2023\\\/03\\\/@vicovang-_MG_2438-3-1-scaled.jpg\",\"contentUrl\":\"https:\\\/\\\/csma.es\\\/wp-content\\\/uploads\\\/2023\\\/03\\\/@vicovang-_MG_2438-3-1-scaled.jpg\",\"width\":1707,\"height\":2560},{\"@type\":\"BreadcrumbList\",\"@id\":\"https:\\\/\\\/csma.es\\\/actualidad\\\/magistral-canto-barnat-11-12-mayo\\\/#breadcrumb\",\"itemListElement\":[{\"@type\":\"ListItem\",\"position\":1,\"name\":\"Portada\",\"item\":\"https:\\\/\\\/csma.es\\\/en\\\/\"},{\"@type\":\"ListItem\",\"position\":2,\"name\":\"Magistral Canto, Barnat, 11-12 mayo\"}]},{\"@type\":\"WebSite\",\"@id\":\"https:\\\/\\\/csma.es\\\/#website\",\"url\":\"https:\\\/\\\/csma.es\\\/\",\"name\":\"CSMA\",\"description\":\"Conservatorio Superior de M\u00fasica de Arag\u00f3n\",\"publisher\":{\"@id\":\"https:\\\/\\\/csma.es\\\/#organization\"},\"potentialAction\":[{\"@type\":\"SearchAction\",\"target\":{\"@type\":\"EntryPoint\",\"urlTemplate\":\"https:\\\/\\\/csma.es\\\/?s={search_term_string}\"},\"query-input\":{\"@type\":\"PropertyValueSpecification\",\"valueRequired\":true,\"valueName\":\"search_term_string\"}}],\"inLanguage\":\"en-US\"},{\"@type\":\"Organization\",\"@id\":\"https:\\\/\\\/csma.es\\\/#organization\",\"name\":\"Conservatorio Superior de M\u00fasica de Arag\u00f3n\",\"url\":\"https:\\\/\\\/csma.es\\\/\",\"logo\":{\"@type\":\"ImageObject\",\"inLanguage\":\"en-US\",\"@id\":\"https:\\\/\\\/csma.es\\\/#\\\/schema\\\/logo\\\/image\\\/\",\"url\":\"https:\\\/\\\/csma.es\\\/wp-content\\\/uploads\\\/2025\\\/04\\\/cropped-logo-csma-40anos-vertical-sintexto-positivo.png\",\"contentUrl\":\"https:\\\/\\\/csma.es\\\/wp-content\\\/uploads\\\/2025\\\/04\\\/cropped-logo-csma-40anos-vertical-sintexto-positivo.png\",\"width\":512,\"height\":512,\"caption\":\"Conservatorio Superior de M\u00fasica de Arag\u00f3n\"},\"image\":{\"@id\":\"https:\\\/\\\/csma.es\\\/#\\\/schema\\\/logo\\\/image\\\/\"},\"sameAs\":[\"https:\\\/\\\/www.facebook.com\\\/CSMAragon\\\/\",\"https:\\\/\\\/x.com\\\/csmaconser\",\"https:\\\/\\\/www.instagram.com\\\/csmaragon\\\/\",\"https:\\\/\\\/www.youtube.com\\\/channel\\\/UCcsLLtgZJUhz11-3Aj1sv3w\"]},{\"@type\":\"Person\",\"@id\":\"https:\\\/\\\/csma.es\\\/#\\\/schema\\\/person\\\/dd9e345cd1ec5925a5e8927a0cb3fc69\",\"name\":\"TICS CSMA\"}]}<\/script>\n<!-- \/ Yoast SEO plugin. -->","yoast_head_json":{"title":"Magistral Canto, Barnat, 11-12 mayo - CSMA","robots":{"index":"index","follow":"follow","max-snippet":"max-snippet:-1","max-image-preview":"max-image-preview:large","max-video-preview":"max-video-preview:-1"},"canonical":"https:\/\/csma.es\/actualidad\/magistral-canto-barnat-11-12-mayo\/","og_locale":"en_US","og_type":"article","og_title":"Magistral Canto, Barnat, 11-12 mayo - CSMA","og_description":"Los pr\u00f3ximos d\u00edas 11 y 12 de mayo, Laila Sophia Barnat\u00a0impartir\u00e1 unas Clases Magistrales de Canto &#8220;Est\u00e9tica de la m\u00e9lodie y po\u00e9tica francesa&#8221; en el...","og_url":"https:\/\/csma.es\/actualidad\/magistral-canto-barnat-11-12-mayo\/","og_site_name":"CSMA","article_publisher":"https:\/\/www.facebook.com\/CSMAragon\/","article_published_time":"2023-05-07T06:10:17+00:00","article_modified_time":"2023-05-15T08:34:08+00:00","og_image":[{"width":1707,"height":2560,"url":"https:\/\/csma.es\/wp-content\/uploads\/2023\/03\/@vicovang-_MG_2438-3-1-scaled.jpg","type":"image\/jpeg"}],"author":"TICS CSMA","twitter_card":"summary_large_image","twitter_creator":"@csmaconser","twitter_site":"@csmaconser","twitter_misc":{"Written by":"TICS CSMA","Est. reading time":"2 minutes"},"schema":{"@context":"https:\/\/schema.org","@graph":[{"@type":"Article","@id":"https:\/\/csma.es\/actualidad\/magistral-canto-barnat-11-12-mayo\/#article","isPartOf":{"@id":"https:\/\/csma.es\/actualidad\/magistral-canto-barnat-11-12-mayo\/"},"author":{"name":"TICS CSMA","@id":"https:\/\/csma.es\/#\/schema\/person\/dd9e345cd1ec5925a5e8927a0cb3fc69"},"headline":"Magistral Canto, Barnat, 11-12 mayo","datePublished":"2023-05-07T06:10:17+00:00","dateModified":"2023-05-15T08:34:08+00:00","mainEntityOfPage":{"@id":"https:\/\/csma.es\/actualidad\/magistral-canto-barnat-11-12-mayo\/"},"wordCount":381,"commentCount":0,"publisher":{"@id":"https:\/\/csma.es\/#organization"},"image":{"@id":"https:\/\/csma.es\/actualidad\/magistral-canto-barnat-11-12-mayo\/#primaryimage"},"thumbnailUrl":"https:\/\/csma.es\/wp-content\/uploads\/2023\/03\/@vicovang-_MG_2438-3-1-scaled.jpg","articleSection":["Avisos","Noticias"],"inLanguage":"en-US","potentialAction":[{"@type":"CommentAction","name":"Comment","target":["https:\/\/csma.es\/actualidad\/magistral-canto-barnat-11-12-mayo\/#respond"]}]},{"@type":"WebPage","@id":"https:\/\/csma.es\/actualidad\/magistral-canto-barnat-11-12-mayo\/","url":"https:\/\/csma.es\/actualidad\/magistral-canto-barnat-11-12-mayo\/","name":"Magistral Canto, Barnat, 11-12 mayo - CSMA","isPartOf":{"@id":"https:\/\/csma.es\/#website"},"primaryImageOfPage":{"@id":"https:\/\/csma.es\/actualidad\/magistral-canto-barnat-11-12-mayo\/#primaryimage"},"image":{"@id":"https:\/\/csma.es\/actualidad\/magistral-canto-barnat-11-12-mayo\/#primaryimage"},"thumbnailUrl":"https:\/\/csma.es\/wp-content\/uploads\/2023\/03\/@vicovang-_MG_2438-3-1-scaled.jpg","datePublished":"2023-05-07T06:10:17+00:00","dateModified":"2023-05-15T08:34:08+00:00","breadcrumb":{"@id":"https:\/\/csma.es\/actualidad\/magistral-canto-barnat-11-12-mayo\/#breadcrumb"},"inLanguage":"en-US","potentialAction":[{"@type":"ReadAction","target":["https:\/\/csma.es\/actualidad\/magistral-canto-barnat-11-12-mayo\/"]}]},{"@type":"ImageObject","inLanguage":"en-US","@id":"https:\/\/csma.es\/actualidad\/magistral-canto-barnat-11-12-mayo\/#primaryimage","url":"https:\/\/csma.es\/wp-content\/uploads\/2023\/03\/@vicovang-_MG_2438-3-1-scaled.jpg","contentUrl":"https:\/\/csma.es\/wp-content\/uploads\/2023\/03\/@vicovang-_MG_2438-3-1-scaled.jpg","width":1707,"height":2560},{"@type":"BreadcrumbList","@id":"https:\/\/csma.es\/actualidad\/magistral-canto-barnat-11-12-mayo\/#breadcrumb","itemListElement":[{"@type":"ListItem","position":1,"name":"Portada","item":"https:\/\/csma.es\/en\/"},{"@type":"ListItem","position":2,"name":"Magistral Canto, Barnat, 11-12 mayo"}]},{"@type":"WebSite","@id":"https:\/\/csma.es\/#website","url":"https:\/\/csma.es\/","name":"CSMA","description":"Conservatorio Superior de M\u00fasica de Arag\u00f3n","publisher":{"@id":"https:\/\/csma.es\/#organization"},"potentialAction":[{"@type":"SearchAction","target":{"@type":"EntryPoint","urlTemplate":"https:\/\/csma.es\/?s={search_term_string}"},"query-input":{"@type":"PropertyValueSpecification","valueRequired":true,"valueName":"search_term_string"}}],"inLanguage":"en-US"},{"@type":"Organization","@id":"https:\/\/csma.es\/#organization","name":"Conservatorio Superior de M\u00fasica de Arag\u00f3n","url":"https:\/\/csma.es\/","logo":{"@type":"ImageObject","inLanguage":"en-US","@id":"https:\/\/csma.es\/#\/schema\/logo\/image\/","url":"https:\/\/csma.es\/wp-content\/uploads\/2025\/04\/cropped-logo-csma-40anos-vertical-sintexto-positivo.png","contentUrl":"https:\/\/csma.es\/wp-content\/uploads\/2025\/04\/cropped-logo-csma-40anos-vertical-sintexto-positivo.png","width":512,"height":512,"caption":"Conservatorio Superior de M\u00fasica de Arag\u00f3n"},"image":{"@id":"https:\/\/csma.es\/#\/schema\/logo\/image\/"},"sameAs":["https:\/\/www.facebook.com\/CSMAragon\/","https:\/\/x.com\/csmaconser","https:\/\/www.instagram.com\/csmaragon\/","https:\/\/www.youtube.com\/channel\/UCcsLLtgZJUhz11-3Aj1sv3w"]},{"@type":"Person","@id":"https:\/\/csma.es\/#\/schema\/person\/dd9e345cd1ec5925a5e8927a0cb3fc69","name":"TICS CSMA"}]}},"publishpress_future_action":{"enabled":false,"date":"2026-05-09 05:45:58","action":"change-status","newStatus":"draft","terms":[],"taxonomy":"category","extraData":[]},"publishpress_future_workflow_manual_trigger":{"enabledWorkflows":[]},"_links":{"self":[{"href":"https:\/\/csma.es\/en\/wp-json\/wp\/v2\/posts\/24187","targetHints":{"allow":["GET"]}}],"collection":[{"href":"https:\/\/csma.es\/en\/wp-json\/wp\/v2\/posts"}],"about":[{"href":"https:\/\/csma.es\/en\/wp-json\/wp\/v2\/types\/post"}],"author":[{"embeddable":true,"href":"https:\/\/csma.es\/en\/wp-json\/wp\/v2\/users\/3"}],"replies":[{"embeddable":true,"href":"https:\/\/csma.es\/en\/wp-json\/wp\/v2\/comments?post=24187"}],"version-history":[{"count":0,"href":"https:\/\/csma.es\/en\/wp-json\/wp\/v2\/posts\/24187\/revisions"}],"wp:featuredmedia":[{"embeddable":true,"href":"https:\/\/csma.es\/en\/wp-json\/wp\/v2\/media\/24188"}],"wp:attachment":[{"href":"https:\/\/csma.es\/en\/wp-json\/wp\/v2\/media?parent=24187"}],"wp:term":[{"taxonomy":"category","embeddable":true,"href":"https:\/\/csma.es\/en\/wp-json\/wp\/v2\/categories?post=24187"},{"taxonomy":"post_tag","embeddable":true,"href":"https:\/\/csma.es\/en\/wp-json\/wp\/v2\/tags?post=24187"}],"curies":[{"name":"wp","href":"https:\/\/api.w.org\/{rel}","templated":true}]}}