{"id":24178,"date":"2023-03-22T08:06:34","date_gmt":"2023-03-22T07:06:34","guid":{"rendered":"https:\/\/csma.es\/?p=24178"},"modified":"2023-03-22T23:02:04","modified_gmt":"2023-03-22T22:02:04","slug":"magistral-guitarra-torrent-24-marzo","status":"publish","type":"post","link":"https:\/\/csma.es\/en\/noticias\/magistral-guitarra-torrent-24-marzo\/","title":{"rendered":"Concierto Magistral guitarra, Torrent, 23 marzo"},"content":{"rendered":"<p style=\"text-align: justify;\">El pr\u00f3ximo jueves, <strong>23 de marzo<\/strong>, <strong>Jaume Torrent<\/strong> impartir\u00e1 un <b>Concierto<\/b><strong>\u00a0Magistral de Guitarra <\/strong>en el CSMA. Tendr\u00e1 lugar de <strong>18:30 a 20:30<\/strong> en el <strong>aula 001 <\/strong>del CSMA.<\/p>\n<p style=\"text-align: justify;\">Jaume Torrent\u00a0 recupera la figura del compositor-int\u00e9rprete que protagoniz\u00f3 el mundo de la guitarra durante el per\u00edodo cl\u00e1sico y que durar\u00eda hasta bien iniciado el siglo XX. Sus aportaciones en el \u00e1mbito de la composici\u00f3n como en el de la t\u00e9cnica guitarr\u00edstica son numerosas.<\/p>\n<p style=\"text-align: justify;\">Es el primer compositor en la historia de la guitarra que ha desarrollado un lenguaje polif\u00f3nico, funcional y org\u00e1nico en tonalidades como La bemol mayor, Do sostenido mayor, Mi bemol mayor, Fa sostenido menor, etc. (tonalidades que la tradici\u00f3n compositiva de la guitarra ha considerado como inoperantes para el desarrollo del lenguaje guitarr\u00edstico). Sus 24 Fantas\u00edas escritas en todas las tonalidades mayores y menores y sus 10 Sonatas constituyen\u00a0 -por su paleta arm\u00f3nica, sus sistemas de modulaci\u00f3n y sus estructuras formales- una aportaci\u00f3n \u00fanica en la escritura para guitarra.\u00a0 Vladimir Mikulka afirm\u00f3: \u00ab&#8230;estas obras para guitarra circulan por caminos compositivos que, hasta ahora, solo pod\u00edamos encontrar en la literatura pian\u00edstica de los grandes compositores. El alcance de los hallazgos que poseen constituye, para los guitarristas, uno de los mejores valores de nuestro repertorio\u00bb. Es autor de m\u00e1s de 300 obras para guitarra que, publicadas en importantes editoriales, est\u00e1n agrupadas en aproximadamente 110 opus que incluyen guitarra solos (valses, sonatas, fantas\u00edas, intermezzi, suites, fugas, canciones&#8230;), m\u00fasica de c\u00e1mara con guitarra (d\u00faos, tr\u00edos, quintetos&#8230;) y conciertos para guitarra, guitarra y viol\u00edn o guitarra y flauta y orquesta.\u00a0 Su Concierto de Rialp para guitarra y orquesta sinf\u00f3nica, op. 70 est\u00e1 considerado por voces autorizadas del panorama internacional de la guitarra, de la musicolog\u00eda, de la direcci\u00f3n de orquesta y de la composici\u00f3n\u00a0 (\u00c1ngelo Gilardino, Patricio M\u00e1tteri, Henri Jul Hansen, Jordi Cervell\u00f3, etc.) como &#8220;uno de los mejores conciertos para guitarra escritos hasta el momento que se presenta como rival de los grandes conciertos de compositores de la talla de Joaqu\u00edn Rodrigo, Heitor Villa-Lobos, Leo Brouwer o Lalo Schifrin, entre otros&#8221;.<\/p>\n<p style=\"text-align: justify;\">Paralelamente a su labor compositiva, ha desarrollado una metodolog\u00eda de la t\u00e9cnica guitarr\u00edstica basada en el estudio y sistematizaci\u00f3n de los procesos mentales y mec\u00e1nicos que intervienen en su desarrollo, incidiendo de forma expresa en el uso de la extensi\u00f3n de la mano izquierda, de las anticipaciones y de las cejillas auxiliares de forma que no se hab\u00eda contemplado en las t\u00e9cnicas m\u00e1s universalmente divulgadas. Con esta metodolog\u00eda, Jaume Torrent consigue una proyecci\u00f3n de sonido superior al de aquellas t\u00e9cnicas, mejorando la concreci\u00f3n en la estratificaci\u00f3n din\u00e1mica, posibilitando una mejor integraci\u00f3n de la guitarra en agrupaciones de c\u00e1mara y orquestales y dot\u00e1ndola de la capacidad de desarrollar su discurso en cualquier tonalidad y aumentando, con todo ello, los recursos expresivos del instrumento.<\/p>\n<p style=\"text-align: justify;\">Su presencia en los escenarios internacionales es permanente y ha actuado como solista de\u00a0 prestigiosas orquestas europeas y americanas -Orquesta Sinf\u00f3nica de Par\u00eds, de C\u00e1mara de Israel, Sinf\u00f3nica de la RAI, Dresdner Philharmonie, Filarm\u00f3nica Nacional de Ucrania, de la R.T.V. Espa\u00f1ola, Bilkent Symphony, de la Radio B\u00falgara, de la R.T.V. de Luxemburgo, American Wind Symphony, Symphony of Bursa, Westcoast Shymphony, Sinf\u00f3nica de Valencia, etc.- habiendo sido dirigido por directores de la talla de R. Fr\u00fchbeck de Burgos, Ph. Entremont, E. Garc\u00eda Asensio, C. Mansur, H. Pensis, R. Austin Boudreau, M. Natchev, D. Tosi,\u00a0 M. Galduf, I. Palkin, G. Aykal, D. Tosi y E. van Tiel entre otros. El 2004 fue galardonado con el Premio Golden Fortune de Ucrania en reconocimiento a la calidad y popularidad de su trayectoria. En marzo del 2012 actu\u00f3 como solista de 4 de sus conciertos para guitarra y orquesta en el marco del Festival Internacional &#8220;Prospectives XXII\u00e8 si\u00e8cle&#8221; celebrado en Francia, siendo la primera vez en la historia que un compositor guitarrista interpreta 4 conciertos propios en una sola programaci\u00f3n. En octubre del mismo a\u00f1o, grab\u00f3 su concierto para guitarra y orquesta sinf\u00f3nica &#8220;Concierto de Rialp&#8221; con la Polish Baltic Philharmonic dirigida por Ernst van Tiel. En Noviembre del 2015, el guitarrista Mauricio D\u00edaz \u00c1lvarez le estren\u00f3 el quinto\u00a0 concierto para guitarra y orquestra \u201cConcierto da Vinci\u201d con la Orquesta Filharm\u00f3nica del Estado de Quer\u00e9taro (M\u00e9xico) bajo la direcci\u00f3n de Jos\u00e9 Guadalupe Flores y en diciembre del mismo a\u00f1o, la Orquesta Camerata de Sant Cugat, bajo la direcci\u00f3n de Xavier Baul\u00edes, le estren\u00f3 la Cantata para orquesta y coros \u201cPrec eixut de Nadal\u201d con textos del poeta Narc\u00eds Comadira.<\/p>\n<p style=\"text-align: justify;\">Ha grabado las integrales de las obras para guitarra sola de Heitor Villa-Lobos y de de Joaqu\u00edn Turina, parte de la obra de Graciano Tarrag\u00f3 i una gran aparte de su propia obra. Recientemente ha grabado la colecci\u00f3n completa de las \u201cCancions populars catalanes\u201d de Miquel Llobet (13) y la de las de Narc\u00eds Bonet (12) para el sello Boileau-music.<\/p>\n<p style=\"text-align: justify;\">El 2004 Jaume Torrent fue galardonado en Ucrania con el Premio Golden Fortune en reconocimiento a la calidad de su trayectoria art\u00edstica y popularidad (este premio fue concedido a\u00f1os antes al director de la Orquesta del Teatro Marinsky de San Petersburgo, Sergi Gergiyev).<\/p>\n<p style=\"text-align: justify;\">En Noviembre del 2020 fue nombrado Acad\u00e9mico de la Real Academia Catalana de Bellas Artes de Sant Jordi.<\/p>\n<p style=\"text-align: justify;\">\n","protected":false},"excerpt":{"rendered":"<p>El pr\u00f3ximo jueves, 23 de marzo, Jaume Torrent impartir\u00e1 un Concierto\u00a0Magistral de Guitarra en el CSMA. Tendr\u00e1 lugar de 18:30 a 20:30 en el aula&#8230;<\/p>\n","protected":false},"author":3,"featured_media":24213,"comment_status":"open","ping_status":"open","sticky":false,"template":"","format":"standard","meta":{"footnotes":""},"categories":[403,368],"tags":[],"class_list":["post-24178","post","type-post","status-publish","format-standard","has-post-thumbnail","hentry","category-avisos","category-noticias"],"yoast_head":"<!-- This site is optimized with the Yoast SEO plugin v27.5 - https:\/\/yoast.com\/product\/yoast-seo-wordpress\/ -->\n<title>Concierto Magistral guitarra, Torrent, 23 marzo - CSMA<\/title>\n<meta name=\"robots\" content=\"index, follow, max-snippet:-1, max-image-preview:large, max-video-preview:-1\" \/>\n<link rel=\"canonical\" href=\"https:\/\/csma.es\/actualidad\/magistral-guitarra-torrent-24-marzo\/\" \/>\n<meta property=\"og:locale\" content=\"en_US\" \/>\n<meta property=\"og:type\" content=\"article\" \/>\n<meta property=\"og:title\" content=\"Concierto Magistral guitarra, Torrent, 23 marzo - CSMA\" \/>\n<meta property=\"og:description\" content=\"El pr\u00f3ximo jueves, 23 de marzo, Jaume Torrent impartir\u00e1 un Concierto\u00a0Magistral de Guitarra en el CSMA. Tendr\u00e1 lugar de 18:30 a 20:30 en el aula...\" \/>\n<meta property=\"og:url\" content=\"https:\/\/csma.es\/actualidad\/magistral-guitarra-torrent-24-marzo\/\" \/>\n<meta property=\"og:site_name\" content=\"CSMA\" \/>\n<meta property=\"article:publisher\" content=\"https:\/\/www.facebook.com\/CSMAragon\/\" \/>\n<meta property=\"article:published_time\" content=\"2023-03-22T07:06:34+00:00\" \/>\n<meta property=\"article:modified_time\" content=\"2023-03-22T22:02:04+00:00\" \/>\n<meta property=\"og:image\" content=\"https:\/\/csma.es\/wp-content\/uploads\/2023\/03\/j-torrent-scaled.jpeg\" \/>\n\t<meta property=\"og:image:width\" content=\"1713\" \/>\n\t<meta property=\"og:image:height\" content=\"2560\" \/>\n\t<meta property=\"og:image:type\" content=\"image\/jpeg\" \/>\n<meta name=\"author\" content=\"TICS CSMA\" \/>\n<meta name=\"twitter:card\" content=\"summary_large_image\" \/>\n<meta name=\"twitter:creator\" content=\"@csmaconser\" \/>\n<meta name=\"twitter:site\" content=\"@csmaconser\" \/>\n<meta name=\"twitter:label1\" content=\"Written by\" \/>\n\t<meta name=\"twitter:data1\" content=\"TICS CSMA\" \/>\n\t<meta name=\"twitter:label2\" content=\"Est. reading time\" \/>\n\t<meta name=\"twitter:data2\" content=\"4 minutes\" \/>\n<script type=\"application\/ld+json\" class=\"yoast-schema-graph\">{\"@context\":\"https:\\\/\\\/schema.org\",\"@graph\":[{\"@type\":\"Article\",\"@id\":\"https:\\\/\\\/csma.es\\\/actualidad\\\/magistral-guitarra-torrent-24-marzo\\\/#article\",\"isPartOf\":{\"@id\":\"https:\\\/\\\/csma.es\\\/actualidad\\\/magistral-guitarra-torrent-24-marzo\\\/\"},\"author\":{\"name\":\"TICS CSMA\",\"@id\":\"https:\\\/\\\/csma.es\\\/#\\\/schema\\\/person\\\/dd9e345cd1ec5925a5e8927a0cb3fc69\"},\"headline\":\"Concierto Magistral guitarra, Torrent, 23 marzo\",\"datePublished\":\"2023-03-22T07:06:34+00:00\",\"dateModified\":\"2023-03-22T22:02:04+00:00\",\"mainEntityOfPage\":{\"@id\":\"https:\\\/\\\/csma.es\\\/actualidad\\\/magistral-guitarra-torrent-24-marzo\\\/\"},\"wordCount\":928,\"commentCount\":0,\"publisher\":{\"@id\":\"https:\\\/\\\/csma.es\\\/#organization\"},\"image\":{\"@id\":\"https:\\\/\\\/csma.es\\\/actualidad\\\/magistral-guitarra-torrent-24-marzo\\\/#primaryimage\"},\"thumbnailUrl\":\"https:\\\/\\\/csma.es\\\/wp-content\\\/uploads\\\/2023\\\/03\\\/j-torrent-scaled.jpeg\",\"articleSection\":[\"Avisos\",\"Noticias\"],\"inLanguage\":\"en-US\",\"potentialAction\":[{\"@type\":\"CommentAction\",\"name\":\"Comment\",\"target\":[\"https:\\\/\\\/csma.es\\\/actualidad\\\/magistral-guitarra-torrent-24-marzo\\\/#respond\"]}]},{\"@type\":\"WebPage\",\"@id\":\"https:\\\/\\\/csma.es\\\/actualidad\\\/magistral-guitarra-torrent-24-marzo\\\/\",\"url\":\"https:\\\/\\\/csma.es\\\/actualidad\\\/magistral-guitarra-torrent-24-marzo\\\/\",\"name\":\"Concierto Magistral guitarra, Torrent, 23 marzo - CSMA\",\"isPartOf\":{\"@id\":\"https:\\\/\\\/csma.es\\\/#website\"},\"primaryImageOfPage\":{\"@id\":\"https:\\\/\\\/csma.es\\\/actualidad\\\/magistral-guitarra-torrent-24-marzo\\\/#primaryimage\"},\"image\":{\"@id\":\"https:\\\/\\\/csma.es\\\/actualidad\\\/magistral-guitarra-torrent-24-marzo\\\/#primaryimage\"},\"thumbnailUrl\":\"https:\\\/\\\/csma.es\\\/wp-content\\\/uploads\\\/2023\\\/03\\\/j-torrent-scaled.jpeg\",\"datePublished\":\"2023-03-22T07:06:34+00:00\",\"dateModified\":\"2023-03-22T22:02:04+00:00\",\"breadcrumb\":{\"@id\":\"https:\\\/\\\/csma.es\\\/actualidad\\\/magistral-guitarra-torrent-24-marzo\\\/#breadcrumb\"},\"inLanguage\":\"en-US\",\"potentialAction\":[{\"@type\":\"ReadAction\",\"target\":[\"https:\\\/\\\/csma.es\\\/actualidad\\\/magistral-guitarra-torrent-24-marzo\\\/\"]}]},{\"@type\":\"ImageObject\",\"inLanguage\":\"en-US\",\"@id\":\"https:\\\/\\\/csma.es\\\/actualidad\\\/magistral-guitarra-torrent-24-marzo\\\/#primaryimage\",\"url\":\"https:\\\/\\\/csma.es\\\/wp-content\\\/uploads\\\/2023\\\/03\\\/j-torrent-scaled.jpeg\",\"contentUrl\":\"https:\\\/\\\/csma.es\\\/wp-content\\\/uploads\\\/2023\\\/03\\\/j-torrent-scaled.jpeg\",\"width\":1713,\"height\":2560},{\"@type\":\"BreadcrumbList\",\"@id\":\"https:\\\/\\\/csma.es\\\/actualidad\\\/magistral-guitarra-torrent-24-marzo\\\/#breadcrumb\",\"itemListElement\":[{\"@type\":\"ListItem\",\"position\":1,\"name\":\"Portada\",\"item\":\"https:\\\/\\\/csma.es\\\/en\\\/\"},{\"@type\":\"ListItem\",\"position\":2,\"name\":\"Concierto Magistral guitarra, Torrent, 23 marzo\"}]},{\"@type\":\"WebSite\",\"@id\":\"https:\\\/\\\/csma.es\\\/#website\",\"url\":\"https:\\\/\\\/csma.es\\\/\",\"name\":\"CSMA\",\"description\":\"Conservatorio Superior de M\u00fasica de Arag\u00f3n\",\"publisher\":{\"@id\":\"https:\\\/\\\/csma.es\\\/#organization\"},\"potentialAction\":[{\"@type\":\"SearchAction\",\"target\":{\"@type\":\"EntryPoint\",\"urlTemplate\":\"https:\\\/\\\/csma.es\\\/?s={search_term_string}\"},\"query-input\":{\"@type\":\"PropertyValueSpecification\",\"valueRequired\":true,\"valueName\":\"search_term_string\"}}],\"inLanguage\":\"en-US\"},{\"@type\":\"Organization\",\"@id\":\"https:\\\/\\\/csma.es\\\/#organization\",\"name\":\"Conservatorio Superior de M\u00fasica de Arag\u00f3n\",\"url\":\"https:\\\/\\\/csma.es\\\/\",\"logo\":{\"@type\":\"ImageObject\",\"inLanguage\":\"en-US\",\"@id\":\"https:\\\/\\\/csma.es\\\/#\\\/schema\\\/logo\\\/image\\\/\",\"url\":\"https:\\\/\\\/csma.es\\\/wp-content\\\/uploads\\\/2025\\\/04\\\/cropped-logo-csma-40anos-vertical-sintexto-positivo.png\",\"contentUrl\":\"https:\\\/\\\/csma.es\\\/wp-content\\\/uploads\\\/2025\\\/04\\\/cropped-logo-csma-40anos-vertical-sintexto-positivo.png\",\"width\":512,\"height\":512,\"caption\":\"Conservatorio Superior de M\u00fasica de Arag\u00f3n\"},\"image\":{\"@id\":\"https:\\\/\\\/csma.es\\\/#\\\/schema\\\/logo\\\/image\\\/\"},\"sameAs\":[\"https:\\\/\\\/www.facebook.com\\\/CSMAragon\\\/\",\"https:\\\/\\\/x.com\\\/csmaconser\",\"https:\\\/\\\/www.instagram.com\\\/csmaragon\\\/\",\"https:\\\/\\\/www.youtube.com\\\/channel\\\/UCcsLLtgZJUhz11-3Aj1sv3w\"]},{\"@type\":\"Person\",\"@id\":\"https:\\\/\\\/csma.es\\\/#\\\/schema\\\/person\\\/dd9e345cd1ec5925a5e8927a0cb3fc69\",\"name\":\"TICS CSMA\"}]}<\/script>\n<!-- \/ Yoast SEO plugin. -->","yoast_head_json":{"title":"Concierto Magistral guitarra, Torrent, 23 marzo - CSMA","robots":{"index":"index","follow":"follow","max-snippet":"max-snippet:-1","max-image-preview":"max-image-preview:large","max-video-preview":"max-video-preview:-1"},"canonical":"https:\/\/csma.es\/actualidad\/magistral-guitarra-torrent-24-marzo\/","og_locale":"en_US","og_type":"article","og_title":"Concierto Magistral guitarra, Torrent, 23 marzo - CSMA","og_description":"El pr\u00f3ximo jueves, 23 de marzo, Jaume Torrent impartir\u00e1 un Concierto\u00a0Magistral de Guitarra en el CSMA. Tendr\u00e1 lugar de 18:30 a 20:30 en el aula...","og_url":"https:\/\/csma.es\/actualidad\/magistral-guitarra-torrent-24-marzo\/","og_site_name":"CSMA","article_publisher":"https:\/\/www.facebook.com\/CSMAragon\/","article_published_time":"2023-03-22T07:06:34+00:00","article_modified_time":"2023-03-22T22:02:04+00:00","og_image":[{"width":1713,"height":2560,"url":"https:\/\/csma.es\/wp-content\/uploads\/2023\/03\/j-torrent-scaled.jpeg","type":"image\/jpeg"}],"author":"TICS CSMA","twitter_card":"summary_large_image","twitter_creator":"@csmaconser","twitter_site":"@csmaconser","twitter_misc":{"Written by":"TICS CSMA","Est. reading time":"4 minutes"},"schema":{"@context":"https:\/\/schema.org","@graph":[{"@type":"Article","@id":"https:\/\/csma.es\/actualidad\/magistral-guitarra-torrent-24-marzo\/#article","isPartOf":{"@id":"https:\/\/csma.es\/actualidad\/magistral-guitarra-torrent-24-marzo\/"},"author":{"name":"TICS CSMA","@id":"https:\/\/csma.es\/#\/schema\/person\/dd9e345cd1ec5925a5e8927a0cb3fc69"},"headline":"Concierto Magistral guitarra, Torrent, 23 marzo","datePublished":"2023-03-22T07:06:34+00:00","dateModified":"2023-03-22T22:02:04+00:00","mainEntityOfPage":{"@id":"https:\/\/csma.es\/actualidad\/magistral-guitarra-torrent-24-marzo\/"},"wordCount":928,"commentCount":0,"publisher":{"@id":"https:\/\/csma.es\/#organization"},"image":{"@id":"https:\/\/csma.es\/actualidad\/magistral-guitarra-torrent-24-marzo\/#primaryimage"},"thumbnailUrl":"https:\/\/csma.es\/wp-content\/uploads\/2023\/03\/j-torrent-scaled.jpeg","articleSection":["Avisos","Noticias"],"inLanguage":"en-US","potentialAction":[{"@type":"CommentAction","name":"Comment","target":["https:\/\/csma.es\/actualidad\/magistral-guitarra-torrent-24-marzo\/#respond"]}]},{"@type":"WebPage","@id":"https:\/\/csma.es\/actualidad\/magistral-guitarra-torrent-24-marzo\/","url":"https:\/\/csma.es\/actualidad\/magistral-guitarra-torrent-24-marzo\/","name":"Concierto Magistral guitarra, Torrent, 23 marzo - CSMA","isPartOf":{"@id":"https:\/\/csma.es\/#website"},"primaryImageOfPage":{"@id":"https:\/\/csma.es\/actualidad\/magistral-guitarra-torrent-24-marzo\/#primaryimage"},"image":{"@id":"https:\/\/csma.es\/actualidad\/magistral-guitarra-torrent-24-marzo\/#primaryimage"},"thumbnailUrl":"https:\/\/csma.es\/wp-content\/uploads\/2023\/03\/j-torrent-scaled.jpeg","datePublished":"2023-03-22T07:06:34+00:00","dateModified":"2023-03-22T22:02:04+00:00","breadcrumb":{"@id":"https:\/\/csma.es\/actualidad\/magistral-guitarra-torrent-24-marzo\/#breadcrumb"},"inLanguage":"en-US","potentialAction":[{"@type":"ReadAction","target":["https:\/\/csma.es\/actualidad\/magistral-guitarra-torrent-24-marzo\/"]}]},{"@type":"ImageObject","inLanguage":"en-US","@id":"https:\/\/csma.es\/actualidad\/magistral-guitarra-torrent-24-marzo\/#primaryimage","url":"https:\/\/csma.es\/wp-content\/uploads\/2023\/03\/j-torrent-scaled.jpeg","contentUrl":"https:\/\/csma.es\/wp-content\/uploads\/2023\/03\/j-torrent-scaled.jpeg","width":1713,"height":2560},{"@type":"BreadcrumbList","@id":"https:\/\/csma.es\/actualidad\/magistral-guitarra-torrent-24-marzo\/#breadcrumb","itemListElement":[{"@type":"ListItem","position":1,"name":"Portada","item":"https:\/\/csma.es\/en\/"},{"@type":"ListItem","position":2,"name":"Concierto Magistral guitarra, Torrent, 23 marzo"}]},{"@type":"WebSite","@id":"https:\/\/csma.es\/#website","url":"https:\/\/csma.es\/","name":"CSMA","description":"Conservatorio Superior de M\u00fasica de Arag\u00f3n","publisher":{"@id":"https:\/\/csma.es\/#organization"},"potentialAction":[{"@type":"SearchAction","target":{"@type":"EntryPoint","urlTemplate":"https:\/\/csma.es\/?s={search_term_string}"},"query-input":{"@type":"PropertyValueSpecification","valueRequired":true,"valueName":"search_term_string"}}],"inLanguage":"en-US"},{"@type":"Organization","@id":"https:\/\/csma.es\/#organization","name":"Conservatorio Superior de M\u00fasica de Arag\u00f3n","url":"https:\/\/csma.es\/","logo":{"@type":"ImageObject","inLanguage":"en-US","@id":"https:\/\/csma.es\/#\/schema\/logo\/image\/","url":"https:\/\/csma.es\/wp-content\/uploads\/2025\/04\/cropped-logo-csma-40anos-vertical-sintexto-positivo.png","contentUrl":"https:\/\/csma.es\/wp-content\/uploads\/2025\/04\/cropped-logo-csma-40anos-vertical-sintexto-positivo.png","width":512,"height":512,"caption":"Conservatorio Superior de M\u00fasica de Arag\u00f3n"},"image":{"@id":"https:\/\/csma.es\/#\/schema\/logo\/image\/"},"sameAs":["https:\/\/www.facebook.com\/CSMAragon\/","https:\/\/x.com\/csmaconser","https:\/\/www.instagram.com\/csmaragon\/","https:\/\/www.youtube.com\/channel\/UCcsLLtgZJUhz11-3Aj1sv3w"]},{"@type":"Person","@id":"https:\/\/csma.es\/#\/schema\/person\/dd9e345cd1ec5925a5e8927a0cb3fc69","name":"TICS CSMA"}]}},"publishpress_future_action":{"enabled":false,"date":"2026-05-07 10:24:58","action":"change-status","newStatus":"draft","terms":[],"taxonomy":"category","extraData":[]},"publishpress_future_workflow_manual_trigger":{"enabledWorkflows":[]},"_links":{"self":[{"href":"https:\/\/csma.es\/en\/wp-json\/wp\/v2\/posts\/24178","targetHints":{"allow":["GET"]}}],"collection":[{"href":"https:\/\/csma.es\/en\/wp-json\/wp\/v2\/posts"}],"about":[{"href":"https:\/\/csma.es\/en\/wp-json\/wp\/v2\/types\/post"}],"author":[{"embeddable":true,"href":"https:\/\/csma.es\/en\/wp-json\/wp\/v2\/users\/3"}],"replies":[{"embeddable":true,"href":"https:\/\/csma.es\/en\/wp-json\/wp\/v2\/comments?post=24178"}],"version-history":[{"count":0,"href":"https:\/\/csma.es\/en\/wp-json\/wp\/v2\/posts\/24178\/revisions"}],"wp:featuredmedia":[{"embeddable":true,"href":"https:\/\/csma.es\/en\/wp-json\/wp\/v2\/media\/24213"}],"wp:attachment":[{"href":"https:\/\/csma.es\/en\/wp-json\/wp\/v2\/media?parent=24178"}],"wp:term":[{"taxonomy":"category","embeddable":true,"href":"https:\/\/csma.es\/en\/wp-json\/wp\/v2\/categories?post=24178"},{"taxonomy":"post_tag","embeddable":true,"href":"https:\/\/csma.es\/en\/wp-json\/wp\/v2\/tags?post=24178"}],"curies":[{"name":"wp","href":"https:\/\/api.w.org\/{rel}","templated":true}]}}