{"id":24170,"date":"2023-04-10T15:23:22","date_gmt":"2023-04-10T13:23:22","guid":{"rendered":"https:\/\/csma.es\/?p=24170"},"modified":"2023-04-06T09:53:40","modified_gmt":"2023-04-06T07:53:40","slug":"magistral-camara-stuart-20-21-abril","status":"publish","type":"post","link":"https:\/\/csma.es\/en\/noticias\/magistral-camara-stuart-20-21-abril\/","title":{"rendered":"Magistral C\u00e1mara, Stuart, 21-22 abril"},"content":{"rendered":"<p style=\"text-align: justify;\">Los pr\u00f3ximos d\u00edas <strong>21 y 22 de abril<\/strong>, <strong>Sander Stuart<\/strong>\u00a0impartir\u00e1 unas <strong>Clases Magistrales de M\u00fasica de C\u00e1mara <\/strong>en el CSMA. Tendr\u00e1n lugar en las aulas 113 y 002 (viernes) y 113 s\u00e1bado por la ma\u00f1ana).<\/p>\n<p style=\"text-align: justify;\">Sander Stuart, nacido en M\u00fanich en 1992, recibi\u00f3 sus primeras clases de viol\u00edn y piano a la edad de seis a\u00f1os y complet\u00f3 seis a\u00f1os de estudios en el &#8220;Institut zur Fr\u00fchf\u00f6rderung<br \/>\nHochbegabter&#8221; (Instituto para el Desarrollo Temprano de Alumnos Altamente Dotados) de la Universidad de M\u00fasica de Hannover, con el viol\u00edn y la viola. Posteriormente, estudi\u00f3 con Hartmut Rohde en la Universit\u00e4t der K\u00fcnste (UdK), en Berl\u00edn.<\/p>\n<p style=\"text-align: justify;\">Sander Stuart ha recibido numerosos premios como solista y m\u00fasico de c\u00e1mara en concursos y becas de la Deutsche Stiftung Musikleben, la Kronberg Academy, la Paul Hindemith Gesellschaft y la Studienstiftung des Deutschen Volkes. Con su cuarteto de cuerda Vision string quartet, fundado en 2012, lanz\u00f3 una carrera internacional en muy poco tiempo. Los cuatro m\u00fasicos completaron sus estudios de m\u00fasica de c\u00e1mara con el Artemis Quartet en la UdK de Berl\u00edn y con G\u00fcnter Pichler, primer viol\u00edn del Cuarteto Alban Berg, en la Escuela Superior de M\u00fasica Reina Sof\u00eda de Madrid.<\/p>\n<p style=\"text-align: justify;\">En 2016, el conjunto gan\u00f3 el 1er premio, as\u00ed como todos los premios especiales, en el Concurso Internacional de G\u00e9n\u00e8ve y tambi\u00e9n fue galardonado con el prestigioso Premio de M\u00fasica de C\u00e1mara de la Fundaci\u00f3n J\u00fcrgen Ponto, adem\u00e1s del Premio W\u00fcrth y el Premio de la Fundaci\u00f3n Oscar y Vera Ritter, en Hamburgo.<\/p>\n<p style=\"text-align: justify;\">Aparecen regularmente como invitados en la Frick Collection de Nueva York, el Wigmore Hall de Londres, la Filarm\u00f3nica de Berl\u00edn, la Gran Sala de la Elbphilharmonie de Hamburgo, as\u00ed como en el Festival de M\u00fasica de Rheingau, el Ludwigsburger Schlossfestspiele, el Festspiele Mecklenburg-Vorpommern, el Festival de M\u00fasica de Schleswig-Holstein, el Festival de Lucerna y el Festival de M\u00fasica de C\u00e1mara de Trondheim. Ya han realizado giras de conciertos por Dinamarca, Israel, Italia, Jap\u00f3n, Estados Unidos, Rusia, Portugal y toda la zona de habla alemana.<\/p>\n<p style=\"text-align: justify;\">Para la temporada 22\/23, adem\u00e1s de sus actividades concert\u00edsticas en los pa\u00edses de habla alemana, tambi\u00e9n realizar\u00e1n giras por Jap\u00f3n y Corea, Sudam\u00e9rica, M\u00e9xico y Australia.<\/p>\n<p style=\"text-align: justify;\">Firmado en exclusiva con WARNER CLASSICS, el cuarteto de cuerda Vision presenta en su nuevo \u00e1lbum &#8220;Spectrum&#8221; m\u00fasica original de diversos g\u00e9neros, m\u00e1s all\u00e1 de la m\u00fasica cl\u00e1sica. Los cuatro m\u00fasicos compusieron y produjeron estas canciones y crearon por su cuenta los v\u00eddeos musicales que las acompa\u00f1an. En 2020 WARNER CLASSICS public\u00f3 el \u00e1lbum debut &#8220;memento&#8221;, que fue galardonado con el &#8216;Opus Klassik&#8217; a la Mejor Grabaci\u00f3n de M\u00fasica de C\u00e1mara del A\u00f1o.<\/p>\n<p style=\"text-align: justify;\">Adem\u00e1s de su carrera como m\u00fasico, Sander Stuart trabaja con su productora &#8216;FILMKAMERADEN&#8217; como vide\u00f3grafo para clientes como C. Bechstein, Warner Classics y Norddeutscher Rundfunk Hamburg y fue galardonado con el &#8216;Opus Klassik&#8217; en 2021 por su v\u00eddeo musical &#8220;The Shoemaker&#8221;.<\/p>\n","protected":false},"excerpt":{"rendered":"<p>Los pr\u00f3ximos d\u00edas 21 y 22 de abril, Sander Stuart\u00a0impartir\u00e1 unas Clases Magistrales de M\u00fasica de C\u00e1mara en el CSMA. Tendr\u00e1n lugar en las aulas&#8230;<\/p>\n","protected":false},"author":3,"featured_media":24275,"comment_status":"open","ping_status":"open","sticky":false,"template":"","format":"standard","meta":{"footnotes":""},"categories":[403,368],"tags":[],"class_list":["post-24170","post","type-post","status-publish","format-standard","has-post-thumbnail","hentry","category-avisos","category-noticias"],"yoast_head":"<!-- This site is optimized with the Yoast SEO plugin v27.5 - https:\/\/yoast.com\/product\/yoast-seo-wordpress\/ -->\n<title>Magistral C\u00e1mara, Stuart, 21-22 abril - CSMA<\/title>\n<meta name=\"robots\" content=\"index, follow, max-snippet:-1, max-image-preview:large, max-video-preview:-1\" \/>\n<link rel=\"canonical\" href=\"https:\/\/csma.es\/actualidad\/magistral-camara-stuart-20-21-abril\/\" \/>\n<meta property=\"og:locale\" content=\"en_US\" \/>\n<meta property=\"og:type\" content=\"article\" \/>\n<meta property=\"og:title\" content=\"Magistral C\u00e1mara, Stuart, 21-22 abril - CSMA\" \/>\n<meta property=\"og:description\" content=\"Los pr\u00f3ximos d\u00edas 21 y 22 de abril, Sander Stuart\u00a0impartir\u00e1 unas Clases Magistrales de M\u00fasica de C\u00e1mara en el CSMA. Tendr\u00e1n lugar en las aulas...\" \/>\n<meta property=\"og:url\" content=\"https:\/\/csma.es\/actualidad\/magistral-camara-stuart-20-21-abril\/\" \/>\n<meta property=\"og:site_name\" content=\"CSMA\" \/>\n<meta property=\"article:publisher\" content=\"https:\/\/www.facebook.com\/CSMAragon\/\" \/>\n<meta property=\"article:published_time\" content=\"2023-04-10T13:23:22+00:00\" \/>\n<meta property=\"og:image\" content=\"https:\/\/csma.es\/wp-content\/uploads\/2023\/04\/Stuart.jpg\" \/>\n\t<meta property=\"og:image:width\" content=\"660\" \/>\n\t<meta property=\"og:image:height\" content=\"936\" \/>\n\t<meta property=\"og:image:type\" content=\"image\/jpeg\" \/>\n<meta name=\"author\" content=\"TICS CSMA\" \/>\n<meta name=\"twitter:card\" content=\"summary_large_image\" \/>\n<meta name=\"twitter:creator\" content=\"@csmaconser\" \/>\n<meta name=\"twitter:site\" content=\"@csmaconser\" \/>\n<meta name=\"twitter:label1\" content=\"Written by\" \/>\n\t<meta name=\"twitter:data1\" content=\"TICS CSMA\" \/>\n\t<meta name=\"twitter:label2\" content=\"Est. reading time\" \/>\n\t<meta name=\"twitter:data2\" content=\"3 minutes\" \/>\n<script type=\"application\/ld+json\" class=\"yoast-schema-graph\">{\"@context\":\"https:\\\/\\\/schema.org\",\"@graph\":[{\"@type\":\"Article\",\"@id\":\"https:\\\/\\\/csma.es\\\/actualidad\\\/magistral-camara-stuart-20-21-abril\\\/#article\",\"isPartOf\":{\"@id\":\"https:\\\/\\\/csma.es\\\/actualidad\\\/magistral-camara-stuart-20-21-abril\\\/\"},\"author\":{\"name\":\"TICS CSMA\",\"@id\":\"https:\\\/\\\/csma.es\\\/#\\\/schema\\\/person\\\/dd9e345cd1ec5925a5e8927a0cb3fc69\"},\"headline\":\"Magistral C\u00e1mara, Stuart, 21-22 abril\",\"datePublished\":\"2023-04-10T13:23:22+00:00\",\"mainEntityOfPage\":{\"@id\":\"https:\\\/\\\/csma.es\\\/actualidad\\\/magistral-camara-stuart-20-21-abril\\\/\"},\"wordCount\":537,\"commentCount\":0,\"publisher\":{\"@id\":\"https:\\\/\\\/csma.es\\\/#organization\"},\"image\":{\"@id\":\"https:\\\/\\\/csma.es\\\/actualidad\\\/magistral-camara-stuart-20-21-abril\\\/#primaryimage\"},\"thumbnailUrl\":\"https:\\\/\\\/csma.es\\\/wp-content\\\/uploads\\\/2023\\\/04\\\/Stuart.jpg\",\"articleSection\":[\"Avisos\",\"Noticias\"],\"inLanguage\":\"en-US\",\"potentialAction\":[{\"@type\":\"CommentAction\",\"name\":\"Comment\",\"target\":[\"https:\\\/\\\/csma.es\\\/actualidad\\\/magistral-camara-stuart-20-21-abril\\\/#respond\"]}]},{\"@type\":\"WebPage\",\"@id\":\"https:\\\/\\\/csma.es\\\/actualidad\\\/magistral-camara-stuart-20-21-abril\\\/\",\"url\":\"https:\\\/\\\/csma.es\\\/actualidad\\\/magistral-camara-stuart-20-21-abril\\\/\",\"name\":\"Magistral C\u00e1mara, Stuart, 21-22 abril - CSMA\",\"isPartOf\":{\"@id\":\"https:\\\/\\\/csma.es\\\/#website\"},\"primaryImageOfPage\":{\"@id\":\"https:\\\/\\\/csma.es\\\/actualidad\\\/magistral-camara-stuart-20-21-abril\\\/#primaryimage\"},\"image\":{\"@id\":\"https:\\\/\\\/csma.es\\\/actualidad\\\/magistral-camara-stuart-20-21-abril\\\/#primaryimage\"},\"thumbnailUrl\":\"https:\\\/\\\/csma.es\\\/wp-content\\\/uploads\\\/2023\\\/04\\\/Stuart.jpg\",\"datePublished\":\"2023-04-10T13:23:22+00:00\",\"breadcrumb\":{\"@id\":\"https:\\\/\\\/csma.es\\\/actualidad\\\/magistral-camara-stuart-20-21-abril\\\/#breadcrumb\"},\"inLanguage\":\"en-US\",\"potentialAction\":[{\"@type\":\"ReadAction\",\"target\":[\"https:\\\/\\\/csma.es\\\/actualidad\\\/magistral-camara-stuart-20-21-abril\\\/\"]}]},{\"@type\":\"ImageObject\",\"inLanguage\":\"en-US\",\"@id\":\"https:\\\/\\\/csma.es\\\/actualidad\\\/magistral-camara-stuart-20-21-abril\\\/#primaryimage\",\"url\":\"https:\\\/\\\/csma.es\\\/wp-content\\\/uploads\\\/2023\\\/04\\\/Stuart.jpg\",\"contentUrl\":\"https:\\\/\\\/csma.es\\\/wp-content\\\/uploads\\\/2023\\\/04\\\/Stuart.jpg\",\"width\":660,\"height\":936},{\"@type\":\"BreadcrumbList\",\"@id\":\"https:\\\/\\\/csma.es\\\/actualidad\\\/magistral-camara-stuart-20-21-abril\\\/#breadcrumb\",\"itemListElement\":[{\"@type\":\"ListItem\",\"position\":1,\"name\":\"Portada\",\"item\":\"https:\\\/\\\/csma.es\\\/en\\\/\"},{\"@type\":\"ListItem\",\"position\":2,\"name\":\"Magistral C\u00e1mara, Stuart, 21-22 abril\"}]},{\"@type\":\"WebSite\",\"@id\":\"https:\\\/\\\/csma.es\\\/#website\",\"url\":\"https:\\\/\\\/csma.es\\\/\",\"name\":\"CSMA\",\"description\":\"Conservatorio Superior de M\u00fasica de Arag\u00f3n\",\"publisher\":{\"@id\":\"https:\\\/\\\/csma.es\\\/#organization\"},\"potentialAction\":[{\"@type\":\"SearchAction\",\"target\":{\"@type\":\"EntryPoint\",\"urlTemplate\":\"https:\\\/\\\/csma.es\\\/?s={search_term_string}\"},\"query-input\":{\"@type\":\"PropertyValueSpecification\",\"valueRequired\":true,\"valueName\":\"search_term_string\"}}],\"inLanguage\":\"en-US\"},{\"@type\":\"Organization\",\"@id\":\"https:\\\/\\\/csma.es\\\/#organization\",\"name\":\"Conservatorio Superior de M\u00fasica de Arag\u00f3n\",\"url\":\"https:\\\/\\\/csma.es\\\/\",\"logo\":{\"@type\":\"ImageObject\",\"inLanguage\":\"en-US\",\"@id\":\"https:\\\/\\\/csma.es\\\/#\\\/schema\\\/logo\\\/image\\\/\",\"url\":\"https:\\\/\\\/csma.es\\\/wp-content\\\/uploads\\\/2025\\\/04\\\/cropped-logo-csma-40anos-vertical-sintexto-positivo.png\",\"contentUrl\":\"https:\\\/\\\/csma.es\\\/wp-content\\\/uploads\\\/2025\\\/04\\\/cropped-logo-csma-40anos-vertical-sintexto-positivo.png\",\"width\":512,\"height\":512,\"caption\":\"Conservatorio Superior de M\u00fasica de Arag\u00f3n\"},\"image\":{\"@id\":\"https:\\\/\\\/csma.es\\\/#\\\/schema\\\/logo\\\/image\\\/\"},\"sameAs\":[\"https:\\\/\\\/www.facebook.com\\\/CSMAragon\\\/\",\"https:\\\/\\\/x.com\\\/csmaconser\",\"https:\\\/\\\/www.instagram.com\\\/csmaragon\\\/\",\"https:\\\/\\\/www.youtube.com\\\/channel\\\/UCcsLLtgZJUhz11-3Aj1sv3w\"]},{\"@type\":\"Person\",\"@id\":\"https:\\\/\\\/csma.es\\\/#\\\/schema\\\/person\\\/dd9e345cd1ec5925a5e8927a0cb3fc69\",\"name\":\"TICS CSMA\"}]}<\/script>\n<!-- \/ Yoast SEO plugin. -->","yoast_head_json":{"title":"Magistral C\u00e1mara, Stuart, 21-22 abril - CSMA","robots":{"index":"index","follow":"follow","max-snippet":"max-snippet:-1","max-image-preview":"max-image-preview:large","max-video-preview":"max-video-preview:-1"},"canonical":"https:\/\/csma.es\/actualidad\/magistral-camara-stuart-20-21-abril\/","og_locale":"en_US","og_type":"article","og_title":"Magistral C\u00e1mara, Stuart, 21-22 abril - CSMA","og_description":"Los pr\u00f3ximos d\u00edas 21 y 22 de abril, Sander Stuart\u00a0impartir\u00e1 unas Clases Magistrales de M\u00fasica de C\u00e1mara en el CSMA. Tendr\u00e1n lugar en las aulas...","og_url":"https:\/\/csma.es\/actualidad\/magistral-camara-stuart-20-21-abril\/","og_site_name":"CSMA","article_publisher":"https:\/\/www.facebook.com\/CSMAragon\/","article_published_time":"2023-04-10T13:23:22+00:00","og_image":[{"width":660,"height":936,"url":"https:\/\/csma.es\/wp-content\/uploads\/2023\/04\/Stuart.jpg","type":"image\/jpeg"}],"author":"TICS CSMA","twitter_card":"summary_large_image","twitter_creator":"@csmaconser","twitter_site":"@csmaconser","twitter_misc":{"Written by":"TICS CSMA","Est. reading time":"3 minutes"},"schema":{"@context":"https:\/\/schema.org","@graph":[{"@type":"Article","@id":"https:\/\/csma.es\/actualidad\/magistral-camara-stuart-20-21-abril\/#article","isPartOf":{"@id":"https:\/\/csma.es\/actualidad\/magistral-camara-stuart-20-21-abril\/"},"author":{"name":"TICS CSMA","@id":"https:\/\/csma.es\/#\/schema\/person\/dd9e345cd1ec5925a5e8927a0cb3fc69"},"headline":"Magistral C\u00e1mara, Stuart, 21-22 abril","datePublished":"2023-04-10T13:23:22+00:00","mainEntityOfPage":{"@id":"https:\/\/csma.es\/actualidad\/magistral-camara-stuart-20-21-abril\/"},"wordCount":537,"commentCount":0,"publisher":{"@id":"https:\/\/csma.es\/#organization"},"image":{"@id":"https:\/\/csma.es\/actualidad\/magistral-camara-stuart-20-21-abril\/#primaryimage"},"thumbnailUrl":"https:\/\/csma.es\/wp-content\/uploads\/2023\/04\/Stuart.jpg","articleSection":["Avisos","Noticias"],"inLanguage":"en-US","potentialAction":[{"@type":"CommentAction","name":"Comment","target":["https:\/\/csma.es\/actualidad\/magistral-camara-stuart-20-21-abril\/#respond"]}]},{"@type":"WebPage","@id":"https:\/\/csma.es\/actualidad\/magistral-camara-stuart-20-21-abril\/","url":"https:\/\/csma.es\/actualidad\/magistral-camara-stuart-20-21-abril\/","name":"Magistral C\u00e1mara, Stuart, 21-22 abril - CSMA","isPartOf":{"@id":"https:\/\/csma.es\/#website"},"primaryImageOfPage":{"@id":"https:\/\/csma.es\/actualidad\/magistral-camara-stuart-20-21-abril\/#primaryimage"},"image":{"@id":"https:\/\/csma.es\/actualidad\/magistral-camara-stuart-20-21-abril\/#primaryimage"},"thumbnailUrl":"https:\/\/csma.es\/wp-content\/uploads\/2023\/04\/Stuart.jpg","datePublished":"2023-04-10T13:23:22+00:00","breadcrumb":{"@id":"https:\/\/csma.es\/actualidad\/magistral-camara-stuart-20-21-abril\/#breadcrumb"},"inLanguage":"en-US","potentialAction":[{"@type":"ReadAction","target":["https:\/\/csma.es\/actualidad\/magistral-camara-stuart-20-21-abril\/"]}]},{"@type":"ImageObject","inLanguage":"en-US","@id":"https:\/\/csma.es\/actualidad\/magistral-camara-stuart-20-21-abril\/#primaryimage","url":"https:\/\/csma.es\/wp-content\/uploads\/2023\/04\/Stuart.jpg","contentUrl":"https:\/\/csma.es\/wp-content\/uploads\/2023\/04\/Stuart.jpg","width":660,"height":936},{"@type":"BreadcrumbList","@id":"https:\/\/csma.es\/actualidad\/magistral-camara-stuart-20-21-abril\/#breadcrumb","itemListElement":[{"@type":"ListItem","position":1,"name":"Portada","item":"https:\/\/csma.es\/en\/"},{"@type":"ListItem","position":2,"name":"Magistral C\u00e1mara, Stuart, 21-22 abril"}]},{"@type":"WebSite","@id":"https:\/\/csma.es\/#website","url":"https:\/\/csma.es\/","name":"CSMA","description":"Conservatorio Superior de M\u00fasica de Arag\u00f3n","publisher":{"@id":"https:\/\/csma.es\/#organization"},"potentialAction":[{"@type":"SearchAction","target":{"@type":"EntryPoint","urlTemplate":"https:\/\/csma.es\/?s={search_term_string}"},"query-input":{"@type":"PropertyValueSpecification","valueRequired":true,"valueName":"search_term_string"}}],"inLanguage":"en-US"},{"@type":"Organization","@id":"https:\/\/csma.es\/#organization","name":"Conservatorio Superior de M\u00fasica de Arag\u00f3n","url":"https:\/\/csma.es\/","logo":{"@type":"ImageObject","inLanguage":"en-US","@id":"https:\/\/csma.es\/#\/schema\/logo\/image\/","url":"https:\/\/csma.es\/wp-content\/uploads\/2025\/04\/cropped-logo-csma-40anos-vertical-sintexto-positivo.png","contentUrl":"https:\/\/csma.es\/wp-content\/uploads\/2025\/04\/cropped-logo-csma-40anos-vertical-sintexto-positivo.png","width":512,"height":512,"caption":"Conservatorio Superior de M\u00fasica de Arag\u00f3n"},"image":{"@id":"https:\/\/csma.es\/#\/schema\/logo\/image\/"},"sameAs":["https:\/\/www.facebook.com\/CSMAragon\/","https:\/\/x.com\/csmaconser","https:\/\/www.instagram.com\/csmaragon\/","https:\/\/www.youtube.com\/channel\/UCcsLLtgZJUhz11-3Aj1sv3w"]},{"@type":"Person","@id":"https:\/\/csma.es\/#\/schema\/person\/dd9e345cd1ec5925a5e8927a0cb3fc69","name":"TICS CSMA"}]}},"publishpress_future_action":{"enabled":false,"date":"2026-05-07 10:25:16","action":"change-status","newStatus":"draft","terms":[],"taxonomy":"category","extraData":[]},"publishpress_future_workflow_manual_trigger":{"enabledWorkflows":[]},"_links":{"self":[{"href":"https:\/\/csma.es\/en\/wp-json\/wp\/v2\/posts\/24170","targetHints":{"allow":["GET"]}}],"collection":[{"href":"https:\/\/csma.es\/en\/wp-json\/wp\/v2\/posts"}],"about":[{"href":"https:\/\/csma.es\/en\/wp-json\/wp\/v2\/types\/post"}],"author":[{"embeddable":true,"href":"https:\/\/csma.es\/en\/wp-json\/wp\/v2\/users\/3"}],"replies":[{"embeddable":true,"href":"https:\/\/csma.es\/en\/wp-json\/wp\/v2\/comments?post=24170"}],"version-history":[{"count":0,"href":"https:\/\/csma.es\/en\/wp-json\/wp\/v2\/posts\/24170\/revisions"}],"wp:featuredmedia":[{"embeddable":true,"href":"https:\/\/csma.es\/en\/wp-json\/wp\/v2\/media\/24275"}],"wp:attachment":[{"href":"https:\/\/csma.es\/en\/wp-json\/wp\/v2\/media?parent=24170"}],"wp:term":[{"taxonomy":"category","embeddable":true,"href":"https:\/\/csma.es\/en\/wp-json\/wp\/v2\/categories?post=24170"},{"taxonomy":"post_tag","embeddable":true,"href":"https:\/\/csma.es\/en\/wp-json\/wp\/v2\/tags?post=24170"}],"curies":[{"name":"wp","href":"https:\/\/api.w.org\/{rel}","templated":true}]}}