{"id":24120,"date":"2023-05-07T08:08:14","date_gmt":"2023-05-07T06:08:14","guid":{"rendered":"https:\/\/csma.es\/?p=24120"},"modified":"2023-05-09T21:04:21","modified_gmt":"2023-05-09T19:04:21","slug":"magistral-bombardino-munera-15-mayo","status":"publish","type":"post","link":"https:\/\/csma.es\/en\/noticias\/magistral-bombardino-munera-15-mayo\/","title":{"rendered":"Magistral Bombardino, Munera, 15 mayo"},"content":{"rendered":"<p style=\"text-align: justify;\">El pr\u00f3ximo <strong>15 de mayo<\/strong>, <strong>Juan Jos\u00e9 Munera <\/strong>impartir\u00e1 unas <strong>Clases Magistrales de Bombardino <\/strong>en el CSMA. Tendr\u00e1n lugar <strong>en el Auditorio Eduardo del Pueyo.<\/strong><\/p>\n<p>Alumnos externos: ACTIVOS, 100\u20ac.\u00a0OYENTES, 30\u20ac<\/p>\n<p>Realizar pago en cuenta <strong>ES86 2085 5200 8403 3261 4041<\/strong> especificando en el concepto su nombre y la clase magistral a la que asiste: <strong>C\u00f3digo Munera23<\/strong>.<br \/>\nDebe enviar a\u00a0administracion@csma.es\u00a0los siguientes datos: Nombre, Apellidos, DNI, Tel\u00e9fono de contacto, direcci\u00f3n de Correo Electr\u00f3nico y el Justificante del pago.<\/p>\n<p><a href=\"https:\/\/docs.google.com\/forms\/d\/e\/1FAIpQLSfQrDxPenuXDZYrcXUA1PoIaxT41Dtljlvg5VnwHhzkc0p4sA\/viewform?usp=sf_link\" target=\"_blank\" rel=\"noopener\"><strong>Formulario de inscripci\u00f3n AQU\u00cd<\/strong><\/a><\/p>\n<p style=\"text-align: right;\">.<\/p>\n<p style=\"text-align: justify;\">Finaliza sus estudios en el Conservatorio Superior de M\u00fasica \u201cJoaquin Rodrigo\u201d de Valencia obteniendo los premios fin de grado y la menci\u00f3n de honor. Posteriormente ingresa en el \u201cInstituto Superior Europeo Band\u00edstico de Trento\u201d (ISEB) de Italia con Steven Mead, profesor de la \u201cRoyal Northem Collage of Music\u201d de Manchester (Inglaterra).<\/p>\n<p style=\"text-align: justify;\">Fue miembro de la \u201cEuropean Union Youth Wind Orchestra\u201d y de la \u201cWorldwide Wind Orchestra\u201d dirigidas por Jan Cover y Christian Lindberg respectivamente.<br \/>\nHa actuado con prestigiosas agrupaciones como la Orquesta Sinf\u00f3nica de Galicia, Orquesta Sinf\u00f3nica de Radio Televisi\u00f3n Espa\u00f1ola y Orquesta Sinf\u00f3nica de Valencia, OSPA, OSE, orquesta del Vall\u00e9s, etc. as\u00ed como con las Bandas Municipales de Barcelona, Albacete y Sevilla. Desde 1999 hasta 2005 colabor\u00f3 asiduamente con la Banda Sinf\u00f3nica Municipal de Madrid.<\/p>\n<p style=\"text-align: justify;\">Ha participado como profesor, solista y como jurado en diferentes Festivales Internacionales de M\u00fasica, destacando el I Seminario de Bombardino del Movimiento Nacional de Orquestas Juveniles Sim\u00f3n Bol\u00edvar \u201cFESNOJIV\u201d (Venezuela), \u201cFestival Internacional para instrumentistas, compositores y directores\u201d de Tatu\u00ed (Brasil), \u201cBandas al Melico\u201d en San Jos\u00e9 (Costa Rica), \u201cInternational Tuba &amp; Euphonium Conference 2012\u201d (ITEC) celebrado en Linz (Austria), Festival Internacional de Tuba y Bombardino (AETYB) 2014 y 2016, celebrados en Barcelona y en Valencia (Espa\u00f1a) y en el Concurso Internacional de Saxhorn y Euphonium de Tours 2019 (Francia).<\/p>\n<p style=\"text-align: justify;\">En 2012 presenta su Videoclip \u201cEgyptian Feet\u201d y su primer trabajo discogr\u00e1fico \u201cSpainphonic\u201d, en el que fusiona estilos dispares como Flamenco, Funky, Bolero, Latin Jazz y M\u00fasica Tibetana o Venezolana entre otras.<br \/>\nPosteriormente, realiza su 1\u00ba primer disco digital con el sello discogr\u00e1fico Electroscene titulado \u201cTwo Friends\u201d donde el Bombardino hace un gui\u00f1o al Chillout mediante la m\u00fasica electr\u00f3nica.<\/p>\n<p style=\"text-align: justify;\">En 2014\/2015 obtiene el M\u00e1ster en investigaci\u00f3n musical por la Universidad Internacional de Valencia \u201cVIU\u201d.<\/p>\n<p style=\"text-align: justify;\">Fue profesor de la Academia Nacional de Bombardino de Venezuela. En la actualidad, y desde 2005 ocupa la plaza de Bombardino Solista en la Banda Municipal de Bilbao y es profesor de Bombardino en la academia \u201cVicente Costa\u201d de Valencia.<\/p>\n<p style=\"text-align: justify;\">Juan Jos\u00e9 Munera Balaguer trabaja con instrumentos ADAMS, con los modelos E1 sterling silver y E3 silver plated.<\/p>\n","protected":false},"excerpt":{"rendered":"<p>El pr\u00f3ximo 15 de mayo, Juan Jos\u00e9 Munera impartir\u00e1 unas Clases Magistrales de Bombardino en el CSMA. Tendr\u00e1n lugar en el Auditorio Eduardo del Pueyo&#8230;.<\/p>\n","protected":false},"author":3,"featured_media":24121,"comment_status":"open","ping_status":"open","sticky":false,"template":"","format":"standard","meta":{"footnotes":""},"categories":[403,368],"tags":[],"class_list":["post-24120","post","type-post","status-publish","format-standard","has-post-thumbnail","hentry","category-avisos","category-noticias"],"yoast_head":"<!-- This site is optimized with the Yoast SEO plugin v27.5 - https:\/\/yoast.com\/product\/yoast-seo-wordpress\/ -->\n<title>Magistral Bombardino, Munera, 15 mayo - CSMA<\/title>\n<meta name=\"robots\" content=\"index, follow, max-snippet:-1, max-image-preview:large, max-video-preview:-1\" \/>\n<link rel=\"canonical\" href=\"https:\/\/csma.es\/actualidad\/magistral-bombardino-munera-15-mayo\/\" \/>\n<meta property=\"og:locale\" content=\"en_US\" \/>\n<meta property=\"og:type\" content=\"article\" \/>\n<meta property=\"og:title\" content=\"Magistral Bombardino, Munera, 15 mayo - CSMA\" \/>\n<meta property=\"og:description\" content=\"El pr\u00f3ximo 15 de mayo, Juan Jos\u00e9 Munera impartir\u00e1 unas Clases Magistrales de Bombardino en el CSMA. Tendr\u00e1n lugar en el Auditorio Eduardo del Pueyo....\" \/>\n<meta property=\"og:url\" content=\"https:\/\/csma.es\/actualidad\/magistral-bombardino-munera-15-mayo\/\" \/>\n<meta property=\"og:site_name\" content=\"CSMA\" \/>\n<meta property=\"article:publisher\" content=\"https:\/\/www.facebook.com\/CSMAragon\/\" \/>\n<meta property=\"article:published_time\" content=\"2023-05-07T06:08:14+00:00\" \/>\n<meta property=\"article:modified_time\" content=\"2023-05-09T19:04:21+00:00\" \/>\n<meta property=\"og:image\" content=\"https:\/\/csma.es\/wp-content\/uploads\/2023\/03\/ADAMS.jpg\" \/>\n\t<meta property=\"og:image:width\" content=\"1170\" \/>\n\t<meta property=\"og:image:height\" content=\"1564\" \/>\n\t<meta property=\"og:image:type\" content=\"image\/jpeg\" \/>\n<meta name=\"author\" content=\"TICS CSMA\" \/>\n<meta name=\"twitter:card\" content=\"summary_large_image\" \/>\n<meta name=\"twitter:creator\" content=\"@csmaconser\" \/>\n<meta name=\"twitter:site\" content=\"@csmaconser\" \/>\n<meta name=\"twitter:label1\" content=\"Written by\" \/>\n\t<meta name=\"twitter:data1\" content=\"TICS CSMA\" \/>\n\t<meta name=\"twitter:label2\" content=\"Est. reading time\" \/>\n\t<meta name=\"twitter:data2\" content=\"2 minutes\" \/>\n<script type=\"application\/ld+json\" class=\"yoast-schema-graph\">{\"@context\":\"https:\\\/\\\/schema.org\",\"@graph\":[{\"@type\":\"Article\",\"@id\":\"https:\\\/\\\/csma.es\\\/actualidad\\\/magistral-bombardino-munera-15-mayo\\\/#article\",\"isPartOf\":{\"@id\":\"https:\\\/\\\/csma.es\\\/actualidad\\\/magistral-bombardino-munera-15-mayo\\\/\"},\"author\":{\"name\":\"TICS CSMA\",\"@id\":\"https:\\\/\\\/csma.es\\\/#\\\/schema\\\/person\\\/dd9e345cd1ec5925a5e8927a0cb3fc69\"},\"headline\":\"Magistral Bombardino, Munera, 15 mayo\",\"datePublished\":\"2023-05-07T06:08:14+00:00\",\"dateModified\":\"2023-05-09T19:04:21+00:00\",\"mainEntityOfPage\":{\"@id\":\"https:\\\/\\\/csma.es\\\/actualidad\\\/magistral-bombardino-munera-15-mayo\\\/\"},\"wordCount\":447,\"commentCount\":0,\"publisher\":{\"@id\":\"https:\\\/\\\/csma.es\\\/#organization\"},\"image\":{\"@id\":\"https:\\\/\\\/csma.es\\\/actualidad\\\/magistral-bombardino-munera-15-mayo\\\/#primaryimage\"},\"thumbnailUrl\":\"https:\\\/\\\/csma.es\\\/wp-content\\\/uploads\\\/2023\\\/03\\\/ADAMS.jpg\",\"articleSection\":[\"Avisos\",\"Noticias\"],\"inLanguage\":\"en-US\",\"potentialAction\":[{\"@type\":\"CommentAction\",\"name\":\"Comment\",\"target\":[\"https:\\\/\\\/csma.es\\\/actualidad\\\/magistral-bombardino-munera-15-mayo\\\/#respond\"]}]},{\"@type\":\"WebPage\",\"@id\":\"https:\\\/\\\/csma.es\\\/actualidad\\\/magistral-bombardino-munera-15-mayo\\\/\",\"url\":\"https:\\\/\\\/csma.es\\\/actualidad\\\/magistral-bombardino-munera-15-mayo\\\/\",\"name\":\"Magistral Bombardino, Munera, 15 mayo - CSMA\",\"isPartOf\":{\"@id\":\"https:\\\/\\\/csma.es\\\/#website\"},\"primaryImageOfPage\":{\"@id\":\"https:\\\/\\\/csma.es\\\/actualidad\\\/magistral-bombardino-munera-15-mayo\\\/#primaryimage\"},\"image\":{\"@id\":\"https:\\\/\\\/csma.es\\\/actualidad\\\/magistral-bombardino-munera-15-mayo\\\/#primaryimage\"},\"thumbnailUrl\":\"https:\\\/\\\/csma.es\\\/wp-content\\\/uploads\\\/2023\\\/03\\\/ADAMS.jpg\",\"datePublished\":\"2023-05-07T06:08:14+00:00\",\"dateModified\":\"2023-05-09T19:04:21+00:00\",\"breadcrumb\":{\"@id\":\"https:\\\/\\\/csma.es\\\/actualidad\\\/magistral-bombardino-munera-15-mayo\\\/#breadcrumb\"},\"inLanguage\":\"en-US\",\"potentialAction\":[{\"@type\":\"ReadAction\",\"target\":[\"https:\\\/\\\/csma.es\\\/actualidad\\\/magistral-bombardino-munera-15-mayo\\\/\"]}]},{\"@type\":\"ImageObject\",\"inLanguage\":\"en-US\",\"@id\":\"https:\\\/\\\/csma.es\\\/actualidad\\\/magistral-bombardino-munera-15-mayo\\\/#primaryimage\",\"url\":\"https:\\\/\\\/csma.es\\\/wp-content\\\/uploads\\\/2023\\\/03\\\/ADAMS.jpg\",\"contentUrl\":\"https:\\\/\\\/csma.es\\\/wp-content\\\/uploads\\\/2023\\\/03\\\/ADAMS.jpg\",\"width\":1170,\"height\":1564},{\"@type\":\"BreadcrumbList\",\"@id\":\"https:\\\/\\\/csma.es\\\/actualidad\\\/magistral-bombardino-munera-15-mayo\\\/#breadcrumb\",\"itemListElement\":[{\"@type\":\"ListItem\",\"position\":1,\"name\":\"Portada\",\"item\":\"https:\\\/\\\/csma.es\\\/en\\\/\"},{\"@type\":\"ListItem\",\"position\":2,\"name\":\"Magistral Bombardino, Munera, 15 mayo\"}]},{\"@type\":\"WebSite\",\"@id\":\"https:\\\/\\\/csma.es\\\/#website\",\"url\":\"https:\\\/\\\/csma.es\\\/\",\"name\":\"CSMA\",\"description\":\"Conservatorio Superior de M\u00fasica de Arag\u00f3n\",\"publisher\":{\"@id\":\"https:\\\/\\\/csma.es\\\/#organization\"},\"potentialAction\":[{\"@type\":\"SearchAction\",\"target\":{\"@type\":\"EntryPoint\",\"urlTemplate\":\"https:\\\/\\\/csma.es\\\/?s={search_term_string}\"},\"query-input\":{\"@type\":\"PropertyValueSpecification\",\"valueRequired\":true,\"valueName\":\"search_term_string\"}}],\"inLanguage\":\"en-US\"},{\"@type\":\"Organization\",\"@id\":\"https:\\\/\\\/csma.es\\\/#organization\",\"name\":\"Conservatorio Superior de M\u00fasica de Arag\u00f3n\",\"url\":\"https:\\\/\\\/csma.es\\\/\",\"logo\":{\"@type\":\"ImageObject\",\"inLanguage\":\"en-US\",\"@id\":\"https:\\\/\\\/csma.es\\\/#\\\/schema\\\/logo\\\/image\\\/\",\"url\":\"https:\\\/\\\/csma.es\\\/wp-content\\\/uploads\\\/2025\\\/04\\\/cropped-logo-csma-40anos-vertical-sintexto-positivo.png\",\"contentUrl\":\"https:\\\/\\\/csma.es\\\/wp-content\\\/uploads\\\/2025\\\/04\\\/cropped-logo-csma-40anos-vertical-sintexto-positivo.png\",\"width\":512,\"height\":512,\"caption\":\"Conservatorio Superior de M\u00fasica de Arag\u00f3n\"},\"image\":{\"@id\":\"https:\\\/\\\/csma.es\\\/#\\\/schema\\\/logo\\\/image\\\/\"},\"sameAs\":[\"https:\\\/\\\/www.facebook.com\\\/CSMAragon\\\/\",\"https:\\\/\\\/x.com\\\/csmaconser\",\"https:\\\/\\\/www.instagram.com\\\/csmaragon\\\/\",\"https:\\\/\\\/www.youtube.com\\\/channel\\\/UCcsLLtgZJUhz11-3Aj1sv3w\"]},{\"@type\":\"Person\",\"@id\":\"https:\\\/\\\/csma.es\\\/#\\\/schema\\\/person\\\/dd9e345cd1ec5925a5e8927a0cb3fc69\",\"name\":\"TICS CSMA\"}]}<\/script>\n<!-- \/ Yoast SEO plugin. -->","yoast_head_json":{"title":"Magistral Bombardino, Munera, 15 mayo - CSMA","robots":{"index":"index","follow":"follow","max-snippet":"max-snippet:-1","max-image-preview":"max-image-preview:large","max-video-preview":"max-video-preview:-1"},"canonical":"https:\/\/csma.es\/actualidad\/magistral-bombardino-munera-15-mayo\/","og_locale":"en_US","og_type":"article","og_title":"Magistral Bombardino, Munera, 15 mayo - CSMA","og_description":"El pr\u00f3ximo 15 de mayo, Juan Jos\u00e9 Munera impartir\u00e1 unas Clases Magistrales de Bombardino en el CSMA. Tendr\u00e1n lugar en el Auditorio Eduardo del Pueyo....","og_url":"https:\/\/csma.es\/actualidad\/magistral-bombardino-munera-15-mayo\/","og_site_name":"CSMA","article_publisher":"https:\/\/www.facebook.com\/CSMAragon\/","article_published_time":"2023-05-07T06:08:14+00:00","article_modified_time":"2023-05-09T19:04:21+00:00","og_image":[{"width":1170,"height":1564,"url":"https:\/\/csma.es\/wp-content\/uploads\/2023\/03\/ADAMS.jpg","type":"image\/jpeg"}],"author":"TICS CSMA","twitter_card":"summary_large_image","twitter_creator":"@csmaconser","twitter_site":"@csmaconser","twitter_misc":{"Written by":"TICS CSMA","Est. reading time":"2 minutes"},"schema":{"@context":"https:\/\/schema.org","@graph":[{"@type":"Article","@id":"https:\/\/csma.es\/actualidad\/magistral-bombardino-munera-15-mayo\/#article","isPartOf":{"@id":"https:\/\/csma.es\/actualidad\/magistral-bombardino-munera-15-mayo\/"},"author":{"name":"TICS CSMA","@id":"https:\/\/csma.es\/#\/schema\/person\/dd9e345cd1ec5925a5e8927a0cb3fc69"},"headline":"Magistral Bombardino, Munera, 15 mayo","datePublished":"2023-05-07T06:08:14+00:00","dateModified":"2023-05-09T19:04:21+00:00","mainEntityOfPage":{"@id":"https:\/\/csma.es\/actualidad\/magistral-bombardino-munera-15-mayo\/"},"wordCount":447,"commentCount":0,"publisher":{"@id":"https:\/\/csma.es\/#organization"},"image":{"@id":"https:\/\/csma.es\/actualidad\/magistral-bombardino-munera-15-mayo\/#primaryimage"},"thumbnailUrl":"https:\/\/csma.es\/wp-content\/uploads\/2023\/03\/ADAMS.jpg","articleSection":["Avisos","Noticias"],"inLanguage":"en-US","potentialAction":[{"@type":"CommentAction","name":"Comment","target":["https:\/\/csma.es\/actualidad\/magistral-bombardino-munera-15-mayo\/#respond"]}]},{"@type":"WebPage","@id":"https:\/\/csma.es\/actualidad\/magistral-bombardino-munera-15-mayo\/","url":"https:\/\/csma.es\/actualidad\/magistral-bombardino-munera-15-mayo\/","name":"Magistral Bombardino, Munera, 15 mayo - CSMA","isPartOf":{"@id":"https:\/\/csma.es\/#website"},"primaryImageOfPage":{"@id":"https:\/\/csma.es\/actualidad\/magistral-bombardino-munera-15-mayo\/#primaryimage"},"image":{"@id":"https:\/\/csma.es\/actualidad\/magistral-bombardino-munera-15-mayo\/#primaryimage"},"thumbnailUrl":"https:\/\/csma.es\/wp-content\/uploads\/2023\/03\/ADAMS.jpg","datePublished":"2023-05-07T06:08:14+00:00","dateModified":"2023-05-09T19:04:21+00:00","breadcrumb":{"@id":"https:\/\/csma.es\/actualidad\/magistral-bombardino-munera-15-mayo\/#breadcrumb"},"inLanguage":"en-US","potentialAction":[{"@type":"ReadAction","target":["https:\/\/csma.es\/actualidad\/magistral-bombardino-munera-15-mayo\/"]}]},{"@type":"ImageObject","inLanguage":"en-US","@id":"https:\/\/csma.es\/actualidad\/magistral-bombardino-munera-15-mayo\/#primaryimage","url":"https:\/\/csma.es\/wp-content\/uploads\/2023\/03\/ADAMS.jpg","contentUrl":"https:\/\/csma.es\/wp-content\/uploads\/2023\/03\/ADAMS.jpg","width":1170,"height":1564},{"@type":"BreadcrumbList","@id":"https:\/\/csma.es\/actualidad\/magistral-bombardino-munera-15-mayo\/#breadcrumb","itemListElement":[{"@type":"ListItem","position":1,"name":"Portada","item":"https:\/\/csma.es\/en\/"},{"@type":"ListItem","position":2,"name":"Magistral Bombardino, Munera, 15 mayo"}]},{"@type":"WebSite","@id":"https:\/\/csma.es\/#website","url":"https:\/\/csma.es\/","name":"CSMA","description":"Conservatorio Superior de M\u00fasica de Arag\u00f3n","publisher":{"@id":"https:\/\/csma.es\/#organization"},"potentialAction":[{"@type":"SearchAction","target":{"@type":"EntryPoint","urlTemplate":"https:\/\/csma.es\/?s={search_term_string}"},"query-input":{"@type":"PropertyValueSpecification","valueRequired":true,"valueName":"search_term_string"}}],"inLanguage":"en-US"},{"@type":"Organization","@id":"https:\/\/csma.es\/#organization","name":"Conservatorio Superior de M\u00fasica de Arag\u00f3n","url":"https:\/\/csma.es\/","logo":{"@type":"ImageObject","inLanguage":"en-US","@id":"https:\/\/csma.es\/#\/schema\/logo\/image\/","url":"https:\/\/csma.es\/wp-content\/uploads\/2025\/04\/cropped-logo-csma-40anos-vertical-sintexto-positivo.png","contentUrl":"https:\/\/csma.es\/wp-content\/uploads\/2025\/04\/cropped-logo-csma-40anos-vertical-sintexto-positivo.png","width":512,"height":512,"caption":"Conservatorio Superior de M\u00fasica de Arag\u00f3n"},"image":{"@id":"https:\/\/csma.es\/#\/schema\/logo\/image\/"},"sameAs":["https:\/\/www.facebook.com\/CSMAragon\/","https:\/\/x.com\/csmaconser","https:\/\/www.instagram.com\/csmaragon\/","https:\/\/www.youtube.com\/channel\/UCcsLLtgZJUhz11-3Aj1sv3w"]},{"@type":"Person","@id":"https:\/\/csma.es\/#\/schema\/person\/dd9e345cd1ec5925a5e8927a0cb3fc69","name":"TICS CSMA"}]}},"publishpress_future_action":{"enabled":false,"date":"2026-05-10 10:16:39","action":"change-status","newStatus":"draft","terms":[],"taxonomy":"category","extraData":[]},"publishpress_future_workflow_manual_trigger":{"enabledWorkflows":[]},"_links":{"self":[{"href":"https:\/\/csma.es\/en\/wp-json\/wp\/v2\/posts\/24120","targetHints":{"allow":["GET"]}}],"collection":[{"href":"https:\/\/csma.es\/en\/wp-json\/wp\/v2\/posts"}],"about":[{"href":"https:\/\/csma.es\/en\/wp-json\/wp\/v2\/types\/post"}],"author":[{"embeddable":true,"href":"https:\/\/csma.es\/en\/wp-json\/wp\/v2\/users\/3"}],"replies":[{"embeddable":true,"href":"https:\/\/csma.es\/en\/wp-json\/wp\/v2\/comments?post=24120"}],"version-history":[{"count":0,"href":"https:\/\/csma.es\/en\/wp-json\/wp\/v2\/posts\/24120\/revisions"}],"wp:featuredmedia":[{"embeddable":true,"href":"https:\/\/csma.es\/en\/wp-json\/wp\/v2\/media\/24121"}],"wp:attachment":[{"href":"https:\/\/csma.es\/en\/wp-json\/wp\/v2\/media?parent=24120"}],"wp:term":[{"taxonomy":"category","embeddable":true,"href":"https:\/\/csma.es\/en\/wp-json\/wp\/v2\/categories?post=24120"},{"taxonomy":"post_tag","embeddable":true,"href":"https:\/\/csma.es\/en\/wp-json\/wp\/v2\/tags?post=24120"}],"curies":[{"name":"wp","href":"https:\/\/api.w.org\/{rel}","templated":true}]}}