{"id":24094,"date":"2023-04-14T09:30:06","date_gmt":"2023-04-14T07:30:06","guid":{"rendered":"https:\/\/csma.es\/?p=24094"},"modified":"2023-04-20T16:36:33","modified_gmt":"2023-04-20T14:36:33","slug":"magistral-flauta-de-pico-izquierdo-17-18-abril","status":"publish","type":"post","link":"https:\/\/csma.es\/en\/noticias\/magistral-flauta-de-pico-izquierdo-17-18-abril\/","title":{"rendered":"Magistral Flauta de pico, Izquierdo, 29-30 abril"},"content":{"rendered":"<p style=\"text-align: justify;\">Los pr\u00f3ximos d\u00edas <strong>29 y 30 de abril<\/strong>, <strong> Joan Izquierdo<\/strong>\u00a0impartir\u00e1 la <strong>Magistral de Flauta de pico &#8220;M\u00e1s all\u00e1 de los l\u00edmites, de las fantas\u00edas de Telemann al repertorio de vanguardia&#8221; <\/strong>en el CSMA. Tendr\u00e1n lugar en<strong> el aula 113 <\/strong>del CSMA.<\/p>\n<p><a href=\"https:\/\/docs.google.com\/forms\/d\/e\/1FAIpQLSfj0KihYiy9X_ubfQBAvPR9y8B_oa4UfiZt-z_Av29iFGqBCQ\/viewform?usp=sf_link\" target=\"_blank\" rel=\"noopener\"><strong>Formulario de inscripci\u00f3n AQU\u00cd<\/strong><\/a><\/p>\n<p style=\"text-align: justify;\"><strong>Alumnos externos: M\u00e1ximo 2 ACTIVOS, 100\u20ac. M\u00e1ximo 10 alumnos OYENTES, 30\u20ac<\/strong>.<strong> Por orden de inscripci\u00f3n.<\/strong><\/p>\n<p style=\"text-align: justify;\">Realizar pago en cuenta <strong>ES86 2085 5200 8403 3261 4041<\/strong>\u00a0especificando en el concepto su nombre y la clase magistral a la que asiste:\u00a0<strong>C\u00f3digo Izquierdo23. <\/strong>Debe enviar a\u00a0administracion@csma.es\u00a0los siguientes datos: Nombre, Apellidos, DNI, Tel\u00e9fono de contacto, direcci\u00f3n de Correo Electr\u00f3nico y el Justificante del pago.<\/p>\n<p style=\"text-align: justify;\">Joan Izquierdo toca la flauta de pico y ense\u00f1a a tocarla en el \u201cConservatori Municipal de M\u00fasica de Barcelona\u201d. Participa de distintas formaciones con la intenci\u00f3n de explorar cada rinc\u00f3n de repertorio de su peque\u00f1o instrumento.<\/p>\n<p style=\"text-align: justify;\">Recientemente ha publicado la grabaci\u00f3n de las \u201cFantasias para flauta sola\u201d de G. Ph. Telemann (https:\/\/joanizquierdollopis.bandcamp.com\/album\/fantasie-12-fantasias-for-flute-without-bass-georg-philipp-telemann-2) as\u00ed como el \u00e1lbum \u201c&#8230;que no desorganitza cap murmuri\u201d con creaciones sonoras para flauta de pico y medios electr\u00f3nicos (https:\/\/www.lamadeguido.com\/SON039r.jpg), que se vienen a sumar a una extensa discograf\u00eda que abarca:<\/p>\n<p style=\"text-align: justify;\">\u2022 el Ars Nova (\u201cEn Seumeillant\u201d; AH025; 1997 y \u201cMachaut\u201d; AH112; 2002, ambos con el Tr\u00edo Subtilior)<\/p>\n<p style=\"text-align: justify;\">\u2022 la polifon\u00eda imitativa del siglo XVI (\u201cCan\u00e7oner del duc de Cal\u00e0bria, Duos i Exercicis sobre els vuit tons modals\u201d; LMG2043; 2002, con Anna Margules y In Canto. \u201cOrlando di Lasso, il primo libro de motetti\u201d; AH156,; 2005, con \u201cSforzinda\u201d)<\/p>\n<p style=\"text-align: justify;\">\u2022 y la m\u00fasica de los siglos XX y XXI (\u201cBocins d\u2019aire\u201d; Lindoro-MPC-0705; 2000, con m\u00fasica para flauta sola. \u201cConstants\u201d; Phonos; 2000, con el Quartet de Bec Frullato. \u201cEl rastre d\u2019Orfeu\u201d; AH187; 2007, con Albert Mestres. \u201cPunt i Apart\u201d; DC117; 2007, con la percusionista Pilar Subir\u00e1. Y una ingente cantidad de colaboraciones puntuales en monogr\u00e1ficos de compositores.<\/p>\n<p style=\"text-align: justify;\">Cabe mencionar finalmente que la publicaci\u00f3n del \u201cM\u00e8tode de Flauta de Bec\u201d, disponible en castellano en la Editorial Bru\u00f1o y \u201cEn do i en fa, iniciaci\u00f3 a la flauta contralt\u201d, Ed. Dinsic 2004, as\u00ed como las ediciones de las \u201cLamentatione Hieremiae Prophetae\u201d de Pedro Ruimonte, junto con Anna Margules (Instituci\u00f3n Fernando el Cat\u00f3lico, Zaragoza 2006) y los \u201cQuarante deux Airs \u00e0 2 Flutes de \u2018Principes de la fl\u00fbte\u2019\u201d de J.Ch.Schickhardt, Ed. Dinsic 2011.<\/p>\n","protected":false},"excerpt":{"rendered":"<p>Los pr\u00f3ximos d\u00edas 29 y 30 de abril, Joan Izquierdo\u00a0impartir\u00e1 la Magistral de Flauta de pico &#8220;M\u00e1s all\u00e1 de los l\u00edmites, de las fantas\u00edas de&#8230;<\/p>\n","protected":false},"author":3,"featured_media":24283,"comment_status":"open","ping_status":"open","sticky":false,"template":"","format":"standard","meta":{"footnotes":""},"categories":[403,368],"tags":[],"class_list":["post-24094","post","type-post","status-publish","format-standard","has-post-thumbnail","hentry","category-avisos","category-noticias"],"yoast_head":"<!-- This site is optimized with the Yoast SEO plugin v27.5 - https:\/\/yoast.com\/product\/yoast-seo-wordpress\/ -->\n<title>Magistral Flauta de pico, Izquierdo, 29-30 abril - CSMA<\/title>\n<meta name=\"robots\" content=\"index, follow, max-snippet:-1, max-image-preview:large, max-video-preview:-1\" \/>\n<link rel=\"canonical\" href=\"https:\/\/csma.es\/actualidad\/magistral-flauta-de-pico-izquierdo-17-18-abril\/\" \/>\n<meta property=\"og:locale\" content=\"en_US\" \/>\n<meta property=\"og:type\" content=\"article\" \/>\n<meta property=\"og:title\" content=\"Magistral Flauta de pico, Izquierdo, 29-30 abril - CSMA\" \/>\n<meta property=\"og:description\" content=\"Los pr\u00f3ximos d\u00edas 29 y 30 de abril, Joan Izquierdo\u00a0impartir\u00e1 la Magistral de Flauta de pico &#8220;M\u00e1s all\u00e1 de los l\u00edmites, de las fantas\u00edas de...\" \/>\n<meta property=\"og:url\" content=\"https:\/\/csma.es\/actualidad\/magistral-flauta-de-pico-izquierdo-17-18-abril\/\" \/>\n<meta property=\"og:site_name\" content=\"CSMA\" \/>\n<meta property=\"article:publisher\" content=\"https:\/\/www.facebook.com\/CSMAragon\/\" \/>\n<meta property=\"article:published_time\" content=\"2023-04-14T07:30:06+00:00\" \/>\n<meta property=\"article:modified_time\" content=\"2023-04-20T14:36:33+00:00\" \/>\n<meta property=\"og:image\" content=\"https:\/\/csma.es\/wp-content\/uploads\/2023\/04\/Joan-Izquierdo-1-1-scaled.jpg\" \/>\n\t<meta property=\"og:image:width\" content=\"2560\" \/>\n\t<meta property=\"og:image:height\" content=\"1551\" \/>\n\t<meta property=\"og:image:type\" content=\"image\/jpeg\" \/>\n<meta name=\"author\" content=\"TICS CSMA\" \/>\n<meta name=\"twitter:card\" content=\"summary_large_image\" \/>\n<meta name=\"twitter:creator\" content=\"@csmaconser\" \/>\n<meta name=\"twitter:site\" content=\"@csmaconser\" \/>\n<meta name=\"twitter:label1\" content=\"Written by\" \/>\n\t<meta name=\"twitter:data1\" content=\"TICS CSMA\" \/>\n\t<meta name=\"twitter:label2\" content=\"Est. reading time\" \/>\n\t<meta name=\"twitter:data2\" content=\"2 minutes\" \/>\n<script type=\"application\/ld+json\" class=\"yoast-schema-graph\">{\"@context\":\"https:\\\/\\\/schema.org\",\"@graph\":[{\"@type\":\"Article\",\"@id\":\"https:\\\/\\\/csma.es\\\/actualidad\\\/magistral-flauta-de-pico-izquierdo-17-18-abril\\\/#article\",\"isPartOf\":{\"@id\":\"https:\\\/\\\/csma.es\\\/actualidad\\\/magistral-flauta-de-pico-izquierdo-17-18-abril\\\/\"},\"author\":{\"name\":\"TICS CSMA\",\"@id\":\"https:\\\/\\\/csma.es\\\/#\\\/schema\\\/person\\\/dd9e345cd1ec5925a5e8927a0cb3fc69\"},\"headline\":\"Magistral Flauta de pico, Izquierdo, 29-30 abril\",\"datePublished\":\"2023-04-14T07:30:06+00:00\",\"dateModified\":\"2023-04-20T14:36:33+00:00\",\"mainEntityOfPage\":{\"@id\":\"https:\\\/\\\/csma.es\\\/actualidad\\\/magistral-flauta-de-pico-izquierdo-17-18-abril\\\/\"},\"wordCount\":411,\"commentCount\":0,\"publisher\":{\"@id\":\"https:\\\/\\\/csma.es\\\/#organization\"},\"image\":{\"@id\":\"https:\\\/\\\/csma.es\\\/actualidad\\\/magistral-flauta-de-pico-izquierdo-17-18-abril\\\/#primaryimage\"},\"thumbnailUrl\":\"https:\\\/\\\/csma.es\\\/wp-content\\\/uploads\\\/2023\\\/04\\\/Joan-Izquierdo-1-1-scaled.jpg\",\"articleSection\":[\"Avisos\",\"Noticias\"],\"inLanguage\":\"en-US\",\"potentialAction\":[{\"@type\":\"CommentAction\",\"name\":\"Comment\",\"target\":[\"https:\\\/\\\/csma.es\\\/actualidad\\\/magistral-flauta-de-pico-izquierdo-17-18-abril\\\/#respond\"]}]},{\"@type\":\"WebPage\",\"@id\":\"https:\\\/\\\/csma.es\\\/actualidad\\\/magistral-flauta-de-pico-izquierdo-17-18-abril\\\/\",\"url\":\"https:\\\/\\\/csma.es\\\/actualidad\\\/magistral-flauta-de-pico-izquierdo-17-18-abril\\\/\",\"name\":\"Magistral Flauta de pico, Izquierdo, 29-30 abril - CSMA\",\"isPartOf\":{\"@id\":\"https:\\\/\\\/csma.es\\\/#website\"},\"primaryImageOfPage\":{\"@id\":\"https:\\\/\\\/csma.es\\\/actualidad\\\/magistral-flauta-de-pico-izquierdo-17-18-abril\\\/#primaryimage\"},\"image\":{\"@id\":\"https:\\\/\\\/csma.es\\\/actualidad\\\/magistral-flauta-de-pico-izquierdo-17-18-abril\\\/#primaryimage\"},\"thumbnailUrl\":\"https:\\\/\\\/csma.es\\\/wp-content\\\/uploads\\\/2023\\\/04\\\/Joan-Izquierdo-1-1-scaled.jpg\",\"datePublished\":\"2023-04-14T07:30:06+00:00\",\"dateModified\":\"2023-04-20T14:36:33+00:00\",\"breadcrumb\":{\"@id\":\"https:\\\/\\\/csma.es\\\/actualidad\\\/magistral-flauta-de-pico-izquierdo-17-18-abril\\\/#breadcrumb\"},\"inLanguage\":\"en-US\",\"potentialAction\":[{\"@type\":\"ReadAction\",\"target\":[\"https:\\\/\\\/csma.es\\\/actualidad\\\/magistral-flauta-de-pico-izquierdo-17-18-abril\\\/\"]}]},{\"@type\":\"ImageObject\",\"inLanguage\":\"en-US\",\"@id\":\"https:\\\/\\\/csma.es\\\/actualidad\\\/magistral-flauta-de-pico-izquierdo-17-18-abril\\\/#primaryimage\",\"url\":\"https:\\\/\\\/csma.es\\\/wp-content\\\/uploads\\\/2023\\\/04\\\/Joan-Izquierdo-1-1-scaled.jpg\",\"contentUrl\":\"https:\\\/\\\/csma.es\\\/wp-content\\\/uploads\\\/2023\\\/04\\\/Joan-Izquierdo-1-1-scaled.jpg\",\"width\":2560,\"height\":1551},{\"@type\":\"BreadcrumbList\",\"@id\":\"https:\\\/\\\/csma.es\\\/actualidad\\\/magistral-flauta-de-pico-izquierdo-17-18-abril\\\/#breadcrumb\",\"itemListElement\":[{\"@type\":\"ListItem\",\"position\":1,\"name\":\"Portada\",\"item\":\"https:\\\/\\\/csma.es\\\/en\\\/\"},{\"@type\":\"ListItem\",\"position\":2,\"name\":\"Magistral Flauta de pico, Izquierdo, 29-30 abril\"}]},{\"@type\":\"WebSite\",\"@id\":\"https:\\\/\\\/csma.es\\\/#website\",\"url\":\"https:\\\/\\\/csma.es\\\/\",\"name\":\"CSMA\",\"description\":\"Conservatorio Superior de M\u00fasica de Arag\u00f3n\",\"publisher\":{\"@id\":\"https:\\\/\\\/csma.es\\\/#organization\"},\"potentialAction\":[{\"@type\":\"SearchAction\",\"target\":{\"@type\":\"EntryPoint\",\"urlTemplate\":\"https:\\\/\\\/csma.es\\\/?s={search_term_string}\"},\"query-input\":{\"@type\":\"PropertyValueSpecification\",\"valueRequired\":true,\"valueName\":\"search_term_string\"}}],\"inLanguage\":\"en-US\"},{\"@type\":\"Organization\",\"@id\":\"https:\\\/\\\/csma.es\\\/#organization\",\"name\":\"Conservatorio Superior de M\u00fasica de Arag\u00f3n\",\"url\":\"https:\\\/\\\/csma.es\\\/\",\"logo\":{\"@type\":\"ImageObject\",\"inLanguage\":\"en-US\",\"@id\":\"https:\\\/\\\/csma.es\\\/#\\\/schema\\\/logo\\\/image\\\/\",\"url\":\"https:\\\/\\\/csma.es\\\/wp-content\\\/uploads\\\/2025\\\/04\\\/cropped-logo-csma-40anos-vertical-sintexto-positivo.png\",\"contentUrl\":\"https:\\\/\\\/csma.es\\\/wp-content\\\/uploads\\\/2025\\\/04\\\/cropped-logo-csma-40anos-vertical-sintexto-positivo.png\",\"width\":512,\"height\":512,\"caption\":\"Conservatorio Superior de M\u00fasica de Arag\u00f3n\"},\"image\":{\"@id\":\"https:\\\/\\\/csma.es\\\/#\\\/schema\\\/logo\\\/image\\\/\"},\"sameAs\":[\"https:\\\/\\\/www.facebook.com\\\/CSMAragon\\\/\",\"https:\\\/\\\/x.com\\\/csmaconser\",\"https:\\\/\\\/www.instagram.com\\\/csmaragon\\\/\",\"https:\\\/\\\/www.youtube.com\\\/channel\\\/UCcsLLtgZJUhz11-3Aj1sv3w\"]},{\"@type\":\"Person\",\"@id\":\"https:\\\/\\\/csma.es\\\/#\\\/schema\\\/person\\\/dd9e345cd1ec5925a5e8927a0cb3fc69\",\"name\":\"TICS CSMA\"}]}<\/script>\n<!-- \/ Yoast SEO plugin. -->","yoast_head_json":{"title":"Magistral Flauta de pico, Izquierdo, 29-30 abril - CSMA","robots":{"index":"index","follow":"follow","max-snippet":"max-snippet:-1","max-image-preview":"max-image-preview:large","max-video-preview":"max-video-preview:-1"},"canonical":"https:\/\/csma.es\/actualidad\/magistral-flauta-de-pico-izquierdo-17-18-abril\/","og_locale":"en_US","og_type":"article","og_title":"Magistral Flauta de pico, Izquierdo, 29-30 abril - CSMA","og_description":"Los pr\u00f3ximos d\u00edas 29 y 30 de abril, Joan Izquierdo\u00a0impartir\u00e1 la Magistral de Flauta de pico &#8220;M\u00e1s all\u00e1 de los l\u00edmites, de las fantas\u00edas de...","og_url":"https:\/\/csma.es\/actualidad\/magistral-flauta-de-pico-izquierdo-17-18-abril\/","og_site_name":"CSMA","article_publisher":"https:\/\/www.facebook.com\/CSMAragon\/","article_published_time":"2023-04-14T07:30:06+00:00","article_modified_time":"2023-04-20T14:36:33+00:00","og_image":[{"width":2560,"height":1551,"url":"https:\/\/csma.es\/wp-content\/uploads\/2023\/04\/Joan-Izquierdo-1-1-scaled.jpg","type":"image\/jpeg"}],"author":"TICS CSMA","twitter_card":"summary_large_image","twitter_creator":"@csmaconser","twitter_site":"@csmaconser","twitter_misc":{"Written by":"TICS CSMA","Est. reading time":"2 minutes"},"schema":{"@context":"https:\/\/schema.org","@graph":[{"@type":"Article","@id":"https:\/\/csma.es\/actualidad\/magistral-flauta-de-pico-izquierdo-17-18-abril\/#article","isPartOf":{"@id":"https:\/\/csma.es\/actualidad\/magistral-flauta-de-pico-izquierdo-17-18-abril\/"},"author":{"name":"TICS CSMA","@id":"https:\/\/csma.es\/#\/schema\/person\/dd9e345cd1ec5925a5e8927a0cb3fc69"},"headline":"Magistral Flauta de pico, Izquierdo, 29-30 abril","datePublished":"2023-04-14T07:30:06+00:00","dateModified":"2023-04-20T14:36:33+00:00","mainEntityOfPage":{"@id":"https:\/\/csma.es\/actualidad\/magistral-flauta-de-pico-izquierdo-17-18-abril\/"},"wordCount":411,"commentCount":0,"publisher":{"@id":"https:\/\/csma.es\/#organization"},"image":{"@id":"https:\/\/csma.es\/actualidad\/magistral-flauta-de-pico-izquierdo-17-18-abril\/#primaryimage"},"thumbnailUrl":"https:\/\/csma.es\/wp-content\/uploads\/2023\/04\/Joan-Izquierdo-1-1-scaled.jpg","articleSection":["Avisos","Noticias"],"inLanguage":"en-US","potentialAction":[{"@type":"CommentAction","name":"Comment","target":["https:\/\/csma.es\/actualidad\/magistral-flauta-de-pico-izquierdo-17-18-abril\/#respond"]}]},{"@type":"WebPage","@id":"https:\/\/csma.es\/actualidad\/magistral-flauta-de-pico-izquierdo-17-18-abril\/","url":"https:\/\/csma.es\/actualidad\/magistral-flauta-de-pico-izquierdo-17-18-abril\/","name":"Magistral Flauta de pico, Izquierdo, 29-30 abril - CSMA","isPartOf":{"@id":"https:\/\/csma.es\/#website"},"primaryImageOfPage":{"@id":"https:\/\/csma.es\/actualidad\/magistral-flauta-de-pico-izquierdo-17-18-abril\/#primaryimage"},"image":{"@id":"https:\/\/csma.es\/actualidad\/magistral-flauta-de-pico-izquierdo-17-18-abril\/#primaryimage"},"thumbnailUrl":"https:\/\/csma.es\/wp-content\/uploads\/2023\/04\/Joan-Izquierdo-1-1-scaled.jpg","datePublished":"2023-04-14T07:30:06+00:00","dateModified":"2023-04-20T14:36:33+00:00","breadcrumb":{"@id":"https:\/\/csma.es\/actualidad\/magistral-flauta-de-pico-izquierdo-17-18-abril\/#breadcrumb"},"inLanguage":"en-US","potentialAction":[{"@type":"ReadAction","target":["https:\/\/csma.es\/actualidad\/magistral-flauta-de-pico-izquierdo-17-18-abril\/"]}]},{"@type":"ImageObject","inLanguage":"en-US","@id":"https:\/\/csma.es\/actualidad\/magistral-flauta-de-pico-izquierdo-17-18-abril\/#primaryimage","url":"https:\/\/csma.es\/wp-content\/uploads\/2023\/04\/Joan-Izquierdo-1-1-scaled.jpg","contentUrl":"https:\/\/csma.es\/wp-content\/uploads\/2023\/04\/Joan-Izquierdo-1-1-scaled.jpg","width":2560,"height":1551},{"@type":"BreadcrumbList","@id":"https:\/\/csma.es\/actualidad\/magistral-flauta-de-pico-izquierdo-17-18-abril\/#breadcrumb","itemListElement":[{"@type":"ListItem","position":1,"name":"Portada","item":"https:\/\/csma.es\/en\/"},{"@type":"ListItem","position":2,"name":"Magistral Flauta de pico, Izquierdo, 29-30 abril"}]},{"@type":"WebSite","@id":"https:\/\/csma.es\/#website","url":"https:\/\/csma.es\/","name":"CSMA","description":"Conservatorio Superior de M\u00fasica de Arag\u00f3n","publisher":{"@id":"https:\/\/csma.es\/#organization"},"potentialAction":[{"@type":"SearchAction","target":{"@type":"EntryPoint","urlTemplate":"https:\/\/csma.es\/?s={search_term_string}"},"query-input":{"@type":"PropertyValueSpecification","valueRequired":true,"valueName":"search_term_string"}}],"inLanguage":"en-US"},{"@type":"Organization","@id":"https:\/\/csma.es\/#organization","name":"Conservatorio Superior de M\u00fasica de Arag\u00f3n","url":"https:\/\/csma.es\/","logo":{"@type":"ImageObject","inLanguage":"en-US","@id":"https:\/\/csma.es\/#\/schema\/logo\/image\/","url":"https:\/\/csma.es\/wp-content\/uploads\/2025\/04\/cropped-logo-csma-40anos-vertical-sintexto-positivo.png","contentUrl":"https:\/\/csma.es\/wp-content\/uploads\/2025\/04\/cropped-logo-csma-40anos-vertical-sintexto-positivo.png","width":512,"height":512,"caption":"Conservatorio Superior de M\u00fasica de Arag\u00f3n"},"image":{"@id":"https:\/\/csma.es\/#\/schema\/logo\/image\/"},"sameAs":["https:\/\/www.facebook.com\/CSMAragon\/","https:\/\/x.com\/csmaconser","https:\/\/www.instagram.com\/csmaragon\/","https:\/\/www.youtube.com\/channel\/UCcsLLtgZJUhz11-3Aj1sv3w"]},{"@type":"Person","@id":"https:\/\/csma.es\/#\/schema\/person\/dd9e345cd1ec5925a5e8927a0cb3fc69","name":"TICS CSMA"}]}},"publishpress_future_action":{"enabled":false,"date":"2026-05-07 21:57:19","action":"change-status","newStatus":"draft","terms":[],"taxonomy":"category","extraData":[]},"publishpress_future_workflow_manual_trigger":{"enabledWorkflows":[]},"_links":{"self":[{"href":"https:\/\/csma.es\/en\/wp-json\/wp\/v2\/posts\/24094","targetHints":{"allow":["GET"]}}],"collection":[{"href":"https:\/\/csma.es\/en\/wp-json\/wp\/v2\/posts"}],"about":[{"href":"https:\/\/csma.es\/en\/wp-json\/wp\/v2\/types\/post"}],"author":[{"embeddable":true,"href":"https:\/\/csma.es\/en\/wp-json\/wp\/v2\/users\/3"}],"replies":[{"embeddable":true,"href":"https:\/\/csma.es\/en\/wp-json\/wp\/v2\/comments?post=24094"}],"version-history":[{"count":0,"href":"https:\/\/csma.es\/en\/wp-json\/wp\/v2\/posts\/24094\/revisions"}],"wp:featuredmedia":[{"embeddable":true,"href":"https:\/\/csma.es\/en\/wp-json\/wp\/v2\/media\/24283"}],"wp:attachment":[{"href":"https:\/\/csma.es\/en\/wp-json\/wp\/v2\/media?parent=24094"}],"wp:term":[{"taxonomy":"category","embeddable":true,"href":"https:\/\/csma.es\/en\/wp-json\/wp\/v2\/categories?post=24094"},{"taxonomy":"post_tag","embeddable":true,"href":"https:\/\/csma.es\/en\/wp-json\/wp\/v2\/tags?post=24094"}],"curies":[{"name":"wp","href":"https:\/\/api.w.org\/{rel}","templated":true}]}}