{"id":23991,"date":"2023-03-29T19:40:55","date_gmt":"2023-03-29T17:40:55","guid":{"rendered":"https:\/\/csma.es\/?p=23991"},"modified":"2023-03-31T12:00:04","modified_gmt":"2023-03-31T10:00:04","slug":"magistral-camara-segovia-21-22-abril","status":"publish","type":"post","link":"https:\/\/csma.es\/en\/noticias\/magistral-camara-segovia-21-22-abril\/","title":{"rendered":"Magistral C\u00e1mara Segovia, 13-14 abril"},"content":{"rendered":"<p style=\"text-align: justify;\">Los pr\u00f3ximos d\u00edas <strong>13 y 14 de abril, \u00a0Francisco Jos\u00e9 Segovia<\/strong> impartir\u00e1 una <strong>Magistral sobre M. de C\u00e1mara <\/strong>en el CSMA. Tendr\u00e1n lugar en el <strong>Auditorio Eduardo del Pueyo <\/strong>del CSMA, <strong>el jueves de 10:00 a 16:00, de 16:00 a 19:00 <\/strong>y el <strong>martes de 9:00 a 12:00.<\/strong><\/p>\n<p style=\"text-align: justify;\">Nace en Cuenca, realiza sus estudios musicales en el Conservatorio Profesional de Cuenca y en el\u00a0 Conservatorio Superior de M\u00fasica de Madrid con Luis Rego, obteniendo Premio Extraordinario de M\u00fasica de c\u00e1mara. Ampl\u00eda sus estudios de m\u00fasica de c\u00e1mara con Anthony Goldstone\u00a0 en Aberystwyth y becado por el Ministerio de Educaci\u00f3n y Ciencia estudia piano con Vitaly Margulis en Freiburg.<\/p>\n<p style=\"text-align: justify;\">Desde 1984 act\u00faa constantemente como solista de piano o en grupos de c\u00e1mara: Festival de M\u00fasica Contempor\u00e1nea de Palma de Mallorca (1997-99), IV Festival Internacional de M\u00fasica de Galicia, 18\u00ba Festival Internacional de M\u00fasica Contempor\u00e1nea de Alicante 2002-03, Festival Internacional de M\u00fasica Contempor\u00e1nea de Madrid 2000-2004, Bienal de Venecia 2004,\u00a0 Teatro del Liceo de Barcelona,\u00a0 Teatro Real de Madrid. Tambi\u00e9n ha ofrecido conciertos en: Alemania, Francia, Austria,\u00a0 Italia, Egipto,\u00a0 L\u00edbano, Buenos Aires (Teatro San Mart\u00edn), actuando s\u00f3lo o con m\u00fasicos como Fernando Hasaj,\u00a0 Manuel Guill\u00e9n, Pilar Jurado, Flavio Oliver<\/p>\n<p style=\"text-align: justify;\">Ha realizado grabaciones para N.R.W. (Alemania) y para R.N.E. en su trabajo junto al grupo CLAC. Ha realizado grabaciones para los sellos Stradivarius con m\u00fasicas de Benet Casablancas y para el sello Naxos en la colecci\u00f3n &#8220;M\u00fasica\u00a0 de c\u00e1mara de Rodolfo Halfter&#8221;. Ha colaborado con el Grupo Guerrero,\u00a0 Orquesta Nacional de Espa\u00f1a, Orquesta Sinf\u00f3nica de Granada, Orquesta Filarmon\u00eda de Galicia, Orquesta de Extremadura y\u00a0 Orquesta Sinf\u00f3nica de Madrid (Orquesta ARBOS). Ha acompa\u00f1ado al Coro de la Comunidad de Madrid en Shanghai (China) y Oaxaca (M\u00e9xico), es colaborador habitual de la Orquesta de la Comunidad de Madrid (ORCAM). Como solista ha actuado bajo la direcci\u00f3n de Stanislaw Skorowaczewski en el Teatro Real de Madrid,\u00a0 con Antoni Ros Marba en el Auditorio de Galicia y con Jos\u00e9 Ram\u00f3n Encinar en el Auditorio &#8220;Arsenal&#8221;\u00a0 de Metz (Francia), L`Auditori de Barcelona y Auditorio Nacional de Madrid.\u00a0 Desde 2013 es Director Art\u00edstico de Grandes Conciertos Torrelodones.<\/p>\n<p style=\"text-align: justify;\">Como docente a trabajado en el Conservatorio Superior de M\u00fasica de Arag\u00f3n CSMA como profesor de Repertorio orquestal Piano y actualmente es catedr\u00e1tico de M\u00fasica de c\u00e1mara en el Real Conservatorio Superior de M\u00fasica de Madrid RCSMM.<\/p>\n<p style=\"text-align: justify;\">\n","protected":false},"excerpt":{"rendered":"<p>Los pr\u00f3ximos d\u00edas 13 y 14 de abril, \u00a0Francisco Jos\u00e9 Segovia impartir\u00e1 una Magistral sobre M. de C\u00e1mara en el CSMA. Tendr\u00e1n lugar en el&#8230;<\/p>\n","protected":false},"author":3,"featured_media":23992,"comment_status":"open","ping_status":"open","sticky":false,"template":"","format":"standard","meta":{"footnotes":""},"categories":[403,368],"tags":[],"class_list":["post-23991","post","type-post","status-publish","format-standard","has-post-thumbnail","hentry","category-avisos","category-noticias"],"yoast_head":"<!-- This site is optimized with the Yoast SEO plugin v27.5 - https:\/\/yoast.com\/product\/yoast-seo-wordpress\/ -->\n<title>Magistral C\u00e1mara Segovia, 13-14 abril - CSMA<\/title>\n<meta name=\"robots\" content=\"index, follow, max-snippet:-1, max-image-preview:large, max-video-preview:-1\" \/>\n<link rel=\"canonical\" href=\"https:\/\/csma.es\/actualidad\/magistral-camara-segovia-21-22-abril\/\" \/>\n<meta property=\"og:locale\" content=\"en_US\" \/>\n<meta property=\"og:type\" content=\"article\" \/>\n<meta property=\"og:title\" content=\"Magistral C\u00e1mara Segovia, 13-14 abril - CSMA\" \/>\n<meta property=\"og:description\" content=\"Los pr\u00f3ximos d\u00edas 13 y 14 de abril, \u00a0Francisco Jos\u00e9 Segovia impartir\u00e1 una Magistral sobre M. de C\u00e1mara en el CSMA. Tendr\u00e1n lugar en el...\" \/>\n<meta property=\"og:url\" content=\"https:\/\/csma.es\/actualidad\/magistral-camara-segovia-21-22-abril\/\" \/>\n<meta property=\"og:site_name\" content=\"CSMA\" \/>\n<meta property=\"article:publisher\" content=\"https:\/\/www.facebook.com\/CSMAragon\/\" \/>\n<meta property=\"article:published_time\" content=\"2023-03-29T17:40:55+00:00\" \/>\n<meta property=\"article:modified_time\" content=\"2023-03-31T10:00:04+00:00\" \/>\n<meta property=\"og:image\" content=\"https:\/\/csma.es\/wp-content\/uploads\/2023\/02\/IMG-20230203-WA0008-1.jpg\" \/>\n\t<meta property=\"og:image:width\" content=\"1538\" \/>\n\t<meta property=\"og:image:height\" content=\"904\" \/>\n\t<meta property=\"og:image:type\" content=\"image\/jpeg\" \/>\n<meta name=\"author\" content=\"TICS CSMA\" \/>\n<meta name=\"twitter:card\" content=\"summary_large_image\" \/>\n<meta name=\"twitter:creator\" content=\"@csmaconser\" \/>\n<meta name=\"twitter:site\" content=\"@csmaconser\" \/>\n<meta name=\"twitter:label1\" content=\"Written by\" \/>\n\t<meta name=\"twitter:data1\" content=\"TICS CSMA\" \/>\n\t<meta name=\"twitter:label2\" content=\"Est. reading time\" \/>\n\t<meta name=\"twitter:data2\" content=\"2 minutes\" \/>\n<script type=\"application\/ld+json\" class=\"yoast-schema-graph\">{\"@context\":\"https:\\\/\\\/schema.org\",\"@graph\":[{\"@type\":\"Article\",\"@id\":\"https:\\\/\\\/csma.es\\\/actualidad\\\/magistral-camara-segovia-21-22-abril\\\/#article\",\"isPartOf\":{\"@id\":\"https:\\\/\\\/csma.es\\\/actualidad\\\/magistral-camara-segovia-21-22-abril\\\/\"},\"author\":{\"name\":\"TICS CSMA\",\"@id\":\"https:\\\/\\\/csma.es\\\/#\\\/schema\\\/person\\\/dd9e345cd1ec5925a5e8927a0cb3fc69\"},\"headline\":\"Magistral C\u00e1mara Segovia, 13-14 abril\",\"datePublished\":\"2023-03-29T17:40:55+00:00\",\"dateModified\":\"2023-03-31T10:00:04+00:00\",\"mainEntityOfPage\":{\"@id\":\"https:\\\/\\\/csma.es\\\/actualidad\\\/magistral-camara-segovia-21-22-abril\\\/\"},\"wordCount\":429,\"commentCount\":0,\"publisher\":{\"@id\":\"https:\\\/\\\/csma.es\\\/#organization\"},\"image\":{\"@id\":\"https:\\\/\\\/csma.es\\\/actualidad\\\/magistral-camara-segovia-21-22-abril\\\/#primaryimage\"},\"thumbnailUrl\":\"https:\\\/\\\/csma.es\\\/wp-content\\\/uploads\\\/2023\\\/02\\\/IMG-20230203-WA0008-1.jpg\",\"articleSection\":[\"Avisos\",\"Noticias\"],\"inLanguage\":\"en-US\",\"potentialAction\":[{\"@type\":\"CommentAction\",\"name\":\"Comment\",\"target\":[\"https:\\\/\\\/csma.es\\\/actualidad\\\/magistral-camara-segovia-21-22-abril\\\/#respond\"]}]},{\"@type\":\"WebPage\",\"@id\":\"https:\\\/\\\/csma.es\\\/actualidad\\\/magistral-camara-segovia-21-22-abril\\\/\",\"url\":\"https:\\\/\\\/csma.es\\\/actualidad\\\/magistral-camara-segovia-21-22-abril\\\/\",\"name\":\"Magistral C\u00e1mara Segovia, 13-14 abril - CSMA\",\"isPartOf\":{\"@id\":\"https:\\\/\\\/csma.es\\\/#website\"},\"primaryImageOfPage\":{\"@id\":\"https:\\\/\\\/csma.es\\\/actualidad\\\/magistral-camara-segovia-21-22-abril\\\/#primaryimage\"},\"image\":{\"@id\":\"https:\\\/\\\/csma.es\\\/actualidad\\\/magistral-camara-segovia-21-22-abril\\\/#primaryimage\"},\"thumbnailUrl\":\"https:\\\/\\\/csma.es\\\/wp-content\\\/uploads\\\/2023\\\/02\\\/IMG-20230203-WA0008-1.jpg\",\"datePublished\":\"2023-03-29T17:40:55+00:00\",\"dateModified\":\"2023-03-31T10:00:04+00:00\",\"breadcrumb\":{\"@id\":\"https:\\\/\\\/csma.es\\\/actualidad\\\/magistral-camara-segovia-21-22-abril\\\/#breadcrumb\"},\"inLanguage\":\"en-US\",\"potentialAction\":[{\"@type\":\"ReadAction\",\"target\":[\"https:\\\/\\\/csma.es\\\/actualidad\\\/magistral-camara-segovia-21-22-abril\\\/\"]}]},{\"@type\":\"ImageObject\",\"inLanguage\":\"en-US\",\"@id\":\"https:\\\/\\\/csma.es\\\/actualidad\\\/magistral-camara-segovia-21-22-abril\\\/#primaryimage\",\"url\":\"https:\\\/\\\/csma.es\\\/wp-content\\\/uploads\\\/2023\\\/02\\\/IMG-20230203-WA0008-1.jpg\",\"contentUrl\":\"https:\\\/\\\/csma.es\\\/wp-content\\\/uploads\\\/2023\\\/02\\\/IMG-20230203-WA0008-1.jpg\",\"width\":1538,\"height\":904},{\"@type\":\"BreadcrumbList\",\"@id\":\"https:\\\/\\\/csma.es\\\/actualidad\\\/magistral-camara-segovia-21-22-abril\\\/#breadcrumb\",\"itemListElement\":[{\"@type\":\"ListItem\",\"position\":1,\"name\":\"Portada\",\"item\":\"https:\\\/\\\/csma.es\\\/en\\\/\"},{\"@type\":\"ListItem\",\"position\":2,\"name\":\"Magistral C\u00e1mara Segovia, 13-14 abril\"}]},{\"@type\":\"WebSite\",\"@id\":\"https:\\\/\\\/csma.es\\\/#website\",\"url\":\"https:\\\/\\\/csma.es\\\/\",\"name\":\"CSMA\",\"description\":\"Conservatorio Superior de M\u00fasica de Arag\u00f3n\",\"publisher\":{\"@id\":\"https:\\\/\\\/csma.es\\\/#organization\"},\"potentialAction\":[{\"@type\":\"SearchAction\",\"target\":{\"@type\":\"EntryPoint\",\"urlTemplate\":\"https:\\\/\\\/csma.es\\\/?s={search_term_string}\"},\"query-input\":{\"@type\":\"PropertyValueSpecification\",\"valueRequired\":true,\"valueName\":\"search_term_string\"}}],\"inLanguage\":\"en-US\"},{\"@type\":\"Organization\",\"@id\":\"https:\\\/\\\/csma.es\\\/#organization\",\"name\":\"Conservatorio Superior de M\u00fasica de Arag\u00f3n\",\"url\":\"https:\\\/\\\/csma.es\\\/\",\"logo\":{\"@type\":\"ImageObject\",\"inLanguage\":\"en-US\",\"@id\":\"https:\\\/\\\/csma.es\\\/#\\\/schema\\\/logo\\\/image\\\/\",\"url\":\"https:\\\/\\\/csma.es\\\/wp-content\\\/uploads\\\/2025\\\/04\\\/cropped-logo-csma-40anos-vertical-sintexto-positivo.png\",\"contentUrl\":\"https:\\\/\\\/csma.es\\\/wp-content\\\/uploads\\\/2025\\\/04\\\/cropped-logo-csma-40anos-vertical-sintexto-positivo.png\",\"width\":512,\"height\":512,\"caption\":\"Conservatorio Superior de M\u00fasica de Arag\u00f3n\"},\"image\":{\"@id\":\"https:\\\/\\\/csma.es\\\/#\\\/schema\\\/logo\\\/image\\\/\"},\"sameAs\":[\"https:\\\/\\\/www.facebook.com\\\/CSMAragon\\\/\",\"https:\\\/\\\/x.com\\\/csmaconser\",\"https:\\\/\\\/www.instagram.com\\\/csmaragon\\\/\",\"https:\\\/\\\/www.youtube.com\\\/channel\\\/UCcsLLtgZJUhz11-3Aj1sv3w\"]},{\"@type\":\"Person\",\"@id\":\"https:\\\/\\\/csma.es\\\/#\\\/schema\\\/person\\\/dd9e345cd1ec5925a5e8927a0cb3fc69\",\"name\":\"TICS CSMA\"}]}<\/script>\n<!-- \/ Yoast SEO plugin. -->","yoast_head_json":{"title":"Magistral C\u00e1mara Segovia, 13-14 abril - CSMA","robots":{"index":"index","follow":"follow","max-snippet":"max-snippet:-1","max-image-preview":"max-image-preview:large","max-video-preview":"max-video-preview:-1"},"canonical":"https:\/\/csma.es\/actualidad\/magistral-camara-segovia-21-22-abril\/","og_locale":"en_US","og_type":"article","og_title":"Magistral C\u00e1mara Segovia, 13-14 abril - CSMA","og_description":"Los pr\u00f3ximos d\u00edas 13 y 14 de abril, \u00a0Francisco Jos\u00e9 Segovia impartir\u00e1 una Magistral sobre M. de C\u00e1mara en el CSMA. Tendr\u00e1n lugar en el...","og_url":"https:\/\/csma.es\/actualidad\/magistral-camara-segovia-21-22-abril\/","og_site_name":"CSMA","article_publisher":"https:\/\/www.facebook.com\/CSMAragon\/","article_published_time":"2023-03-29T17:40:55+00:00","article_modified_time":"2023-03-31T10:00:04+00:00","og_image":[{"width":1538,"height":904,"url":"https:\/\/csma.es\/wp-content\/uploads\/2023\/02\/IMG-20230203-WA0008-1.jpg","type":"image\/jpeg"}],"author":"TICS CSMA","twitter_card":"summary_large_image","twitter_creator":"@csmaconser","twitter_site":"@csmaconser","twitter_misc":{"Written by":"TICS CSMA","Est. reading time":"2 minutes"},"schema":{"@context":"https:\/\/schema.org","@graph":[{"@type":"Article","@id":"https:\/\/csma.es\/actualidad\/magistral-camara-segovia-21-22-abril\/#article","isPartOf":{"@id":"https:\/\/csma.es\/actualidad\/magistral-camara-segovia-21-22-abril\/"},"author":{"name":"TICS CSMA","@id":"https:\/\/csma.es\/#\/schema\/person\/dd9e345cd1ec5925a5e8927a0cb3fc69"},"headline":"Magistral C\u00e1mara Segovia, 13-14 abril","datePublished":"2023-03-29T17:40:55+00:00","dateModified":"2023-03-31T10:00:04+00:00","mainEntityOfPage":{"@id":"https:\/\/csma.es\/actualidad\/magistral-camara-segovia-21-22-abril\/"},"wordCount":429,"commentCount":0,"publisher":{"@id":"https:\/\/csma.es\/#organization"},"image":{"@id":"https:\/\/csma.es\/actualidad\/magistral-camara-segovia-21-22-abril\/#primaryimage"},"thumbnailUrl":"https:\/\/csma.es\/wp-content\/uploads\/2023\/02\/IMG-20230203-WA0008-1.jpg","articleSection":["Avisos","Noticias"],"inLanguage":"en-US","potentialAction":[{"@type":"CommentAction","name":"Comment","target":["https:\/\/csma.es\/actualidad\/magistral-camara-segovia-21-22-abril\/#respond"]}]},{"@type":"WebPage","@id":"https:\/\/csma.es\/actualidad\/magistral-camara-segovia-21-22-abril\/","url":"https:\/\/csma.es\/actualidad\/magistral-camara-segovia-21-22-abril\/","name":"Magistral C\u00e1mara Segovia, 13-14 abril - CSMA","isPartOf":{"@id":"https:\/\/csma.es\/#website"},"primaryImageOfPage":{"@id":"https:\/\/csma.es\/actualidad\/magistral-camara-segovia-21-22-abril\/#primaryimage"},"image":{"@id":"https:\/\/csma.es\/actualidad\/magistral-camara-segovia-21-22-abril\/#primaryimage"},"thumbnailUrl":"https:\/\/csma.es\/wp-content\/uploads\/2023\/02\/IMG-20230203-WA0008-1.jpg","datePublished":"2023-03-29T17:40:55+00:00","dateModified":"2023-03-31T10:00:04+00:00","breadcrumb":{"@id":"https:\/\/csma.es\/actualidad\/magistral-camara-segovia-21-22-abril\/#breadcrumb"},"inLanguage":"en-US","potentialAction":[{"@type":"ReadAction","target":["https:\/\/csma.es\/actualidad\/magistral-camara-segovia-21-22-abril\/"]}]},{"@type":"ImageObject","inLanguage":"en-US","@id":"https:\/\/csma.es\/actualidad\/magistral-camara-segovia-21-22-abril\/#primaryimage","url":"https:\/\/csma.es\/wp-content\/uploads\/2023\/02\/IMG-20230203-WA0008-1.jpg","contentUrl":"https:\/\/csma.es\/wp-content\/uploads\/2023\/02\/IMG-20230203-WA0008-1.jpg","width":1538,"height":904},{"@type":"BreadcrumbList","@id":"https:\/\/csma.es\/actualidad\/magistral-camara-segovia-21-22-abril\/#breadcrumb","itemListElement":[{"@type":"ListItem","position":1,"name":"Portada","item":"https:\/\/csma.es\/en\/"},{"@type":"ListItem","position":2,"name":"Magistral C\u00e1mara Segovia, 13-14 abril"}]},{"@type":"WebSite","@id":"https:\/\/csma.es\/#website","url":"https:\/\/csma.es\/","name":"CSMA","description":"Conservatorio Superior de M\u00fasica de Arag\u00f3n","publisher":{"@id":"https:\/\/csma.es\/#organization"},"potentialAction":[{"@type":"SearchAction","target":{"@type":"EntryPoint","urlTemplate":"https:\/\/csma.es\/?s={search_term_string}"},"query-input":{"@type":"PropertyValueSpecification","valueRequired":true,"valueName":"search_term_string"}}],"inLanguage":"en-US"},{"@type":"Organization","@id":"https:\/\/csma.es\/#organization","name":"Conservatorio Superior de M\u00fasica de Arag\u00f3n","url":"https:\/\/csma.es\/","logo":{"@type":"ImageObject","inLanguage":"en-US","@id":"https:\/\/csma.es\/#\/schema\/logo\/image\/","url":"https:\/\/csma.es\/wp-content\/uploads\/2025\/04\/cropped-logo-csma-40anos-vertical-sintexto-positivo.png","contentUrl":"https:\/\/csma.es\/wp-content\/uploads\/2025\/04\/cropped-logo-csma-40anos-vertical-sintexto-positivo.png","width":512,"height":512,"caption":"Conservatorio Superior de M\u00fasica de Arag\u00f3n"},"image":{"@id":"https:\/\/csma.es\/#\/schema\/logo\/image\/"},"sameAs":["https:\/\/www.facebook.com\/CSMAragon\/","https:\/\/x.com\/csmaconser","https:\/\/www.instagram.com\/csmaragon\/","https:\/\/www.youtube.com\/channel\/UCcsLLtgZJUhz11-3Aj1sv3w"]},{"@type":"Person","@id":"https:\/\/csma.es\/#\/schema\/person\/dd9e345cd1ec5925a5e8927a0cb3fc69","name":"TICS CSMA"}]}},"publishpress_future_action":{"enabled":false,"date":"2026-05-10 11:37:38","action":"change-status","newStatus":"draft","terms":[],"taxonomy":"category","extraData":[]},"publishpress_future_workflow_manual_trigger":{"enabledWorkflows":[]},"_links":{"self":[{"href":"https:\/\/csma.es\/en\/wp-json\/wp\/v2\/posts\/23991","targetHints":{"allow":["GET"]}}],"collection":[{"href":"https:\/\/csma.es\/en\/wp-json\/wp\/v2\/posts"}],"about":[{"href":"https:\/\/csma.es\/en\/wp-json\/wp\/v2\/types\/post"}],"author":[{"embeddable":true,"href":"https:\/\/csma.es\/en\/wp-json\/wp\/v2\/users\/3"}],"replies":[{"embeddable":true,"href":"https:\/\/csma.es\/en\/wp-json\/wp\/v2\/comments?post=23991"}],"version-history":[{"count":0,"href":"https:\/\/csma.es\/en\/wp-json\/wp\/v2\/posts\/23991\/revisions"}],"wp:featuredmedia":[{"embeddable":true,"href":"https:\/\/csma.es\/en\/wp-json\/wp\/v2\/media\/23992"}],"wp:attachment":[{"href":"https:\/\/csma.es\/en\/wp-json\/wp\/v2\/media?parent=23991"}],"wp:term":[{"taxonomy":"category","embeddable":true,"href":"https:\/\/csma.es\/en\/wp-json\/wp\/v2\/categories?post=23991"},{"taxonomy":"post_tag","embeddable":true,"href":"https:\/\/csma.es\/en\/wp-json\/wp\/v2\/tags?post=23991"}],"curies":[{"name":"wp","href":"https:\/\/api.w.org\/{rel}","templated":true}]}}