{"id":23981,"date":"2023-02-04T08:00:18","date_gmt":"2023-02-04T07:00:18","guid":{"rendered":"https:\/\/csma.es\/?p=23981"},"modified":"2023-02-10T10:57:53","modified_gmt":"2023-02-10T09:57:53","slug":"concierto-camerata-csma-jueves-9-febrero","status":"publish","type":"post","link":"https:\/\/csma.es\/en\/noticias\/concierto-camerata-csma-jueves-9-febrero\/","title":{"rendered":"Concierto Camerata CSMA, jueves 9 febrero"},"content":{"rendered":"<p style=\"text-align: center;\"><strong>CONCIERTO CAMERATA CSMA<\/strong><\/p>\n<p style=\"text-align: center;\"><strong>Auditorio de Zaragoza. Sala Luis Galve<\/strong><\/p>\n<p style=\"text-align: center;\"><strong>Jueves, 9 de febrero. 19:30<\/strong><\/p>\n<p style=\"text-align: center;\"><strong><span style=\"text-align: justify;\">Concertino-director invitado D. Francisco Fullana, viol\u00edn<\/span><\/strong><\/p>\n<p style=\"text-align: justify;\">La <strong>Camerata del CSMA<\/strong> es una formaci\u00f3n que proyecta la pr\u00e1ctica del cuarteto en el repertorio orquestal, pudiendo ser \u00fanicamente para cuerda o agregar a su plantilla otros instrumentos. Como proyecto del Centro cumple un doble objetivo: el de abarcar un repertorio que queda al margen de las otras agrupaciones a pesar de ocupar un espacio fundamental en nuestra historia musical y, paralelamente, el de formar a los alumnos en una disciplina esencial para su futuro profesional<br \/>\nAdem\u00e1s al estar marcada por un estricto planteamiento camer\u00edstico, la Camerata como proyecto pedag\u00f3gico, ense\u00f1a a cada m\u00fasico el democr\u00e1tico valor de la responsabilidad individual y el compromiso profesional, como elementos clave para el resultado de un proyecto colectivo que mantiene vivas las diferentes personalidades de sus miembros, al tiempo que sus iniciativas particulares dotan al conjunto de una compartida identidad sonora, rica y poli\u00e9drica, que lo singularizan y lo hace irrepetible, con un valor art\u00edstico diferente al de una orquesta convencional.<br \/>\nHan sido dirigida entre otros por Aitor Hevia, Bernat Prats, violines y La Fern\u00e1ndez viola. Actualmente su titular es Josep Colom\u00e9, profesor de viol\u00edn.<\/p>\n<p style=\"text-align: justify;\">El violinista espa\u00f1ol <strong>Francisco Fullana<\/strong>, galardonado en 2018 con el Avery Fisher Career Grant, es conocido a ambos lados del Atl\u00e1ntico como solista internacional y pionero en proyectos innovadores de colaboraci\u00f3n junto a j\u00f3venes m\u00fasicos. Ha sido aclamado como una \u201cestrella en ascenso\u201d por la revista BBC Music Magazine y un \u201cincre\u00edble talento\u201d en palabras de Gustavo Dudamel. El San Francisco Classical Voice, lo describi\u00f3 como \u201cun dechado de delicadeza\u201d.<br \/>\nEntre los compromisos en la actual temporada se incluyen una gira de m\u00e1s de veinte conciertos, como Artista Residente, con la galardonada Grammy Award Orquesta Barroca de Cleveland Apollo\u2019s Fire, con sede en Cleveland, entre los que destacan su reciente regreso al Carnegie Hall, con las localidades agotadas, as\u00ed como en su presentaci\u00f3n en el Severance Hall de Cleveland, Francisco obtuvo un gran \u00e9xito de p\u00fablico y de cr\u00edtica. Ha sido nombrado artista en residencia para 2022-23 de la orquesta barroca Apollo\u2019s Fire, ganadores del Grammy en 2020. Fullana aparecer\u00e1 como solista esta temporada en 20 ocasiones bajo la batuta de su directora, Jeannette Sorrell, en escenarios como el Carnegie Hall de NYC y el Severance Hall de Cleveland. Colaboraci\u00f3n que ha culminado con la publicaci\u00f3n del CD \u201cLas Cuatro Estaciones de Vivaldi\u201d para Avie Records. Esta versi\u00f3n de las estaciones de Vivaldi por Fullana\/Sorrell ha sido recientemente calificada por el Sunday Times de Londres como \u2018una revelaci\u00f3n\u201d, catalog\u00e1ndolo como el n\u00famero 3 en la lista de mejores CDs cl\u00e1sicos de 2021. El CD tambi\u00e9n debut\u00f3 como n\u00famero 2 en la revista estadounidense Billboard Classical Chart.<\/p>\n<p style=\"text-align: center;\"><strong>PROGRAMA<\/strong><\/p>\n<p style=\"text-align: center;\">A.FALCONIERI (N\u00e1poles 1585 o 1586 \u2013 N\u00e1poles, 1656)<br \/>\nCiaconna en Sol Mayor (ca.1650)<\/p>\n<p style=\"text-align: center;\">H.I.BIBER (Wartenberg, 12 de agosto de 1644 \u2013 Salzburgo, 3 de mayo de 1704).<br \/>\nBattalia a 10 (1673)<\/p>\n<p style=\"text-align: center;\">M. H. ARNOLD (Northampton, 21 de octubre de 1921-Norwich, 23 de septiembre de 2006)<br \/>\nConcierto op. 77 para dos violines y cuerdas (1962)<\/p>\n<p style=\"text-align: center;\">J.S. BACH (Eisenach, actual Alemania, 1685 \u2013 Leipzig, 1750)<br \/>\nFuga de la ofrenda musical BWV 1079<\/p>\n<p style=\"text-align: center;\">D. SHOSTAKOVITCH (San Petersburgo, 25 de septiembre de 1906-Mosc\u00fa, 9 de agosto de 1975)<br \/>\nSinfon\u00eda de C\u00e1mara de op. 110a (arr.Rudolf Barshai)<\/p>\n","protected":false},"excerpt":{"rendered":"<p>CONCIERTO CAMERATA CSMA Auditorio de Zaragoza. Sala Luis Galve Jueves, 9 de febrero. 19:30 Concertino-director invitado D. Francisco Fullana, viol\u00edn La Camerata del CSMA es&#8230;<\/p>\n","protected":false},"author":3,"featured_media":23778,"comment_status":"open","ping_status":"open","sticky":false,"template":"","format":"standard","meta":{"footnotes":""},"categories":[403,368],"tags":[],"class_list":["post-23981","post","type-post","status-publish","format-standard","has-post-thumbnail","hentry","category-avisos","category-noticias"],"yoast_head":"<!-- This site is optimized with the Yoast SEO plugin v27.5 - https:\/\/yoast.com\/product\/yoast-seo-wordpress\/ -->\n<title>Concierto Camerata CSMA, jueves 9 febrero - CSMA<\/title>\n<meta name=\"robots\" content=\"index, follow, max-snippet:-1, max-image-preview:large, max-video-preview:-1\" \/>\n<link rel=\"canonical\" href=\"https:\/\/csma.es\/actualidad\/concierto-camerata-csma-jueves-9-febrero\/\" \/>\n<meta property=\"og:locale\" content=\"en_US\" \/>\n<meta property=\"og:type\" content=\"article\" \/>\n<meta property=\"og:title\" content=\"Concierto Camerata CSMA, jueves 9 febrero - CSMA\" \/>\n<meta property=\"og:description\" content=\"CONCIERTO CAMERATA CSMA Auditorio de Zaragoza. Sala Luis Galve Jueves, 9 de febrero. 19:30 Concertino-director invitado D. Francisco Fullana, viol\u00edn La Camerata del CSMA es...\" \/>\n<meta property=\"og:url\" content=\"https:\/\/csma.es\/actualidad\/concierto-camerata-csma-jueves-9-febrero\/\" \/>\n<meta property=\"og:site_name\" content=\"CSMA\" \/>\n<meta property=\"article:publisher\" content=\"https:\/\/www.facebook.com\/CSMAragon\/\" \/>\n<meta property=\"article:published_time\" content=\"2023-02-04T07:00:18+00:00\" \/>\n<meta property=\"article:modified_time\" content=\"2023-02-10T09:57:53+00:00\" \/>\n<meta property=\"og:image\" content=\"https:\/\/csma.es\/wp-content\/uploads\/2023\/01\/Camerata3-scaled.jpg\" \/>\n\t<meta property=\"og:image:width\" content=\"1707\" \/>\n\t<meta property=\"og:image:height\" content=\"2560\" \/>\n\t<meta property=\"og:image:type\" content=\"image\/jpeg\" \/>\n<meta name=\"author\" content=\"TICS CSMA\" \/>\n<meta name=\"twitter:card\" content=\"summary_large_image\" \/>\n<meta name=\"twitter:creator\" content=\"@csmaconser\" \/>\n<meta name=\"twitter:site\" content=\"@csmaconser\" \/>\n<meta name=\"twitter:label1\" content=\"Written by\" \/>\n\t<meta name=\"twitter:data1\" content=\"TICS CSMA\" \/>\n\t<meta name=\"twitter:label2\" content=\"Est. reading time\" \/>\n\t<meta name=\"twitter:data2\" content=\"3 minutes\" \/>\n<script type=\"application\/ld+json\" class=\"yoast-schema-graph\">{\"@context\":\"https:\\\/\\\/schema.org\",\"@graph\":[{\"@type\":\"Article\",\"@id\":\"https:\\\/\\\/csma.es\\\/actualidad\\\/concierto-camerata-csma-jueves-9-febrero\\\/#article\",\"isPartOf\":{\"@id\":\"https:\\\/\\\/csma.es\\\/actualidad\\\/concierto-camerata-csma-jueves-9-febrero\\\/\"},\"author\":{\"name\":\"TICS CSMA\",\"@id\":\"https:\\\/\\\/csma.es\\\/#\\\/schema\\\/person\\\/dd9e345cd1ec5925a5e8927a0cb3fc69\"},\"headline\":\"Concierto Camerata CSMA, jueves 9 febrero\",\"datePublished\":\"2023-02-04T07:00:18+00:00\",\"dateModified\":\"2023-02-10T09:57:53+00:00\",\"mainEntityOfPage\":{\"@id\":\"https:\\\/\\\/csma.es\\\/actualidad\\\/concierto-camerata-csma-jueves-9-febrero\\\/\"},\"wordCount\":570,\"commentCount\":0,\"publisher\":{\"@id\":\"https:\\\/\\\/csma.es\\\/#organization\"},\"image\":{\"@id\":\"https:\\\/\\\/csma.es\\\/actualidad\\\/concierto-camerata-csma-jueves-9-febrero\\\/#primaryimage\"},\"thumbnailUrl\":\"https:\\\/\\\/csma.es\\\/wp-content\\\/uploads\\\/2023\\\/01\\\/Camerata3-scaled.jpg\",\"articleSection\":[\"Avisos\",\"Noticias\"],\"inLanguage\":\"en-US\",\"potentialAction\":[{\"@type\":\"CommentAction\",\"name\":\"Comment\",\"target\":[\"https:\\\/\\\/csma.es\\\/actualidad\\\/concierto-camerata-csma-jueves-9-febrero\\\/#respond\"]}]},{\"@type\":\"WebPage\",\"@id\":\"https:\\\/\\\/csma.es\\\/actualidad\\\/concierto-camerata-csma-jueves-9-febrero\\\/\",\"url\":\"https:\\\/\\\/csma.es\\\/actualidad\\\/concierto-camerata-csma-jueves-9-febrero\\\/\",\"name\":\"Concierto Camerata CSMA, jueves 9 febrero - CSMA\",\"isPartOf\":{\"@id\":\"https:\\\/\\\/csma.es\\\/#website\"},\"primaryImageOfPage\":{\"@id\":\"https:\\\/\\\/csma.es\\\/actualidad\\\/concierto-camerata-csma-jueves-9-febrero\\\/#primaryimage\"},\"image\":{\"@id\":\"https:\\\/\\\/csma.es\\\/actualidad\\\/concierto-camerata-csma-jueves-9-febrero\\\/#primaryimage\"},\"thumbnailUrl\":\"https:\\\/\\\/csma.es\\\/wp-content\\\/uploads\\\/2023\\\/01\\\/Camerata3-scaled.jpg\",\"datePublished\":\"2023-02-04T07:00:18+00:00\",\"dateModified\":\"2023-02-10T09:57:53+00:00\",\"breadcrumb\":{\"@id\":\"https:\\\/\\\/csma.es\\\/actualidad\\\/concierto-camerata-csma-jueves-9-febrero\\\/#breadcrumb\"},\"inLanguage\":\"en-US\",\"potentialAction\":[{\"@type\":\"ReadAction\",\"target\":[\"https:\\\/\\\/csma.es\\\/actualidad\\\/concierto-camerata-csma-jueves-9-febrero\\\/\"]}]},{\"@type\":\"ImageObject\",\"inLanguage\":\"en-US\",\"@id\":\"https:\\\/\\\/csma.es\\\/actualidad\\\/concierto-camerata-csma-jueves-9-febrero\\\/#primaryimage\",\"url\":\"https:\\\/\\\/csma.es\\\/wp-content\\\/uploads\\\/2023\\\/01\\\/Camerata3-scaled.jpg\",\"contentUrl\":\"https:\\\/\\\/csma.es\\\/wp-content\\\/uploads\\\/2023\\\/01\\\/Camerata3-scaled.jpg\",\"width\":1707,\"height\":2560},{\"@type\":\"BreadcrumbList\",\"@id\":\"https:\\\/\\\/csma.es\\\/actualidad\\\/concierto-camerata-csma-jueves-9-febrero\\\/#breadcrumb\",\"itemListElement\":[{\"@type\":\"ListItem\",\"position\":1,\"name\":\"Portada\",\"item\":\"https:\\\/\\\/csma.es\\\/en\\\/\"},{\"@type\":\"ListItem\",\"position\":2,\"name\":\"Concierto Camerata CSMA, jueves 9 febrero\"}]},{\"@type\":\"WebSite\",\"@id\":\"https:\\\/\\\/csma.es\\\/#website\",\"url\":\"https:\\\/\\\/csma.es\\\/\",\"name\":\"CSMA\",\"description\":\"Conservatorio Superior de M\u00fasica de Arag\u00f3n\",\"publisher\":{\"@id\":\"https:\\\/\\\/csma.es\\\/#organization\"},\"potentialAction\":[{\"@type\":\"SearchAction\",\"target\":{\"@type\":\"EntryPoint\",\"urlTemplate\":\"https:\\\/\\\/csma.es\\\/?s={search_term_string}\"},\"query-input\":{\"@type\":\"PropertyValueSpecification\",\"valueRequired\":true,\"valueName\":\"search_term_string\"}}],\"inLanguage\":\"en-US\"},{\"@type\":\"Organization\",\"@id\":\"https:\\\/\\\/csma.es\\\/#organization\",\"name\":\"Conservatorio Superior de M\u00fasica de Arag\u00f3n\",\"url\":\"https:\\\/\\\/csma.es\\\/\",\"logo\":{\"@type\":\"ImageObject\",\"inLanguage\":\"en-US\",\"@id\":\"https:\\\/\\\/csma.es\\\/#\\\/schema\\\/logo\\\/image\\\/\",\"url\":\"https:\\\/\\\/csma.es\\\/wp-content\\\/uploads\\\/2025\\\/04\\\/cropped-logo-csma-40anos-vertical-sintexto-positivo.png\",\"contentUrl\":\"https:\\\/\\\/csma.es\\\/wp-content\\\/uploads\\\/2025\\\/04\\\/cropped-logo-csma-40anos-vertical-sintexto-positivo.png\",\"width\":512,\"height\":512,\"caption\":\"Conservatorio Superior de M\u00fasica de Arag\u00f3n\"},\"image\":{\"@id\":\"https:\\\/\\\/csma.es\\\/#\\\/schema\\\/logo\\\/image\\\/\"},\"sameAs\":[\"https:\\\/\\\/www.facebook.com\\\/CSMAragon\\\/\",\"https:\\\/\\\/x.com\\\/csmaconser\",\"https:\\\/\\\/www.instagram.com\\\/csmaragon\\\/\",\"https:\\\/\\\/www.youtube.com\\\/channel\\\/UCcsLLtgZJUhz11-3Aj1sv3w\"]},{\"@type\":\"Person\",\"@id\":\"https:\\\/\\\/csma.es\\\/#\\\/schema\\\/person\\\/dd9e345cd1ec5925a5e8927a0cb3fc69\",\"name\":\"TICS CSMA\"}]}<\/script>\n<!-- \/ Yoast SEO plugin. -->","yoast_head_json":{"title":"Concierto Camerata CSMA, jueves 9 febrero - CSMA","robots":{"index":"index","follow":"follow","max-snippet":"max-snippet:-1","max-image-preview":"max-image-preview:large","max-video-preview":"max-video-preview:-1"},"canonical":"https:\/\/csma.es\/actualidad\/concierto-camerata-csma-jueves-9-febrero\/","og_locale":"en_US","og_type":"article","og_title":"Concierto Camerata CSMA, jueves 9 febrero - CSMA","og_description":"CONCIERTO CAMERATA CSMA Auditorio de Zaragoza. Sala Luis Galve Jueves, 9 de febrero. 19:30 Concertino-director invitado D. Francisco Fullana, viol\u00edn La Camerata del CSMA es...","og_url":"https:\/\/csma.es\/actualidad\/concierto-camerata-csma-jueves-9-febrero\/","og_site_name":"CSMA","article_publisher":"https:\/\/www.facebook.com\/CSMAragon\/","article_published_time":"2023-02-04T07:00:18+00:00","article_modified_time":"2023-02-10T09:57:53+00:00","og_image":[{"width":1707,"height":2560,"url":"https:\/\/csma.es\/wp-content\/uploads\/2023\/01\/Camerata3-scaled.jpg","type":"image\/jpeg"}],"author":"TICS CSMA","twitter_card":"summary_large_image","twitter_creator":"@csmaconser","twitter_site":"@csmaconser","twitter_misc":{"Written by":"TICS CSMA","Est. reading time":"3 minutes"},"schema":{"@context":"https:\/\/schema.org","@graph":[{"@type":"Article","@id":"https:\/\/csma.es\/actualidad\/concierto-camerata-csma-jueves-9-febrero\/#article","isPartOf":{"@id":"https:\/\/csma.es\/actualidad\/concierto-camerata-csma-jueves-9-febrero\/"},"author":{"name":"TICS CSMA","@id":"https:\/\/csma.es\/#\/schema\/person\/dd9e345cd1ec5925a5e8927a0cb3fc69"},"headline":"Concierto Camerata CSMA, jueves 9 febrero","datePublished":"2023-02-04T07:00:18+00:00","dateModified":"2023-02-10T09:57:53+00:00","mainEntityOfPage":{"@id":"https:\/\/csma.es\/actualidad\/concierto-camerata-csma-jueves-9-febrero\/"},"wordCount":570,"commentCount":0,"publisher":{"@id":"https:\/\/csma.es\/#organization"},"image":{"@id":"https:\/\/csma.es\/actualidad\/concierto-camerata-csma-jueves-9-febrero\/#primaryimage"},"thumbnailUrl":"https:\/\/csma.es\/wp-content\/uploads\/2023\/01\/Camerata3-scaled.jpg","articleSection":["Avisos","Noticias"],"inLanguage":"en-US","potentialAction":[{"@type":"CommentAction","name":"Comment","target":["https:\/\/csma.es\/actualidad\/concierto-camerata-csma-jueves-9-febrero\/#respond"]}]},{"@type":"WebPage","@id":"https:\/\/csma.es\/actualidad\/concierto-camerata-csma-jueves-9-febrero\/","url":"https:\/\/csma.es\/actualidad\/concierto-camerata-csma-jueves-9-febrero\/","name":"Concierto Camerata CSMA, jueves 9 febrero - CSMA","isPartOf":{"@id":"https:\/\/csma.es\/#website"},"primaryImageOfPage":{"@id":"https:\/\/csma.es\/actualidad\/concierto-camerata-csma-jueves-9-febrero\/#primaryimage"},"image":{"@id":"https:\/\/csma.es\/actualidad\/concierto-camerata-csma-jueves-9-febrero\/#primaryimage"},"thumbnailUrl":"https:\/\/csma.es\/wp-content\/uploads\/2023\/01\/Camerata3-scaled.jpg","datePublished":"2023-02-04T07:00:18+00:00","dateModified":"2023-02-10T09:57:53+00:00","breadcrumb":{"@id":"https:\/\/csma.es\/actualidad\/concierto-camerata-csma-jueves-9-febrero\/#breadcrumb"},"inLanguage":"en-US","potentialAction":[{"@type":"ReadAction","target":["https:\/\/csma.es\/actualidad\/concierto-camerata-csma-jueves-9-febrero\/"]}]},{"@type":"ImageObject","inLanguage":"en-US","@id":"https:\/\/csma.es\/actualidad\/concierto-camerata-csma-jueves-9-febrero\/#primaryimage","url":"https:\/\/csma.es\/wp-content\/uploads\/2023\/01\/Camerata3-scaled.jpg","contentUrl":"https:\/\/csma.es\/wp-content\/uploads\/2023\/01\/Camerata3-scaled.jpg","width":1707,"height":2560},{"@type":"BreadcrumbList","@id":"https:\/\/csma.es\/actualidad\/concierto-camerata-csma-jueves-9-febrero\/#breadcrumb","itemListElement":[{"@type":"ListItem","position":1,"name":"Portada","item":"https:\/\/csma.es\/en\/"},{"@type":"ListItem","position":2,"name":"Concierto Camerata CSMA, jueves 9 febrero"}]},{"@type":"WebSite","@id":"https:\/\/csma.es\/#website","url":"https:\/\/csma.es\/","name":"CSMA","description":"Conservatorio Superior de M\u00fasica de Arag\u00f3n","publisher":{"@id":"https:\/\/csma.es\/#organization"},"potentialAction":[{"@type":"SearchAction","target":{"@type":"EntryPoint","urlTemplate":"https:\/\/csma.es\/?s={search_term_string}"},"query-input":{"@type":"PropertyValueSpecification","valueRequired":true,"valueName":"search_term_string"}}],"inLanguage":"en-US"},{"@type":"Organization","@id":"https:\/\/csma.es\/#organization","name":"Conservatorio Superior de M\u00fasica de Arag\u00f3n","url":"https:\/\/csma.es\/","logo":{"@type":"ImageObject","inLanguage":"en-US","@id":"https:\/\/csma.es\/#\/schema\/logo\/image\/","url":"https:\/\/csma.es\/wp-content\/uploads\/2025\/04\/cropped-logo-csma-40anos-vertical-sintexto-positivo.png","contentUrl":"https:\/\/csma.es\/wp-content\/uploads\/2025\/04\/cropped-logo-csma-40anos-vertical-sintexto-positivo.png","width":512,"height":512,"caption":"Conservatorio Superior de M\u00fasica de Arag\u00f3n"},"image":{"@id":"https:\/\/csma.es\/#\/schema\/logo\/image\/"},"sameAs":["https:\/\/www.facebook.com\/CSMAragon\/","https:\/\/x.com\/csmaconser","https:\/\/www.instagram.com\/csmaragon\/","https:\/\/www.youtube.com\/channel\/UCcsLLtgZJUhz11-3Aj1sv3w"]},{"@type":"Person","@id":"https:\/\/csma.es\/#\/schema\/person\/dd9e345cd1ec5925a5e8927a0cb3fc69","name":"TICS CSMA"}]}},"publishpress_future_action":{"enabled":false,"date":"2026-05-09 14:41:50","action":"change-status","newStatus":"draft","terms":[],"taxonomy":"category","extraData":[]},"publishpress_future_workflow_manual_trigger":{"enabledWorkflows":[]},"_links":{"self":[{"href":"https:\/\/csma.es\/en\/wp-json\/wp\/v2\/posts\/23981","targetHints":{"allow":["GET"]}}],"collection":[{"href":"https:\/\/csma.es\/en\/wp-json\/wp\/v2\/posts"}],"about":[{"href":"https:\/\/csma.es\/en\/wp-json\/wp\/v2\/types\/post"}],"author":[{"embeddable":true,"href":"https:\/\/csma.es\/en\/wp-json\/wp\/v2\/users\/3"}],"replies":[{"embeddable":true,"href":"https:\/\/csma.es\/en\/wp-json\/wp\/v2\/comments?post=23981"}],"version-history":[{"count":0,"href":"https:\/\/csma.es\/en\/wp-json\/wp\/v2\/posts\/23981\/revisions"}],"wp:featuredmedia":[{"embeddable":true,"href":"https:\/\/csma.es\/en\/wp-json\/wp\/v2\/media\/23778"}],"wp:attachment":[{"href":"https:\/\/csma.es\/en\/wp-json\/wp\/v2\/media?parent=23981"}],"wp:term":[{"taxonomy":"category","embeddable":true,"href":"https:\/\/csma.es\/en\/wp-json\/wp\/v2\/categories?post=23981"},{"taxonomy":"post_tag","embeddable":true,"href":"https:\/\/csma.es\/en\/wp-json\/wp\/v2\/tags?post=23981"}],"curies":[{"name":"wp","href":"https:\/\/api.w.org\/{rel}","templated":true}]}}