{"id":23920,"date":"2023-05-10T11:05:26","date_gmt":"2023-05-10T09:05:26","guid":{"rendered":"https:\/\/csma.es\/?p=23920"},"modified":"2023-05-19T19:18:05","modified_gmt":"2023-05-19T17:18:05","slug":"magistral-cuarteto-cuerda-poggio-18-mayo","status":"publish","type":"post","link":"https:\/\/csma.es\/en\/noticias\/magistral-cuarteto-cuerda-poggio-18-mayo\/","title":{"rendered":"Magistral cuarteto cuerda, Poggio 19 mayo"},"content":{"rendered":"<p style=\"text-align: justify;\">El pr\u00f3ximo <strong>19 de mayo<\/strong>, <strong>Helena Poggio<\/strong> impartir\u00e1 unas <strong>Clases Magistrales de Cuarteto de Cuerda y M\u00fasica de C\u00e1mara<\/strong> en el CSMA. Tendr\u00e1n lugar en el <strong>Auditorio Eduardo del Pueyo y el aula 001<\/strong> de <strong>9:00 a 10:30, de 11:00 y de 11:00 a 20:00<\/strong>.<\/p>\n<p style=\"text-align: justify;\">Nacida en Madrid, Helena Poggio se forma en la Escuela Superior de M\u00fasica Reina Sof\u00eda bajo la tutela de Frans Helmerson. All\u00ed recibe de manos de Su Majestad la Reina Do\u00f1a Sof\u00eda el Diploma de Alumno M\u00e1s Sobresaliente de su c\u00e1tedra por dos a\u00f1os consecutivos, al mismo tiempo que finaliza su titulaci\u00f3n con Premio Extraordinario Fin de Carrera. Amplia sus estudios en EEUU con un Artist Diploma en Bloomington, Indiana University y un Master of Music en la Juilliard School de Nueva York. Recibe clases de N. Shakhovskaya, P. M\u00fcller, B. Pergamenchikov, D. Geringas o B. Greenhouse entre otros. Ha obtenido primeros premios en diversos concursos nacionales e internacionales como el Primer Premio en el Concurso de M\u00fasica de C\u00e1mara de Juventudes Musicales, el Primer Premio en el concurso J\u00f3venes Int\u00e9rpretes \u201cCiudad de X\u00e1tiva\u201d, el Primer Premio y el Premio de P\u00fablico en el Concurso Internacional \u201cJulio Cardona\u201d (Portugal) o el Primer Premio del Latin American Music Center Competition (Indiana University, USA). Ha actuado como solista con la Orquesta Ciudad de Granada, la Orquesta Sinf\u00f3nica de Gij\u00f3n y ha sido grabada por Radio Nacional de Espa\u00f1a. Como integrante de diversas orquestas, ha trabajado bajo la batuta de directores como J.Levine, K.Masur, L.Maazel, P. J\u00e4rvi, Z.Metha o Sir Colin Davis.<\/p>\n<p style=\"text-align: justify;\">Como violonchelista del Cuarteto Quiroga, Premio Nacional de M\u00fasica 2018, mantiene una intensa actividad art\u00edstica, realizando conciertos por las salas m\u00e1s importantes del panorama internacional; Wigmore Hall de Londres, Lincoln Center en New York, Concertgebouw de Amsterdam, Auditorio Nacional de Madrid, Philarmonie Berlin, Washington National Gallery, Palau de Barcelona, Konzethaus Berlin, Pierre Boulez etc, compartiendo escenario con m\u00fasicos de la talla de Martha Argerich, Javier Perianes, Veronika Hagen, Valentin Erben, Antje Weithaas o J\u00f6rg Widmann entre otros. Ha grabado siete discos que han obtenido el aplauso de la cr\u00edtica internacional especializada, estando considerado el Cuarteto Quiroga como una de las agrupaciones m\u00e1s din\u00e1micas, audaces y renovadoras de la nueva generaci\u00f3n europea.<\/p>\n<p style=\"text-align: justify;\">La m\u00fasica de c\u00e1mara siempre ha sido su pasi\u00f3n y cree firmemente que es una de las maneras m\u00e1s poderosas de comunicar, aprender y compartir la m\u00fasica ya sea con el p\u00fablico, con otros artistas o a trav\u00e9s de la ense\u00f1anza, faceta que ha cultivado durante m\u00e1s de una d\u00e9cada en el Conservatorio Superior de M\u00fasica de Arag\u00f3n. Sus profesores de cuarteto R. Schmidt, W. Levin y H. Beyerle han influido profundamente en su modo de entender la m\u00fasica.<br \/>\nRecibi\u00f3 su formaci\u00f3n camer\u00edstica con el cuarteto en el Instituto Internacional de M\u00fasica de C\u00e1mara de Madrid, la Musikhochschule de Basilea y en la European Chamber Music Academy y han sido galardonados en los m\u00e1s relevantes concursos internacionales para cuarteto de cuerda (Burdeos, Ginebra, Reggio Emilia \u201cBorciani\u201d, Pek\u00edn, Paris) as\u00ed como la medalla de oro del Palau de la M\u00fasica de Barcelona o el Premio \u201cOjo Cr\u00edtico\u201d de RNE.<\/p>\n<p style=\"text-align: justify;\">Ha sido miembro del jurado del Concurso Internacional de Cuartetos de Cuerda de Bordeaux, el Concurso Internacional de J\u00f3venes Cuartetos \u201cPiero Farulli\u201d, el Concurso Permanente de Juventudes Musicales de Espa\u00f1a y pr\u00f3ximamente del Concurso Internacional de Cuartetos de Cuerda de Bad T\u00f6lz. Becaria Fulbright, siempre ha compaginado la docencia con su actividad art\u00edstica y desde el 2019 es Catedr\u00e1tica de M\u00fasica de C\u00e1mara por oposici\u00f3n en el Real Conservatorio Superior de M\u00fasica de Madrid.<\/p>\n","protected":false},"excerpt":{"rendered":"<p>El pr\u00f3ximo 19 de mayo, Helena Poggio impartir\u00e1 unas Clases Magistrales de Cuarteto de Cuerda y M\u00fasica de C\u00e1mara en el CSMA. Tendr\u00e1n lugar en&#8230;<\/p>\n","protected":false},"author":3,"featured_media":23929,"comment_status":"open","ping_status":"open","sticky":false,"template":"","format":"standard","meta":{"footnotes":""},"categories":[403,368],"tags":[],"class_list":["post-23920","post","type-post","status-publish","format-standard","has-post-thumbnail","hentry","category-avisos","category-noticias"],"yoast_head":"<!-- This site is optimized with the Yoast SEO plugin v27.5 - https:\/\/yoast.com\/product\/yoast-seo-wordpress\/ -->\n<title>Magistral cuarteto cuerda, Poggio 19 mayo - CSMA<\/title>\n<meta name=\"robots\" content=\"index, follow, max-snippet:-1, max-image-preview:large, max-video-preview:-1\" \/>\n<link rel=\"canonical\" href=\"https:\/\/csma.es\/actualidad\/magistral-cuarteto-cuerda-poggio-18-mayo\/\" \/>\n<meta property=\"og:locale\" content=\"en_US\" \/>\n<meta property=\"og:type\" content=\"article\" \/>\n<meta property=\"og:title\" content=\"Magistral cuarteto cuerda, Poggio 19 mayo - CSMA\" \/>\n<meta property=\"og:description\" content=\"El pr\u00f3ximo 19 de mayo, Helena Poggio impartir\u00e1 unas Clases Magistrales de Cuarteto de Cuerda y M\u00fasica de C\u00e1mara en el CSMA. Tendr\u00e1n lugar en...\" \/>\n<meta property=\"og:url\" content=\"https:\/\/csma.es\/actualidad\/magistral-cuarteto-cuerda-poggio-18-mayo\/\" \/>\n<meta property=\"og:site_name\" content=\"CSMA\" \/>\n<meta property=\"article:publisher\" content=\"https:\/\/www.facebook.com\/CSMAragon\/\" \/>\n<meta property=\"article:published_time\" content=\"2023-05-10T09:05:26+00:00\" \/>\n<meta property=\"article:modified_time\" content=\"2023-05-19T17:18:05+00:00\" \/>\n<meta property=\"og:image\" content=\"https:\/\/csma.es\/wp-content\/uploads\/2023\/05\/Cuarteto_Quiroga_photo_Josep_Molina-161.jpg\" \/>\n\t<meta property=\"og:image:width\" content=\"1366\" \/>\n\t<meta property=\"og:image:height\" content=\"2048\" \/>\n\t<meta property=\"og:image:type\" content=\"image\/jpeg\" \/>\n<meta name=\"author\" content=\"TICS CSMA\" \/>\n<meta name=\"twitter:card\" content=\"summary_large_image\" \/>\n<meta name=\"twitter:creator\" content=\"@csmaconser\" \/>\n<meta name=\"twitter:site\" content=\"@csmaconser\" \/>\n<meta name=\"twitter:label1\" content=\"Written by\" \/>\n\t<meta name=\"twitter:data1\" content=\"TICS CSMA\" \/>\n\t<meta name=\"twitter:label2\" content=\"Est. reading time\" \/>\n\t<meta name=\"twitter:data2\" content=\"3 minutes\" \/>\n<script type=\"application\/ld+json\" class=\"yoast-schema-graph\">{\"@context\":\"https:\\\/\\\/schema.org\",\"@graph\":[{\"@type\":\"Article\",\"@id\":\"https:\\\/\\\/csma.es\\\/actualidad\\\/magistral-cuarteto-cuerda-poggio-18-mayo\\\/#article\",\"isPartOf\":{\"@id\":\"https:\\\/\\\/csma.es\\\/actualidad\\\/magistral-cuarteto-cuerda-poggio-18-mayo\\\/\"},\"author\":{\"name\":\"TICS CSMA\",\"@id\":\"https:\\\/\\\/csma.es\\\/#\\\/schema\\\/person\\\/dd9e345cd1ec5925a5e8927a0cb3fc69\"},\"headline\":\"Magistral cuarteto cuerda, Poggio 19 mayo\",\"datePublished\":\"2023-05-10T09:05:26+00:00\",\"dateModified\":\"2023-05-19T17:18:05+00:00\",\"mainEntityOfPage\":{\"@id\":\"https:\\\/\\\/csma.es\\\/actualidad\\\/magistral-cuarteto-cuerda-poggio-18-mayo\\\/\"},\"wordCount\":650,\"commentCount\":0,\"publisher\":{\"@id\":\"https:\\\/\\\/csma.es\\\/#organization\"},\"image\":{\"@id\":\"https:\\\/\\\/csma.es\\\/actualidad\\\/magistral-cuarteto-cuerda-poggio-18-mayo\\\/#primaryimage\"},\"thumbnailUrl\":\"https:\\\/\\\/csma.es\\\/wp-content\\\/uploads\\\/2023\\\/05\\\/Cuarteto_Quiroga_photo_Josep_Molina-161.jpg\",\"articleSection\":[\"Avisos\",\"Noticias\"],\"inLanguage\":\"en-US\",\"potentialAction\":[{\"@type\":\"CommentAction\",\"name\":\"Comment\",\"target\":[\"https:\\\/\\\/csma.es\\\/actualidad\\\/magistral-cuarteto-cuerda-poggio-18-mayo\\\/#respond\"]}]},{\"@type\":\"WebPage\",\"@id\":\"https:\\\/\\\/csma.es\\\/actualidad\\\/magistral-cuarteto-cuerda-poggio-18-mayo\\\/\",\"url\":\"https:\\\/\\\/csma.es\\\/actualidad\\\/magistral-cuarteto-cuerda-poggio-18-mayo\\\/\",\"name\":\"Magistral cuarteto cuerda, Poggio 19 mayo - CSMA\",\"isPartOf\":{\"@id\":\"https:\\\/\\\/csma.es\\\/#website\"},\"primaryImageOfPage\":{\"@id\":\"https:\\\/\\\/csma.es\\\/actualidad\\\/magistral-cuarteto-cuerda-poggio-18-mayo\\\/#primaryimage\"},\"image\":{\"@id\":\"https:\\\/\\\/csma.es\\\/actualidad\\\/magistral-cuarteto-cuerda-poggio-18-mayo\\\/#primaryimage\"},\"thumbnailUrl\":\"https:\\\/\\\/csma.es\\\/wp-content\\\/uploads\\\/2023\\\/05\\\/Cuarteto_Quiroga_photo_Josep_Molina-161.jpg\",\"datePublished\":\"2023-05-10T09:05:26+00:00\",\"dateModified\":\"2023-05-19T17:18:05+00:00\",\"breadcrumb\":{\"@id\":\"https:\\\/\\\/csma.es\\\/actualidad\\\/magistral-cuarteto-cuerda-poggio-18-mayo\\\/#breadcrumb\"},\"inLanguage\":\"en-US\",\"potentialAction\":[{\"@type\":\"ReadAction\",\"target\":[\"https:\\\/\\\/csma.es\\\/actualidad\\\/magistral-cuarteto-cuerda-poggio-18-mayo\\\/\"]}]},{\"@type\":\"ImageObject\",\"inLanguage\":\"en-US\",\"@id\":\"https:\\\/\\\/csma.es\\\/actualidad\\\/magistral-cuarteto-cuerda-poggio-18-mayo\\\/#primaryimage\",\"url\":\"https:\\\/\\\/csma.es\\\/wp-content\\\/uploads\\\/2023\\\/05\\\/Cuarteto_Quiroga_photo_Josep_Molina-161.jpg\",\"contentUrl\":\"https:\\\/\\\/csma.es\\\/wp-content\\\/uploads\\\/2023\\\/05\\\/Cuarteto_Quiroga_photo_Josep_Molina-161.jpg\",\"width\":1366,\"height\":2048},{\"@type\":\"BreadcrumbList\",\"@id\":\"https:\\\/\\\/csma.es\\\/actualidad\\\/magistral-cuarteto-cuerda-poggio-18-mayo\\\/#breadcrumb\",\"itemListElement\":[{\"@type\":\"ListItem\",\"position\":1,\"name\":\"Portada\",\"item\":\"https:\\\/\\\/csma.es\\\/en\\\/\"},{\"@type\":\"ListItem\",\"position\":2,\"name\":\"Magistral cuarteto cuerda, Poggio 19 mayo\"}]},{\"@type\":\"WebSite\",\"@id\":\"https:\\\/\\\/csma.es\\\/#website\",\"url\":\"https:\\\/\\\/csma.es\\\/\",\"name\":\"CSMA\",\"description\":\"Conservatorio Superior de M\u00fasica de Arag\u00f3n\",\"publisher\":{\"@id\":\"https:\\\/\\\/csma.es\\\/#organization\"},\"potentialAction\":[{\"@type\":\"SearchAction\",\"target\":{\"@type\":\"EntryPoint\",\"urlTemplate\":\"https:\\\/\\\/csma.es\\\/?s={search_term_string}\"},\"query-input\":{\"@type\":\"PropertyValueSpecification\",\"valueRequired\":true,\"valueName\":\"search_term_string\"}}],\"inLanguage\":\"en-US\"},{\"@type\":\"Organization\",\"@id\":\"https:\\\/\\\/csma.es\\\/#organization\",\"name\":\"Conservatorio Superior de M\u00fasica de Arag\u00f3n\",\"url\":\"https:\\\/\\\/csma.es\\\/\",\"logo\":{\"@type\":\"ImageObject\",\"inLanguage\":\"en-US\",\"@id\":\"https:\\\/\\\/csma.es\\\/#\\\/schema\\\/logo\\\/image\\\/\",\"url\":\"https:\\\/\\\/csma.es\\\/wp-content\\\/uploads\\\/2025\\\/04\\\/cropped-logo-csma-40anos-vertical-sintexto-positivo.png\",\"contentUrl\":\"https:\\\/\\\/csma.es\\\/wp-content\\\/uploads\\\/2025\\\/04\\\/cropped-logo-csma-40anos-vertical-sintexto-positivo.png\",\"width\":512,\"height\":512,\"caption\":\"Conservatorio Superior de M\u00fasica de Arag\u00f3n\"},\"image\":{\"@id\":\"https:\\\/\\\/csma.es\\\/#\\\/schema\\\/logo\\\/image\\\/\"},\"sameAs\":[\"https:\\\/\\\/www.facebook.com\\\/CSMAragon\\\/\",\"https:\\\/\\\/x.com\\\/csmaconser\",\"https:\\\/\\\/www.instagram.com\\\/csmaragon\\\/\",\"https:\\\/\\\/www.youtube.com\\\/channel\\\/UCcsLLtgZJUhz11-3Aj1sv3w\"]},{\"@type\":\"Person\",\"@id\":\"https:\\\/\\\/csma.es\\\/#\\\/schema\\\/person\\\/dd9e345cd1ec5925a5e8927a0cb3fc69\",\"name\":\"TICS CSMA\"}]}<\/script>\n<!-- \/ Yoast SEO plugin. -->","yoast_head_json":{"title":"Magistral cuarteto cuerda, Poggio 19 mayo - CSMA","robots":{"index":"index","follow":"follow","max-snippet":"max-snippet:-1","max-image-preview":"max-image-preview:large","max-video-preview":"max-video-preview:-1"},"canonical":"https:\/\/csma.es\/actualidad\/magistral-cuarteto-cuerda-poggio-18-mayo\/","og_locale":"en_US","og_type":"article","og_title":"Magistral cuarteto cuerda, Poggio 19 mayo - CSMA","og_description":"El pr\u00f3ximo 19 de mayo, Helena Poggio impartir\u00e1 unas Clases Magistrales de Cuarteto de Cuerda y M\u00fasica de C\u00e1mara en el CSMA. Tendr\u00e1n lugar en...","og_url":"https:\/\/csma.es\/actualidad\/magistral-cuarteto-cuerda-poggio-18-mayo\/","og_site_name":"CSMA","article_publisher":"https:\/\/www.facebook.com\/CSMAragon\/","article_published_time":"2023-05-10T09:05:26+00:00","article_modified_time":"2023-05-19T17:18:05+00:00","og_image":[{"width":1366,"height":2048,"url":"https:\/\/csma.es\/wp-content\/uploads\/2023\/05\/Cuarteto_Quiroga_photo_Josep_Molina-161.jpg","type":"image\/jpeg"}],"author":"TICS CSMA","twitter_card":"summary_large_image","twitter_creator":"@csmaconser","twitter_site":"@csmaconser","twitter_misc":{"Written by":"TICS CSMA","Est. reading time":"3 minutes"},"schema":{"@context":"https:\/\/schema.org","@graph":[{"@type":"Article","@id":"https:\/\/csma.es\/actualidad\/magistral-cuarteto-cuerda-poggio-18-mayo\/#article","isPartOf":{"@id":"https:\/\/csma.es\/actualidad\/magistral-cuarteto-cuerda-poggio-18-mayo\/"},"author":{"name":"TICS CSMA","@id":"https:\/\/csma.es\/#\/schema\/person\/dd9e345cd1ec5925a5e8927a0cb3fc69"},"headline":"Magistral cuarteto cuerda, Poggio 19 mayo","datePublished":"2023-05-10T09:05:26+00:00","dateModified":"2023-05-19T17:18:05+00:00","mainEntityOfPage":{"@id":"https:\/\/csma.es\/actualidad\/magistral-cuarteto-cuerda-poggio-18-mayo\/"},"wordCount":650,"commentCount":0,"publisher":{"@id":"https:\/\/csma.es\/#organization"},"image":{"@id":"https:\/\/csma.es\/actualidad\/magistral-cuarteto-cuerda-poggio-18-mayo\/#primaryimage"},"thumbnailUrl":"https:\/\/csma.es\/wp-content\/uploads\/2023\/05\/Cuarteto_Quiroga_photo_Josep_Molina-161.jpg","articleSection":["Avisos","Noticias"],"inLanguage":"en-US","potentialAction":[{"@type":"CommentAction","name":"Comment","target":["https:\/\/csma.es\/actualidad\/magistral-cuarteto-cuerda-poggio-18-mayo\/#respond"]}]},{"@type":"WebPage","@id":"https:\/\/csma.es\/actualidad\/magistral-cuarteto-cuerda-poggio-18-mayo\/","url":"https:\/\/csma.es\/actualidad\/magistral-cuarteto-cuerda-poggio-18-mayo\/","name":"Magistral cuarteto cuerda, Poggio 19 mayo - CSMA","isPartOf":{"@id":"https:\/\/csma.es\/#website"},"primaryImageOfPage":{"@id":"https:\/\/csma.es\/actualidad\/magistral-cuarteto-cuerda-poggio-18-mayo\/#primaryimage"},"image":{"@id":"https:\/\/csma.es\/actualidad\/magistral-cuarteto-cuerda-poggio-18-mayo\/#primaryimage"},"thumbnailUrl":"https:\/\/csma.es\/wp-content\/uploads\/2023\/05\/Cuarteto_Quiroga_photo_Josep_Molina-161.jpg","datePublished":"2023-05-10T09:05:26+00:00","dateModified":"2023-05-19T17:18:05+00:00","breadcrumb":{"@id":"https:\/\/csma.es\/actualidad\/magistral-cuarteto-cuerda-poggio-18-mayo\/#breadcrumb"},"inLanguage":"en-US","potentialAction":[{"@type":"ReadAction","target":["https:\/\/csma.es\/actualidad\/magistral-cuarteto-cuerda-poggio-18-mayo\/"]}]},{"@type":"ImageObject","inLanguage":"en-US","@id":"https:\/\/csma.es\/actualidad\/magistral-cuarteto-cuerda-poggio-18-mayo\/#primaryimage","url":"https:\/\/csma.es\/wp-content\/uploads\/2023\/05\/Cuarteto_Quiroga_photo_Josep_Molina-161.jpg","contentUrl":"https:\/\/csma.es\/wp-content\/uploads\/2023\/05\/Cuarteto_Quiroga_photo_Josep_Molina-161.jpg","width":1366,"height":2048},{"@type":"BreadcrumbList","@id":"https:\/\/csma.es\/actualidad\/magistral-cuarteto-cuerda-poggio-18-mayo\/#breadcrumb","itemListElement":[{"@type":"ListItem","position":1,"name":"Portada","item":"https:\/\/csma.es\/en\/"},{"@type":"ListItem","position":2,"name":"Magistral cuarteto cuerda, Poggio 19 mayo"}]},{"@type":"WebSite","@id":"https:\/\/csma.es\/#website","url":"https:\/\/csma.es\/","name":"CSMA","description":"Conservatorio Superior de M\u00fasica de Arag\u00f3n","publisher":{"@id":"https:\/\/csma.es\/#organization"},"potentialAction":[{"@type":"SearchAction","target":{"@type":"EntryPoint","urlTemplate":"https:\/\/csma.es\/?s={search_term_string}"},"query-input":{"@type":"PropertyValueSpecification","valueRequired":true,"valueName":"search_term_string"}}],"inLanguage":"en-US"},{"@type":"Organization","@id":"https:\/\/csma.es\/#organization","name":"Conservatorio Superior de M\u00fasica de Arag\u00f3n","url":"https:\/\/csma.es\/","logo":{"@type":"ImageObject","inLanguage":"en-US","@id":"https:\/\/csma.es\/#\/schema\/logo\/image\/","url":"https:\/\/csma.es\/wp-content\/uploads\/2025\/04\/cropped-logo-csma-40anos-vertical-sintexto-positivo.png","contentUrl":"https:\/\/csma.es\/wp-content\/uploads\/2025\/04\/cropped-logo-csma-40anos-vertical-sintexto-positivo.png","width":512,"height":512,"caption":"Conservatorio Superior de M\u00fasica de Arag\u00f3n"},"image":{"@id":"https:\/\/csma.es\/#\/schema\/logo\/image\/"},"sameAs":["https:\/\/www.facebook.com\/CSMAragon\/","https:\/\/x.com\/csmaconser","https:\/\/www.instagram.com\/csmaragon\/","https:\/\/www.youtube.com\/channel\/UCcsLLtgZJUhz11-3Aj1sv3w"]},{"@type":"Person","@id":"https:\/\/csma.es\/#\/schema\/person\/dd9e345cd1ec5925a5e8927a0cb3fc69","name":"TICS CSMA"}]}},"publishpress_future_action":{"enabled":false,"date":"2026-05-10 10:12:00","action":"change-status","newStatus":"draft","terms":[],"taxonomy":"category","extraData":[]},"publishpress_future_workflow_manual_trigger":{"enabledWorkflows":[]},"_links":{"self":[{"href":"https:\/\/csma.es\/en\/wp-json\/wp\/v2\/posts\/23920","targetHints":{"allow":["GET"]}}],"collection":[{"href":"https:\/\/csma.es\/en\/wp-json\/wp\/v2\/posts"}],"about":[{"href":"https:\/\/csma.es\/en\/wp-json\/wp\/v2\/types\/post"}],"author":[{"embeddable":true,"href":"https:\/\/csma.es\/en\/wp-json\/wp\/v2\/users\/3"}],"replies":[{"embeddable":true,"href":"https:\/\/csma.es\/en\/wp-json\/wp\/v2\/comments?post=23920"}],"version-history":[{"count":0,"href":"https:\/\/csma.es\/en\/wp-json\/wp\/v2\/posts\/23920\/revisions"}],"wp:featuredmedia":[{"embeddable":true,"href":"https:\/\/csma.es\/en\/wp-json\/wp\/v2\/media\/23929"}],"wp:attachment":[{"href":"https:\/\/csma.es\/en\/wp-json\/wp\/v2\/media?parent=23920"}],"wp:term":[{"taxonomy":"category","embeddable":true,"href":"https:\/\/csma.es\/en\/wp-json\/wp\/v2\/categories?post=23920"},{"taxonomy":"post_tag","embeddable":true,"href":"https:\/\/csma.es\/en\/wp-json\/wp\/v2\/tags?post=23920"}],"curies":[{"name":"wp","href":"https:\/\/api.w.org\/{rel}","templated":true}]}}