{"id":23477,"date":"2022-10-30T08:11:34","date_gmt":"2022-10-30T07:11:34","guid":{"rendered":"https:\/\/csma.es\/?p=23477"},"modified":"2022-11-06T10:37:42","modified_gmt":"2022-11-06T09:37:42","slug":"magistral-violin-colom-11-12-noviembre","status":"publish","type":"post","link":"https:\/\/csma.es\/en\/noticias\/magistral-violin-colom-11-12-noviembre\/","title":{"rendered":"Magistral Viol\u00edn Colom, 11-12 noviembre"},"content":{"rendered":"<p>Los pr\u00f3ximos d\u00edas <strong>viernes 11 y s\u00e1bado 12 de noviembre<\/strong>, <strong>Miguel Colom<\/strong>, impartir\u00e1 unas <strong>Masterclasses<\/strong> de <strong>Viol\u00edn<\/strong> en el CSMA. Tendr\u00e1n lugar en la <strong>Sala A. G. Abril<\/strong>, el <strong>viernes de 15:30 a 17:30 y el s\u00e1bado de 10:00 a 14:00 y de 15:30 a 17:30<\/strong>.<\/p>\n<p>Miguel es concertino de la Orquesta y Coro Nacionales de Espa\u00f1a. Ganador de varios concursos como el Max Rostal Berlin, Primer Premio en el Ibolyka-Gyarfas Violin Competition Berl\u00edn, Primer Premio en el Concurso Permanente de Juventudes Musicales de Espa\u00f1a, Premio Conservatorio Statale de Fermo en el Concurso Internacional Andrea Postacchini (Italia), Primer Premio, Premio Especial y Premio al mejor int\u00e9rprete de m\u00fasica espa\u00f1ola en el VI Concurso Internacional de Viol\u00edn \u201cVilla de Llanes\u201d. Recientemente ha actuado en el Carnegie Hall de Nueva York como ganador del Orpheus Award de la Manhattan Intenational Competition.<\/p>\n<p>Como solista, Colom ha tocado con la Konzerthausorchestra Berlin, Orquesta Nacional de Espa\u00f1a, Orquesta Sinf\u00f3nica de RTVE, Orquesta Sinf\u00f3nica de Barcelona y Nacional de Catalunya,\u00a0Orquesta Sinf\u00f3nica de Sevilla, The World Orchestra, Orquesta Sinf\u00f3nica Freixenet, Orquesta Sinf\u00f3nica de El Salvador,\u00a0Orquesta Sinf\u00f3nica del Vall\u00e9s, Orquesta de C\u00e1mara Andr\u00e9s Segovia, o la Humboldt Universit\u00e4t Orchestra, entre otras, en salas tan prestigiosas como la Philharmonie de Berl\u00edn, Konzerthaus Berl\u00edn, el Auditorio Nacional de Madrid, Auditori de Barcelona, Palau de la M\u00fasica Catalana, Helsinki Music Center, Palau de les Arts, Teatro Monumental de Madrid, Auditorio de Santiago o Fundaci\u00f3n Juan March.<\/p>\n<p>Adem\u00e1s, Miguel Colom desarrolla una continuada actividad como m\u00fasico de c\u00e1mara como miembro del Trio VibrArt juanto al pianista Juan P\u00e9rez Florist\u00e1n y el chelista Fernando Arias; habiendo actuado junto a m\u00fasicos como Antje Weithaas, Rainer Schmidt, Denis Pascal, Cuarteto Quiroga, Cuarteto Casals, Cuarteto Artemis, D\u00fao del Valle, Karl Leister, entre otros. Miguel es frecuentemente invitado como concertino a importantes orquestas europeas, como la Konzerthausorchestra Berlin, Orquesta Sinf\u00f3nica de Madrid, Orquesta del Palau de les Arts Valencia, Orquesta Sinf\u00f3nica de Tenerife, Orquesta del Principado de Astturias,\u00a0entre otras. Tambi\u00e9n ha sido invitado a tocar con la Filarm\u00f3nica de Berl\u00edn.<\/p>\n<p>Nacido en Madrid, inici\u00f3 sus estudios musicales de viol\u00edn junto a Sergio Castro y Anna Baget y continu\u00f3 su formaci\u00f3n en las m\u00e1s prestigiosas instituciones europeas: Escuela Superior de M\u00fasica Reina Sof\u00eda, bajo la tutela de Rainer Schmidt, la Hochschule f\u00fcr Musik \u201cHanns-Eisler\u201d Berl\u00edn con Antje Weithaaas y en la Universidad de las Artes de Berlin (UDK) junto a Nora Chastain, recibiendo clases magistrales de figuras de la talla de Eberhard Feltz,\u00a0Ferenc Rados, Ana Chumachenco, Claudio Mart\u00ednez Mehner o Mauricio Fuks.<\/p>\n<p>Su formaci\u00f3n ha sido respaldada por\u00a0la Beca de Postgrado de La Obra Social La Caixa, la beca de alta especializaci\u00f3n de la\u00a0AIE y la que otorga Juventudes Musicales de Madrid. \u00a0Actualmente es profesor en la Escuela Superior de M\u00fasica Reina Sof\u00eda, adem\u00e1s de profesor de la Academia de Estudios Orquestales Baremboim-Said.\u00a0 Miguel toca un viol\u00edn S.P. Greiner de 2012 generosamente cedido por un mecenas.<\/p>\n<p>&nbsp;<\/p>\n","protected":false},"excerpt":{"rendered":"<p>Los pr\u00f3ximos d\u00edas viernes 11 y s\u00e1bado 12 de noviembre, Miguel Colom, impartir\u00e1 unas Masterclasses de Viol\u00edn en el CSMA. Tendr\u00e1n lugar en la Sala&#8230;<\/p>\n","protected":false},"author":3,"featured_media":23478,"comment_status":"open","ping_status":"open","sticky":false,"template":"","format":"standard","meta":{"footnotes":""},"categories":[368],"tags":[],"class_list":["post-23477","post","type-post","status-publish","format-standard","has-post-thumbnail","hentry","category-noticias"],"yoast_head":"<!-- This site is optimized with the Yoast SEO plugin v27.5 - https:\/\/yoast.com\/product\/yoast-seo-wordpress\/ -->\n<title>Magistral Viol\u00edn Colom, 11-12 noviembre - CSMA<\/title>\n<meta name=\"robots\" content=\"index, follow, max-snippet:-1, max-image-preview:large, max-video-preview:-1\" \/>\n<link rel=\"canonical\" href=\"https:\/\/csma.es\/actualidad\/magistral-violin-colom-11-12-noviembre\/\" \/>\n<meta property=\"og:locale\" content=\"en_US\" \/>\n<meta property=\"og:type\" content=\"article\" \/>\n<meta property=\"og:title\" content=\"Magistral Viol\u00edn Colom, 11-12 noviembre - CSMA\" \/>\n<meta property=\"og:description\" content=\"Los pr\u00f3ximos d\u00edas viernes 11 y s\u00e1bado 12 de noviembre, Miguel Colom, impartir\u00e1 unas Masterclasses de Viol\u00edn en el CSMA. Tendr\u00e1n lugar en la Sala...\" \/>\n<meta property=\"og:url\" content=\"https:\/\/csma.es\/actualidad\/magistral-violin-colom-11-12-noviembre\/\" \/>\n<meta property=\"og:site_name\" content=\"CSMA\" \/>\n<meta property=\"article:publisher\" content=\"https:\/\/www.facebook.com\/CSMAragon\/\" \/>\n<meta property=\"article:published_time\" content=\"2022-10-30T07:11:34+00:00\" \/>\n<meta property=\"article:modified_time\" content=\"2022-11-06T09:37:42+00:00\" \/>\n<meta property=\"og:image\" content=\"https:\/\/csma.es\/wp-content\/uploads\/2022\/10\/MIGUEL-COLOM.jpg\" \/>\n\t<meta property=\"og:image:width\" content=\"1682\" \/>\n\t<meta property=\"og:image:height\" content=\"2492\" \/>\n\t<meta property=\"og:image:type\" content=\"image\/jpeg\" \/>\n<meta name=\"author\" content=\"TICS CSMA\" \/>\n<meta name=\"twitter:card\" content=\"summary_large_image\" \/>\n<meta name=\"twitter:creator\" content=\"@csmaconser\" \/>\n<meta name=\"twitter:site\" content=\"@csmaconser\" \/>\n<meta name=\"twitter:label1\" content=\"Written by\" \/>\n\t<meta name=\"twitter:data1\" content=\"TICS CSMA\" \/>\n\t<meta name=\"twitter:label2\" content=\"Est. reading time\" \/>\n\t<meta name=\"twitter:data2\" content=\"3 minutes\" \/>\n<script type=\"application\/ld+json\" class=\"yoast-schema-graph\">{\"@context\":\"https:\\\/\\\/schema.org\",\"@graph\":[{\"@type\":\"Article\",\"@id\":\"https:\\\/\\\/csma.es\\\/actualidad\\\/magistral-violin-colom-11-12-noviembre\\\/#article\",\"isPartOf\":{\"@id\":\"https:\\\/\\\/csma.es\\\/actualidad\\\/magistral-violin-colom-11-12-noviembre\\\/\"},\"author\":{\"name\":\"TICS CSMA\",\"@id\":\"https:\\\/\\\/csma.es\\\/#\\\/schema\\\/person\\\/dd9e345cd1ec5925a5e8927a0cb3fc69\"},\"headline\":\"Magistral Viol\u00edn Colom, 11-12 noviembre\",\"datePublished\":\"2022-10-30T07:11:34+00:00\",\"dateModified\":\"2022-11-06T09:37:42+00:00\",\"mainEntityOfPage\":{\"@id\":\"https:\\\/\\\/csma.es\\\/actualidad\\\/magistral-violin-colom-11-12-noviembre\\\/\"},\"wordCount\":537,\"commentCount\":0,\"publisher\":{\"@id\":\"https:\\\/\\\/csma.es\\\/#organization\"},\"image\":{\"@id\":\"https:\\\/\\\/csma.es\\\/actualidad\\\/magistral-violin-colom-11-12-noviembre\\\/#primaryimage\"},\"thumbnailUrl\":\"https:\\\/\\\/csma.es\\\/wp-content\\\/uploads\\\/2022\\\/10\\\/MIGUEL-COLOM.jpg\",\"articleSection\":[\"Noticias\"],\"inLanguage\":\"en-US\",\"potentialAction\":[{\"@type\":\"CommentAction\",\"name\":\"Comment\",\"target\":[\"https:\\\/\\\/csma.es\\\/actualidad\\\/magistral-violin-colom-11-12-noviembre\\\/#respond\"]}]},{\"@type\":\"WebPage\",\"@id\":\"https:\\\/\\\/csma.es\\\/actualidad\\\/magistral-violin-colom-11-12-noviembre\\\/\",\"url\":\"https:\\\/\\\/csma.es\\\/actualidad\\\/magistral-violin-colom-11-12-noviembre\\\/\",\"name\":\"Magistral Viol\u00edn Colom, 11-12 noviembre - CSMA\",\"isPartOf\":{\"@id\":\"https:\\\/\\\/csma.es\\\/#website\"},\"primaryImageOfPage\":{\"@id\":\"https:\\\/\\\/csma.es\\\/actualidad\\\/magistral-violin-colom-11-12-noviembre\\\/#primaryimage\"},\"image\":{\"@id\":\"https:\\\/\\\/csma.es\\\/actualidad\\\/magistral-violin-colom-11-12-noviembre\\\/#primaryimage\"},\"thumbnailUrl\":\"https:\\\/\\\/csma.es\\\/wp-content\\\/uploads\\\/2022\\\/10\\\/MIGUEL-COLOM.jpg\",\"datePublished\":\"2022-10-30T07:11:34+00:00\",\"dateModified\":\"2022-11-06T09:37:42+00:00\",\"breadcrumb\":{\"@id\":\"https:\\\/\\\/csma.es\\\/actualidad\\\/magistral-violin-colom-11-12-noviembre\\\/#breadcrumb\"},\"inLanguage\":\"en-US\",\"potentialAction\":[{\"@type\":\"ReadAction\",\"target\":[\"https:\\\/\\\/csma.es\\\/actualidad\\\/magistral-violin-colom-11-12-noviembre\\\/\"]}]},{\"@type\":\"ImageObject\",\"inLanguage\":\"en-US\",\"@id\":\"https:\\\/\\\/csma.es\\\/actualidad\\\/magistral-violin-colom-11-12-noviembre\\\/#primaryimage\",\"url\":\"https:\\\/\\\/csma.es\\\/wp-content\\\/uploads\\\/2022\\\/10\\\/MIGUEL-COLOM.jpg\",\"contentUrl\":\"https:\\\/\\\/csma.es\\\/wp-content\\\/uploads\\\/2022\\\/10\\\/MIGUEL-COLOM.jpg\",\"width\":1682,\"height\":2492},{\"@type\":\"BreadcrumbList\",\"@id\":\"https:\\\/\\\/csma.es\\\/actualidad\\\/magistral-violin-colom-11-12-noviembre\\\/#breadcrumb\",\"itemListElement\":[{\"@type\":\"ListItem\",\"position\":1,\"name\":\"Portada\",\"item\":\"https:\\\/\\\/csma.es\\\/en\\\/\"},{\"@type\":\"ListItem\",\"position\":2,\"name\":\"Magistral Viol\u00edn Colom, 11-12 noviembre\"}]},{\"@type\":\"WebSite\",\"@id\":\"https:\\\/\\\/csma.es\\\/#website\",\"url\":\"https:\\\/\\\/csma.es\\\/\",\"name\":\"CSMA\",\"description\":\"Conservatorio Superior de M\u00fasica de Arag\u00f3n\",\"publisher\":{\"@id\":\"https:\\\/\\\/csma.es\\\/#organization\"},\"potentialAction\":[{\"@type\":\"SearchAction\",\"target\":{\"@type\":\"EntryPoint\",\"urlTemplate\":\"https:\\\/\\\/csma.es\\\/?s={search_term_string}\"},\"query-input\":{\"@type\":\"PropertyValueSpecification\",\"valueRequired\":true,\"valueName\":\"search_term_string\"}}],\"inLanguage\":\"en-US\"},{\"@type\":\"Organization\",\"@id\":\"https:\\\/\\\/csma.es\\\/#organization\",\"name\":\"Conservatorio Superior de M\u00fasica de Arag\u00f3n\",\"url\":\"https:\\\/\\\/csma.es\\\/\",\"logo\":{\"@type\":\"ImageObject\",\"inLanguage\":\"en-US\",\"@id\":\"https:\\\/\\\/csma.es\\\/#\\\/schema\\\/logo\\\/image\\\/\",\"url\":\"https:\\\/\\\/csma.es\\\/wp-content\\\/uploads\\\/2025\\\/04\\\/cropped-logo-csma-40anos-vertical-sintexto-positivo.png\",\"contentUrl\":\"https:\\\/\\\/csma.es\\\/wp-content\\\/uploads\\\/2025\\\/04\\\/cropped-logo-csma-40anos-vertical-sintexto-positivo.png\",\"width\":512,\"height\":512,\"caption\":\"Conservatorio Superior de M\u00fasica de Arag\u00f3n\"},\"image\":{\"@id\":\"https:\\\/\\\/csma.es\\\/#\\\/schema\\\/logo\\\/image\\\/\"},\"sameAs\":[\"https:\\\/\\\/www.facebook.com\\\/CSMAragon\\\/\",\"https:\\\/\\\/x.com\\\/csmaconser\",\"https:\\\/\\\/www.instagram.com\\\/csmaragon\\\/\",\"https:\\\/\\\/www.youtube.com\\\/channel\\\/UCcsLLtgZJUhz11-3Aj1sv3w\"]},{\"@type\":\"Person\",\"@id\":\"https:\\\/\\\/csma.es\\\/#\\\/schema\\\/person\\\/dd9e345cd1ec5925a5e8927a0cb3fc69\",\"name\":\"TICS CSMA\"}]}<\/script>\n<!-- \/ Yoast SEO plugin. -->","yoast_head_json":{"title":"Magistral Viol\u00edn Colom, 11-12 noviembre - CSMA","robots":{"index":"index","follow":"follow","max-snippet":"max-snippet:-1","max-image-preview":"max-image-preview:large","max-video-preview":"max-video-preview:-1"},"canonical":"https:\/\/csma.es\/actualidad\/magistral-violin-colom-11-12-noviembre\/","og_locale":"en_US","og_type":"article","og_title":"Magistral Viol\u00edn Colom, 11-12 noviembre - CSMA","og_description":"Los pr\u00f3ximos d\u00edas viernes 11 y s\u00e1bado 12 de noviembre, Miguel Colom, impartir\u00e1 unas Masterclasses de Viol\u00edn en el CSMA. Tendr\u00e1n lugar en la Sala...","og_url":"https:\/\/csma.es\/actualidad\/magistral-violin-colom-11-12-noviembre\/","og_site_name":"CSMA","article_publisher":"https:\/\/www.facebook.com\/CSMAragon\/","article_published_time":"2022-10-30T07:11:34+00:00","article_modified_time":"2022-11-06T09:37:42+00:00","og_image":[{"width":1682,"height":2492,"url":"https:\/\/csma.es\/wp-content\/uploads\/2022\/10\/MIGUEL-COLOM.jpg","type":"image\/jpeg"}],"author":"TICS CSMA","twitter_card":"summary_large_image","twitter_creator":"@csmaconser","twitter_site":"@csmaconser","twitter_misc":{"Written by":"TICS CSMA","Est. reading time":"3 minutes"},"schema":{"@context":"https:\/\/schema.org","@graph":[{"@type":"Article","@id":"https:\/\/csma.es\/actualidad\/magistral-violin-colom-11-12-noviembre\/#article","isPartOf":{"@id":"https:\/\/csma.es\/actualidad\/magistral-violin-colom-11-12-noviembre\/"},"author":{"name":"TICS CSMA","@id":"https:\/\/csma.es\/#\/schema\/person\/dd9e345cd1ec5925a5e8927a0cb3fc69"},"headline":"Magistral Viol\u00edn Colom, 11-12 noviembre","datePublished":"2022-10-30T07:11:34+00:00","dateModified":"2022-11-06T09:37:42+00:00","mainEntityOfPage":{"@id":"https:\/\/csma.es\/actualidad\/magistral-violin-colom-11-12-noviembre\/"},"wordCount":537,"commentCount":0,"publisher":{"@id":"https:\/\/csma.es\/#organization"},"image":{"@id":"https:\/\/csma.es\/actualidad\/magistral-violin-colom-11-12-noviembre\/#primaryimage"},"thumbnailUrl":"https:\/\/csma.es\/wp-content\/uploads\/2022\/10\/MIGUEL-COLOM.jpg","articleSection":["Noticias"],"inLanguage":"en-US","potentialAction":[{"@type":"CommentAction","name":"Comment","target":["https:\/\/csma.es\/actualidad\/magistral-violin-colom-11-12-noviembre\/#respond"]}]},{"@type":"WebPage","@id":"https:\/\/csma.es\/actualidad\/magistral-violin-colom-11-12-noviembre\/","url":"https:\/\/csma.es\/actualidad\/magistral-violin-colom-11-12-noviembre\/","name":"Magistral Viol\u00edn Colom, 11-12 noviembre - CSMA","isPartOf":{"@id":"https:\/\/csma.es\/#website"},"primaryImageOfPage":{"@id":"https:\/\/csma.es\/actualidad\/magistral-violin-colom-11-12-noviembre\/#primaryimage"},"image":{"@id":"https:\/\/csma.es\/actualidad\/magistral-violin-colom-11-12-noviembre\/#primaryimage"},"thumbnailUrl":"https:\/\/csma.es\/wp-content\/uploads\/2022\/10\/MIGUEL-COLOM.jpg","datePublished":"2022-10-30T07:11:34+00:00","dateModified":"2022-11-06T09:37:42+00:00","breadcrumb":{"@id":"https:\/\/csma.es\/actualidad\/magistral-violin-colom-11-12-noviembre\/#breadcrumb"},"inLanguage":"en-US","potentialAction":[{"@type":"ReadAction","target":["https:\/\/csma.es\/actualidad\/magistral-violin-colom-11-12-noviembre\/"]}]},{"@type":"ImageObject","inLanguage":"en-US","@id":"https:\/\/csma.es\/actualidad\/magistral-violin-colom-11-12-noviembre\/#primaryimage","url":"https:\/\/csma.es\/wp-content\/uploads\/2022\/10\/MIGUEL-COLOM.jpg","contentUrl":"https:\/\/csma.es\/wp-content\/uploads\/2022\/10\/MIGUEL-COLOM.jpg","width":1682,"height":2492},{"@type":"BreadcrumbList","@id":"https:\/\/csma.es\/actualidad\/magistral-violin-colom-11-12-noviembre\/#breadcrumb","itemListElement":[{"@type":"ListItem","position":1,"name":"Portada","item":"https:\/\/csma.es\/en\/"},{"@type":"ListItem","position":2,"name":"Magistral Viol\u00edn Colom, 11-12 noviembre"}]},{"@type":"WebSite","@id":"https:\/\/csma.es\/#website","url":"https:\/\/csma.es\/","name":"CSMA","description":"Conservatorio Superior de M\u00fasica de Arag\u00f3n","publisher":{"@id":"https:\/\/csma.es\/#organization"},"potentialAction":[{"@type":"SearchAction","target":{"@type":"EntryPoint","urlTemplate":"https:\/\/csma.es\/?s={search_term_string}"},"query-input":{"@type":"PropertyValueSpecification","valueRequired":true,"valueName":"search_term_string"}}],"inLanguage":"en-US"},{"@type":"Organization","@id":"https:\/\/csma.es\/#organization","name":"Conservatorio Superior de M\u00fasica de Arag\u00f3n","url":"https:\/\/csma.es\/","logo":{"@type":"ImageObject","inLanguage":"en-US","@id":"https:\/\/csma.es\/#\/schema\/logo\/image\/","url":"https:\/\/csma.es\/wp-content\/uploads\/2025\/04\/cropped-logo-csma-40anos-vertical-sintexto-positivo.png","contentUrl":"https:\/\/csma.es\/wp-content\/uploads\/2025\/04\/cropped-logo-csma-40anos-vertical-sintexto-positivo.png","width":512,"height":512,"caption":"Conservatorio Superior de M\u00fasica de Arag\u00f3n"},"image":{"@id":"https:\/\/csma.es\/#\/schema\/logo\/image\/"},"sameAs":["https:\/\/www.facebook.com\/CSMAragon\/","https:\/\/x.com\/csmaconser","https:\/\/www.instagram.com\/csmaragon\/","https:\/\/www.youtube.com\/channel\/UCcsLLtgZJUhz11-3Aj1sv3w"]},{"@type":"Person","@id":"https:\/\/csma.es\/#\/schema\/person\/dd9e345cd1ec5925a5e8927a0cb3fc69","name":"TICS CSMA"}]}},"publishpress_future_action":{"enabled":false,"date":"2026-05-05 21:50:50","action":"change-status","newStatus":"draft","terms":[],"taxonomy":"category","extraData":[]},"publishpress_future_workflow_manual_trigger":{"enabledWorkflows":[]},"_links":{"self":[{"href":"https:\/\/csma.es\/en\/wp-json\/wp\/v2\/posts\/23477","targetHints":{"allow":["GET"]}}],"collection":[{"href":"https:\/\/csma.es\/en\/wp-json\/wp\/v2\/posts"}],"about":[{"href":"https:\/\/csma.es\/en\/wp-json\/wp\/v2\/types\/post"}],"author":[{"embeddable":true,"href":"https:\/\/csma.es\/en\/wp-json\/wp\/v2\/users\/3"}],"replies":[{"embeddable":true,"href":"https:\/\/csma.es\/en\/wp-json\/wp\/v2\/comments?post=23477"}],"version-history":[{"count":0,"href":"https:\/\/csma.es\/en\/wp-json\/wp\/v2\/posts\/23477\/revisions"}],"wp:featuredmedia":[{"embeddable":true,"href":"https:\/\/csma.es\/en\/wp-json\/wp\/v2\/media\/23478"}],"wp:attachment":[{"href":"https:\/\/csma.es\/en\/wp-json\/wp\/v2\/media?parent=23477"}],"wp:term":[{"taxonomy":"category","embeddable":true,"href":"https:\/\/csma.es\/en\/wp-json\/wp\/v2\/categories?post=23477"},{"taxonomy":"post_tag","embeddable":true,"href":"https:\/\/csma.es\/en\/wp-json\/wp\/v2\/tags?post=23477"}],"curies":[{"name":"wp","href":"https:\/\/api.w.org\/{rel}","templated":true}]}}