{"id":22903,"date":"2022-05-13T08:03:53","date_gmt":"2022-05-13T06:03:53","guid":{"rendered":"https:\/\/csma.es\/?p=22903"},"modified":"2022-05-13T18:01:48","modified_gmt":"2022-05-13T16:01:48","slug":"magistral-cello-obregon-24-mayo","status":"publish","type":"post","link":"https:\/\/csma.es\/en\/noticias\/magistral-cello-obregon-24-mayo\/","title":{"rendered":"Magistral cello, Obreg\u00f3n, 24 mayo"},"content":{"rendered":"<p style=\"text-align: justify;\">El\u00a0 pr\u00f3ximo d\u00eda <strong>24 de mayo<\/strong> de 2022, el CSMA acoger\u00e1 las Clases Magistrales de <strong>violonchelo<\/strong> cargo de <strong>Josetxu Obreg\u00f3n<\/strong>.\u00a0 El horario ser\u00e1 de 10:00 a 20:00 en el aula 312 el Conservatorio Superior de M\u00fasica de Arag\u00f3n.<\/p>\n<p style=\"text-align: justify;\">JOSETXU OBREG\u00d3N, violoncello y direcci\u00f3n<\/p>\n<p style=\"text-align: justify;\">Director y fundador hace 14 a\u00f1os de La Ritirata, ha sido profesor del Real Conservatorio Superior de Madrid durante 15 a\u00f1os, y galardonado con m\u00e1s de 13 premios en concursos nacionales e internacionales. Josetxu Obreg\u00f3n nace en Bilbao, cursa estudios superiores y de postgrado en violoncello, m\u00fasica de c\u00e1mara y direcci\u00f3n, obteniendo las m\u00e1s brillantes calificaciones en Espa\u00f1a, Alemania y Holanda, donde estudia violoncello barroco en el Koninklijk Conservatorium de La Haya y donde tambi\u00e9n estuvo en contacto con el maestro Anner Bylsma.<\/p>\n<p style=\"text-align: justify;\">Ofrece numerosos conciertos en Alemania, Francia, Reino Unido y en m\u00e1s de 24 pa\u00edses europeos, Estados Unidos, Jap\u00f3n, China, Israel, M\u00e9xico, Chile, Colombia, entre otros muchos pa\u00edses sudamericanos. Podemos destacar Carnegie Hall (Nueva York), Tokyo Opera City (Jap\u00f3n), Teatro Nacional de China (Beijing), Concertgebouw (Amsterdam), Royal Festival Hall y Wigmore Hall (Londres), Auditorio Nacional (Madrid), l\u2019Auditori (Barcelona), CNART (M\u00e9xico), etc. Antes de dedicarse en exclusiva a sus proyectos como solista y como director de La Ritirata, form\u00f3 parte de algunas de las m\u00e1s importantes formaciones europeas, como Royal Concertgebouw Orchestra y Rotterdam Philharmonic Orkest, entre otras, y en el mundo de la interpretaci\u00f3n hist\u00f3rica como primer cello de l\u2019Arpeggiata, EUBO Orquesta Barroca de la Uni\u00f3n Europea, Arte dei Suonatori, Al Ayre Espa\u00f1ol y ha formado parte de Le Concert des Nations, Orchestra of the Age of Enlightenment (Inglaterra), etc., compartiendo escenario con Jordi Savall, Christina Pluhar, Philippe Jaroussky, Rolando Villaz\u00f3n, Julia Lezhneva, etc. Y fuera de la m\u00fasica antigua con Krzysztof Penderecki, Pl\u00e1cido Domingo y Jes\u00fas L\u00f3pez Cobos entre otros muchos.<\/p>\n<p style=\"text-align: justify;\">Josetxu Obreg\u00f3n ha realizado grabaciones para Virgin, Erato, Alia Vox y Glossa, entre otros muchos sellos discogr\u00e1ficos, as\u00ed como para BBC3, NPS Radio 3 Holland, Mezzo, Radiotelevisi\u00f3n Espa\u00f1ola, etc.<\/p>\n<p style=\"text-align: justify;\">Toca habitualmente un violonchelo original de Sebastian Klotz de 1740, un violoncello tirol\u00e9s de principios del s. XIX y un violoncello piccolo de 5 cuerdas.<\/p>\n<p>&nbsp;<\/p>\n<p>&nbsp;<\/p>\n","protected":false},"excerpt":{"rendered":"<p>El\u00a0 pr\u00f3ximo d\u00eda 24 de mayo de 2022, el CSMA acoger\u00e1 las Clases Magistrales de violonchelo cargo de Josetxu Obreg\u00f3n.\u00a0 El horario ser\u00e1 de 10:00&#8230;<\/p>\n","protected":false},"author":3,"featured_media":22904,"comment_status":"open","ping_status":"open","sticky":false,"template":"","format":"standard","meta":{"footnotes":""},"categories":[368],"tags":[],"class_list":["post-22903","post","type-post","status-publish","format-standard","has-post-thumbnail","hentry","category-noticias"],"yoast_head":"<!-- This site is optimized with the Yoast SEO plugin v27.5 - https:\/\/yoast.com\/product\/yoast-seo-wordpress\/ -->\n<title>Magistral cello, Obreg\u00f3n, 24 mayo - CSMA<\/title>\n<meta name=\"robots\" content=\"index, follow, max-snippet:-1, max-image-preview:large, max-video-preview:-1\" \/>\n<link rel=\"canonical\" href=\"https:\/\/csma.es\/actualidad\/magistral-cello-obregon-24-mayo\/\" \/>\n<meta property=\"og:locale\" content=\"en_US\" \/>\n<meta property=\"og:type\" content=\"article\" \/>\n<meta property=\"og:title\" content=\"Magistral cello, Obreg\u00f3n, 24 mayo - CSMA\" \/>\n<meta property=\"og:description\" content=\"El\u00a0 pr\u00f3ximo d\u00eda 24 de mayo de 2022, el CSMA acoger\u00e1 las Clases Magistrales de violonchelo cargo de Josetxu Obreg\u00f3n.\u00a0 El horario ser\u00e1 de 10:00...\" \/>\n<meta property=\"og:url\" content=\"https:\/\/csma.es\/actualidad\/magistral-cello-obregon-24-mayo\/\" \/>\n<meta property=\"og:site_name\" content=\"CSMA\" \/>\n<meta property=\"article:publisher\" content=\"https:\/\/www.facebook.com\/CSMAragon\/\" \/>\n<meta property=\"article:published_time\" content=\"2022-05-13T06:03:53+00:00\" \/>\n<meta property=\"article:modified_time\" content=\"2022-05-13T16:01:48+00:00\" \/>\n<meta property=\"og:image\" content=\"https:\/\/csma.es\/wp-content\/uploads\/2022\/05\/JOSETXU-OBREGON_2657\u00a9Michal-Novak_medium-res-1024x915.jpg\" \/>\n\t<meta property=\"og:image:width\" content=\"1024\" \/>\n\t<meta property=\"og:image:height\" content=\"915\" \/>\n\t<meta property=\"og:image:type\" content=\"image\/jpeg\" \/>\n<meta name=\"author\" content=\"TICS CSMA\" \/>\n<meta name=\"twitter:card\" content=\"summary_large_image\" \/>\n<meta name=\"twitter:creator\" content=\"@csmaconser\" \/>\n<meta name=\"twitter:site\" content=\"@csmaconser\" \/>\n<meta name=\"twitter:label1\" content=\"Written by\" \/>\n\t<meta name=\"twitter:data1\" content=\"TICS CSMA\" \/>\n\t<meta name=\"twitter:label2\" content=\"Est. reading time\" \/>\n\t<meta name=\"twitter:data2\" content=\"2 minutes\" \/>\n<script type=\"application\/ld+json\" class=\"yoast-schema-graph\">{\"@context\":\"https:\\\/\\\/schema.org\",\"@graph\":[{\"@type\":\"Article\",\"@id\":\"https:\\\/\\\/csma.es\\\/actualidad\\\/magistral-cello-obregon-24-mayo\\\/#article\",\"isPartOf\":{\"@id\":\"https:\\\/\\\/csma.es\\\/actualidad\\\/magistral-cello-obregon-24-mayo\\\/\"},\"author\":{\"name\":\"TICS CSMA\",\"@id\":\"https:\\\/\\\/csma.es\\\/#\\\/schema\\\/person\\\/dd9e345cd1ec5925a5e8927a0cb3fc69\"},\"headline\":\"Magistral cello, Obreg\u00f3n, 24 mayo\",\"datePublished\":\"2022-05-13T06:03:53+00:00\",\"dateModified\":\"2022-05-13T16:01:48+00:00\",\"mainEntityOfPage\":{\"@id\":\"https:\\\/\\\/csma.es\\\/actualidad\\\/magistral-cello-obregon-24-mayo\\\/\"},\"wordCount\":387,\"commentCount\":0,\"publisher\":{\"@id\":\"https:\\\/\\\/csma.es\\\/#organization\"},\"image\":{\"@id\":\"https:\\\/\\\/csma.es\\\/actualidad\\\/magistral-cello-obregon-24-mayo\\\/#primaryimage\"},\"thumbnailUrl\":\"https:\\\/\\\/csma.es\\\/wp-content\\\/uploads\\\/2022\\\/05\\\/JOSETXU-OBREGON_2657\u00a9Michal-Novak_medium-res.jpg\",\"articleSection\":[\"Noticias\"],\"inLanguage\":\"en-US\",\"potentialAction\":[{\"@type\":\"CommentAction\",\"name\":\"Comment\",\"target\":[\"https:\\\/\\\/csma.es\\\/actualidad\\\/magistral-cello-obregon-24-mayo\\\/#respond\"]}]},{\"@type\":\"WebPage\",\"@id\":\"https:\\\/\\\/csma.es\\\/actualidad\\\/magistral-cello-obregon-24-mayo\\\/\",\"url\":\"https:\\\/\\\/csma.es\\\/actualidad\\\/magistral-cello-obregon-24-mayo\\\/\",\"name\":\"Magistral cello, Obreg\u00f3n, 24 mayo - CSMA\",\"isPartOf\":{\"@id\":\"https:\\\/\\\/csma.es\\\/#website\"},\"primaryImageOfPage\":{\"@id\":\"https:\\\/\\\/csma.es\\\/actualidad\\\/magistral-cello-obregon-24-mayo\\\/#primaryimage\"},\"image\":{\"@id\":\"https:\\\/\\\/csma.es\\\/actualidad\\\/magistral-cello-obregon-24-mayo\\\/#primaryimage\"},\"thumbnailUrl\":\"https:\\\/\\\/csma.es\\\/wp-content\\\/uploads\\\/2022\\\/05\\\/JOSETXU-OBREGON_2657\u00a9Michal-Novak_medium-res.jpg\",\"datePublished\":\"2022-05-13T06:03:53+00:00\",\"dateModified\":\"2022-05-13T16:01:48+00:00\",\"breadcrumb\":{\"@id\":\"https:\\\/\\\/csma.es\\\/actualidad\\\/magistral-cello-obregon-24-mayo\\\/#breadcrumb\"},\"inLanguage\":\"en-US\",\"potentialAction\":[{\"@type\":\"ReadAction\",\"target\":[\"https:\\\/\\\/csma.es\\\/actualidad\\\/magistral-cello-obregon-24-mayo\\\/\"]}]},{\"@type\":\"ImageObject\",\"inLanguage\":\"en-US\",\"@id\":\"https:\\\/\\\/csma.es\\\/actualidad\\\/magistral-cello-obregon-24-mayo\\\/#primaryimage\",\"url\":\"https:\\\/\\\/csma.es\\\/wp-content\\\/uploads\\\/2022\\\/05\\\/JOSETXU-OBREGON_2657\u00a9Michal-Novak_medium-res.jpg\",\"contentUrl\":\"https:\\\/\\\/csma.es\\\/wp-content\\\/uploads\\\/2022\\\/05\\\/JOSETXU-OBREGON_2657\u00a9Michal-Novak_medium-res.jpg\",\"width\":2500,\"height\":2233},{\"@type\":\"BreadcrumbList\",\"@id\":\"https:\\\/\\\/csma.es\\\/actualidad\\\/magistral-cello-obregon-24-mayo\\\/#breadcrumb\",\"itemListElement\":[{\"@type\":\"ListItem\",\"position\":1,\"name\":\"Portada\",\"item\":\"https:\\\/\\\/csma.es\\\/en\\\/\"},{\"@type\":\"ListItem\",\"position\":2,\"name\":\"Magistral cello, Obreg\u00f3n, 24 mayo\"}]},{\"@type\":\"WebSite\",\"@id\":\"https:\\\/\\\/csma.es\\\/#website\",\"url\":\"https:\\\/\\\/csma.es\\\/\",\"name\":\"CSMA\",\"description\":\"Conservatorio Superior de M\u00fasica de Arag\u00f3n\",\"publisher\":{\"@id\":\"https:\\\/\\\/csma.es\\\/#organization\"},\"potentialAction\":[{\"@type\":\"SearchAction\",\"target\":{\"@type\":\"EntryPoint\",\"urlTemplate\":\"https:\\\/\\\/csma.es\\\/?s={search_term_string}\"},\"query-input\":{\"@type\":\"PropertyValueSpecification\",\"valueRequired\":true,\"valueName\":\"search_term_string\"}}],\"inLanguage\":\"en-US\"},{\"@type\":\"Organization\",\"@id\":\"https:\\\/\\\/csma.es\\\/#organization\",\"name\":\"Conservatorio Superior de M\u00fasica de Arag\u00f3n\",\"url\":\"https:\\\/\\\/csma.es\\\/\",\"logo\":{\"@type\":\"ImageObject\",\"inLanguage\":\"en-US\",\"@id\":\"https:\\\/\\\/csma.es\\\/#\\\/schema\\\/logo\\\/image\\\/\",\"url\":\"https:\\\/\\\/csma.es\\\/wp-content\\\/uploads\\\/2025\\\/04\\\/cropped-logo-csma-40anos-vertical-sintexto-positivo.png\",\"contentUrl\":\"https:\\\/\\\/csma.es\\\/wp-content\\\/uploads\\\/2025\\\/04\\\/cropped-logo-csma-40anos-vertical-sintexto-positivo.png\",\"width\":512,\"height\":512,\"caption\":\"Conservatorio Superior de M\u00fasica de Arag\u00f3n\"},\"image\":{\"@id\":\"https:\\\/\\\/csma.es\\\/#\\\/schema\\\/logo\\\/image\\\/\"},\"sameAs\":[\"https:\\\/\\\/www.facebook.com\\\/CSMAragon\\\/\",\"https:\\\/\\\/x.com\\\/csmaconser\",\"https:\\\/\\\/www.instagram.com\\\/csmaragon\\\/\",\"https:\\\/\\\/www.youtube.com\\\/channel\\\/UCcsLLtgZJUhz11-3Aj1sv3w\"]},{\"@type\":\"Person\",\"@id\":\"https:\\\/\\\/csma.es\\\/#\\\/schema\\\/person\\\/dd9e345cd1ec5925a5e8927a0cb3fc69\",\"name\":\"TICS CSMA\"}]}<\/script>\n<!-- \/ Yoast SEO plugin. -->","yoast_head_json":{"title":"Magistral cello, Obreg\u00f3n, 24 mayo - CSMA","robots":{"index":"index","follow":"follow","max-snippet":"max-snippet:-1","max-image-preview":"max-image-preview:large","max-video-preview":"max-video-preview:-1"},"canonical":"https:\/\/csma.es\/actualidad\/magistral-cello-obregon-24-mayo\/","og_locale":"en_US","og_type":"article","og_title":"Magistral cello, Obreg\u00f3n, 24 mayo - CSMA","og_description":"El\u00a0 pr\u00f3ximo d\u00eda 24 de mayo de 2022, el CSMA acoger\u00e1 las Clases Magistrales de violonchelo cargo de Josetxu Obreg\u00f3n.\u00a0 El horario ser\u00e1 de 10:00...","og_url":"https:\/\/csma.es\/actualidad\/magistral-cello-obregon-24-mayo\/","og_site_name":"CSMA","article_publisher":"https:\/\/www.facebook.com\/CSMAragon\/","article_published_time":"2022-05-13T06:03:53+00:00","article_modified_time":"2022-05-13T16:01:48+00:00","og_image":[{"width":1024,"height":915,"url":"https:\/\/csma.es\/wp-content\/uploads\/2022\/05\/JOSETXU-OBREGON_2657\u00a9Michal-Novak_medium-res-1024x915.jpg","type":"image\/jpeg"}],"author":"TICS CSMA","twitter_card":"summary_large_image","twitter_creator":"@csmaconser","twitter_site":"@csmaconser","twitter_misc":{"Written by":"TICS CSMA","Est. reading time":"2 minutes"},"schema":{"@context":"https:\/\/schema.org","@graph":[{"@type":"Article","@id":"https:\/\/csma.es\/actualidad\/magistral-cello-obregon-24-mayo\/#article","isPartOf":{"@id":"https:\/\/csma.es\/actualidad\/magistral-cello-obregon-24-mayo\/"},"author":{"name":"TICS CSMA","@id":"https:\/\/csma.es\/#\/schema\/person\/dd9e345cd1ec5925a5e8927a0cb3fc69"},"headline":"Magistral cello, Obreg\u00f3n, 24 mayo","datePublished":"2022-05-13T06:03:53+00:00","dateModified":"2022-05-13T16:01:48+00:00","mainEntityOfPage":{"@id":"https:\/\/csma.es\/actualidad\/magistral-cello-obregon-24-mayo\/"},"wordCount":387,"commentCount":0,"publisher":{"@id":"https:\/\/csma.es\/#organization"},"image":{"@id":"https:\/\/csma.es\/actualidad\/magistral-cello-obregon-24-mayo\/#primaryimage"},"thumbnailUrl":"https:\/\/csma.es\/wp-content\/uploads\/2022\/05\/JOSETXU-OBREGON_2657\u00a9Michal-Novak_medium-res.jpg","articleSection":["Noticias"],"inLanguage":"en-US","potentialAction":[{"@type":"CommentAction","name":"Comment","target":["https:\/\/csma.es\/actualidad\/magistral-cello-obregon-24-mayo\/#respond"]}]},{"@type":"WebPage","@id":"https:\/\/csma.es\/actualidad\/magistral-cello-obregon-24-mayo\/","url":"https:\/\/csma.es\/actualidad\/magistral-cello-obregon-24-mayo\/","name":"Magistral cello, Obreg\u00f3n, 24 mayo - CSMA","isPartOf":{"@id":"https:\/\/csma.es\/#website"},"primaryImageOfPage":{"@id":"https:\/\/csma.es\/actualidad\/magistral-cello-obregon-24-mayo\/#primaryimage"},"image":{"@id":"https:\/\/csma.es\/actualidad\/magistral-cello-obregon-24-mayo\/#primaryimage"},"thumbnailUrl":"https:\/\/csma.es\/wp-content\/uploads\/2022\/05\/JOSETXU-OBREGON_2657\u00a9Michal-Novak_medium-res.jpg","datePublished":"2022-05-13T06:03:53+00:00","dateModified":"2022-05-13T16:01:48+00:00","breadcrumb":{"@id":"https:\/\/csma.es\/actualidad\/magistral-cello-obregon-24-mayo\/#breadcrumb"},"inLanguage":"en-US","potentialAction":[{"@type":"ReadAction","target":["https:\/\/csma.es\/actualidad\/magistral-cello-obregon-24-mayo\/"]}]},{"@type":"ImageObject","inLanguage":"en-US","@id":"https:\/\/csma.es\/actualidad\/magistral-cello-obregon-24-mayo\/#primaryimage","url":"https:\/\/csma.es\/wp-content\/uploads\/2022\/05\/JOSETXU-OBREGON_2657\u00a9Michal-Novak_medium-res.jpg","contentUrl":"https:\/\/csma.es\/wp-content\/uploads\/2022\/05\/JOSETXU-OBREGON_2657\u00a9Michal-Novak_medium-res.jpg","width":2500,"height":2233},{"@type":"BreadcrumbList","@id":"https:\/\/csma.es\/actualidad\/magistral-cello-obregon-24-mayo\/#breadcrumb","itemListElement":[{"@type":"ListItem","position":1,"name":"Portada","item":"https:\/\/csma.es\/en\/"},{"@type":"ListItem","position":2,"name":"Magistral cello, Obreg\u00f3n, 24 mayo"}]},{"@type":"WebSite","@id":"https:\/\/csma.es\/#website","url":"https:\/\/csma.es\/","name":"CSMA","description":"Conservatorio Superior de M\u00fasica de Arag\u00f3n","publisher":{"@id":"https:\/\/csma.es\/#organization"},"potentialAction":[{"@type":"SearchAction","target":{"@type":"EntryPoint","urlTemplate":"https:\/\/csma.es\/?s={search_term_string}"},"query-input":{"@type":"PropertyValueSpecification","valueRequired":true,"valueName":"search_term_string"}}],"inLanguage":"en-US"},{"@type":"Organization","@id":"https:\/\/csma.es\/#organization","name":"Conservatorio Superior de M\u00fasica de Arag\u00f3n","url":"https:\/\/csma.es\/","logo":{"@type":"ImageObject","inLanguage":"en-US","@id":"https:\/\/csma.es\/#\/schema\/logo\/image\/","url":"https:\/\/csma.es\/wp-content\/uploads\/2025\/04\/cropped-logo-csma-40anos-vertical-sintexto-positivo.png","contentUrl":"https:\/\/csma.es\/wp-content\/uploads\/2025\/04\/cropped-logo-csma-40anos-vertical-sintexto-positivo.png","width":512,"height":512,"caption":"Conservatorio Superior de M\u00fasica de Arag\u00f3n"},"image":{"@id":"https:\/\/csma.es\/#\/schema\/logo\/image\/"},"sameAs":["https:\/\/www.facebook.com\/CSMAragon\/","https:\/\/x.com\/csmaconser","https:\/\/www.instagram.com\/csmaragon\/","https:\/\/www.youtube.com\/channel\/UCcsLLtgZJUhz11-3Aj1sv3w"]},{"@type":"Person","@id":"https:\/\/csma.es\/#\/schema\/person\/dd9e345cd1ec5925a5e8927a0cb3fc69","name":"TICS CSMA"}]}},"publishpress_future_action":{"enabled":false,"date":"2026-05-07 03:11:38","action":"change-status","newStatus":"draft","terms":[],"taxonomy":"category","extraData":[]},"publishpress_future_workflow_manual_trigger":{"enabledWorkflows":[]},"_links":{"self":[{"href":"https:\/\/csma.es\/en\/wp-json\/wp\/v2\/posts\/22903","targetHints":{"allow":["GET"]}}],"collection":[{"href":"https:\/\/csma.es\/en\/wp-json\/wp\/v2\/posts"}],"about":[{"href":"https:\/\/csma.es\/en\/wp-json\/wp\/v2\/types\/post"}],"author":[{"embeddable":true,"href":"https:\/\/csma.es\/en\/wp-json\/wp\/v2\/users\/3"}],"replies":[{"embeddable":true,"href":"https:\/\/csma.es\/en\/wp-json\/wp\/v2\/comments?post=22903"}],"version-history":[{"count":0,"href":"https:\/\/csma.es\/en\/wp-json\/wp\/v2\/posts\/22903\/revisions"}],"wp:featuredmedia":[{"embeddable":true,"href":"https:\/\/csma.es\/en\/wp-json\/wp\/v2\/media\/22904"}],"wp:attachment":[{"href":"https:\/\/csma.es\/en\/wp-json\/wp\/v2\/media?parent=22903"}],"wp:term":[{"taxonomy":"category","embeddable":true,"href":"https:\/\/csma.es\/en\/wp-json\/wp\/v2\/categories?post=22903"},{"taxonomy":"post_tag","embeddable":true,"href":"https:\/\/csma.es\/en\/wp-json\/wp\/v2\/tags?post=22903"}],"curies":[{"name":"wp","href":"https:\/\/api.w.org\/{rel}","templated":true}]}}