{"id":22804,"date":"2022-04-24T11:43:55","date_gmt":"2022-04-24T09:43:55","guid":{"rendered":"https:\/\/csma.es\/?p=22804"},"modified":"2022-04-27T23:32:00","modified_gmt":"2022-04-27T21:32:00","slug":"magistral-practica-del-acompanamiento-al-canto-migailo-4-5-05","status":"publish","type":"post","link":"https:\/\/csma.es\/en\/noticias\/magistral-practica-del-acompanamiento-al-canto-migailo-4-5-05\/","title":{"rendered":"Magistral Pr\u00e1ctica del acompa\u00f1amiento al canto, Migailo, 4-5 mayo"},"content":{"rendered":"<p style=\"text-align: justify;\">Los pr\u00f3ximos d\u00edas <strong>4 y 5 de mayo<\/strong> de 2022, el CSMA acoger\u00e1 las Clases Magistrales de <strong>Pr\u00e1ctica del acompa\u00f1amiento al canto<\/strong> a cargo de <strong>Raffaella Migailo<\/strong>. El mi\u00e9rcoles d\u00eda 4, de 10:30 a 14:00h en la Sala Boston y el Jueves d\u00eda 5 de 10:30 a 14:30 en el aula 001 y de 17:00 a 20:30h en el aula 204 del Conservatorio Superior de M\u00fasica de Arag\u00f3n.<\/p>\n<p style=\"text-align: justify;\">Nata a Roma, ha intrapreso giovanissima gli studi musicali diplomandosi brillantemente in Pianoforte e Canto presso il Conservatorio \u201cN. Rota\u201d di Monopoli sotto la guida dei MM\u00b0 A. Cirillo e G. Novielli.<\/p>\n<p style=\"text-align: justify;\">In seguito ha studiato Composizione con i MM\u00b0 P. Arc\u00e0 e F. Cellini, seguendo contemporaneamente corsi di perfezionamento pianistico con i MM\u00b0 M. Marvulli e V. Ferrari. Pi\u00f9 recentemente ha partecipato al Corso di perfezionamento in Musica vocale da camera tenuto dal M\u00b0 Erik Battaglia.<\/p>\n<p style=\"text-align: justify;\">Nel 2004 si \u00e8 diplomata con lode in Musica vocale da camera presso il Conservatorio \u201cN. Piccinni\u201d di Bari sotto la guida della prof.ssa S. Allegretta. Presso lo stesso Conservatorio, nel 2007 si \u00e8 laureata con lode in Discipline musicali indirizzo Musica vocale da camera.<\/p>\n<p style=\"text-align: justify;\">E\u2019 stata vincitrice di diversi concorsi pianistici (Stresa, Capri, Caserta, Taranto, ecc.) e cameristici (I Premio Torano Nuovo 2001, Mendelssohn Cup 2003, Citt\u00e0 di Valentino 2003, Citt\u00e0 di Altamura 2005, La Vallonea 2005; II Premio Euterpe Corato 2003, P. Argento 2003; III Premio R. Rodio 2003).<\/p>\n<p style=\"text-align: justify;\">Presta la propria opera in qualit\u00e0 di Maestro sostituto e Maestro suggeritore, e come Maestro accompagnatore in corsi, concorsi lirici e stages di Canto (Wildbad 2004, Sillico &#8211; Toscana 2009, Bagno di Romagna, Borsa di studio V. Gentile, Accademia del Belcanto \u201cRodolfo Celletti\u201d, ecc.) tenuti dai MM\u00b0 A. Zedda, T. Fabbricini, P. Roman\u00f2, S. Bonfadelli, D. Dess\u00ec, M. G. Pani, G. Zarrelli, R. Mameli, R. Servile, B. Baglioni e altri.<\/p>\n<p style=\"text-align: justify;\">Quale vincitrice di concorso per titoli ed esami ha ricoperto il ruolo di Accompagnatore al pianoforte per i corsi di vecchio ordinamento presso il Conservatorio \u201cDuni\u201d di Matera e dal 1999 presso il \u201cN.Rota\u201d di Monopoli. E\u2019 attualmente docente di Accompagnamento pianistico e, oltre a seguire i bienni di Maestro collaboratore, si dedica all\u2019insegnamento di discipline quali di Lettura dello spartito, Pratica del repertorio vocale, Pratica dell\u2019accompagnamento e della collaborazione pianistica, Dizione per il canto.<\/p>\n<p style=\"text-align: justify;\">Nell\u2019ambito dei Progetti d\u2019Istituto del Conservatorio \u201cN. Rota\u201d, dal 2004 collabora con il M\u00b0G. Guarino, in qualit\u00e0 di preparatore musicale, pianista e maestro di palcoscenico, nella realizzazione di opere quali Il Barbiere di Siviglia di G. Paisiello, Gianni Schicchi di G. Puccini, La vedova allegra di F. Lehar (che ha visto numerose repliche in vari teatri della Puglia, a Roma presso la sede del Ministero della Pubblica Istruzione, a Fier in Albania, a Salsomaggiore Terme, ecc.), Il cappello di paglia di Firenze, I due timidi e La notte di un nevrastenico, Aladino e la lampada magica di N. Rota, Die Fledermaus e Wiener Blut di J. Strauss, Buon compleanno, Maestro Verdi!, La boh\u00e8me di G. Puccini, La serva padrona di G. B. Pergolesi; inoltre Bastiano e Bastiana e La clemenza di Tito di W. A. Mozart (regia di M. G. Pani).<\/p>\n<p style=\"text-align: justify;\">Ha svolto un\u2019intensa attivit\u00e0 concertistica con il Duo Ligeos (voce e pianoforte) e con il Duo Carpe Diem (duo pianistico) e con essi ha suonato per importanti Associazioni (Italo-Francese e Italo-Tedesca di Bari, Amici della Musica delle Province di Bari, Foggia, Lecce, Brindisi, Matera, Cosenza, Vibo Valentia, ecc\u2026) nonch\u00e9 per importanti manifestazioni musicali organizzate nelle Province di Bari e Lecce.<\/p>\n<p style=\"text-align: justify;\">Da sempre, i suoi concerti sono creati seguendo una tematica che vede come maggiori protagonisti i compositori italiani (Il salotto di F. P. Tosti, Lied der Mignon, Il giovane Verdi, Europa \u2013 il pianoforte a quattro mani nel \u2018900, Il Novecento Italiano, Le canzoni da cabaret di A. Sch\u00f6nberg, Journal de mesm\u00e9lodies: F. Poulenc, R. Strauss: Die Nacht, Alla ri-scoperta di Alfredo Casella, Notturno \u2013 voci, clarinetti e corni di bassetto per W. A. Mozart, L\u2019eterno femminino, La musica vocale da camera di Wolf-Ferrari, Alla ri-scoperta di Mario Castelnuovo-Tedesco, Caro Richard&#8230; (per i 150 anni della nascita di R. Strauss),Dell\u2019Amore e altro&#8230;., Adieu Monsieur Debussy, Nuncaolvida, La musica vocale da camera di F. Poulenc, Di perdono e d\u2019amor rinascerai, A tre voci e tanti altri.<\/p>\n<p style=\"text-align: justify;\">Dal 2014 suona in formazione stabile con il soprano Francesca Ruospo.<\/p>\n<p style=\"text-align: justify;\">Da aprile 2015 a maggio 2016 \u00e8 stata in tour nei teatri pugliesi con lo spettacolo Mi chiamano Frou Frou di e con la regia di M.G. Pani.<\/p>\n<p style=\"text-align: justify;\">E\u2019autrice di musica per bambini (vocale e strumentale) e il suo brano \u201cBurlesca\u201d \u00e8 stato inciso dal Trio di Bolzano per la Rainbow Classic.<\/p>\n<p style=\"text-align: justify;\">\n","protected":false},"excerpt":{"rendered":"<p>Los pr\u00f3ximos d\u00edas 4 y 5 de mayo de 2022, el CSMA acoger\u00e1 las Clases Magistrales de Pr\u00e1ctica del acompa\u00f1amiento al canto a cargo de&#8230;<\/p>\n","protected":false},"author":3,"featured_media":22806,"comment_status":"open","ping_status":"open","sticky":false,"template":"","format":"standard","meta":{"footnotes":""},"categories":[368],"tags":[],"class_list":["post-22804","post","type-post","status-publish","format-standard","has-post-thumbnail","hentry","category-noticias"],"yoast_head":"<!-- This site is optimized with the Yoast SEO plugin v27.5 - https:\/\/yoast.com\/product\/yoast-seo-wordpress\/ -->\n<title>Magistral Pr\u00e1ctica del acompa\u00f1amiento al canto, Migailo, 4-5 mayo - CSMA<\/title>\n<meta name=\"robots\" content=\"index, follow, max-snippet:-1, max-image-preview:large, max-video-preview:-1\" \/>\n<link rel=\"canonical\" href=\"https:\/\/csma.es\/actualidad\/magistral-practica-del-acompanamiento-al-canto-migailo-4-5-05\/\" \/>\n<meta property=\"og:locale\" content=\"en_US\" \/>\n<meta property=\"og:type\" content=\"article\" \/>\n<meta property=\"og:title\" content=\"Magistral Pr\u00e1ctica del acompa\u00f1amiento al canto, Migailo, 4-5 mayo - CSMA\" \/>\n<meta property=\"og:description\" content=\"Los pr\u00f3ximos d\u00edas 4 y 5 de mayo de 2022, el CSMA acoger\u00e1 las Clases Magistrales de Pr\u00e1ctica del acompa\u00f1amiento al canto a cargo de...\" \/>\n<meta property=\"og:url\" content=\"https:\/\/csma.es\/actualidad\/magistral-practica-del-acompanamiento-al-canto-migailo-4-5-05\/\" \/>\n<meta property=\"og:site_name\" content=\"CSMA\" \/>\n<meta property=\"article:publisher\" content=\"https:\/\/www.facebook.com\/CSMAragon\/\" \/>\n<meta property=\"article:published_time\" content=\"2022-04-24T09:43:55+00:00\" \/>\n<meta property=\"article:modified_time\" content=\"2022-04-27T21:32:00+00:00\" \/>\n<meta property=\"og:image\" content=\"https:\/\/csma.es\/wp-content\/uploads\/2022\/04\/Migailo.jpg\" \/>\n\t<meta property=\"og:image:width\" content=\"320\" \/>\n\t<meta property=\"og:image:height\" content=\"213\" \/>\n\t<meta property=\"og:image:type\" content=\"image\/jpeg\" \/>\n<meta name=\"author\" content=\"TICS CSMA\" \/>\n<meta name=\"twitter:card\" content=\"summary_large_image\" \/>\n<meta name=\"twitter:creator\" content=\"@csmaconser\" \/>\n<meta name=\"twitter:site\" content=\"@csmaconser\" \/>\n<meta name=\"twitter:label1\" content=\"Written by\" \/>\n\t<meta name=\"twitter:data1\" content=\"TICS CSMA\" \/>\n\t<meta name=\"twitter:label2\" content=\"Est. reading time\" \/>\n\t<meta name=\"twitter:data2\" content=\"4 minutes\" \/>\n<script type=\"application\/ld+json\" class=\"yoast-schema-graph\">{\"@context\":\"https:\\\/\\\/schema.org\",\"@graph\":[{\"@type\":\"Article\",\"@id\":\"https:\\\/\\\/csma.es\\\/actualidad\\\/magistral-practica-del-acompanamiento-al-canto-migailo-4-5-05\\\/#article\",\"isPartOf\":{\"@id\":\"https:\\\/\\\/csma.es\\\/actualidad\\\/magistral-practica-del-acompanamiento-al-canto-migailo-4-5-05\\\/\"},\"author\":{\"name\":\"TICS CSMA\",\"@id\":\"https:\\\/\\\/csma.es\\\/#\\\/schema\\\/person\\\/dd9e345cd1ec5925a5e8927a0cb3fc69\"},\"headline\":\"Magistral Pr\u00e1ctica del acompa\u00f1amiento al canto, Migailo, 4-5 mayo\",\"datePublished\":\"2022-04-24T09:43:55+00:00\",\"dateModified\":\"2022-04-27T21:32:00+00:00\",\"mainEntityOfPage\":{\"@id\":\"https:\\\/\\\/csma.es\\\/actualidad\\\/magistral-practica-del-acompanamiento-al-canto-migailo-4-5-05\\\/\"},\"wordCount\":771,\"commentCount\":0,\"publisher\":{\"@id\":\"https:\\\/\\\/csma.es\\\/#organization\"},\"image\":{\"@id\":\"https:\\\/\\\/csma.es\\\/actualidad\\\/magistral-practica-del-acompanamiento-al-canto-migailo-4-5-05\\\/#primaryimage\"},\"thumbnailUrl\":\"https:\\\/\\\/csma.es\\\/wp-content\\\/uploads\\\/2022\\\/04\\\/Migailo.jpg\",\"articleSection\":[\"Noticias\"],\"inLanguage\":\"en-US\",\"potentialAction\":[{\"@type\":\"CommentAction\",\"name\":\"Comment\",\"target\":[\"https:\\\/\\\/csma.es\\\/actualidad\\\/magistral-practica-del-acompanamiento-al-canto-migailo-4-5-05\\\/#respond\"]}]},{\"@type\":\"WebPage\",\"@id\":\"https:\\\/\\\/csma.es\\\/actualidad\\\/magistral-practica-del-acompanamiento-al-canto-migailo-4-5-05\\\/\",\"url\":\"https:\\\/\\\/csma.es\\\/actualidad\\\/magistral-practica-del-acompanamiento-al-canto-migailo-4-5-05\\\/\",\"name\":\"Magistral Pr\u00e1ctica del acompa\u00f1amiento al canto, Migailo, 4-5 mayo - CSMA\",\"isPartOf\":{\"@id\":\"https:\\\/\\\/csma.es\\\/#website\"},\"primaryImageOfPage\":{\"@id\":\"https:\\\/\\\/csma.es\\\/actualidad\\\/magistral-practica-del-acompanamiento-al-canto-migailo-4-5-05\\\/#primaryimage\"},\"image\":{\"@id\":\"https:\\\/\\\/csma.es\\\/actualidad\\\/magistral-practica-del-acompanamiento-al-canto-migailo-4-5-05\\\/#primaryimage\"},\"thumbnailUrl\":\"https:\\\/\\\/csma.es\\\/wp-content\\\/uploads\\\/2022\\\/04\\\/Migailo.jpg\",\"datePublished\":\"2022-04-24T09:43:55+00:00\",\"dateModified\":\"2022-04-27T21:32:00+00:00\",\"breadcrumb\":{\"@id\":\"https:\\\/\\\/csma.es\\\/actualidad\\\/magistral-practica-del-acompanamiento-al-canto-migailo-4-5-05\\\/#breadcrumb\"},\"inLanguage\":\"en-US\",\"potentialAction\":[{\"@type\":\"ReadAction\",\"target\":[\"https:\\\/\\\/csma.es\\\/actualidad\\\/magistral-practica-del-acompanamiento-al-canto-migailo-4-5-05\\\/\"]}]},{\"@type\":\"ImageObject\",\"inLanguage\":\"en-US\",\"@id\":\"https:\\\/\\\/csma.es\\\/actualidad\\\/magistral-practica-del-acompanamiento-al-canto-migailo-4-5-05\\\/#primaryimage\",\"url\":\"https:\\\/\\\/csma.es\\\/wp-content\\\/uploads\\\/2022\\\/04\\\/Migailo.jpg\",\"contentUrl\":\"https:\\\/\\\/csma.es\\\/wp-content\\\/uploads\\\/2022\\\/04\\\/Migailo.jpg\",\"width\":320,\"height\":213},{\"@type\":\"BreadcrumbList\",\"@id\":\"https:\\\/\\\/csma.es\\\/actualidad\\\/magistral-practica-del-acompanamiento-al-canto-migailo-4-5-05\\\/#breadcrumb\",\"itemListElement\":[{\"@type\":\"ListItem\",\"position\":1,\"name\":\"Portada\",\"item\":\"https:\\\/\\\/csma.es\\\/en\\\/\"},{\"@type\":\"ListItem\",\"position\":2,\"name\":\"Magistral Pr\u00e1ctica del acompa\u00f1amiento al canto, Migailo, 4-5 mayo\"}]},{\"@type\":\"WebSite\",\"@id\":\"https:\\\/\\\/csma.es\\\/#website\",\"url\":\"https:\\\/\\\/csma.es\\\/\",\"name\":\"CSMA\",\"description\":\"Conservatorio Superior de M\u00fasica de Arag\u00f3n\",\"publisher\":{\"@id\":\"https:\\\/\\\/csma.es\\\/#organization\"},\"potentialAction\":[{\"@type\":\"SearchAction\",\"target\":{\"@type\":\"EntryPoint\",\"urlTemplate\":\"https:\\\/\\\/csma.es\\\/?s={search_term_string}\"},\"query-input\":{\"@type\":\"PropertyValueSpecification\",\"valueRequired\":true,\"valueName\":\"search_term_string\"}}],\"inLanguage\":\"en-US\"},{\"@type\":\"Organization\",\"@id\":\"https:\\\/\\\/csma.es\\\/#organization\",\"name\":\"Conservatorio Superior de M\u00fasica de Arag\u00f3n\",\"url\":\"https:\\\/\\\/csma.es\\\/\",\"logo\":{\"@type\":\"ImageObject\",\"inLanguage\":\"en-US\",\"@id\":\"https:\\\/\\\/csma.es\\\/#\\\/schema\\\/logo\\\/image\\\/\",\"url\":\"https:\\\/\\\/csma.es\\\/wp-content\\\/uploads\\\/2025\\\/04\\\/cropped-logo-csma-40anos-vertical-sintexto-positivo.png\",\"contentUrl\":\"https:\\\/\\\/csma.es\\\/wp-content\\\/uploads\\\/2025\\\/04\\\/cropped-logo-csma-40anos-vertical-sintexto-positivo.png\",\"width\":512,\"height\":512,\"caption\":\"Conservatorio Superior de M\u00fasica de Arag\u00f3n\"},\"image\":{\"@id\":\"https:\\\/\\\/csma.es\\\/#\\\/schema\\\/logo\\\/image\\\/\"},\"sameAs\":[\"https:\\\/\\\/www.facebook.com\\\/CSMAragon\\\/\",\"https:\\\/\\\/x.com\\\/csmaconser\",\"https:\\\/\\\/www.instagram.com\\\/csmaragon\\\/\",\"https:\\\/\\\/www.youtube.com\\\/channel\\\/UCcsLLtgZJUhz11-3Aj1sv3w\"]},{\"@type\":\"Person\",\"@id\":\"https:\\\/\\\/csma.es\\\/#\\\/schema\\\/person\\\/dd9e345cd1ec5925a5e8927a0cb3fc69\",\"name\":\"TICS CSMA\"}]}<\/script>\n<!-- \/ Yoast SEO plugin. -->","yoast_head_json":{"title":"Magistral Pr\u00e1ctica del acompa\u00f1amiento al canto, Migailo, 4-5 mayo - CSMA","robots":{"index":"index","follow":"follow","max-snippet":"max-snippet:-1","max-image-preview":"max-image-preview:large","max-video-preview":"max-video-preview:-1"},"canonical":"https:\/\/csma.es\/actualidad\/magistral-practica-del-acompanamiento-al-canto-migailo-4-5-05\/","og_locale":"en_US","og_type":"article","og_title":"Magistral Pr\u00e1ctica del acompa\u00f1amiento al canto, Migailo, 4-5 mayo - CSMA","og_description":"Los pr\u00f3ximos d\u00edas 4 y 5 de mayo de 2022, el CSMA acoger\u00e1 las Clases Magistrales de Pr\u00e1ctica del acompa\u00f1amiento al canto a cargo de...","og_url":"https:\/\/csma.es\/actualidad\/magistral-practica-del-acompanamiento-al-canto-migailo-4-5-05\/","og_site_name":"CSMA","article_publisher":"https:\/\/www.facebook.com\/CSMAragon\/","article_published_time":"2022-04-24T09:43:55+00:00","article_modified_time":"2022-04-27T21:32:00+00:00","og_image":[{"width":320,"height":213,"url":"https:\/\/csma.es\/wp-content\/uploads\/2022\/04\/Migailo.jpg","type":"image\/jpeg"}],"author":"TICS CSMA","twitter_card":"summary_large_image","twitter_creator":"@csmaconser","twitter_site":"@csmaconser","twitter_misc":{"Written by":"TICS CSMA","Est. reading time":"4 minutes"},"schema":{"@context":"https:\/\/schema.org","@graph":[{"@type":"Article","@id":"https:\/\/csma.es\/actualidad\/magistral-practica-del-acompanamiento-al-canto-migailo-4-5-05\/#article","isPartOf":{"@id":"https:\/\/csma.es\/actualidad\/magistral-practica-del-acompanamiento-al-canto-migailo-4-5-05\/"},"author":{"name":"TICS CSMA","@id":"https:\/\/csma.es\/#\/schema\/person\/dd9e345cd1ec5925a5e8927a0cb3fc69"},"headline":"Magistral Pr\u00e1ctica del acompa\u00f1amiento al canto, Migailo, 4-5 mayo","datePublished":"2022-04-24T09:43:55+00:00","dateModified":"2022-04-27T21:32:00+00:00","mainEntityOfPage":{"@id":"https:\/\/csma.es\/actualidad\/magistral-practica-del-acompanamiento-al-canto-migailo-4-5-05\/"},"wordCount":771,"commentCount":0,"publisher":{"@id":"https:\/\/csma.es\/#organization"},"image":{"@id":"https:\/\/csma.es\/actualidad\/magistral-practica-del-acompanamiento-al-canto-migailo-4-5-05\/#primaryimage"},"thumbnailUrl":"https:\/\/csma.es\/wp-content\/uploads\/2022\/04\/Migailo.jpg","articleSection":["Noticias"],"inLanguage":"en-US","potentialAction":[{"@type":"CommentAction","name":"Comment","target":["https:\/\/csma.es\/actualidad\/magistral-practica-del-acompanamiento-al-canto-migailo-4-5-05\/#respond"]}]},{"@type":"WebPage","@id":"https:\/\/csma.es\/actualidad\/magistral-practica-del-acompanamiento-al-canto-migailo-4-5-05\/","url":"https:\/\/csma.es\/actualidad\/magistral-practica-del-acompanamiento-al-canto-migailo-4-5-05\/","name":"Magistral Pr\u00e1ctica del acompa\u00f1amiento al canto, Migailo, 4-5 mayo - CSMA","isPartOf":{"@id":"https:\/\/csma.es\/#website"},"primaryImageOfPage":{"@id":"https:\/\/csma.es\/actualidad\/magistral-practica-del-acompanamiento-al-canto-migailo-4-5-05\/#primaryimage"},"image":{"@id":"https:\/\/csma.es\/actualidad\/magistral-practica-del-acompanamiento-al-canto-migailo-4-5-05\/#primaryimage"},"thumbnailUrl":"https:\/\/csma.es\/wp-content\/uploads\/2022\/04\/Migailo.jpg","datePublished":"2022-04-24T09:43:55+00:00","dateModified":"2022-04-27T21:32:00+00:00","breadcrumb":{"@id":"https:\/\/csma.es\/actualidad\/magistral-practica-del-acompanamiento-al-canto-migailo-4-5-05\/#breadcrumb"},"inLanguage":"en-US","potentialAction":[{"@type":"ReadAction","target":["https:\/\/csma.es\/actualidad\/magistral-practica-del-acompanamiento-al-canto-migailo-4-5-05\/"]}]},{"@type":"ImageObject","inLanguage":"en-US","@id":"https:\/\/csma.es\/actualidad\/magistral-practica-del-acompanamiento-al-canto-migailo-4-5-05\/#primaryimage","url":"https:\/\/csma.es\/wp-content\/uploads\/2022\/04\/Migailo.jpg","contentUrl":"https:\/\/csma.es\/wp-content\/uploads\/2022\/04\/Migailo.jpg","width":320,"height":213},{"@type":"BreadcrumbList","@id":"https:\/\/csma.es\/actualidad\/magistral-practica-del-acompanamiento-al-canto-migailo-4-5-05\/#breadcrumb","itemListElement":[{"@type":"ListItem","position":1,"name":"Portada","item":"https:\/\/csma.es\/en\/"},{"@type":"ListItem","position":2,"name":"Magistral Pr\u00e1ctica del acompa\u00f1amiento al canto, Migailo, 4-5 mayo"}]},{"@type":"WebSite","@id":"https:\/\/csma.es\/#website","url":"https:\/\/csma.es\/","name":"CSMA","description":"Conservatorio Superior de M\u00fasica de Arag\u00f3n","publisher":{"@id":"https:\/\/csma.es\/#organization"},"potentialAction":[{"@type":"SearchAction","target":{"@type":"EntryPoint","urlTemplate":"https:\/\/csma.es\/?s={search_term_string}"},"query-input":{"@type":"PropertyValueSpecification","valueRequired":true,"valueName":"search_term_string"}}],"inLanguage":"en-US"},{"@type":"Organization","@id":"https:\/\/csma.es\/#organization","name":"Conservatorio Superior de M\u00fasica de Arag\u00f3n","url":"https:\/\/csma.es\/","logo":{"@type":"ImageObject","inLanguage":"en-US","@id":"https:\/\/csma.es\/#\/schema\/logo\/image\/","url":"https:\/\/csma.es\/wp-content\/uploads\/2025\/04\/cropped-logo-csma-40anos-vertical-sintexto-positivo.png","contentUrl":"https:\/\/csma.es\/wp-content\/uploads\/2025\/04\/cropped-logo-csma-40anos-vertical-sintexto-positivo.png","width":512,"height":512,"caption":"Conservatorio Superior de M\u00fasica de Arag\u00f3n"},"image":{"@id":"https:\/\/csma.es\/#\/schema\/logo\/image\/"},"sameAs":["https:\/\/www.facebook.com\/CSMAragon\/","https:\/\/x.com\/csmaconser","https:\/\/www.instagram.com\/csmaragon\/","https:\/\/www.youtube.com\/channel\/UCcsLLtgZJUhz11-3Aj1sv3w"]},{"@type":"Person","@id":"https:\/\/csma.es\/#\/schema\/person\/dd9e345cd1ec5925a5e8927a0cb3fc69","name":"TICS CSMA"}]}},"publishpress_future_action":{"enabled":false,"date":"2026-05-08 12:14:59","action":"change-status","newStatus":"draft","terms":[],"taxonomy":"category","extraData":[]},"publishpress_future_workflow_manual_trigger":{"enabledWorkflows":[]},"_links":{"self":[{"href":"https:\/\/csma.es\/en\/wp-json\/wp\/v2\/posts\/22804","targetHints":{"allow":["GET"]}}],"collection":[{"href":"https:\/\/csma.es\/en\/wp-json\/wp\/v2\/posts"}],"about":[{"href":"https:\/\/csma.es\/en\/wp-json\/wp\/v2\/types\/post"}],"author":[{"embeddable":true,"href":"https:\/\/csma.es\/en\/wp-json\/wp\/v2\/users\/3"}],"replies":[{"embeddable":true,"href":"https:\/\/csma.es\/en\/wp-json\/wp\/v2\/comments?post=22804"}],"version-history":[{"count":0,"href":"https:\/\/csma.es\/en\/wp-json\/wp\/v2\/posts\/22804\/revisions"}],"wp:featuredmedia":[{"embeddable":true,"href":"https:\/\/csma.es\/en\/wp-json\/wp\/v2\/media\/22806"}],"wp:attachment":[{"href":"https:\/\/csma.es\/en\/wp-json\/wp\/v2\/media?parent=22804"}],"wp:term":[{"taxonomy":"category","embeddable":true,"href":"https:\/\/csma.es\/en\/wp-json\/wp\/v2\/categories?post=22804"},{"taxonomy":"post_tag","embeddable":true,"href":"https:\/\/csma.es\/en\/wp-json\/wp\/v2\/tags?post=22804"}],"curies":[{"name":"wp","href":"https:\/\/api.w.org\/{rel}","templated":true}]}}