{"id":22762,"date":"2022-04-23T08:00:47","date_gmt":"2022-04-23T06:00:47","guid":{"rendered":"https:\/\/csma.es\/?p=22762"},"modified":"2022-04-27T23:32:14","modified_gmt":"2022-04-27T21:32:14","slug":"magistral-cello-martinez-campos-3-05","status":"publish","type":"post","link":"https:\/\/csma.es\/en\/noticias\/magistral-cello-martinez-campos-3-05\/","title":{"rendered":"Magistral cello, Mart\u00ednez Campos, 3 mayo"},"content":{"rendered":"<p style=\"text-align: justify;\">El\u00a0 pr\u00f3ximo d\u00eda <strong>3 de mayo<\/strong> de 2022, el CSMA acoger\u00e1 las Clases Magistrales de <strong>violonchelo<\/strong> cargo de <strong>Javier Mart\u00ednez Campos<\/strong>. El horario ser\u00e1 de 9:00 a 13:00 y de 14.30 a 17:30 en la <em>Sala Boston<\/em> del Conservatorio Superior de M\u00fasica de Arag\u00f3n.<\/p>\n<p style=\"text-align: justify;\">Nace en Valencia en diciembre de 1989. Comenz\u00f3 sus estudios musicales a la edad de los 4 a\u00f1os en la Academia CEDAM de Madrid, continuando el grado medio en el Conservatorio Profesional de M\u00fasica de Getafe con M\u00aa Nieves Collado. Estudi\u00f3 en el Real Conservatorio Superior de M\u00fasica de Madrid las especialidades de violonchelo con el profesor Iagoba Fanlo, y de composici\u00f3n (J. Medina, A. Romero, M. Seco, Z. de la Cruz, B. Dozza, E. Armenteros, A. Carretero), finaliz\u00e1ndolas ambas en 2011 con Matr\u00edcula de Honor.<br \/>\nHa realizado el Master of Music y el Konzertexam (M\u00e1ster de Solista, con Matr\u00edcula de Honor) en la Robert Schumann Hochschule de D\u00fcsseldorf (Alemania) con el profesor Gregor Horsch (solista de la Royal Concertgebouw Orchestra de \u00c1msterdam), estudiando, adem\u00e1s, en Par\u00eds (Francia) en la &#8220;Classe d\u00b4Excellence&#8221; de la Fundaci\u00f3n Louis Vuitton con el profesor y solista internacional Gautier Capu\u00e7on.<br \/>\nEst\u00e1 en posesi\u00f3n del M\u00e1ster en &#8220;Creaci\u00f3n e Interpretaci\u00f3n Musical&#8221; de la Universidad Rey Juan Carlos (Madrid), del M\u00e1ster en Music Management y del t\u00edtulo de &#8220;T\u00e9cnico en Gesti\u00f3n de la Industria Musical&#8221; por la Universidad Europea Miguel de Cervantes &#8211; IGECA. En la actualidad, adem\u00e1s, se encuentra realizando el Doctorado en Investigaci\u00f3n en Humanidades, Artes y Educaci\u00f3n en la Universidad de Castilla-La Mancha (UCLM).<br \/>\nPerfeccion\u00f3 sus estudios de interpretaci\u00f3n con Miguel Jim\u00e9nez (solista de la Orquesta Nacional de Espa\u00f1a), asistiendo tambi\u00e9n a cursos de perfeccionamiento musical en la especialidad de violonchelo con Anner Bylsma, Edgar Gredler, \u00c1ngel Luis Quintana, Marie Paule Milone, Christopher Vandespar, Dimas Moreno; y a master-classes con Pieter Wispelwey, Jens Peter Maintz, Wen-Sinn Yang, Wolfgang Emanuel Schmidt, Antoaneta Emanuilova, Alexander Bouzlov, Torleif Thed\u00e9en, Johannes Krebs, David Strange, Tam\u00e1s Varga, Nikolaus Trieb, J\u00e9r\u00f4me T\u00e9tard, Asier Polo y el Cuarteto Quiroga. En la especialidad de violonchelo barroco con Gaetano Nasillo y Josetxu Obreg\u00f3n (La Ritirata); y en la de composici\u00f3n, instrumentaci\u00f3n y orquestaci\u00f3n con Leonardo Balada, Ertugrul Sevsay, J. M\u00aa S\u00e1nchez Verd\u00fa, Bernardo Adam Ferrero, Gregory Fritze (Berklee), Andr\u00e9s Valero-Castells y Ferrer Ferran.<br \/>\nComo violonchelista ha tocado bajo la batuta de directores como Gustavo Dudamel, Esa-Pekka Salonen, Gianandrea Noseda, Peter E\u00f6tvos, Alondra de la Parra, Lorenzo Viotti, Lutz K\u00f6hler, Vladimir Ashkenazy, Giancarlo Guerrero, David Afkham, Reinbert de Leeuw, Erik Nielsen, Christian Zachar\u00edas, Eliahu Inbal, Crist\u00f3bal Halftter, Juanjo Mena&#8230; en Auditorios y Salas de Concierto como el Carnegie Hall de Nueva York, Symphony Hall de Boston, Kennedy Center for the Performing Arts de Washington DC, Concertgebouw de \u00c1msterdam, Auditorio Nacional M\u00fasica de Madrid, Palau de la M\u00fasica de Valencia, Palau de les Arts Reina Sof\u00eda de Valencia, Palau de la M\u00fasica Catalana de Barcelona, Fundaci\u00f3n Gubelkian de Lisboa, Konzerthaus am Gendarmenmarkt Berlin, K\u00f6lner Philharmonie, Tonhalle D\u00fcsseldorf, Filharmonia Narodowa de Varsovia, Emirates Palace de Abu Dhabi, Tokyo International Forum, Royal Opera House Muscat (Om\u00e1n), etc.<br \/>\nHa sido Violonchelo Ayuda de Solista de la Orquesta Sinf\u00f3nica de Bilbao (BOS) entre 2015-2019, academista de la Mahler Chamber Orchestra (MCO) y de la D\u00fcsseldorfer Symphoniker, miembro de la European Union Youth Orchestra (EUYO), Orquesta Juvenil Iberoamericana (OJI), dirigida por Gustavo Dudamel, y miembro y violonchelo principal de la Joven Orquesta Nacional de<br \/>\nEspa\u00f1a (JONDE), de la Netherlands Jugend Orchestra (NJO) y de la Jove Orquestra de la Generalitat Valenciana (JOGV).<br \/>\nHa colaborado con la Mahler Chamber Orchestra (MCO), Duisburger Philharmoniker, Orquesta Sinf\u00f3nica de Tenerife, Beethoven Orchester Bonn, Kammeroper K\u00f6ln, D\u00fcsseldorfer Symphoniker, Orquesta de C\u00e1mara Andr\u00e9s Segovia, Orquesta Filarmon\u00eda, Orquesta Sinf\u00f3nica del Mediterr\u00e1neo, Banda Municipal de Bilbao, etc.<br \/>\nComo solista ha tocado con la Symphonieorchesters der RSH D\u00fcsseldorf, la Jove Orquestra de la Generalitat Valenciana (JOGV), la Orquestra Simf\u00f2nica l&#8217;Om de Picassent o la Orquesta del Conservatorio Profesional de M\u00fasica de Getafe, entre otros, actuando y realizando recitales asimismo en auditorios como la Tonhalle de D\u00fcsseldorf (Alemania), Palau de la M\u00fasica de Valencia, Moeser Auditorium &#8211; University of North Carolina (Estados Unidos), North Carolina Museum of Arts Raleigh, Th\u00e9\u00e2tre du Casino \u00c9vian-Les-Bains (Francia), Auditorium &#8211; Fondation Louis Vuitton (Francia), Teatre-Auditori de la Vila-Joiosa, etc.<br \/>\nComo compositor, ha sido residente e invitado por la Joven Orquesta Nacional de Espa\u00f1a (JONDE, 2012, 2016), el P\u00f2dium Matadepera (Barcelona, 2018) y el Festival dels Horts (Valencia, 2019), recibiendo encargos, adem\u00e1s, de la Orquesta y Coro Nacionales de Espa\u00f1a, el Instituto Nacional de las Artes Esc\u00e9nicas y la M\u00fasica INAEM, Joven Orquesta Nacional de Espa\u00f1a y el Ministerio de Cultura y Educaci\u00f3n, la Fundaci\u00f3n SGAE\/AEOS &#8211; Orquesta Sinf\u00f3nica de Bilbao, L&#8217;Orchestre Parfum (Par\u00eds), Agrupaci\u00f3n Coral Antara Korai, Junta Central Fallera de Valencia, Ajuntament de Montserrat o la Banda Municipal de Txistularis de Bilbao &#8211; BilbaoMusika, entre otros.<br \/>\nSus obras se han interpretado en el Memorial Hall &#8211; University of North Carolina de Chapel Hill (EEUU), Carnegie Mellon University School of Music de Pittsburg (EEUU), Cit\u00e9 de la Musique (Par\u00eds), Fondation Louis Vuitton (Par\u00eds), Wigmore Hall (Londres), Auditorio Nacional de M\u00fasica de Madrid, Palau de la M\u00fasica de Valencia, Palau de la M\u00fasica Catalana, Teatro Monumental de Madrid, Palacio Euskalduna de Bilbao, Palacio de la \u00d3pera de A Coru\u00f1a, Auditorio de la Diputaci\u00f3n de Alicante ADDA, Musiekgebouw aan\u00b4t IJ (\u00c1msterdam), Bernard Haitinkzaal (\u00c1msterdam), Universidad de Caldas (Colombia), Palais Wittgenstein (D\u00fcsseldorf, Alemania), Teatros el Canal de Madrid&#8230; por solistas y agrupaciones como Gautier Capu\u00e7on (solista internacional), G\u00e1bor Tark\u00f6vi (trompeta solista de la Berliner Philharmoniker), la Orquesta Sinf\u00f3nica de Galicia OSG, Orquesta Sinf\u00f3nica de Radio Televisi\u00f3n Espa\u00f1ola RTVE, Orquesta Sinf\u00f3nica de Bilbao BOS, Orquestra Simf\u00f2nica del Vall\u00e8s OSV, Spanish Brass, Soinuaren Bidaia, Ensemble Contempor\u00e1neo de Carnegie Mellon, European Union Youth Orchestra EUYO, Academia de M\u00fasica Contempor\u00e1nea de la JONDE, Collegium Instrumentale de Valencia, UNC Wind Ensemble (EEUU), Banda Sinf\u00f3nica Municipal de Madrid, Banda Municipal de Valencia, Banda Municipal de Bilbao, Banda Municipal de Albacete, Banda Municipal de Castell\u00f3n, Banda Municipal de Almer\u00eda, etc.<br \/>\nSus composiciones est\u00e1n publicadas por editoriales como Ediciones Tot per l\u2019aire, Scomegna Edizioni Musicali (Italia), G\u00e9rard Billaudot \u00c9diteur (Francia), Piles, OmnesBands, DAS\u00cd-Flautas Ediciones, SB Edicions y JMC Ediciones.<br \/>\nHa sido galardonado con 29 premios internacionales de composici\u00f3n, violonchelo y m\u00fasica de c\u00e1mara, entre los que destacan: 1\u00ba premio ex aequo en el X Concurso Internacional de Composici\u00f3n \u201cSalvador Segu\u00ed\u201d de la Setmana Internacional de la M\u00fasica de Cambra de Montserrat (Valencia), \u201c1\u00ba Premi Fallera Major de Val\u00e8ncia 2010\u201d en el XIII Concurso Nacional<br \/>\nde Composici\u00f3n de Pasodobles Falleros (organizado por la Junta Central Fallera y el Excm. Ayuntamiento de Valencia), IX Premio de Composici\u00f3n Musical para Orquesta \u201cAndr\u00e9s Gaos\u201d de la Diputaci\u00f3n de A Coru\u00f1a, 1\u00ba premio en el IV Concorso Internazionale di Composizioni \u201cCitt\u00e1 di Sinnai\u201d 2012 (Cerde\u00f1a, Italia), \u201cII Internationaler Knopf Wettbewerb\u201d der Anton Rubinstein Akademie (Alemania) en la categor\u00eda de \u201cVioloncello\u201d, 2\u00ba premio ex aequo de interpretaci\u00f3n en el \u201cSolist Schmolz+Bickenbach Wettbewerb\u201d de D\u00fcsseldorf (Alemania), ganador del \u201cII Premio Talento Joven de la Comunidad Valenciana\u201d en la categor\u00eda de \u201cCultura\u201d (patrocinado por Levante-EMV y Bankia), 3\u00ba premio en el &#8220;Gaetano Amadeo Prize 2021&#8221; (Italia), 2\u00ba premio en el &#8220;International Composition Competition of the Vienna Classical Music Academy 2021&#8221; (Austria), etc.<br \/>\nActualmente, es violonchelista de la Orquesta y Coro Nacionales de Espa\u00f1a (OCNE), compositor, y miembro del ensemble Soinuaren Bidaia.<\/p>\n<p style=\"text-align: center;\">www.javiermartinezcampos.com<\/p>\n","protected":false},"excerpt":{"rendered":"<p>El\u00a0 pr\u00f3ximo d\u00eda 3 de mayo de 2022, el CSMA acoger\u00e1 las Clases Magistrales de violonchelo cargo de Javier Mart\u00ednez Campos. El horario ser\u00e1 de&#8230;<\/p>\n","protected":false},"author":3,"featured_media":22777,"comment_status":"open","ping_status":"open","sticky":false,"template":"","format":"standard","meta":{"footnotes":""},"categories":[368],"tags":[],"class_list":["post-22762","post","type-post","status-publish","format-standard","has-post-thumbnail","hentry","category-noticias"],"yoast_head":"<!-- This site is optimized with the Yoast SEO plugin v27.5 - https:\/\/yoast.com\/product\/yoast-seo-wordpress\/ -->\n<title>Magistral cello, Mart\u00ednez Campos, 3 mayo - CSMA<\/title>\n<meta name=\"robots\" content=\"index, follow, max-snippet:-1, max-image-preview:large, max-video-preview:-1\" \/>\n<link rel=\"canonical\" href=\"https:\/\/csma.es\/actualidad\/magistral-cello-martinez-campos-3-05\/\" \/>\n<meta property=\"og:locale\" content=\"en_US\" \/>\n<meta property=\"og:type\" content=\"article\" \/>\n<meta property=\"og:title\" content=\"Magistral cello, Mart\u00ednez Campos, 3 mayo - CSMA\" \/>\n<meta property=\"og:description\" content=\"El\u00a0 pr\u00f3ximo d\u00eda 3 de mayo de 2022, el CSMA acoger\u00e1 las Clases Magistrales de violonchelo cargo de Javier Mart\u00ednez Campos. El horario ser\u00e1 de...\" \/>\n<meta property=\"og:url\" content=\"https:\/\/csma.es\/actualidad\/magistral-cello-martinez-campos-3-05\/\" \/>\n<meta property=\"og:site_name\" content=\"CSMA\" \/>\n<meta property=\"article:publisher\" content=\"https:\/\/www.facebook.com\/CSMAragon\/\" \/>\n<meta property=\"article:published_time\" content=\"2022-04-23T06:00:47+00:00\" \/>\n<meta property=\"article:modified_time\" content=\"2022-04-27T21:32:14+00:00\" \/>\n<meta property=\"og:image\" content=\"https:\/\/csma.es\/wp-content\/uploads\/2022\/04\/Javier-Marti_nez-Campos-violonchelo.jpg\" \/>\n\t<meta property=\"og:image:width\" content=\"427\" \/>\n\t<meta property=\"og:image:height\" content=\"640\" \/>\n\t<meta property=\"og:image:type\" content=\"image\/jpeg\" \/>\n<meta name=\"author\" content=\"TICS CSMA\" \/>\n<meta name=\"twitter:card\" content=\"summary_large_image\" \/>\n<meta name=\"twitter:creator\" content=\"@csmaconser\" \/>\n<meta name=\"twitter:site\" content=\"@csmaconser\" \/>\n<meta name=\"twitter:label1\" content=\"Written by\" \/>\n\t<meta name=\"twitter:data1\" content=\"TICS CSMA\" \/>\n\t<meta name=\"twitter:label2\" content=\"Est. reading time\" \/>\n\t<meta name=\"twitter:data2\" content=\"6 minutes\" \/>\n<script type=\"application\/ld+json\" class=\"yoast-schema-graph\">{\"@context\":\"https:\\\/\\\/schema.org\",\"@graph\":[{\"@type\":\"Article\",\"@id\":\"https:\\\/\\\/csma.es\\\/actualidad\\\/magistral-cello-martinez-campos-3-05\\\/#article\",\"isPartOf\":{\"@id\":\"https:\\\/\\\/csma.es\\\/actualidad\\\/magistral-cello-martinez-campos-3-05\\\/\"},\"author\":{\"name\":\"TICS CSMA\",\"@id\":\"https:\\\/\\\/csma.es\\\/#\\\/schema\\\/person\\\/dd9e345cd1ec5925a5e8927a0cb3fc69\"},\"headline\":\"Magistral cello, Mart\u00ednez Campos, 3 mayo\",\"datePublished\":\"2022-04-23T06:00:47+00:00\",\"dateModified\":\"2022-04-27T21:32:14+00:00\",\"mainEntityOfPage\":{\"@id\":\"https:\\\/\\\/csma.es\\\/actualidad\\\/magistral-cello-martinez-campos-3-05\\\/\"},\"wordCount\":1331,\"commentCount\":0,\"publisher\":{\"@id\":\"https:\\\/\\\/csma.es\\\/#organization\"},\"image\":{\"@id\":\"https:\\\/\\\/csma.es\\\/actualidad\\\/magistral-cello-martinez-campos-3-05\\\/#primaryimage\"},\"thumbnailUrl\":\"https:\\\/\\\/csma.es\\\/wp-content\\\/uploads\\\/2022\\\/04\\\/Javier-Marti_nez-Campos-violonchelo.jpg\",\"articleSection\":[\"Noticias\"],\"inLanguage\":\"en-US\",\"potentialAction\":[{\"@type\":\"CommentAction\",\"name\":\"Comment\",\"target\":[\"https:\\\/\\\/csma.es\\\/actualidad\\\/magistral-cello-martinez-campos-3-05\\\/#respond\"]}]},{\"@type\":\"WebPage\",\"@id\":\"https:\\\/\\\/csma.es\\\/actualidad\\\/magistral-cello-martinez-campos-3-05\\\/\",\"url\":\"https:\\\/\\\/csma.es\\\/actualidad\\\/magistral-cello-martinez-campos-3-05\\\/\",\"name\":\"Magistral cello, Mart\u00ednez Campos, 3 mayo - CSMA\",\"isPartOf\":{\"@id\":\"https:\\\/\\\/csma.es\\\/#website\"},\"primaryImageOfPage\":{\"@id\":\"https:\\\/\\\/csma.es\\\/actualidad\\\/magistral-cello-martinez-campos-3-05\\\/#primaryimage\"},\"image\":{\"@id\":\"https:\\\/\\\/csma.es\\\/actualidad\\\/magistral-cello-martinez-campos-3-05\\\/#primaryimage\"},\"thumbnailUrl\":\"https:\\\/\\\/csma.es\\\/wp-content\\\/uploads\\\/2022\\\/04\\\/Javier-Marti_nez-Campos-violonchelo.jpg\",\"datePublished\":\"2022-04-23T06:00:47+00:00\",\"dateModified\":\"2022-04-27T21:32:14+00:00\",\"breadcrumb\":{\"@id\":\"https:\\\/\\\/csma.es\\\/actualidad\\\/magistral-cello-martinez-campos-3-05\\\/#breadcrumb\"},\"inLanguage\":\"en-US\",\"potentialAction\":[{\"@type\":\"ReadAction\",\"target\":[\"https:\\\/\\\/csma.es\\\/actualidad\\\/magistral-cello-martinez-campos-3-05\\\/\"]}]},{\"@type\":\"ImageObject\",\"inLanguage\":\"en-US\",\"@id\":\"https:\\\/\\\/csma.es\\\/actualidad\\\/magistral-cello-martinez-campos-3-05\\\/#primaryimage\",\"url\":\"https:\\\/\\\/csma.es\\\/wp-content\\\/uploads\\\/2022\\\/04\\\/Javier-Marti_nez-Campos-violonchelo.jpg\",\"contentUrl\":\"https:\\\/\\\/csma.es\\\/wp-content\\\/uploads\\\/2022\\\/04\\\/Javier-Marti_nez-Campos-violonchelo.jpg\",\"width\":427,\"height\":640},{\"@type\":\"BreadcrumbList\",\"@id\":\"https:\\\/\\\/csma.es\\\/actualidad\\\/magistral-cello-martinez-campos-3-05\\\/#breadcrumb\",\"itemListElement\":[{\"@type\":\"ListItem\",\"position\":1,\"name\":\"Portada\",\"item\":\"https:\\\/\\\/csma.es\\\/en\\\/\"},{\"@type\":\"ListItem\",\"position\":2,\"name\":\"Magistral cello, Mart\u00ednez Campos, 3 mayo\"}]},{\"@type\":\"WebSite\",\"@id\":\"https:\\\/\\\/csma.es\\\/#website\",\"url\":\"https:\\\/\\\/csma.es\\\/\",\"name\":\"CSMA\",\"description\":\"Conservatorio Superior de M\u00fasica de Arag\u00f3n\",\"publisher\":{\"@id\":\"https:\\\/\\\/csma.es\\\/#organization\"},\"potentialAction\":[{\"@type\":\"SearchAction\",\"target\":{\"@type\":\"EntryPoint\",\"urlTemplate\":\"https:\\\/\\\/csma.es\\\/?s={search_term_string}\"},\"query-input\":{\"@type\":\"PropertyValueSpecification\",\"valueRequired\":true,\"valueName\":\"search_term_string\"}}],\"inLanguage\":\"en-US\"},{\"@type\":\"Organization\",\"@id\":\"https:\\\/\\\/csma.es\\\/#organization\",\"name\":\"Conservatorio Superior de M\u00fasica de Arag\u00f3n\",\"url\":\"https:\\\/\\\/csma.es\\\/\",\"logo\":{\"@type\":\"ImageObject\",\"inLanguage\":\"en-US\",\"@id\":\"https:\\\/\\\/csma.es\\\/#\\\/schema\\\/logo\\\/image\\\/\",\"url\":\"https:\\\/\\\/csma.es\\\/wp-content\\\/uploads\\\/2025\\\/04\\\/cropped-logo-csma-40anos-vertical-sintexto-positivo.png\",\"contentUrl\":\"https:\\\/\\\/csma.es\\\/wp-content\\\/uploads\\\/2025\\\/04\\\/cropped-logo-csma-40anos-vertical-sintexto-positivo.png\",\"width\":512,\"height\":512,\"caption\":\"Conservatorio Superior de M\u00fasica de Arag\u00f3n\"},\"image\":{\"@id\":\"https:\\\/\\\/csma.es\\\/#\\\/schema\\\/logo\\\/image\\\/\"},\"sameAs\":[\"https:\\\/\\\/www.facebook.com\\\/CSMAragon\\\/\",\"https:\\\/\\\/x.com\\\/csmaconser\",\"https:\\\/\\\/www.instagram.com\\\/csmaragon\\\/\",\"https:\\\/\\\/www.youtube.com\\\/channel\\\/UCcsLLtgZJUhz11-3Aj1sv3w\"]},{\"@type\":\"Person\",\"@id\":\"https:\\\/\\\/csma.es\\\/#\\\/schema\\\/person\\\/dd9e345cd1ec5925a5e8927a0cb3fc69\",\"name\":\"TICS CSMA\"}]}<\/script>\n<!-- \/ Yoast SEO plugin. -->","yoast_head_json":{"title":"Magistral cello, Mart\u00ednez Campos, 3 mayo - CSMA","robots":{"index":"index","follow":"follow","max-snippet":"max-snippet:-1","max-image-preview":"max-image-preview:large","max-video-preview":"max-video-preview:-1"},"canonical":"https:\/\/csma.es\/actualidad\/magistral-cello-martinez-campos-3-05\/","og_locale":"en_US","og_type":"article","og_title":"Magistral cello, Mart\u00ednez Campos, 3 mayo - CSMA","og_description":"El\u00a0 pr\u00f3ximo d\u00eda 3 de mayo de 2022, el CSMA acoger\u00e1 las Clases Magistrales de violonchelo cargo de Javier Mart\u00ednez Campos. El horario ser\u00e1 de...","og_url":"https:\/\/csma.es\/actualidad\/magistral-cello-martinez-campos-3-05\/","og_site_name":"CSMA","article_publisher":"https:\/\/www.facebook.com\/CSMAragon\/","article_published_time":"2022-04-23T06:00:47+00:00","article_modified_time":"2022-04-27T21:32:14+00:00","og_image":[{"width":427,"height":640,"url":"https:\/\/csma.es\/wp-content\/uploads\/2022\/04\/Javier-Marti_nez-Campos-violonchelo.jpg","type":"image\/jpeg"}],"author":"TICS CSMA","twitter_card":"summary_large_image","twitter_creator":"@csmaconser","twitter_site":"@csmaconser","twitter_misc":{"Written by":"TICS CSMA","Est. reading time":"6 minutes"},"schema":{"@context":"https:\/\/schema.org","@graph":[{"@type":"Article","@id":"https:\/\/csma.es\/actualidad\/magistral-cello-martinez-campos-3-05\/#article","isPartOf":{"@id":"https:\/\/csma.es\/actualidad\/magistral-cello-martinez-campos-3-05\/"},"author":{"name":"TICS CSMA","@id":"https:\/\/csma.es\/#\/schema\/person\/dd9e345cd1ec5925a5e8927a0cb3fc69"},"headline":"Magistral cello, Mart\u00ednez Campos, 3 mayo","datePublished":"2022-04-23T06:00:47+00:00","dateModified":"2022-04-27T21:32:14+00:00","mainEntityOfPage":{"@id":"https:\/\/csma.es\/actualidad\/magistral-cello-martinez-campos-3-05\/"},"wordCount":1331,"commentCount":0,"publisher":{"@id":"https:\/\/csma.es\/#organization"},"image":{"@id":"https:\/\/csma.es\/actualidad\/magistral-cello-martinez-campos-3-05\/#primaryimage"},"thumbnailUrl":"https:\/\/csma.es\/wp-content\/uploads\/2022\/04\/Javier-Marti_nez-Campos-violonchelo.jpg","articleSection":["Noticias"],"inLanguage":"en-US","potentialAction":[{"@type":"CommentAction","name":"Comment","target":["https:\/\/csma.es\/actualidad\/magistral-cello-martinez-campos-3-05\/#respond"]}]},{"@type":"WebPage","@id":"https:\/\/csma.es\/actualidad\/magistral-cello-martinez-campos-3-05\/","url":"https:\/\/csma.es\/actualidad\/magistral-cello-martinez-campos-3-05\/","name":"Magistral cello, Mart\u00ednez Campos, 3 mayo - CSMA","isPartOf":{"@id":"https:\/\/csma.es\/#website"},"primaryImageOfPage":{"@id":"https:\/\/csma.es\/actualidad\/magistral-cello-martinez-campos-3-05\/#primaryimage"},"image":{"@id":"https:\/\/csma.es\/actualidad\/magistral-cello-martinez-campos-3-05\/#primaryimage"},"thumbnailUrl":"https:\/\/csma.es\/wp-content\/uploads\/2022\/04\/Javier-Marti_nez-Campos-violonchelo.jpg","datePublished":"2022-04-23T06:00:47+00:00","dateModified":"2022-04-27T21:32:14+00:00","breadcrumb":{"@id":"https:\/\/csma.es\/actualidad\/magistral-cello-martinez-campos-3-05\/#breadcrumb"},"inLanguage":"en-US","potentialAction":[{"@type":"ReadAction","target":["https:\/\/csma.es\/actualidad\/magistral-cello-martinez-campos-3-05\/"]}]},{"@type":"ImageObject","inLanguage":"en-US","@id":"https:\/\/csma.es\/actualidad\/magistral-cello-martinez-campos-3-05\/#primaryimage","url":"https:\/\/csma.es\/wp-content\/uploads\/2022\/04\/Javier-Marti_nez-Campos-violonchelo.jpg","contentUrl":"https:\/\/csma.es\/wp-content\/uploads\/2022\/04\/Javier-Marti_nez-Campos-violonchelo.jpg","width":427,"height":640},{"@type":"BreadcrumbList","@id":"https:\/\/csma.es\/actualidad\/magistral-cello-martinez-campos-3-05\/#breadcrumb","itemListElement":[{"@type":"ListItem","position":1,"name":"Portada","item":"https:\/\/csma.es\/en\/"},{"@type":"ListItem","position":2,"name":"Magistral cello, Mart\u00ednez Campos, 3 mayo"}]},{"@type":"WebSite","@id":"https:\/\/csma.es\/#website","url":"https:\/\/csma.es\/","name":"CSMA","description":"Conservatorio Superior de M\u00fasica de Arag\u00f3n","publisher":{"@id":"https:\/\/csma.es\/#organization"},"potentialAction":[{"@type":"SearchAction","target":{"@type":"EntryPoint","urlTemplate":"https:\/\/csma.es\/?s={search_term_string}"},"query-input":{"@type":"PropertyValueSpecification","valueRequired":true,"valueName":"search_term_string"}}],"inLanguage":"en-US"},{"@type":"Organization","@id":"https:\/\/csma.es\/#organization","name":"Conservatorio Superior de M\u00fasica de Arag\u00f3n","url":"https:\/\/csma.es\/","logo":{"@type":"ImageObject","inLanguage":"en-US","@id":"https:\/\/csma.es\/#\/schema\/logo\/image\/","url":"https:\/\/csma.es\/wp-content\/uploads\/2025\/04\/cropped-logo-csma-40anos-vertical-sintexto-positivo.png","contentUrl":"https:\/\/csma.es\/wp-content\/uploads\/2025\/04\/cropped-logo-csma-40anos-vertical-sintexto-positivo.png","width":512,"height":512,"caption":"Conservatorio Superior de M\u00fasica de Arag\u00f3n"},"image":{"@id":"https:\/\/csma.es\/#\/schema\/logo\/image\/"},"sameAs":["https:\/\/www.facebook.com\/CSMAragon\/","https:\/\/x.com\/csmaconser","https:\/\/www.instagram.com\/csmaragon\/","https:\/\/www.youtube.com\/channel\/UCcsLLtgZJUhz11-3Aj1sv3w"]},{"@type":"Person","@id":"https:\/\/csma.es\/#\/schema\/person\/dd9e345cd1ec5925a5e8927a0cb3fc69","name":"TICS CSMA"}]}},"publishpress_future_action":{"enabled":false,"date":"2026-05-10 13:15:37","action":"change-status","newStatus":"draft","terms":[],"taxonomy":"category","extraData":[]},"publishpress_future_workflow_manual_trigger":{"enabledWorkflows":[]},"_links":{"self":[{"href":"https:\/\/csma.es\/en\/wp-json\/wp\/v2\/posts\/22762","targetHints":{"allow":["GET"]}}],"collection":[{"href":"https:\/\/csma.es\/en\/wp-json\/wp\/v2\/posts"}],"about":[{"href":"https:\/\/csma.es\/en\/wp-json\/wp\/v2\/types\/post"}],"author":[{"embeddable":true,"href":"https:\/\/csma.es\/en\/wp-json\/wp\/v2\/users\/3"}],"replies":[{"embeddable":true,"href":"https:\/\/csma.es\/en\/wp-json\/wp\/v2\/comments?post=22762"}],"version-history":[{"count":0,"href":"https:\/\/csma.es\/en\/wp-json\/wp\/v2\/posts\/22762\/revisions"}],"wp:featuredmedia":[{"embeddable":true,"href":"https:\/\/csma.es\/en\/wp-json\/wp\/v2\/media\/22777"}],"wp:attachment":[{"href":"https:\/\/csma.es\/en\/wp-json\/wp\/v2\/media?parent=22762"}],"wp:term":[{"taxonomy":"category","embeddable":true,"href":"https:\/\/csma.es\/en\/wp-json\/wp\/v2\/categories?post=22762"},{"taxonomy":"post_tag","embeddable":true,"href":"https:\/\/csma.es\/en\/wp-json\/wp\/v2\/tags?post=22762"}],"curies":[{"name":"wp","href":"https:\/\/api.w.org\/{rel}","templated":true}]}}