{"id":22760,"date":"2022-05-11T08:37:29","date_gmt":"2022-05-11T06:37:29","guid":{"rendered":"https:\/\/csma.es\/?p=22760"},"modified":"2022-05-15T21:30:32","modified_gmt":"2022-05-15T19:30:32","slug":"magistral-viola-beck-20-21-05","status":"publish","type":"post","link":"https:\/\/csma.es\/en\/noticias\/magistral-viola-beck-20-21-05\/","title":{"rendered":"Magistral Viola, Beck, 20-21 mayo"},"content":{"rendered":"<p style=\"text-align: justify;\">Los pr\u00f3ximos d\u00edas <strong>20 y 21 de mayo<\/strong> de 2022, el CSMA acoger\u00e1 unas Clases Magistrales de <strong>Viola<\/strong> a cargo de <strong>Benjamin Beck<\/strong>. Se realizar\u00e1 en el Conservatorio Superior de M\u00fasica de Arag\u00f3n. El horario ser\u00e1 de 10.00 a 19:15 (20 mayo) y de 10:00 a 18:15 (21 mayo).<\/p>\n<p style=\"text-align: justify;\">Benjamin Beck ha realizado giras por todo el mundo, interpretando repertorio solista, de c\u00e1mara y de concierto en las salas de concierto m\u00e1s prestigiosas, como la Filarm\u00f3nica de Berl\u00edn, la Filarm\u00f3nica de Par\u00eds, la Elbphilharmonie, el Carnegie Hall y el Tokyo Yamaha Hall. Es profesor del Conservatorio Real de Bruselas desde septiembre de 2021 y viola principal de la Orquesta Sinf\u00f3nica de Barcelona (OBC) desde 2022.<br \/>\nBenjamin es invitado regularmente a dirigir las secciones de viola de grandes orquestas como la Gewandhaus de Leipzig, la Orquesta Sinf\u00f3nica de la Radio de Baviera y la Orquesta de la NDR Elbphilharmonie, gracias a su experiencia anterior como viola principal en la Orquesta Estatal de Baviera y a los dos a\u00f1os que toc\u00f3 en la Filarm\u00f3nica de Berl\u00edn como becario de la Academia Karajan.<br \/>\nA los 16 a\u00f1os, Benjamin particip\u00f3 en su primer concurso internacional y fue el violista m\u00e1s joven en ganar el primer premio y el premio especial en el Concurso Internacional de Cuerda de Llanes.<br \/>\nEn 2015, Benjamin lanz\u00f3 su primer CD en solitario &#8220;Les voix de l&#8217;alto&#8221; (Las voces de la viola).<br \/>\nArregl\u00f3 la obra maestra de Janacek &#8220;La zorrita astuta&#8221; para viola, piano y narrador en una forma innovadora de cuento musical, un trabajo financiado por el Ministerio de Cultura franc\u00e9s. Su \u00faltimo proyecto es la transcripci\u00f3n de la \u00f3pera Lohengrin de Wagner para sexteto de cuerda, que fue elogiada por la prensa y estrenada en el Museo Wagner de Bayreuth, la Villa Wahnfried.<br \/>\nBenjamin ha completado sus estudios con Kim Kashkashian en el Conservatorio de Nueva Inglaterra y con Jean Sulem en el Conservatorio de Par\u00eds.<br \/>\nPara compartir la m\u00fasica con quienes tienen dificultades para acceder a ella, Benjamin participa en diversas actividades en todo el mundo, por ejemplo, en Francia con Cr\u00e9ations en Cours, y en India y Jap\u00f3n con ICEP\/ Music Sharing.<\/p>\n","protected":false},"excerpt":{"rendered":"<p>Los pr\u00f3ximos d\u00edas 20 y 21 de mayo de 2022, el CSMA acoger\u00e1 unas Clases Magistrales de Viola a cargo de Benjamin Beck. Se realizar\u00e1&#8230;<\/p>\n","protected":false},"author":3,"featured_media":22926,"comment_status":"open","ping_status":"open","sticky":false,"template":"","format":"standard","meta":{"footnotes":""},"categories":[368],"tags":[],"class_list":["post-22760","post","type-post","status-publish","format-standard","has-post-thumbnail","hentry","category-noticias"],"yoast_head":"<!-- This site is optimized with the Yoast SEO plugin v27.5 - https:\/\/yoast.com\/product\/yoast-seo-wordpress\/ -->\n<title>Magistral Viola, Beck, 20-21 mayo - CSMA<\/title>\n<meta name=\"robots\" content=\"index, follow, max-snippet:-1, max-image-preview:large, max-video-preview:-1\" \/>\n<link rel=\"canonical\" href=\"https:\/\/csma.es\/actualidad\/magistral-viola-beck-20-21-05\/\" \/>\n<meta property=\"og:locale\" content=\"en_US\" \/>\n<meta property=\"og:type\" content=\"article\" \/>\n<meta property=\"og:title\" content=\"Magistral Viola, Beck, 20-21 mayo - CSMA\" \/>\n<meta property=\"og:description\" content=\"Los pr\u00f3ximos d\u00edas 20 y 21 de mayo de 2022, el CSMA acoger\u00e1 unas Clases Magistrales de Viola a cargo de Benjamin Beck. Se realizar\u00e1...\" \/>\n<meta property=\"og:url\" content=\"https:\/\/csma.es\/actualidad\/magistral-viola-beck-20-21-05\/\" \/>\n<meta property=\"og:site_name\" content=\"CSMA\" \/>\n<meta property=\"article:publisher\" content=\"https:\/\/www.facebook.com\/CSMAragon\/\" \/>\n<meta property=\"article:published_time\" content=\"2022-05-11T06:37:29+00:00\" \/>\n<meta property=\"article:modified_time\" content=\"2022-05-15T19:30:32+00:00\" \/>\n<meta property=\"og:image\" content=\"https:\/\/csma.es\/wp-content\/uploads\/2022\/05\/Beck.jpg\" \/>\n\t<meta property=\"og:image:width\" content=\"621\" \/>\n\t<meta property=\"og:image:height\" content=\"920\" \/>\n\t<meta property=\"og:image:type\" content=\"image\/jpeg\" \/>\n<meta name=\"author\" content=\"TICS CSMA\" \/>\n<meta name=\"twitter:card\" content=\"summary_large_image\" \/>\n<meta name=\"twitter:creator\" content=\"@csmaconser\" \/>\n<meta name=\"twitter:site\" content=\"@csmaconser\" \/>\n<meta name=\"twitter:label1\" content=\"Written by\" \/>\n\t<meta name=\"twitter:data1\" content=\"TICS CSMA\" \/>\n\t<meta name=\"twitter:label2\" content=\"Est. reading time\" \/>\n\t<meta name=\"twitter:data2\" content=\"2 minutes\" \/>\n<script type=\"application\/ld+json\" class=\"yoast-schema-graph\">{\"@context\":\"https:\\\/\\\/schema.org\",\"@graph\":[{\"@type\":\"Article\",\"@id\":\"https:\\\/\\\/csma.es\\\/actualidad\\\/magistral-viola-beck-20-21-05\\\/#article\",\"isPartOf\":{\"@id\":\"https:\\\/\\\/csma.es\\\/actualidad\\\/magistral-viola-beck-20-21-05\\\/\"},\"author\":{\"name\":\"TICS CSMA\",\"@id\":\"https:\\\/\\\/csma.es\\\/#\\\/schema\\\/person\\\/dd9e345cd1ec5925a5e8927a0cb3fc69\"},\"headline\":\"Magistral Viola, Beck, 20-21 mayo\",\"datePublished\":\"2022-05-11T06:37:29+00:00\",\"dateModified\":\"2022-05-15T19:30:32+00:00\",\"mainEntityOfPage\":{\"@id\":\"https:\\\/\\\/csma.es\\\/actualidad\\\/magistral-viola-beck-20-21-05\\\/\"},\"wordCount\":371,\"commentCount\":0,\"publisher\":{\"@id\":\"https:\\\/\\\/csma.es\\\/#organization\"},\"image\":{\"@id\":\"https:\\\/\\\/csma.es\\\/actualidad\\\/magistral-viola-beck-20-21-05\\\/#primaryimage\"},\"thumbnailUrl\":\"https:\\\/\\\/csma.es\\\/wp-content\\\/uploads\\\/2022\\\/05\\\/Beck.jpg\",\"articleSection\":[\"Noticias\"],\"inLanguage\":\"en-US\",\"potentialAction\":[{\"@type\":\"CommentAction\",\"name\":\"Comment\",\"target\":[\"https:\\\/\\\/csma.es\\\/actualidad\\\/magistral-viola-beck-20-21-05\\\/#respond\"]}]},{\"@type\":\"WebPage\",\"@id\":\"https:\\\/\\\/csma.es\\\/actualidad\\\/magistral-viola-beck-20-21-05\\\/\",\"url\":\"https:\\\/\\\/csma.es\\\/actualidad\\\/magistral-viola-beck-20-21-05\\\/\",\"name\":\"Magistral Viola, Beck, 20-21 mayo - CSMA\",\"isPartOf\":{\"@id\":\"https:\\\/\\\/csma.es\\\/#website\"},\"primaryImageOfPage\":{\"@id\":\"https:\\\/\\\/csma.es\\\/actualidad\\\/magistral-viola-beck-20-21-05\\\/#primaryimage\"},\"image\":{\"@id\":\"https:\\\/\\\/csma.es\\\/actualidad\\\/magistral-viola-beck-20-21-05\\\/#primaryimage\"},\"thumbnailUrl\":\"https:\\\/\\\/csma.es\\\/wp-content\\\/uploads\\\/2022\\\/05\\\/Beck.jpg\",\"datePublished\":\"2022-05-11T06:37:29+00:00\",\"dateModified\":\"2022-05-15T19:30:32+00:00\",\"breadcrumb\":{\"@id\":\"https:\\\/\\\/csma.es\\\/actualidad\\\/magistral-viola-beck-20-21-05\\\/#breadcrumb\"},\"inLanguage\":\"en-US\",\"potentialAction\":[{\"@type\":\"ReadAction\",\"target\":[\"https:\\\/\\\/csma.es\\\/actualidad\\\/magistral-viola-beck-20-21-05\\\/\"]}]},{\"@type\":\"ImageObject\",\"inLanguage\":\"en-US\",\"@id\":\"https:\\\/\\\/csma.es\\\/actualidad\\\/magistral-viola-beck-20-21-05\\\/#primaryimage\",\"url\":\"https:\\\/\\\/csma.es\\\/wp-content\\\/uploads\\\/2022\\\/05\\\/Beck.jpg\",\"contentUrl\":\"https:\\\/\\\/csma.es\\\/wp-content\\\/uploads\\\/2022\\\/05\\\/Beck.jpg\",\"width\":621,\"height\":920},{\"@type\":\"BreadcrumbList\",\"@id\":\"https:\\\/\\\/csma.es\\\/actualidad\\\/magistral-viola-beck-20-21-05\\\/#breadcrumb\",\"itemListElement\":[{\"@type\":\"ListItem\",\"position\":1,\"name\":\"Portada\",\"item\":\"https:\\\/\\\/csma.es\\\/en\\\/\"},{\"@type\":\"ListItem\",\"position\":2,\"name\":\"Magistral Viola, Beck, 20-21 mayo\"}]},{\"@type\":\"WebSite\",\"@id\":\"https:\\\/\\\/csma.es\\\/#website\",\"url\":\"https:\\\/\\\/csma.es\\\/\",\"name\":\"CSMA\",\"description\":\"Conservatorio Superior de M\u00fasica de Arag\u00f3n\",\"publisher\":{\"@id\":\"https:\\\/\\\/csma.es\\\/#organization\"},\"potentialAction\":[{\"@type\":\"SearchAction\",\"target\":{\"@type\":\"EntryPoint\",\"urlTemplate\":\"https:\\\/\\\/csma.es\\\/?s={search_term_string}\"},\"query-input\":{\"@type\":\"PropertyValueSpecification\",\"valueRequired\":true,\"valueName\":\"search_term_string\"}}],\"inLanguage\":\"en-US\"},{\"@type\":\"Organization\",\"@id\":\"https:\\\/\\\/csma.es\\\/#organization\",\"name\":\"Conservatorio Superior de M\u00fasica de Arag\u00f3n\",\"url\":\"https:\\\/\\\/csma.es\\\/\",\"logo\":{\"@type\":\"ImageObject\",\"inLanguage\":\"en-US\",\"@id\":\"https:\\\/\\\/csma.es\\\/#\\\/schema\\\/logo\\\/image\\\/\",\"url\":\"https:\\\/\\\/csma.es\\\/wp-content\\\/uploads\\\/2025\\\/04\\\/cropped-logo-csma-40anos-vertical-sintexto-positivo.png\",\"contentUrl\":\"https:\\\/\\\/csma.es\\\/wp-content\\\/uploads\\\/2025\\\/04\\\/cropped-logo-csma-40anos-vertical-sintexto-positivo.png\",\"width\":512,\"height\":512,\"caption\":\"Conservatorio Superior de M\u00fasica de Arag\u00f3n\"},\"image\":{\"@id\":\"https:\\\/\\\/csma.es\\\/#\\\/schema\\\/logo\\\/image\\\/\"},\"sameAs\":[\"https:\\\/\\\/www.facebook.com\\\/CSMAragon\\\/\",\"https:\\\/\\\/x.com\\\/csmaconser\",\"https:\\\/\\\/www.instagram.com\\\/csmaragon\\\/\",\"https:\\\/\\\/www.youtube.com\\\/channel\\\/UCcsLLtgZJUhz11-3Aj1sv3w\"]},{\"@type\":\"Person\",\"@id\":\"https:\\\/\\\/csma.es\\\/#\\\/schema\\\/person\\\/dd9e345cd1ec5925a5e8927a0cb3fc69\",\"name\":\"TICS CSMA\"}]}<\/script>\n<!-- \/ Yoast SEO plugin. -->","yoast_head_json":{"title":"Magistral Viola, Beck, 20-21 mayo - CSMA","robots":{"index":"index","follow":"follow","max-snippet":"max-snippet:-1","max-image-preview":"max-image-preview:large","max-video-preview":"max-video-preview:-1"},"canonical":"https:\/\/csma.es\/actualidad\/magistral-viola-beck-20-21-05\/","og_locale":"en_US","og_type":"article","og_title":"Magistral Viola, Beck, 20-21 mayo - CSMA","og_description":"Los pr\u00f3ximos d\u00edas 20 y 21 de mayo de 2022, el CSMA acoger\u00e1 unas Clases Magistrales de Viola a cargo de Benjamin Beck. Se realizar\u00e1...","og_url":"https:\/\/csma.es\/actualidad\/magistral-viola-beck-20-21-05\/","og_site_name":"CSMA","article_publisher":"https:\/\/www.facebook.com\/CSMAragon\/","article_published_time":"2022-05-11T06:37:29+00:00","article_modified_time":"2022-05-15T19:30:32+00:00","og_image":[{"width":621,"height":920,"url":"https:\/\/csma.es\/wp-content\/uploads\/2022\/05\/Beck.jpg","type":"image\/jpeg"}],"author":"TICS CSMA","twitter_card":"summary_large_image","twitter_creator":"@csmaconser","twitter_site":"@csmaconser","twitter_misc":{"Written by":"TICS CSMA","Est. reading time":"2 minutes"},"schema":{"@context":"https:\/\/schema.org","@graph":[{"@type":"Article","@id":"https:\/\/csma.es\/actualidad\/magistral-viola-beck-20-21-05\/#article","isPartOf":{"@id":"https:\/\/csma.es\/actualidad\/magistral-viola-beck-20-21-05\/"},"author":{"name":"TICS CSMA","@id":"https:\/\/csma.es\/#\/schema\/person\/dd9e345cd1ec5925a5e8927a0cb3fc69"},"headline":"Magistral Viola, Beck, 20-21 mayo","datePublished":"2022-05-11T06:37:29+00:00","dateModified":"2022-05-15T19:30:32+00:00","mainEntityOfPage":{"@id":"https:\/\/csma.es\/actualidad\/magistral-viola-beck-20-21-05\/"},"wordCount":371,"commentCount":0,"publisher":{"@id":"https:\/\/csma.es\/#organization"},"image":{"@id":"https:\/\/csma.es\/actualidad\/magistral-viola-beck-20-21-05\/#primaryimage"},"thumbnailUrl":"https:\/\/csma.es\/wp-content\/uploads\/2022\/05\/Beck.jpg","articleSection":["Noticias"],"inLanguage":"en-US","potentialAction":[{"@type":"CommentAction","name":"Comment","target":["https:\/\/csma.es\/actualidad\/magistral-viola-beck-20-21-05\/#respond"]}]},{"@type":"WebPage","@id":"https:\/\/csma.es\/actualidad\/magistral-viola-beck-20-21-05\/","url":"https:\/\/csma.es\/actualidad\/magistral-viola-beck-20-21-05\/","name":"Magistral Viola, Beck, 20-21 mayo - CSMA","isPartOf":{"@id":"https:\/\/csma.es\/#website"},"primaryImageOfPage":{"@id":"https:\/\/csma.es\/actualidad\/magistral-viola-beck-20-21-05\/#primaryimage"},"image":{"@id":"https:\/\/csma.es\/actualidad\/magistral-viola-beck-20-21-05\/#primaryimage"},"thumbnailUrl":"https:\/\/csma.es\/wp-content\/uploads\/2022\/05\/Beck.jpg","datePublished":"2022-05-11T06:37:29+00:00","dateModified":"2022-05-15T19:30:32+00:00","breadcrumb":{"@id":"https:\/\/csma.es\/actualidad\/magistral-viola-beck-20-21-05\/#breadcrumb"},"inLanguage":"en-US","potentialAction":[{"@type":"ReadAction","target":["https:\/\/csma.es\/actualidad\/magistral-viola-beck-20-21-05\/"]}]},{"@type":"ImageObject","inLanguage":"en-US","@id":"https:\/\/csma.es\/actualidad\/magistral-viola-beck-20-21-05\/#primaryimage","url":"https:\/\/csma.es\/wp-content\/uploads\/2022\/05\/Beck.jpg","contentUrl":"https:\/\/csma.es\/wp-content\/uploads\/2022\/05\/Beck.jpg","width":621,"height":920},{"@type":"BreadcrumbList","@id":"https:\/\/csma.es\/actualidad\/magistral-viola-beck-20-21-05\/#breadcrumb","itemListElement":[{"@type":"ListItem","position":1,"name":"Portada","item":"https:\/\/csma.es\/en\/"},{"@type":"ListItem","position":2,"name":"Magistral Viola, Beck, 20-21 mayo"}]},{"@type":"WebSite","@id":"https:\/\/csma.es\/#website","url":"https:\/\/csma.es\/","name":"CSMA","description":"Conservatorio Superior de M\u00fasica de Arag\u00f3n","publisher":{"@id":"https:\/\/csma.es\/#organization"},"potentialAction":[{"@type":"SearchAction","target":{"@type":"EntryPoint","urlTemplate":"https:\/\/csma.es\/?s={search_term_string}"},"query-input":{"@type":"PropertyValueSpecification","valueRequired":true,"valueName":"search_term_string"}}],"inLanguage":"en-US"},{"@type":"Organization","@id":"https:\/\/csma.es\/#organization","name":"Conservatorio Superior de M\u00fasica de Arag\u00f3n","url":"https:\/\/csma.es\/","logo":{"@type":"ImageObject","inLanguage":"en-US","@id":"https:\/\/csma.es\/#\/schema\/logo\/image\/","url":"https:\/\/csma.es\/wp-content\/uploads\/2025\/04\/cropped-logo-csma-40anos-vertical-sintexto-positivo.png","contentUrl":"https:\/\/csma.es\/wp-content\/uploads\/2025\/04\/cropped-logo-csma-40anos-vertical-sintexto-positivo.png","width":512,"height":512,"caption":"Conservatorio Superior de M\u00fasica de Arag\u00f3n"},"image":{"@id":"https:\/\/csma.es\/#\/schema\/logo\/image\/"},"sameAs":["https:\/\/www.facebook.com\/CSMAragon\/","https:\/\/x.com\/csmaconser","https:\/\/www.instagram.com\/csmaragon\/","https:\/\/www.youtube.com\/channel\/UCcsLLtgZJUhz11-3Aj1sv3w"]},{"@type":"Person","@id":"https:\/\/csma.es\/#\/schema\/person\/dd9e345cd1ec5925a5e8927a0cb3fc69","name":"TICS CSMA"}]}},"publishpress_future_action":{"enabled":false,"date":"2026-05-06 22:43:24","action":"change-status","newStatus":"draft","terms":[],"taxonomy":"category","extraData":[]},"publishpress_future_workflow_manual_trigger":{"enabledWorkflows":[]},"_links":{"self":[{"href":"https:\/\/csma.es\/en\/wp-json\/wp\/v2\/posts\/22760","targetHints":{"allow":["GET"]}}],"collection":[{"href":"https:\/\/csma.es\/en\/wp-json\/wp\/v2\/posts"}],"about":[{"href":"https:\/\/csma.es\/en\/wp-json\/wp\/v2\/types\/post"}],"author":[{"embeddable":true,"href":"https:\/\/csma.es\/en\/wp-json\/wp\/v2\/users\/3"}],"replies":[{"embeddable":true,"href":"https:\/\/csma.es\/en\/wp-json\/wp\/v2\/comments?post=22760"}],"version-history":[{"count":0,"href":"https:\/\/csma.es\/en\/wp-json\/wp\/v2\/posts\/22760\/revisions"}],"wp:featuredmedia":[{"embeddable":true,"href":"https:\/\/csma.es\/en\/wp-json\/wp\/v2\/media\/22926"}],"wp:attachment":[{"href":"https:\/\/csma.es\/en\/wp-json\/wp\/v2\/media?parent=22760"}],"wp:term":[{"taxonomy":"category","embeddable":true,"href":"https:\/\/csma.es\/en\/wp-json\/wp\/v2\/categories?post=22760"},{"taxonomy":"post_tag","embeddable":true,"href":"https:\/\/csma.es\/en\/wp-json\/wp\/v2\/tags?post=22760"}],"curies":[{"name":"wp","href":"https:\/\/api.w.org\/{rel}","templated":true}]}}