{"id":22512,"date":"2022-05-12T08:51:53","date_gmt":"2022-05-12T06:51:53","guid":{"rendered":"https:\/\/csma.es\/?p=22512"},"modified":"2022-05-10T23:57:02","modified_gmt":"2022-05-10T21:57:02","slug":"magistral-violin-rep-orquestal-lefevre-21-22-05","status":"publish","type":"post","link":"https:\/\/csma.es\/en\/noticias\/magistral-violin-rep-orquestal-lefevre-21-22-05\/","title":{"rendered":"Magistral Viol\u00edn &#8211; Rep. Orquestal, Lef\u00e8vre, 22-23 mayo"},"content":{"rendered":"<p style=\"text-align: justify;\">Los pr\u00f3ximos d\u00edas <strong>22 (aula 111) y 23 de mayo (aula 001 y 202)<\/strong> de 2022, el CSMA acoger\u00e1 unas Clases Magistrales de <strong>Viol\u00edn y Repertorio Orquestal<\/strong> a cargo de <strong>David Lef\u00e8vre<\/strong>. Se realizar\u00e1 en el Conservatorio Superior de M\u00fasica de Arag\u00f3n. El horario ser\u00e1 de 10 a 14 y de 15:30 a 18:30 el d\u00eda 22 y de 9:30 a 13:30 y de 15 a 18 el d\u00edas 23.<\/p>\n<p style=\"text-align: justify;\">David Lef\u00e8vre se presenta por su pasi\u00f3n, talento y eclecticismo musical como uno de los m\u00e1s din\u00e1micos violinistas actuales.<\/p>\n<p style=\"text-align: justify;\">Despu\u00e9s de recibir el Premier Prix con distinciones del Conservatorio de M\u00fasica de Montreal, es uno de los pocos m\u00fasicos canadienses que ha recibido durante tres a\u00f1os consecutivos la prestigiosa beca de estudios del Consejo de las Artes de Canad\u00e1 para cursar el ciclo de perfeccionamiento en el Conservatorio Superior Nacional de M\u00fasica de Par\u00eds.<\/p>\n<p style=\"text-align: justify;\">Tras ser laureado por las fundaciones Yehudi Menuhin y Gyorgy Cziffra, Premier Grand Prix del Concurso Internacional de viol\u00edn de Douai, David Lef\u00e8vre arranca una carrera como solista actuando con la formaciones como la Orchestre Nationale du Capitole de Toulouse, I Musici de Montr\u00e9al, Orchestre de la Fondation Gulbenkian de Lisboa, Filarm\u00f3nica Georges Enescu de Bucarest, Filarm\u00f3nica de Monte-Carlo o los London Mozart Players&#8230; Le han dirigido los maestros Michel Plasson, Jonathan Darlington, Lawrence Foster, Jean-Claude Casadesus, Marek Janowski, Peter Oudjian, Theodor Guschlbauer, V\u00e1clav Luks, Simone Young, Mathias Bamert entre otros.<\/p>\n<p style=\"text-align: justify;\">La m\u00fasica de c\u00e1mara forma una parte integral de su universo musical. Es partenaire de m\u00fasicos como Roland Pidoux, Patrice Fontanarosa, Bruno Rigutto, Marielle Nordmann, Anne Queff\u00e9lec, Katia Buniatishvili, Gary Hoffman, R\u00e9gis Pasquier, Andrey Yaroshinsky o Nicolas Angelich. Le podemos escuchar regularmente en grandes festivales europeos como Besan\u00e7on, Domaine Forget, Verano de Lanaudi\u00e8re, Printemps des Arts de Monte-Carlo, Alghero o la Primavera de Budapest,<\/p>\n<p style=\"text-align: justify;\">Paralelamente a sus actividades como solista y m\u00fasico de c\u00e1mara, David Lef\u00e8vre ha sido director art\u00edstico del Festival de M\u00fasica de C\u00e1mara \u00ab ClassicaVal \u00bb de Val d\u2019Is\u00e8re de 1994 a 2016, y profesor del Conservatorio Nacional Superior de M\u00fasica de Par\u00eds durante 10 a\u00f1os hasta 2006.<\/p>\n<p style=\"text-align: justify;\">Sus grabaciones de las sonatas para viol\u00edn y piano de E. W. Korngold, R. Strauss y B. Bartok para los sellos Solstice y Zig-Zag han sido acogidas por la cr\u00edtica internacional con gran \u00e9xito, as\u00ed como todos sus registros realizados junto a su hermano, el pianista Alain Lef\u00e8vre. Entre otros reconocimientos, cuenta con el \u00ab Grand Prix \u00bb de \u00e1lbum cl\u00e1sico de la ADISQ de Qu\u00e9bec,\u00a0 \u00abMejor disco cl\u00e1sico de 2016 \u00bb de los premios Juno, y el \u00ab CD del mes \u00bb de la revista Gramophone.<\/p>\n<p style=\"text-align: justify;\">Desde 1999 es Concertino de la Orquesta Filarm\u00f3nica de Monte-Carlo, habi\u00e9ndose desempe\u00f1ado antes en el mismo rol de Orchestre del Capitole de Toulouse entre 1993 y 1999. Asimismo, es primer viol\u00edn invitado de la Orquesta de la Fundaci\u00f3n Calouste Gulbenkian de Lisboa, de la Filarm\u00f3nica Georges Enescu de Bucarest y otras destacadas formaciones europeas.<\/p>\n<p style=\"text-align: justify;\">David Lef\u00e9vre ofrece sus conciertos tocando un magn\u00edfico viol\u00edn de Pietrus et Antonius Dallacosta de 1750.<\/p>\n<p>&nbsp;<\/p>\n","protected":false},"excerpt":{"rendered":"<p>Los pr\u00f3ximos d\u00edas 22 (aula 111) y 23 de mayo (aula 001 y 202) de 2022, el CSMA acoger\u00e1 unas Clases Magistrales de Viol\u00edn y&#8230;<\/p>\n","protected":false},"author":3,"featured_media":22513,"comment_status":"open","ping_status":"open","sticky":false,"template":"","format":"standard","meta":{"footnotes":""},"categories":[368],"tags":[],"class_list":["post-22512","post","type-post","status-publish","format-standard","has-post-thumbnail","hentry","category-noticias"],"yoast_head":"<!-- This site is optimized with the Yoast SEO plugin v27.5 - https:\/\/yoast.com\/product\/yoast-seo-wordpress\/ -->\n<title>Magistral Viol\u00edn - Rep. Orquestal, Lef\u00e8vre, 22-23 mayo - CSMA<\/title>\n<meta name=\"robots\" content=\"index, follow, max-snippet:-1, max-image-preview:large, max-video-preview:-1\" \/>\n<link rel=\"canonical\" href=\"https:\/\/csma.es\/actualidad\/magistral-violin-rep-orquestal-lefevre-21-22-05\/\" \/>\n<meta property=\"og:locale\" content=\"en_US\" \/>\n<meta property=\"og:type\" content=\"article\" \/>\n<meta property=\"og:title\" content=\"Magistral Viol\u00edn - Rep. Orquestal, Lef\u00e8vre, 22-23 mayo - CSMA\" \/>\n<meta property=\"og:description\" content=\"Los pr\u00f3ximos d\u00edas 22 (aula 111) y 23 de mayo (aula 001 y 202) de 2022, el CSMA acoger\u00e1 unas Clases Magistrales de Viol\u00edn y...\" \/>\n<meta property=\"og:url\" content=\"https:\/\/csma.es\/actualidad\/magistral-violin-rep-orquestal-lefevre-21-22-05\/\" \/>\n<meta property=\"og:site_name\" content=\"CSMA\" \/>\n<meta property=\"article:publisher\" content=\"https:\/\/www.facebook.com\/CSMAragon\/\" \/>\n<meta property=\"article:published_time\" content=\"2022-05-12T06:51:53+00:00\" \/>\n<meta property=\"og:image\" content=\"https:\/\/csma.es\/wp-content\/uploads\/2022\/03\/Foto-David-Lefe\u0300vre-Alta-Res--scaled.jpg\" \/>\n\t<meta property=\"og:image:width\" content=\"1707\" \/>\n\t<meta property=\"og:image:height\" content=\"2560\" \/>\n\t<meta property=\"og:image:type\" content=\"image\/jpeg\" \/>\n<meta name=\"author\" content=\"TICS CSMA\" \/>\n<meta name=\"twitter:card\" content=\"summary_large_image\" \/>\n<meta name=\"twitter:creator\" content=\"@csmaconser\" \/>\n<meta name=\"twitter:site\" content=\"@csmaconser\" \/>\n<meta name=\"twitter:label1\" content=\"Written by\" \/>\n\t<meta name=\"twitter:data1\" content=\"TICS CSMA\" \/>\n\t<meta name=\"twitter:label2\" content=\"Est. reading time\" \/>\n\t<meta name=\"twitter:data2\" content=\"3 minutes\" \/>\n<script type=\"application\/ld+json\" class=\"yoast-schema-graph\">{\"@context\":\"https:\\\/\\\/schema.org\",\"@graph\":[{\"@type\":\"Article\",\"@id\":\"https:\\\/\\\/csma.es\\\/actualidad\\\/magistral-violin-rep-orquestal-lefevre-21-22-05\\\/#article\",\"isPartOf\":{\"@id\":\"https:\\\/\\\/csma.es\\\/actualidad\\\/magistral-violin-rep-orquestal-lefevre-21-22-05\\\/\"},\"author\":{\"name\":\"TICS CSMA\",\"@id\":\"https:\\\/\\\/csma.es\\\/#\\\/schema\\\/person\\\/dd9e345cd1ec5925a5e8927a0cb3fc69\"},\"headline\":\"Magistral Viol\u00edn &#8211; Rep. Orquestal, Lef\u00e8vre, 22-23 mayo\",\"datePublished\":\"2022-05-12T06:51:53+00:00\",\"mainEntityOfPage\":{\"@id\":\"https:\\\/\\\/csma.es\\\/actualidad\\\/magistral-violin-rep-orquestal-lefevre-21-22-05\\\/\"},\"wordCount\":539,\"commentCount\":0,\"publisher\":{\"@id\":\"https:\\\/\\\/csma.es\\\/#organization\"},\"image\":{\"@id\":\"https:\\\/\\\/csma.es\\\/actualidad\\\/magistral-violin-rep-orquestal-lefevre-21-22-05\\\/#primaryimage\"},\"thumbnailUrl\":\"https:\\\/\\\/csma.es\\\/wp-content\\\/uploads\\\/2022\\\/03\\\/Foto-David-Lefe\u0300vre-Alta-Res--scaled.jpg\",\"articleSection\":[\"Noticias\"],\"inLanguage\":\"en-US\",\"potentialAction\":[{\"@type\":\"CommentAction\",\"name\":\"Comment\",\"target\":[\"https:\\\/\\\/csma.es\\\/actualidad\\\/magistral-violin-rep-orquestal-lefevre-21-22-05\\\/#respond\"]}]},{\"@type\":\"WebPage\",\"@id\":\"https:\\\/\\\/csma.es\\\/actualidad\\\/magistral-violin-rep-orquestal-lefevre-21-22-05\\\/\",\"url\":\"https:\\\/\\\/csma.es\\\/actualidad\\\/magistral-violin-rep-orquestal-lefevre-21-22-05\\\/\",\"name\":\"Magistral Viol\u00edn - Rep. Orquestal, Lef\u00e8vre, 22-23 mayo - CSMA\",\"isPartOf\":{\"@id\":\"https:\\\/\\\/csma.es\\\/#website\"},\"primaryImageOfPage\":{\"@id\":\"https:\\\/\\\/csma.es\\\/actualidad\\\/magistral-violin-rep-orquestal-lefevre-21-22-05\\\/#primaryimage\"},\"image\":{\"@id\":\"https:\\\/\\\/csma.es\\\/actualidad\\\/magistral-violin-rep-orquestal-lefevre-21-22-05\\\/#primaryimage\"},\"thumbnailUrl\":\"https:\\\/\\\/csma.es\\\/wp-content\\\/uploads\\\/2022\\\/03\\\/Foto-David-Lefe\u0300vre-Alta-Res--scaled.jpg\",\"datePublished\":\"2022-05-12T06:51:53+00:00\",\"breadcrumb\":{\"@id\":\"https:\\\/\\\/csma.es\\\/actualidad\\\/magistral-violin-rep-orquestal-lefevre-21-22-05\\\/#breadcrumb\"},\"inLanguage\":\"en-US\",\"potentialAction\":[{\"@type\":\"ReadAction\",\"target\":[\"https:\\\/\\\/csma.es\\\/actualidad\\\/magistral-violin-rep-orquestal-lefevre-21-22-05\\\/\"]}]},{\"@type\":\"ImageObject\",\"inLanguage\":\"en-US\",\"@id\":\"https:\\\/\\\/csma.es\\\/actualidad\\\/magistral-violin-rep-orquestal-lefevre-21-22-05\\\/#primaryimage\",\"url\":\"https:\\\/\\\/csma.es\\\/wp-content\\\/uploads\\\/2022\\\/03\\\/Foto-David-Lefe\u0300vre-Alta-Res--scaled.jpg\",\"contentUrl\":\"https:\\\/\\\/csma.es\\\/wp-content\\\/uploads\\\/2022\\\/03\\\/Foto-David-Lefe\u0300vre-Alta-Res--scaled.jpg\",\"width\":1707,\"height\":2560},{\"@type\":\"BreadcrumbList\",\"@id\":\"https:\\\/\\\/csma.es\\\/actualidad\\\/magistral-violin-rep-orquestal-lefevre-21-22-05\\\/#breadcrumb\",\"itemListElement\":[{\"@type\":\"ListItem\",\"position\":1,\"name\":\"Portada\",\"item\":\"https:\\\/\\\/csma.es\\\/en\\\/\"},{\"@type\":\"ListItem\",\"position\":2,\"name\":\"Magistral Viol\u00edn &#8211; Rep. Orquestal, Lef\u00e8vre, 22-23 mayo\"}]},{\"@type\":\"WebSite\",\"@id\":\"https:\\\/\\\/csma.es\\\/#website\",\"url\":\"https:\\\/\\\/csma.es\\\/\",\"name\":\"CSMA\",\"description\":\"Conservatorio Superior de M\u00fasica de Arag\u00f3n\",\"publisher\":{\"@id\":\"https:\\\/\\\/csma.es\\\/#organization\"},\"potentialAction\":[{\"@type\":\"SearchAction\",\"target\":{\"@type\":\"EntryPoint\",\"urlTemplate\":\"https:\\\/\\\/csma.es\\\/?s={search_term_string}\"},\"query-input\":{\"@type\":\"PropertyValueSpecification\",\"valueRequired\":true,\"valueName\":\"search_term_string\"}}],\"inLanguage\":\"en-US\"},{\"@type\":\"Organization\",\"@id\":\"https:\\\/\\\/csma.es\\\/#organization\",\"name\":\"Conservatorio Superior de M\u00fasica de Arag\u00f3n\",\"url\":\"https:\\\/\\\/csma.es\\\/\",\"logo\":{\"@type\":\"ImageObject\",\"inLanguage\":\"en-US\",\"@id\":\"https:\\\/\\\/csma.es\\\/#\\\/schema\\\/logo\\\/image\\\/\",\"url\":\"https:\\\/\\\/csma.es\\\/wp-content\\\/uploads\\\/2025\\\/04\\\/cropped-logo-csma-40anos-vertical-sintexto-positivo.png\",\"contentUrl\":\"https:\\\/\\\/csma.es\\\/wp-content\\\/uploads\\\/2025\\\/04\\\/cropped-logo-csma-40anos-vertical-sintexto-positivo.png\",\"width\":512,\"height\":512,\"caption\":\"Conservatorio Superior de M\u00fasica de Arag\u00f3n\"},\"image\":{\"@id\":\"https:\\\/\\\/csma.es\\\/#\\\/schema\\\/logo\\\/image\\\/\"},\"sameAs\":[\"https:\\\/\\\/www.facebook.com\\\/CSMAragon\\\/\",\"https:\\\/\\\/x.com\\\/csmaconser\",\"https:\\\/\\\/www.instagram.com\\\/csmaragon\\\/\",\"https:\\\/\\\/www.youtube.com\\\/channel\\\/UCcsLLtgZJUhz11-3Aj1sv3w\"]},{\"@type\":\"Person\",\"@id\":\"https:\\\/\\\/csma.es\\\/#\\\/schema\\\/person\\\/dd9e345cd1ec5925a5e8927a0cb3fc69\",\"name\":\"TICS CSMA\"}]}<\/script>\n<!-- \/ Yoast SEO plugin. -->","yoast_head_json":{"title":"Magistral Viol\u00edn - Rep. Orquestal, Lef\u00e8vre, 22-23 mayo - CSMA","robots":{"index":"index","follow":"follow","max-snippet":"max-snippet:-1","max-image-preview":"max-image-preview:large","max-video-preview":"max-video-preview:-1"},"canonical":"https:\/\/csma.es\/actualidad\/magistral-violin-rep-orquestal-lefevre-21-22-05\/","og_locale":"en_US","og_type":"article","og_title":"Magistral Viol\u00edn - Rep. Orquestal, Lef\u00e8vre, 22-23 mayo - CSMA","og_description":"Los pr\u00f3ximos d\u00edas 22 (aula 111) y 23 de mayo (aula 001 y 202) de 2022, el CSMA acoger\u00e1 unas Clases Magistrales de Viol\u00edn y...","og_url":"https:\/\/csma.es\/actualidad\/magistral-violin-rep-orquestal-lefevre-21-22-05\/","og_site_name":"CSMA","article_publisher":"https:\/\/www.facebook.com\/CSMAragon\/","article_published_time":"2022-05-12T06:51:53+00:00","og_image":[{"width":1707,"height":2560,"url":"https:\/\/csma.es\/wp-content\/uploads\/2022\/03\/Foto-David-Lefe\u0300vre-Alta-Res--scaled.jpg","type":"image\/jpeg"}],"author":"TICS CSMA","twitter_card":"summary_large_image","twitter_creator":"@csmaconser","twitter_site":"@csmaconser","twitter_misc":{"Written by":"TICS CSMA","Est. reading time":"3 minutes"},"schema":{"@context":"https:\/\/schema.org","@graph":[{"@type":"Article","@id":"https:\/\/csma.es\/actualidad\/magistral-violin-rep-orquestal-lefevre-21-22-05\/#article","isPartOf":{"@id":"https:\/\/csma.es\/actualidad\/magistral-violin-rep-orquestal-lefevre-21-22-05\/"},"author":{"name":"TICS CSMA","@id":"https:\/\/csma.es\/#\/schema\/person\/dd9e345cd1ec5925a5e8927a0cb3fc69"},"headline":"Magistral Viol\u00edn &#8211; Rep. Orquestal, Lef\u00e8vre, 22-23 mayo","datePublished":"2022-05-12T06:51:53+00:00","mainEntityOfPage":{"@id":"https:\/\/csma.es\/actualidad\/magistral-violin-rep-orquestal-lefevre-21-22-05\/"},"wordCount":539,"commentCount":0,"publisher":{"@id":"https:\/\/csma.es\/#organization"},"image":{"@id":"https:\/\/csma.es\/actualidad\/magistral-violin-rep-orquestal-lefevre-21-22-05\/#primaryimage"},"thumbnailUrl":"https:\/\/csma.es\/wp-content\/uploads\/2022\/03\/Foto-David-Lefe\u0300vre-Alta-Res--scaled.jpg","articleSection":["Noticias"],"inLanguage":"en-US","potentialAction":[{"@type":"CommentAction","name":"Comment","target":["https:\/\/csma.es\/actualidad\/magistral-violin-rep-orquestal-lefevre-21-22-05\/#respond"]}]},{"@type":"WebPage","@id":"https:\/\/csma.es\/actualidad\/magistral-violin-rep-orquestal-lefevre-21-22-05\/","url":"https:\/\/csma.es\/actualidad\/magistral-violin-rep-orquestal-lefevre-21-22-05\/","name":"Magistral Viol\u00edn - Rep. Orquestal, Lef\u00e8vre, 22-23 mayo - CSMA","isPartOf":{"@id":"https:\/\/csma.es\/#website"},"primaryImageOfPage":{"@id":"https:\/\/csma.es\/actualidad\/magistral-violin-rep-orquestal-lefevre-21-22-05\/#primaryimage"},"image":{"@id":"https:\/\/csma.es\/actualidad\/magistral-violin-rep-orquestal-lefevre-21-22-05\/#primaryimage"},"thumbnailUrl":"https:\/\/csma.es\/wp-content\/uploads\/2022\/03\/Foto-David-Lefe\u0300vre-Alta-Res--scaled.jpg","datePublished":"2022-05-12T06:51:53+00:00","breadcrumb":{"@id":"https:\/\/csma.es\/actualidad\/magistral-violin-rep-orquestal-lefevre-21-22-05\/#breadcrumb"},"inLanguage":"en-US","potentialAction":[{"@type":"ReadAction","target":["https:\/\/csma.es\/actualidad\/magistral-violin-rep-orquestal-lefevre-21-22-05\/"]}]},{"@type":"ImageObject","inLanguage":"en-US","@id":"https:\/\/csma.es\/actualidad\/magistral-violin-rep-orquestal-lefevre-21-22-05\/#primaryimage","url":"https:\/\/csma.es\/wp-content\/uploads\/2022\/03\/Foto-David-Lefe\u0300vre-Alta-Res--scaled.jpg","contentUrl":"https:\/\/csma.es\/wp-content\/uploads\/2022\/03\/Foto-David-Lefe\u0300vre-Alta-Res--scaled.jpg","width":1707,"height":2560},{"@type":"BreadcrumbList","@id":"https:\/\/csma.es\/actualidad\/magistral-violin-rep-orquestal-lefevre-21-22-05\/#breadcrumb","itemListElement":[{"@type":"ListItem","position":1,"name":"Portada","item":"https:\/\/csma.es\/en\/"},{"@type":"ListItem","position":2,"name":"Magistral Viol\u00edn &#8211; Rep. Orquestal, Lef\u00e8vre, 22-23 mayo"}]},{"@type":"WebSite","@id":"https:\/\/csma.es\/#website","url":"https:\/\/csma.es\/","name":"CSMA","description":"Conservatorio Superior de M\u00fasica de Arag\u00f3n","publisher":{"@id":"https:\/\/csma.es\/#organization"},"potentialAction":[{"@type":"SearchAction","target":{"@type":"EntryPoint","urlTemplate":"https:\/\/csma.es\/?s={search_term_string}"},"query-input":{"@type":"PropertyValueSpecification","valueRequired":true,"valueName":"search_term_string"}}],"inLanguage":"en-US"},{"@type":"Organization","@id":"https:\/\/csma.es\/#organization","name":"Conservatorio Superior de M\u00fasica de Arag\u00f3n","url":"https:\/\/csma.es\/","logo":{"@type":"ImageObject","inLanguage":"en-US","@id":"https:\/\/csma.es\/#\/schema\/logo\/image\/","url":"https:\/\/csma.es\/wp-content\/uploads\/2025\/04\/cropped-logo-csma-40anos-vertical-sintexto-positivo.png","contentUrl":"https:\/\/csma.es\/wp-content\/uploads\/2025\/04\/cropped-logo-csma-40anos-vertical-sintexto-positivo.png","width":512,"height":512,"caption":"Conservatorio Superior de M\u00fasica de Arag\u00f3n"},"image":{"@id":"https:\/\/csma.es\/#\/schema\/logo\/image\/"},"sameAs":["https:\/\/www.facebook.com\/CSMAragon\/","https:\/\/x.com\/csmaconser","https:\/\/www.instagram.com\/csmaragon\/","https:\/\/www.youtube.com\/channel\/UCcsLLtgZJUhz11-3Aj1sv3w"]},{"@type":"Person","@id":"https:\/\/csma.es\/#\/schema\/person\/dd9e345cd1ec5925a5e8927a0cb3fc69","name":"TICS CSMA"}]}},"publishpress_future_action":{"enabled":false,"date":"2026-05-07 00:27:08","action":"change-status","newStatus":"draft","terms":[],"taxonomy":"category","extraData":[]},"publishpress_future_workflow_manual_trigger":{"enabledWorkflows":[]},"_links":{"self":[{"href":"https:\/\/csma.es\/en\/wp-json\/wp\/v2\/posts\/22512","targetHints":{"allow":["GET"]}}],"collection":[{"href":"https:\/\/csma.es\/en\/wp-json\/wp\/v2\/posts"}],"about":[{"href":"https:\/\/csma.es\/en\/wp-json\/wp\/v2\/types\/post"}],"author":[{"embeddable":true,"href":"https:\/\/csma.es\/en\/wp-json\/wp\/v2\/users\/3"}],"replies":[{"embeddable":true,"href":"https:\/\/csma.es\/en\/wp-json\/wp\/v2\/comments?post=22512"}],"version-history":[{"count":0,"href":"https:\/\/csma.es\/en\/wp-json\/wp\/v2\/posts\/22512\/revisions"}],"wp:featuredmedia":[{"embeddable":true,"href":"https:\/\/csma.es\/en\/wp-json\/wp\/v2\/media\/22513"}],"wp:attachment":[{"href":"https:\/\/csma.es\/en\/wp-json\/wp\/v2\/media?parent=22512"}],"wp:term":[{"taxonomy":"category","embeddable":true,"href":"https:\/\/csma.es\/en\/wp-json\/wp\/v2\/categories?post=22512"},{"taxonomy":"post_tag","embeddable":true,"href":"https:\/\/csma.es\/en\/wp-json\/wp\/v2\/tags?post=22512"}],"curies":[{"name":"wp","href":"https:\/\/api.w.org\/{rel}","templated":true}]}}