{"id":22401,"date":"2022-05-10T08:04:31","date_gmt":"2022-05-10T06:04:31","guid":{"rendered":"https:\/\/csma.es\/?p=22401"},"modified":"2022-05-10T23:55:48","modified_gmt":"2022-05-10T21:55:48","slug":"magistral-trombon-millischer-16-17-05","status":"publish","type":"post","link":"https:\/\/csma.es\/en\/noticias\/magistral-trombon-millischer-16-17-05\/","title":{"rendered":"Magistral Tromb\u00f3n, Millischer, 16-17 mayo"},"content":{"rendered":"<p style=\"text-align: justify;\">Los pr\u00f3ximos d\u00edas <strong>16 y 17 de mayo<\/strong> de 2022, el CSMA acoger\u00e1 las Clases Magistrales de <strong>tromb\u00f3n<\/strong> a cargo de <strong>Fabrice Millischer<\/strong>. El horario ser\u00e1 9:00 a 20:00 en el aula 111 del Conservatorio Superior de M\u00fasica de Arag\u00f3n.<\/p>\n<p>&nbsp;<\/p>\n<p style=\"text-align: justify;\">FABRICE MILLISCHER<\/p>\n<p style=\"text-align: justify;\">Fabrice Millischer se ha convertido en uno de los trombonistas m\u00e1s completos y talentosos de la generaci\u00f3n joven al ganar el Primer Premio del prestigioso Concurso Internacional ARD de Munich, premio otorgado por primera vez desde su creaci\u00f3n en esta disciplina.<\/p>\n<p style=\"text-align: justify;\">Nacido en 1985 en una familia de m\u00fasicos, Fabrice Millischer comenz\u00f3 sus estudios musicales en el Conservatorio de M\u00fasica de Toulouse. Se inicia a una edad temprana con el piano, pero el violonchelo y el tromb\u00f3n. Luego perfeccion\u00f3 en el Conservatorio de Lyon en la clase de Michel Becquet y Alain Manfrin con el tromb\u00f3n y en la clase de Daniel Lassalle con el sacabuche, al mismo tiempo que contin\u00faa sus estudios de violonchelo con Philippe Muller, Roland Pidoux y Xavier Philips en CNSMD Par\u00eds.<\/p>\n<p style=\"text-align: justify;\">Su deseo de mostrar la evoluci\u00f3n musical del tromb\u00f3n y el sacabuche lleva a encontrarse en 2006 con Aur\u00e9lien Honor\u00e9, Jean-Philippe y Fabien Navrez Dornic el cuarteto &#8220;Quartbone&#8221;.<\/p>\n<p style=\"text-align: justify;\">Fabrice Millischer a tocado en conjuntos de prestigio como &#8220;El concierto de las naciones&#8221; Jordi Savall, &#8220;Les Sacqueboutiers Toulouse&#8221; de Jean-Pierre Canihac y Daniel Lassalle, &#8220;Orquesta Insula&#8221; Laurence Equilbey.<\/p>\n<p style=\"text-align: justify;\">Como solista, fue invitado por orquestas de prestigio como la Wiener Kammer Orchester, la Orchester Rundfunksinfonie SWR Stuttgart, la Filarm\u00f3nica de Baden-Baden, la Orquesta del Hermitage en San Petersburgo, la Orquesta del Capitolio Toulouse, Orquesta de Cannes, la Orquesta de la \u00d3pera de Nancy, la Orquesta Nacional de Ucrania, el Hong Kong Sinfonietta, la Orquesta Sinf\u00f3nica de Kyushu, la Orquesta Sinf\u00f3nica de Taiw\u00e1n &#8230; Hace recitales en todo el mundo (Washington, Sao Paulo, Pek\u00edn, Tokio, Se\u00fal, Munich, Berl\u00edn, Ginebra, Valencia, Par\u00eds, &#8230;) y participa regularmente en festivales dedicados a alto perfeccionamiento: Taller ETW Epsival, Brass en Dombes, Limoux Cuivr\u00e9e Especial, Lieksa Brass Semana , Projeto Brasil &#8230;<\/p>\n<p style=\"text-align: justify;\">De 2008 a 2013, Fabrice Millischer fue Tromb\u00f3n solo de la Deutsche Radio Philharmonie Saarbr\u00fccken Kaiserslautern.<\/p>\n<p style=\"text-align: justify;\">Interesado en la m\u00fasica de nuestro tiempo, ya ha contribuido a la creaci\u00f3n de varias obras para tromb\u00f3n, incluyendo &#8220;Concierto para tromb\u00f3n y Brass Ensemble&#8221; de Jean Guillou. Varias piezas ya est\u00e1n dedicados a \u00e9l como &#8220;Libretto&#8221; de Perruchon de Esteban, &#8220;La llamada salvaje&#8221; Alain Celo, Concierto para tromb\u00f3n y orquesta de Patrick Burgan &#8220;La ca\u00edda de Lucifer&#8221; y el concierto bacanal tromb\u00f3n y banda de Jean-Pascal Beintus.<\/p>\n<p style=\"text-align: justify;\">Adem\u00e1s de su precio en el ARD de Munich, Fabrice Millischer fue ganador de concursos internacionales de tromb\u00f3n en Budapest en 2005 y sacabuche en Toulouse en 2006. En 2009 fue honrado con la Medalla de Plata de la Academia de las Artes y las Letras.<\/p>\n<p style=\"text-align: justify;\">Fue el primer trombonista en ser nominado &#8220;Instrumental Solista Revelaci\u00f3n&#8221; a la &#8220;Victoires de la Musique Classique&#8221; en 2011 y gan\u00f3 un Preis EchoKlassik en Alemania por su CD &#8220;Franc\u00e9s Tromb\u00f3n Concertos&#8221; en 2014. El mismo a\u00f1o, tambi\u00e9n recibi\u00f3 de esta grabaci\u00f3n el &#8220;Gran Premio de la Academia Charles Cros.&#8221;<\/p>\n<p style=\"text-align: justify;\">A pesar de su corta edad, Fabrice Millischer ya es un profesor de tromb\u00f3n buscado. En 2008, es profesor en el Conservatorio de Paul Dukas en Par\u00eds y desde 2009, se convirti\u00f3 en profesor de tromb\u00f3n en la Hochschule f\u00fcr Musik Saar, lo que es el profesor m\u00e1s joven en Alemania para su instrumento. Por otra parte, es invitado regularmente a impartir clases magistrales en Francia, en Europa y m\u00e1s all\u00e1: Washington, Quebec, Pek\u00edn, Tokio, Se\u00fal, Hong Kong, Taiw\u00e1n. En octubre de 2013, fue nombrado profesor de tromb\u00f3n en la Hochschule f\u00fcr Musik de Friburgo y desde septiembre de 2017 en el CNSMD de Paris.<\/p>\n<p style=\"text-align: justify;\">Fabrice Millischer es artista de la marca Antoine Courtois Par\u00eds, y toca con un tromb\u00f3n Creation Paris AC422B.<\/p>\n","protected":false},"excerpt":{"rendered":"<p>Los pr\u00f3ximos d\u00edas 16 y 17 de mayo de 2022, el CSMA acoger\u00e1 las Clases Magistrales de tromb\u00f3n a cargo de Fabrice Millischer. El horario&#8230;<\/p>\n","protected":false},"author":3,"featured_media":22402,"comment_status":"open","ping_status":"open","sticky":false,"template":"","format":"standard","meta":{"footnotes":""},"categories":[368],"tags":[],"class_list":["post-22401","post","type-post","status-publish","format-standard","has-post-thumbnail","hentry","category-noticias"],"yoast_head":"<!-- This site is optimized with the Yoast SEO plugin v27.5 - https:\/\/yoast.com\/product\/yoast-seo-wordpress\/ -->\n<title>Magistral Tromb\u00f3n, Millischer, 16-17 mayo - CSMA<\/title>\n<meta name=\"robots\" content=\"index, follow, max-snippet:-1, max-image-preview:large, max-video-preview:-1\" \/>\n<link rel=\"canonical\" href=\"https:\/\/csma.es\/actualidad\/magistral-trombon-millischer-16-17-05\/\" \/>\n<meta property=\"og:locale\" content=\"en_US\" \/>\n<meta property=\"og:type\" content=\"article\" \/>\n<meta property=\"og:title\" content=\"Magistral Tromb\u00f3n, Millischer, 16-17 mayo - CSMA\" \/>\n<meta property=\"og:description\" content=\"Los pr\u00f3ximos d\u00edas 16 y 17 de mayo de 2022, el CSMA acoger\u00e1 las Clases Magistrales de tromb\u00f3n a cargo de Fabrice Millischer. El horario...\" \/>\n<meta property=\"og:url\" content=\"https:\/\/csma.es\/actualidad\/magistral-trombon-millischer-16-17-05\/\" \/>\n<meta property=\"og:site_name\" content=\"CSMA\" \/>\n<meta property=\"article:publisher\" content=\"https:\/\/www.facebook.com\/CSMAragon\/\" \/>\n<meta property=\"article:published_time\" content=\"2022-05-10T06:04:31+00:00\" \/>\n<meta property=\"article:modified_time\" content=\"2022-05-10T21:55:48+00:00\" \/>\n<meta property=\"og:image\" content=\"https:\/\/csma.es\/wp-content\/uploads\/2022\/03\/Millischer1-scaled.jpg\" \/>\n\t<meta property=\"og:image:width\" content=\"1709\" \/>\n\t<meta property=\"og:image:height\" content=\"2560\" \/>\n\t<meta property=\"og:image:type\" content=\"image\/jpeg\" \/>\n<meta name=\"author\" content=\"TICS CSMA\" \/>\n<meta name=\"twitter:card\" content=\"summary_large_image\" \/>\n<meta name=\"twitter:creator\" content=\"@csmaconser\" \/>\n<meta name=\"twitter:site\" content=\"@csmaconser\" \/>\n<meta name=\"twitter:label1\" content=\"Written by\" \/>\n\t<meta name=\"twitter:data1\" content=\"TICS CSMA\" \/>\n\t<meta name=\"twitter:label2\" content=\"Est. reading time\" \/>\n\t<meta name=\"twitter:data2\" content=\"3 minutes\" \/>\n<script type=\"application\/ld+json\" class=\"yoast-schema-graph\">{\"@context\":\"https:\\\/\\\/schema.org\",\"@graph\":[{\"@type\":\"Article\",\"@id\":\"https:\\\/\\\/csma.es\\\/actualidad\\\/magistral-trombon-millischer-16-17-05\\\/#article\",\"isPartOf\":{\"@id\":\"https:\\\/\\\/csma.es\\\/actualidad\\\/magistral-trombon-millischer-16-17-05\\\/\"},\"author\":{\"name\":\"TICS CSMA\",\"@id\":\"https:\\\/\\\/csma.es\\\/#\\\/schema\\\/person\\\/dd9e345cd1ec5925a5e8927a0cb3fc69\"},\"headline\":\"Magistral Tromb\u00f3n, Millischer, 16-17 mayo\",\"datePublished\":\"2022-05-10T06:04:31+00:00\",\"dateModified\":\"2022-05-10T21:55:48+00:00\",\"mainEntityOfPage\":{\"@id\":\"https:\\\/\\\/csma.es\\\/actualidad\\\/magistral-trombon-millischer-16-17-05\\\/\"},\"wordCount\":677,\"commentCount\":0,\"publisher\":{\"@id\":\"https:\\\/\\\/csma.es\\\/#organization\"},\"image\":{\"@id\":\"https:\\\/\\\/csma.es\\\/actualidad\\\/magistral-trombon-millischer-16-17-05\\\/#primaryimage\"},\"thumbnailUrl\":\"https:\\\/\\\/csma.es\\\/wp-content\\\/uploads\\\/2022\\\/03\\\/Millischer1-scaled.jpg\",\"articleSection\":[\"Noticias\"],\"inLanguage\":\"en-US\",\"potentialAction\":[{\"@type\":\"CommentAction\",\"name\":\"Comment\",\"target\":[\"https:\\\/\\\/csma.es\\\/actualidad\\\/magistral-trombon-millischer-16-17-05\\\/#respond\"]}]},{\"@type\":\"WebPage\",\"@id\":\"https:\\\/\\\/csma.es\\\/actualidad\\\/magistral-trombon-millischer-16-17-05\\\/\",\"url\":\"https:\\\/\\\/csma.es\\\/actualidad\\\/magistral-trombon-millischer-16-17-05\\\/\",\"name\":\"Magistral Tromb\u00f3n, Millischer, 16-17 mayo - CSMA\",\"isPartOf\":{\"@id\":\"https:\\\/\\\/csma.es\\\/#website\"},\"primaryImageOfPage\":{\"@id\":\"https:\\\/\\\/csma.es\\\/actualidad\\\/magistral-trombon-millischer-16-17-05\\\/#primaryimage\"},\"image\":{\"@id\":\"https:\\\/\\\/csma.es\\\/actualidad\\\/magistral-trombon-millischer-16-17-05\\\/#primaryimage\"},\"thumbnailUrl\":\"https:\\\/\\\/csma.es\\\/wp-content\\\/uploads\\\/2022\\\/03\\\/Millischer1-scaled.jpg\",\"datePublished\":\"2022-05-10T06:04:31+00:00\",\"dateModified\":\"2022-05-10T21:55:48+00:00\",\"breadcrumb\":{\"@id\":\"https:\\\/\\\/csma.es\\\/actualidad\\\/magistral-trombon-millischer-16-17-05\\\/#breadcrumb\"},\"inLanguage\":\"en-US\",\"potentialAction\":[{\"@type\":\"ReadAction\",\"target\":[\"https:\\\/\\\/csma.es\\\/actualidad\\\/magistral-trombon-millischer-16-17-05\\\/\"]}]},{\"@type\":\"ImageObject\",\"inLanguage\":\"en-US\",\"@id\":\"https:\\\/\\\/csma.es\\\/actualidad\\\/magistral-trombon-millischer-16-17-05\\\/#primaryimage\",\"url\":\"https:\\\/\\\/csma.es\\\/wp-content\\\/uploads\\\/2022\\\/03\\\/Millischer1-scaled.jpg\",\"contentUrl\":\"https:\\\/\\\/csma.es\\\/wp-content\\\/uploads\\\/2022\\\/03\\\/Millischer1-scaled.jpg\",\"width\":1709,\"height\":2560},{\"@type\":\"BreadcrumbList\",\"@id\":\"https:\\\/\\\/csma.es\\\/actualidad\\\/magistral-trombon-millischer-16-17-05\\\/#breadcrumb\",\"itemListElement\":[{\"@type\":\"ListItem\",\"position\":1,\"name\":\"Portada\",\"item\":\"https:\\\/\\\/csma.es\\\/en\\\/\"},{\"@type\":\"ListItem\",\"position\":2,\"name\":\"Magistral Tromb\u00f3n, Millischer, 16-17 mayo\"}]},{\"@type\":\"WebSite\",\"@id\":\"https:\\\/\\\/csma.es\\\/#website\",\"url\":\"https:\\\/\\\/csma.es\\\/\",\"name\":\"CSMA\",\"description\":\"Conservatorio Superior de M\u00fasica de Arag\u00f3n\",\"publisher\":{\"@id\":\"https:\\\/\\\/csma.es\\\/#organization\"},\"potentialAction\":[{\"@type\":\"SearchAction\",\"target\":{\"@type\":\"EntryPoint\",\"urlTemplate\":\"https:\\\/\\\/csma.es\\\/?s={search_term_string}\"},\"query-input\":{\"@type\":\"PropertyValueSpecification\",\"valueRequired\":true,\"valueName\":\"search_term_string\"}}],\"inLanguage\":\"en-US\"},{\"@type\":\"Organization\",\"@id\":\"https:\\\/\\\/csma.es\\\/#organization\",\"name\":\"Conservatorio Superior de M\u00fasica de Arag\u00f3n\",\"url\":\"https:\\\/\\\/csma.es\\\/\",\"logo\":{\"@type\":\"ImageObject\",\"inLanguage\":\"en-US\",\"@id\":\"https:\\\/\\\/csma.es\\\/#\\\/schema\\\/logo\\\/image\\\/\",\"url\":\"https:\\\/\\\/csma.es\\\/wp-content\\\/uploads\\\/2025\\\/04\\\/cropped-logo-csma-40anos-vertical-sintexto-positivo.png\",\"contentUrl\":\"https:\\\/\\\/csma.es\\\/wp-content\\\/uploads\\\/2025\\\/04\\\/cropped-logo-csma-40anos-vertical-sintexto-positivo.png\",\"width\":512,\"height\":512,\"caption\":\"Conservatorio Superior de M\u00fasica de Arag\u00f3n\"},\"image\":{\"@id\":\"https:\\\/\\\/csma.es\\\/#\\\/schema\\\/logo\\\/image\\\/\"},\"sameAs\":[\"https:\\\/\\\/www.facebook.com\\\/CSMAragon\\\/\",\"https:\\\/\\\/x.com\\\/csmaconser\",\"https:\\\/\\\/www.instagram.com\\\/csmaragon\\\/\",\"https:\\\/\\\/www.youtube.com\\\/channel\\\/UCcsLLtgZJUhz11-3Aj1sv3w\"]},{\"@type\":\"Person\",\"@id\":\"https:\\\/\\\/csma.es\\\/#\\\/schema\\\/person\\\/dd9e345cd1ec5925a5e8927a0cb3fc69\",\"name\":\"TICS CSMA\"}]}<\/script>\n<!-- \/ Yoast SEO plugin. -->","yoast_head_json":{"title":"Magistral Tromb\u00f3n, Millischer, 16-17 mayo - CSMA","robots":{"index":"index","follow":"follow","max-snippet":"max-snippet:-1","max-image-preview":"max-image-preview:large","max-video-preview":"max-video-preview:-1"},"canonical":"https:\/\/csma.es\/actualidad\/magistral-trombon-millischer-16-17-05\/","og_locale":"en_US","og_type":"article","og_title":"Magistral Tromb\u00f3n, Millischer, 16-17 mayo - CSMA","og_description":"Los pr\u00f3ximos d\u00edas 16 y 17 de mayo de 2022, el CSMA acoger\u00e1 las Clases Magistrales de tromb\u00f3n a cargo de Fabrice Millischer. El horario...","og_url":"https:\/\/csma.es\/actualidad\/magistral-trombon-millischer-16-17-05\/","og_site_name":"CSMA","article_publisher":"https:\/\/www.facebook.com\/CSMAragon\/","article_published_time":"2022-05-10T06:04:31+00:00","article_modified_time":"2022-05-10T21:55:48+00:00","og_image":[{"width":1709,"height":2560,"url":"https:\/\/csma.es\/wp-content\/uploads\/2022\/03\/Millischer1-scaled.jpg","type":"image\/jpeg"}],"author":"TICS CSMA","twitter_card":"summary_large_image","twitter_creator":"@csmaconser","twitter_site":"@csmaconser","twitter_misc":{"Written by":"TICS CSMA","Est. reading time":"3 minutes"},"schema":{"@context":"https:\/\/schema.org","@graph":[{"@type":"Article","@id":"https:\/\/csma.es\/actualidad\/magistral-trombon-millischer-16-17-05\/#article","isPartOf":{"@id":"https:\/\/csma.es\/actualidad\/magistral-trombon-millischer-16-17-05\/"},"author":{"name":"TICS CSMA","@id":"https:\/\/csma.es\/#\/schema\/person\/dd9e345cd1ec5925a5e8927a0cb3fc69"},"headline":"Magistral Tromb\u00f3n, Millischer, 16-17 mayo","datePublished":"2022-05-10T06:04:31+00:00","dateModified":"2022-05-10T21:55:48+00:00","mainEntityOfPage":{"@id":"https:\/\/csma.es\/actualidad\/magistral-trombon-millischer-16-17-05\/"},"wordCount":677,"commentCount":0,"publisher":{"@id":"https:\/\/csma.es\/#organization"},"image":{"@id":"https:\/\/csma.es\/actualidad\/magistral-trombon-millischer-16-17-05\/#primaryimage"},"thumbnailUrl":"https:\/\/csma.es\/wp-content\/uploads\/2022\/03\/Millischer1-scaled.jpg","articleSection":["Noticias"],"inLanguage":"en-US","potentialAction":[{"@type":"CommentAction","name":"Comment","target":["https:\/\/csma.es\/actualidad\/magistral-trombon-millischer-16-17-05\/#respond"]}]},{"@type":"WebPage","@id":"https:\/\/csma.es\/actualidad\/magistral-trombon-millischer-16-17-05\/","url":"https:\/\/csma.es\/actualidad\/magistral-trombon-millischer-16-17-05\/","name":"Magistral Tromb\u00f3n, Millischer, 16-17 mayo - CSMA","isPartOf":{"@id":"https:\/\/csma.es\/#website"},"primaryImageOfPage":{"@id":"https:\/\/csma.es\/actualidad\/magistral-trombon-millischer-16-17-05\/#primaryimage"},"image":{"@id":"https:\/\/csma.es\/actualidad\/magistral-trombon-millischer-16-17-05\/#primaryimage"},"thumbnailUrl":"https:\/\/csma.es\/wp-content\/uploads\/2022\/03\/Millischer1-scaled.jpg","datePublished":"2022-05-10T06:04:31+00:00","dateModified":"2022-05-10T21:55:48+00:00","breadcrumb":{"@id":"https:\/\/csma.es\/actualidad\/magistral-trombon-millischer-16-17-05\/#breadcrumb"},"inLanguage":"en-US","potentialAction":[{"@type":"ReadAction","target":["https:\/\/csma.es\/actualidad\/magistral-trombon-millischer-16-17-05\/"]}]},{"@type":"ImageObject","inLanguage":"en-US","@id":"https:\/\/csma.es\/actualidad\/magistral-trombon-millischer-16-17-05\/#primaryimage","url":"https:\/\/csma.es\/wp-content\/uploads\/2022\/03\/Millischer1-scaled.jpg","contentUrl":"https:\/\/csma.es\/wp-content\/uploads\/2022\/03\/Millischer1-scaled.jpg","width":1709,"height":2560},{"@type":"BreadcrumbList","@id":"https:\/\/csma.es\/actualidad\/magistral-trombon-millischer-16-17-05\/#breadcrumb","itemListElement":[{"@type":"ListItem","position":1,"name":"Portada","item":"https:\/\/csma.es\/en\/"},{"@type":"ListItem","position":2,"name":"Magistral Tromb\u00f3n, Millischer, 16-17 mayo"}]},{"@type":"WebSite","@id":"https:\/\/csma.es\/#website","url":"https:\/\/csma.es\/","name":"CSMA","description":"Conservatorio Superior de M\u00fasica de Arag\u00f3n","publisher":{"@id":"https:\/\/csma.es\/#organization"},"potentialAction":[{"@type":"SearchAction","target":{"@type":"EntryPoint","urlTemplate":"https:\/\/csma.es\/?s={search_term_string}"},"query-input":{"@type":"PropertyValueSpecification","valueRequired":true,"valueName":"search_term_string"}}],"inLanguage":"en-US"},{"@type":"Organization","@id":"https:\/\/csma.es\/#organization","name":"Conservatorio Superior de M\u00fasica de Arag\u00f3n","url":"https:\/\/csma.es\/","logo":{"@type":"ImageObject","inLanguage":"en-US","@id":"https:\/\/csma.es\/#\/schema\/logo\/image\/","url":"https:\/\/csma.es\/wp-content\/uploads\/2025\/04\/cropped-logo-csma-40anos-vertical-sintexto-positivo.png","contentUrl":"https:\/\/csma.es\/wp-content\/uploads\/2025\/04\/cropped-logo-csma-40anos-vertical-sintexto-positivo.png","width":512,"height":512,"caption":"Conservatorio Superior de M\u00fasica de Arag\u00f3n"},"image":{"@id":"https:\/\/csma.es\/#\/schema\/logo\/image\/"},"sameAs":["https:\/\/www.facebook.com\/CSMAragon\/","https:\/\/x.com\/csmaconser","https:\/\/www.instagram.com\/csmaragon\/","https:\/\/www.youtube.com\/channel\/UCcsLLtgZJUhz11-3Aj1sv3w"]},{"@type":"Person","@id":"https:\/\/csma.es\/#\/schema\/person\/dd9e345cd1ec5925a5e8927a0cb3fc69","name":"TICS CSMA"}]}},"publishpress_future_action":{"enabled":false,"date":"2026-05-07 03:57:33","action":"change-status","newStatus":"draft","terms":[],"taxonomy":"category","extraData":[]},"publishpress_future_workflow_manual_trigger":{"enabledWorkflows":[]},"_links":{"self":[{"href":"https:\/\/csma.es\/en\/wp-json\/wp\/v2\/posts\/22401","targetHints":{"allow":["GET"]}}],"collection":[{"href":"https:\/\/csma.es\/en\/wp-json\/wp\/v2\/posts"}],"about":[{"href":"https:\/\/csma.es\/en\/wp-json\/wp\/v2\/types\/post"}],"author":[{"embeddable":true,"href":"https:\/\/csma.es\/en\/wp-json\/wp\/v2\/users\/3"}],"replies":[{"embeddable":true,"href":"https:\/\/csma.es\/en\/wp-json\/wp\/v2\/comments?post=22401"}],"version-history":[{"count":0,"href":"https:\/\/csma.es\/en\/wp-json\/wp\/v2\/posts\/22401\/revisions"}],"wp:featuredmedia":[{"embeddable":true,"href":"https:\/\/csma.es\/en\/wp-json\/wp\/v2\/media\/22402"}],"wp:attachment":[{"href":"https:\/\/csma.es\/en\/wp-json\/wp\/v2\/media?parent=22401"}],"wp:term":[{"taxonomy":"category","embeddable":true,"href":"https:\/\/csma.es\/en\/wp-json\/wp\/v2\/categories?post=22401"},{"taxonomy":"post_tag","embeddable":true,"href":"https:\/\/csma.es\/en\/wp-json\/wp\/v2\/tags?post=22401"}],"curies":[{"name":"wp","href":"https:\/\/api.w.org\/{rel}","templated":true}]}}