{"id":22243,"date":"2022-04-01T21:45:23","date_gmt":"2022-04-01T19:45:23","guid":{"rendered":"https:\/\/csma.es\/?p=22243"},"modified":"2022-04-27T23:33:27","modified_gmt":"2022-04-27T21:33:27","slug":"magistral-flauta-acena-7-8-04","status":"publish","type":"post","link":"https:\/\/csma.es\/en\/noticias\/magistral-flauta-acena-7-8-04\/","title":{"rendered":"Magistral Flauta, Ace\u00f1a, 7-8 abril"},"content":{"rendered":"<p style=\"text-align: justify;\">Los pr\u00f3ximos d\u00edas <strong>7 y 8 de abril<\/strong> de 2022, el CSMA acoger\u00e1 unas Clases Magistrales de <strong>Flauta traveser<\/strong>a a cargo de <strong>Diego Ace\u00f1a<\/strong>. Esta actividad se realizar\u00e1 en la <em>Sala Boston<\/em> del Conservatorio Superior de M\u00fasica de Arag\u00f3n. El horario del d\u00eda <strong>7 de abril ser\u00e1 de 10:00 a 14:00 y de 16:00 a 19:00<\/strong>. El d\u00eda <strong>8 de abril ser\u00e1 de 9:00 a 13:00 y 15:00 a 17:00<\/strong>.<\/p>\n<p style=\"text-align: justify;\">\n<p style=\"text-align: justify;\">Diego Ace\u00f1a Moreno nace en Madrid en 1988 y comienza sus estudios de flauta a los siete a\u00f1os en el Conservatorio de M\u00fasica de Amaniel en Madrid, con Federico Peris y Lola Gonz\u00e1lez.<\/p>\n<p style=\"text-align: justify;\">Tras licenciarse en el Conservatorio Superior de M\u00fasica de Arag\u00f3n con los profesores Fernando G\u00f3mez y Antonio Nuez, estudia en el Royal College of Music de Londres con Jaime Mart\u00edn, Sue Thomas, Chris Green y Stewart Mcilwham, recibiendo las becas de la Comunidad de Madrid y la Leverhulme Orchestra Mentroship. All\u00ed completa su M\u00e1ster in Orchestral Performance, finalizando en 2013 con Distinci\u00f3n y ganando el primer premio de flauta del RCM. Adquiere experiencia orquestal siendo miembro y primer flauta de las prestigiosas Gustav Mahler Jugendorchester, Gustav Mahler Akademie y Schleswig-Holstein Musik Festival. Recibe clases magistrales de Chiara Tonelli, Sir James Galway, Peter Luckas Graf, Michel Debost, Emily Beynon, Vicens Prats entre otros.<\/p>\n<p style=\"text-align: justify;\">Antes de completar sus estudios, gana la plaza de academista de la London Philarmonic Orchestra (2013\/2014) y luego en la Staatskapelle Dresden (2014-2016), donde Sabine Kittel fue su mentora y recibiendo tambi\u00e9n clases de Rozalia Szabo.<\/p>\n<p style=\"text-align: justify;\">Diego Ace\u00f1a Moreno es Flauta Co Solista del Staatstheater Kassel desde 2016, y colaborador habitual de Mahler Chamber Orchestra. Tambi\u00e9n colabora as\u00edduamente con orquestas como Staatskapelle Dresden, la Orquesta Nacional de Espa\u00f1a, \u00d3pera de Frankfurt, la Orquesta Sinf\u00f3nica de Barcelona, \u200bla Orquesta Musicaeterna, la Orquesta de la Comunitat Valenciana, Essen Philharmonic, London Philharmonic Orchestra, \u00d3pera de Gales\u2026<\/p>\n<p style=\"text-align: justify;\">Numerosas giras de conciertos le han llevado por Europa, Asia y Sudam\u00e9rica, trabajando con directores como Christian Thielemann, Andris Nelsons, Herbert Blomstedt, Paavo J\u00e4rvi, Vladimir Azhkenazy, Theodor Currentzis, Daniel Harding, Vladimir Jurowski, Christoph Eschenbach, Yannick N\u00e9zet-S\u00e9guin, Andr\u00e9s Orozco-Estrada, Myung-Whun Chung, David Afkham\u2026<\/p>\n<p style=\"text-align: justify;\">Es muy activo en el campo de la m\u00fasica de c\u00e1mara, participando con diferentes ensembles en festivales por toda Europa, y grabando discos con grupos como Moonwinds o Ensemble Mini, con el que recibi\u00f3 el premio Opus Klassik de M\u00fasica de C\u00e1mara 2021 por la grabaci\u00f3n del disco de Mahler 10 para ensemble de c\u00e1mara.<\/p>\n<p style=\"text-align: justify;\">Ha ganado numerosos premios y ha actuado como solista en el Wigmore Hall de Londres ,en Bolzano con la Gustav Mahler Academy y con la Staatsorcheter Kassel. En setiembre de 2022 tocar\u00e1 el Concierto en Do Mayor para flauta y arpa de Mozart con la Orquesta de Radio Televisi\u00f3n Espa\u00f1ola.<\/p>\n<p style=\"text-align: justify;\">Diego Ace\u00f1a Moreno ha impartido cursos en el Orchesterzentrum NRW de Dortmund como profesor de la Mahler Chamber Academy, tambi\u00e9n ha colaborado como profesor de la Filarm\u00f3nica Joven de Colombia y en el verano de 2022 ser\u00e1 profesor del Curso\/ Festival Internacional de Vitoria.<\/p>\n","protected":false},"excerpt":{"rendered":"<p>Los pr\u00f3ximos d\u00edas 7 y 8 de abril de 2022, el CSMA acoger\u00e1 unas Clases Magistrales de Flauta travesera a cargo de Diego Ace\u00f1a. Esta&#8230;<\/p>\n","protected":false},"author":3,"featured_media":22244,"comment_status":"open","ping_status":"open","sticky":false,"template":"","format":"standard","meta":{"footnotes":""},"categories":[368],"tags":[],"class_list":["post-22243","post","type-post","status-publish","format-standard","has-post-thumbnail","hentry","category-noticias"],"yoast_head":"<!-- This site is optimized with the Yoast SEO plugin v27.5 - https:\/\/yoast.com\/product\/yoast-seo-wordpress\/ -->\n<title>Magistral Flauta, Ace\u00f1a, 7-8 abril - CSMA<\/title>\n<meta name=\"robots\" content=\"index, follow, max-snippet:-1, max-image-preview:large, max-video-preview:-1\" \/>\n<link rel=\"canonical\" href=\"https:\/\/csma.es\/actualidad\/magistral-flauta-acena-7-8-04\/\" \/>\n<meta property=\"og:locale\" content=\"en_US\" \/>\n<meta property=\"og:type\" content=\"article\" \/>\n<meta property=\"og:title\" content=\"Magistral Flauta, Ace\u00f1a, 7-8 abril - CSMA\" \/>\n<meta property=\"og:description\" content=\"Los pr\u00f3ximos d\u00edas 7 y 8 de abril de 2022, el CSMA acoger\u00e1 unas Clases Magistrales de Flauta travesera a cargo de Diego Ace\u00f1a. Esta...\" \/>\n<meta property=\"og:url\" content=\"https:\/\/csma.es\/actualidad\/magistral-flauta-acena-7-8-04\/\" \/>\n<meta property=\"og:site_name\" content=\"CSMA\" \/>\n<meta property=\"article:publisher\" content=\"https:\/\/www.facebook.com\/CSMAragon\/\" \/>\n<meta property=\"article:published_time\" content=\"2022-04-01T19:45:23+00:00\" \/>\n<meta property=\"article:modified_time\" content=\"2022-04-27T21:33:27+00:00\" \/>\n<meta property=\"og:image\" content=\"https:\/\/csma.es\/wp-content\/uploads\/2022\/02\/foto-profesional-.jpg\" \/>\n\t<meta property=\"og:image:width\" content=\"646\" \/>\n\t<meta property=\"og:image:height\" content=\"685\" \/>\n\t<meta property=\"og:image:type\" content=\"image\/jpeg\" \/>\n<meta name=\"author\" content=\"TICS CSMA\" \/>\n<meta name=\"twitter:card\" content=\"summary_large_image\" \/>\n<meta name=\"twitter:creator\" content=\"@csmaconser\" \/>\n<meta name=\"twitter:site\" content=\"@csmaconser\" \/>\n<meta name=\"twitter:label1\" content=\"Written by\" \/>\n\t<meta name=\"twitter:data1\" content=\"TICS CSMA\" \/>\n\t<meta name=\"twitter:label2\" content=\"Est. reading time\" \/>\n\t<meta name=\"twitter:data2\" content=\"3 minutes\" \/>\n<script type=\"application\/ld+json\" class=\"yoast-schema-graph\">{\"@context\":\"https:\\\/\\\/schema.org\",\"@graph\":[{\"@type\":\"Article\",\"@id\":\"https:\\\/\\\/csma.es\\\/actualidad\\\/magistral-flauta-acena-7-8-04\\\/#article\",\"isPartOf\":{\"@id\":\"https:\\\/\\\/csma.es\\\/actualidad\\\/magistral-flauta-acena-7-8-04\\\/\"},\"author\":{\"name\":\"TICS CSMA\",\"@id\":\"https:\\\/\\\/csma.es\\\/#\\\/schema\\\/person\\\/dd9e345cd1ec5925a5e8927a0cb3fc69\"},\"headline\":\"Magistral Flauta, Ace\u00f1a, 7-8 abril\",\"datePublished\":\"2022-04-01T19:45:23+00:00\",\"dateModified\":\"2022-04-27T21:33:27+00:00\",\"mainEntityOfPage\":{\"@id\":\"https:\\\/\\\/csma.es\\\/actualidad\\\/magistral-flauta-acena-7-8-04\\\/\"},\"wordCount\":523,\"commentCount\":0,\"publisher\":{\"@id\":\"https:\\\/\\\/csma.es\\\/#organization\"},\"image\":{\"@id\":\"https:\\\/\\\/csma.es\\\/actualidad\\\/magistral-flauta-acena-7-8-04\\\/#primaryimage\"},\"thumbnailUrl\":\"https:\\\/\\\/csma.es\\\/wp-content\\\/uploads\\\/2022\\\/02\\\/foto-profesional-.jpg\",\"articleSection\":[\"Noticias\"],\"inLanguage\":\"en-US\",\"potentialAction\":[{\"@type\":\"CommentAction\",\"name\":\"Comment\",\"target\":[\"https:\\\/\\\/csma.es\\\/actualidad\\\/magistral-flauta-acena-7-8-04\\\/#respond\"]}]},{\"@type\":\"WebPage\",\"@id\":\"https:\\\/\\\/csma.es\\\/actualidad\\\/magistral-flauta-acena-7-8-04\\\/\",\"url\":\"https:\\\/\\\/csma.es\\\/actualidad\\\/magistral-flauta-acena-7-8-04\\\/\",\"name\":\"Magistral Flauta, Ace\u00f1a, 7-8 abril - CSMA\",\"isPartOf\":{\"@id\":\"https:\\\/\\\/csma.es\\\/#website\"},\"primaryImageOfPage\":{\"@id\":\"https:\\\/\\\/csma.es\\\/actualidad\\\/magistral-flauta-acena-7-8-04\\\/#primaryimage\"},\"image\":{\"@id\":\"https:\\\/\\\/csma.es\\\/actualidad\\\/magistral-flauta-acena-7-8-04\\\/#primaryimage\"},\"thumbnailUrl\":\"https:\\\/\\\/csma.es\\\/wp-content\\\/uploads\\\/2022\\\/02\\\/foto-profesional-.jpg\",\"datePublished\":\"2022-04-01T19:45:23+00:00\",\"dateModified\":\"2022-04-27T21:33:27+00:00\",\"breadcrumb\":{\"@id\":\"https:\\\/\\\/csma.es\\\/actualidad\\\/magistral-flauta-acena-7-8-04\\\/#breadcrumb\"},\"inLanguage\":\"en-US\",\"potentialAction\":[{\"@type\":\"ReadAction\",\"target\":[\"https:\\\/\\\/csma.es\\\/actualidad\\\/magistral-flauta-acena-7-8-04\\\/\"]}]},{\"@type\":\"ImageObject\",\"inLanguage\":\"en-US\",\"@id\":\"https:\\\/\\\/csma.es\\\/actualidad\\\/magistral-flauta-acena-7-8-04\\\/#primaryimage\",\"url\":\"https:\\\/\\\/csma.es\\\/wp-content\\\/uploads\\\/2022\\\/02\\\/foto-profesional-.jpg\",\"contentUrl\":\"https:\\\/\\\/csma.es\\\/wp-content\\\/uploads\\\/2022\\\/02\\\/foto-profesional-.jpg\",\"width\":646,\"height\":685},{\"@type\":\"BreadcrumbList\",\"@id\":\"https:\\\/\\\/csma.es\\\/actualidad\\\/magistral-flauta-acena-7-8-04\\\/#breadcrumb\",\"itemListElement\":[{\"@type\":\"ListItem\",\"position\":1,\"name\":\"Portada\",\"item\":\"https:\\\/\\\/csma.es\\\/en\\\/\"},{\"@type\":\"ListItem\",\"position\":2,\"name\":\"Magistral Flauta, Ace\u00f1a, 7-8 abril\"}]},{\"@type\":\"WebSite\",\"@id\":\"https:\\\/\\\/csma.es\\\/#website\",\"url\":\"https:\\\/\\\/csma.es\\\/\",\"name\":\"CSMA\",\"description\":\"Conservatorio Superior de M\u00fasica de Arag\u00f3n\",\"publisher\":{\"@id\":\"https:\\\/\\\/csma.es\\\/#organization\"},\"potentialAction\":[{\"@type\":\"SearchAction\",\"target\":{\"@type\":\"EntryPoint\",\"urlTemplate\":\"https:\\\/\\\/csma.es\\\/?s={search_term_string}\"},\"query-input\":{\"@type\":\"PropertyValueSpecification\",\"valueRequired\":true,\"valueName\":\"search_term_string\"}}],\"inLanguage\":\"en-US\"},{\"@type\":\"Organization\",\"@id\":\"https:\\\/\\\/csma.es\\\/#organization\",\"name\":\"Conservatorio Superior de M\u00fasica de Arag\u00f3n\",\"url\":\"https:\\\/\\\/csma.es\\\/\",\"logo\":{\"@type\":\"ImageObject\",\"inLanguage\":\"en-US\",\"@id\":\"https:\\\/\\\/csma.es\\\/#\\\/schema\\\/logo\\\/image\\\/\",\"url\":\"https:\\\/\\\/csma.es\\\/wp-content\\\/uploads\\\/2025\\\/04\\\/cropped-logo-csma-40anos-vertical-sintexto-positivo.png\",\"contentUrl\":\"https:\\\/\\\/csma.es\\\/wp-content\\\/uploads\\\/2025\\\/04\\\/cropped-logo-csma-40anos-vertical-sintexto-positivo.png\",\"width\":512,\"height\":512,\"caption\":\"Conservatorio Superior de M\u00fasica de Arag\u00f3n\"},\"image\":{\"@id\":\"https:\\\/\\\/csma.es\\\/#\\\/schema\\\/logo\\\/image\\\/\"},\"sameAs\":[\"https:\\\/\\\/www.facebook.com\\\/CSMAragon\\\/\",\"https:\\\/\\\/x.com\\\/csmaconser\",\"https:\\\/\\\/www.instagram.com\\\/csmaragon\\\/\",\"https:\\\/\\\/www.youtube.com\\\/channel\\\/UCcsLLtgZJUhz11-3Aj1sv3w\"]},{\"@type\":\"Person\",\"@id\":\"https:\\\/\\\/csma.es\\\/#\\\/schema\\\/person\\\/dd9e345cd1ec5925a5e8927a0cb3fc69\",\"name\":\"TICS CSMA\"}]}<\/script>\n<!-- \/ Yoast SEO plugin. -->","yoast_head_json":{"title":"Magistral Flauta, Ace\u00f1a, 7-8 abril - CSMA","robots":{"index":"index","follow":"follow","max-snippet":"max-snippet:-1","max-image-preview":"max-image-preview:large","max-video-preview":"max-video-preview:-1"},"canonical":"https:\/\/csma.es\/actualidad\/magistral-flauta-acena-7-8-04\/","og_locale":"en_US","og_type":"article","og_title":"Magistral Flauta, Ace\u00f1a, 7-8 abril - CSMA","og_description":"Los pr\u00f3ximos d\u00edas 7 y 8 de abril de 2022, el CSMA acoger\u00e1 unas Clases Magistrales de Flauta travesera a cargo de Diego Ace\u00f1a. Esta...","og_url":"https:\/\/csma.es\/actualidad\/magistral-flauta-acena-7-8-04\/","og_site_name":"CSMA","article_publisher":"https:\/\/www.facebook.com\/CSMAragon\/","article_published_time":"2022-04-01T19:45:23+00:00","article_modified_time":"2022-04-27T21:33:27+00:00","og_image":[{"width":646,"height":685,"url":"https:\/\/csma.es\/wp-content\/uploads\/2022\/02\/foto-profesional-.jpg","type":"image\/jpeg"}],"author":"TICS CSMA","twitter_card":"summary_large_image","twitter_creator":"@csmaconser","twitter_site":"@csmaconser","twitter_misc":{"Written by":"TICS CSMA","Est. reading time":"3 minutes"},"schema":{"@context":"https:\/\/schema.org","@graph":[{"@type":"Article","@id":"https:\/\/csma.es\/actualidad\/magistral-flauta-acena-7-8-04\/#article","isPartOf":{"@id":"https:\/\/csma.es\/actualidad\/magistral-flauta-acena-7-8-04\/"},"author":{"name":"TICS CSMA","@id":"https:\/\/csma.es\/#\/schema\/person\/dd9e345cd1ec5925a5e8927a0cb3fc69"},"headline":"Magistral Flauta, Ace\u00f1a, 7-8 abril","datePublished":"2022-04-01T19:45:23+00:00","dateModified":"2022-04-27T21:33:27+00:00","mainEntityOfPage":{"@id":"https:\/\/csma.es\/actualidad\/magistral-flauta-acena-7-8-04\/"},"wordCount":523,"commentCount":0,"publisher":{"@id":"https:\/\/csma.es\/#organization"},"image":{"@id":"https:\/\/csma.es\/actualidad\/magistral-flauta-acena-7-8-04\/#primaryimage"},"thumbnailUrl":"https:\/\/csma.es\/wp-content\/uploads\/2022\/02\/foto-profesional-.jpg","articleSection":["Noticias"],"inLanguage":"en-US","potentialAction":[{"@type":"CommentAction","name":"Comment","target":["https:\/\/csma.es\/actualidad\/magistral-flauta-acena-7-8-04\/#respond"]}]},{"@type":"WebPage","@id":"https:\/\/csma.es\/actualidad\/magistral-flauta-acena-7-8-04\/","url":"https:\/\/csma.es\/actualidad\/magistral-flauta-acena-7-8-04\/","name":"Magistral Flauta, Ace\u00f1a, 7-8 abril - CSMA","isPartOf":{"@id":"https:\/\/csma.es\/#website"},"primaryImageOfPage":{"@id":"https:\/\/csma.es\/actualidad\/magistral-flauta-acena-7-8-04\/#primaryimage"},"image":{"@id":"https:\/\/csma.es\/actualidad\/magistral-flauta-acena-7-8-04\/#primaryimage"},"thumbnailUrl":"https:\/\/csma.es\/wp-content\/uploads\/2022\/02\/foto-profesional-.jpg","datePublished":"2022-04-01T19:45:23+00:00","dateModified":"2022-04-27T21:33:27+00:00","breadcrumb":{"@id":"https:\/\/csma.es\/actualidad\/magistral-flauta-acena-7-8-04\/#breadcrumb"},"inLanguage":"en-US","potentialAction":[{"@type":"ReadAction","target":["https:\/\/csma.es\/actualidad\/magistral-flauta-acena-7-8-04\/"]}]},{"@type":"ImageObject","inLanguage":"en-US","@id":"https:\/\/csma.es\/actualidad\/magistral-flauta-acena-7-8-04\/#primaryimage","url":"https:\/\/csma.es\/wp-content\/uploads\/2022\/02\/foto-profesional-.jpg","contentUrl":"https:\/\/csma.es\/wp-content\/uploads\/2022\/02\/foto-profesional-.jpg","width":646,"height":685},{"@type":"BreadcrumbList","@id":"https:\/\/csma.es\/actualidad\/magistral-flauta-acena-7-8-04\/#breadcrumb","itemListElement":[{"@type":"ListItem","position":1,"name":"Portada","item":"https:\/\/csma.es\/en\/"},{"@type":"ListItem","position":2,"name":"Magistral Flauta, Ace\u00f1a, 7-8 abril"}]},{"@type":"WebSite","@id":"https:\/\/csma.es\/#website","url":"https:\/\/csma.es\/","name":"CSMA","description":"Conservatorio Superior de M\u00fasica de Arag\u00f3n","publisher":{"@id":"https:\/\/csma.es\/#organization"},"potentialAction":[{"@type":"SearchAction","target":{"@type":"EntryPoint","urlTemplate":"https:\/\/csma.es\/?s={search_term_string}"},"query-input":{"@type":"PropertyValueSpecification","valueRequired":true,"valueName":"search_term_string"}}],"inLanguage":"en-US"},{"@type":"Organization","@id":"https:\/\/csma.es\/#organization","name":"Conservatorio Superior de M\u00fasica de Arag\u00f3n","url":"https:\/\/csma.es\/","logo":{"@type":"ImageObject","inLanguage":"en-US","@id":"https:\/\/csma.es\/#\/schema\/logo\/image\/","url":"https:\/\/csma.es\/wp-content\/uploads\/2025\/04\/cropped-logo-csma-40anos-vertical-sintexto-positivo.png","contentUrl":"https:\/\/csma.es\/wp-content\/uploads\/2025\/04\/cropped-logo-csma-40anos-vertical-sintexto-positivo.png","width":512,"height":512,"caption":"Conservatorio Superior de M\u00fasica de Arag\u00f3n"},"image":{"@id":"https:\/\/csma.es\/#\/schema\/logo\/image\/"},"sameAs":["https:\/\/www.facebook.com\/CSMAragon\/","https:\/\/x.com\/csmaconser","https:\/\/www.instagram.com\/csmaragon\/","https:\/\/www.youtube.com\/channel\/UCcsLLtgZJUhz11-3Aj1sv3w"]},{"@type":"Person","@id":"https:\/\/csma.es\/#\/schema\/person\/dd9e345cd1ec5925a5e8927a0cb3fc69","name":"TICS CSMA"}]}},"publishpress_future_action":{"enabled":false,"date":"2026-05-07 05:12:30","action":"change-status","newStatus":"draft","terms":[],"taxonomy":"category","extraData":[]},"publishpress_future_workflow_manual_trigger":{"enabledWorkflows":[]},"_links":{"self":[{"href":"https:\/\/csma.es\/en\/wp-json\/wp\/v2\/posts\/22243","targetHints":{"allow":["GET"]}}],"collection":[{"href":"https:\/\/csma.es\/en\/wp-json\/wp\/v2\/posts"}],"about":[{"href":"https:\/\/csma.es\/en\/wp-json\/wp\/v2\/types\/post"}],"author":[{"embeddable":true,"href":"https:\/\/csma.es\/en\/wp-json\/wp\/v2\/users\/3"}],"replies":[{"embeddable":true,"href":"https:\/\/csma.es\/en\/wp-json\/wp\/v2\/comments?post=22243"}],"version-history":[{"count":0,"href":"https:\/\/csma.es\/en\/wp-json\/wp\/v2\/posts\/22243\/revisions"}],"wp:featuredmedia":[{"embeddable":true,"href":"https:\/\/csma.es\/en\/wp-json\/wp\/v2\/media\/22244"}],"wp:attachment":[{"href":"https:\/\/csma.es\/en\/wp-json\/wp\/v2\/media?parent=22243"}],"wp:term":[{"taxonomy":"category","embeddable":true,"href":"https:\/\/csma.es\/en\/wp-json\/wp\/v2\/categories?post=22243"},{"taxonomy":"post_tag","embeddable":true,"href":"https:\/\/csma.es\/en\/wp-json\/wp\/v2\/tags?post=22243"}],"curies":[{"name":"wp","href":"https:\/\/api.w.org\/{rel}","templated":true}]}}