{"id":22220,"date":"2022-03-06T08:12:51","date_gmt":"2022-03-06T07:12:51","guid":{"rendered":"https:\/\/csma.es\/?p=22220"},"modified":"2022-03-04T19:19:01","modified_gmt":"2022-03-04T18:19:01","slug":"magistral-oboe-anchel-11-12-03","status":"publish","type":"post","link":"https:\/\/csma.es\/en\/noticias\/magistral-oboe-anchel-11-12-03\/","title":{"rendered":"Magistral Oboe, Anchel, 11-12\/03"},"content":{"rendered":"<p>Los pr\u00f3ximos d\u00edas <strong>11 y 12 de marzo<\/strong> de 2022, el CSMA acoger\u00e1 unas Clases Magistrales de <strong>Oboe<\/strong> a cargo de <strong>V\u00edctor Manuel Anchel<\/strong>. Se realizar\u00e1n en la <em>Sala Boston<\/em> del Conservatorio Superior de M\u00fasica de Arag\u00f3n. El horario ser\u00e1: <strong>viernes 11, de 11:00 a 19:00 y s\u00e1bado 12, de 9:30 a 19:30<\/strong>.<\/p>\n<p>&nbsp;<\/p>\n<p><em>V\u00edctor Manuel Anchel<\/em><\/p>\n<p>Estudios superiores de oboe en el Conservatorio Superior de M\u00fasica de Valencia, finalizando con las m\u00e1s altas calificaciones. Posteriormente ampl\u00eda sus conocimientos en diferentes masterclases con profesores como Salvador Tudela, Vicente Llimer\u00e1, Emmanuel Abul, Lajos Lencs\u00e9s, Lothar Koch y Hansj\u00f6rg Schellenberger.<\/p>\n<p>Actividad como instrumentista:<\/p>\n<p>Colaborador en la Orquesta de Valencia, 1993<\/p>\n<p>Colaborador en la Orquesta Sinf\u00f3nica de Baleares en diferentes ocasiones.<\/p>\n<p>Colaborador en la Orquesta de Radio Televisi\u00f3n Espa\u00f1ola, diferentes ocasiones.<\/p>\n<p>Colaborador en la Orquesta Sinf\u00f3nica de Madrid, diferentes ocasiones.<\/p>\n<p>Colaborador en la Real Filarmon\u00eda de Galicia, diferentes ocasiones.<\/p>\n<p>Profesor de la Orquesta Sinf\u00f3nica del Vall\u00e9s, 1999.<\/p>\n<p>Profesor de la Orquesta Nacional de Espa\u00f1a, desde 1999 hasta la actualidad. Como solista de corno ingl\u00e9s desde 1999 hasta 2008; como solista de oboe, desde 2008 hasta la actualidad.<\/p>\n<p>Recitales como solista de oboe solo o con piano en diferentes lugares de Espa\u00f1a.<\/p>\n<p>Miembro del Plural Ensemble, especializado en m\u00fasica contempor\u00e1nea, desde 1999 hasta 2008 con actuaciones en diferentes lugares de Espa\u00f1a y resto de Europa.<\/p>\n<p>M\u00faltiples actuaciones como integrante de distintos grupos de c\u00e1mara desde 1999 hasta la actualidad.<\/p>\n<p>Concertista de oboe con la Joven Orquesta Nacional de Espa\u00f1a (Concierto n\u00famero 1 de David del Puerto, en 2007), y la Orquesta Nacional de Espa\u00f1a (Concierto para oboe de B. A. Zimmermann en 2008 y Concierto para oboe de R. Strauss en 2013), adem\u00e1s de otros conciertos con orquestas de c\u00e1mara en Espa\u00f1a y Portugal. \u00danico representante espa\u00f1ol en el proyecto \u201cMusicians of Europe United\u201d, orquesta creada en 2002 compuesta por solistas y profesores de las mejores orquestas europeas y liderado por el Maestro Ricardo Mutti para realizar un concierto conmemorativo en New York como parte de los homenajes a las v\u00edctimas del ataque terrorista del 11 de Septiembre.<\/p>\n<p>Actividad como pedagogo:<\/p>\n<p>Profesor en la Joven Orquesta Nacional de Espa\u00f1a, diferentes ocasiones.<\/p>\n<p>Profesor en la Joven Orquesta Nacional de Catalu\u00f1a, diferentes ocasiones.<\/p>\n<p>Profesor en la Joven Orquesta de la Comunidad de Madrid, diferentes ocasiones.<\/p>\n<p>Profesor de Oboe en la Escuela Superior de M\u00fasica Reina Sof\u00eda, desde 2001 hasta la actualidad.<\/p>\n<p>Profesor de Pr\u00e1ctica Orquestal en la Escuela Superior de M\u00fasica Reina Sof\u00eda, desde 2001 hasta la actualidad.<\/p>\n<p>Profesor de M\u00fasica de C\u00e1mara en la Fundaci\u00f3n Alb\u00e9niz, desde 2019 hasta la actualidad.<\/p>\n<p>Profesor de Oboe en la Universidad Alfonso X el Sabio, desde 2014 hasta la actualidad.Profesor en diversas masterclass de verano en Oviedo (a\u00f1os 2009 y 2010), Forum Musicae en Madrid (2013), Guimaraes (Portugal, 2008), Artave (Portugal, 2009 y 2013) Lisboa (2019).<\/p>\n<p>Grabaciones como solista de oboe de la Orquesta Nacional de Espa\u00f1a:<\/p>\n<p>-Melancol\u00eda &#8211; Spanish Arias and Songs, con Patricia Petibon y Josep Pons (2011). Deutsche Grammophon.<\/p>\n<p>-IB\u00c9RIA. Debussy, Ravel. Josep Pons (2011). Deutsche Grammophon.<\/p>\n<p>-Falla \/ Estrella Morente \/ Orquesta Nacional \/ Josep Pons (2013). Deutsche Grammophon.<\/p>\n<p>-Stravinsky: Le Sacre Du Printemps \/ Petrouchka Josep Pons (2013). Deutsche Grammophon.<\/p>\n<p>-C\u00e9sar Camarero: Vanishing Point, Duraci\u00f3n invisible &amp; A trav\u00e9s del sonido de la lluvia. Peter Hirsch (2020). KAIROS.<\/p>\n","protected":false},"excerpt":{"rendered":"<p>Los pr\u00f3ximos d\u00edas 11 y 12 de marzo de 2022, el CSMA acoger\u00e1 unas Clases Magistrales de Oboe a cargo de V\u00edctor Manuel Anchel. Se&#8230;<\/p>\n","protected":false},"author":3,"featured_media":22221,"comment_status":"open","ping_status":"open","sticky":false,"template":"","format":"standard","meta":{"footnotes":""},"categories":[368],"tags":[],"class_list":["post-22220","post","type-post","status-publish","format-standard","has-post-thumbnail","hentry","category-noticias"],"yoast_head":"<!-- This site is optimized with the Yoast SEO plugin v27.5 - https:\/\/yoast.com\/product\/yoast-seo-wordpress\/ -->\n<title>Magistral Oboe, Anchel, 11-12\/03 - CSMA<\/title>\n<meta name=\"robots\" content=\"index, follow, max-snippet:-1, max-image-preview:large, max-video-preview:-1\" \/>\n<link rel=\"canonical\" href=\"https:\/\/csma.es\/actualidad\/magistral-oboe-anchel-11-12-03\/\" \/>\n<meta property=\"og:locale\" content=\"en_US\" \/>\n<meta property=\"og:type\" content=\"article\" \/>\n<meta property=\"og:title\" content=\"Magistral Oboe, Anchel, 11-12\/03 - CSMA\" \/>\n<meta property=\"og:description\" content=\"Los pr\u00f3ximos d\u00edas 11 y 12 de marzo de 2022, el CSMA acoger\u00e1 unas Clases Magistrales de Oboe a cargo de V\u00edctor Manuel Anchel. Se...\" \/>\n<meta property=\"og:url\" content=\"https:\/\/csma.es\/actualidad\/magistral-oboe-anchel-11-12-03\/\" \/>\n<meta property=\"og:site_name\" content=\"CSMA\" \/>\n<meta property=\"article:publisher\" content=\"https:\/\/www.facebook.com\/CSMAragon\/\" \/>\n<meta property=\"article:published_time\" content=\"2022-03-06T07:12:51+00:00\" \/>\n<meta property=\"og:image\" content=\"https:\/\/csma.es\/wp-content\/uploads\/2022\/02\/Victor-Foto-March.png\" \/>\n\t<meta property=\"og:image:width\" content=\"371\" \/>\n\t<meta property=\"og:image:height\" content=\"516\" \/>\n\t<meta property=\"og:image:type\" content=\"image\/png\" \/>\n<meta name=\"author\" content=\"TICS CSMA\" \/>\n<meta name=\"twitter:card\" content=\"summary_large_image\" \/>\n<meta name=\"twitter:creator\" content=\"@csmaconser\" \/>\n<meta name=\"twitter:site\" content=\"@csmaconser\" \/>\n<meta name=\"twitter:label1\" content=\"Written by\" \/>\n\t<meta name=\"twitter:data1\" content=\"TICS CSMA\" \/>\n\t<meta name=\"twitter:label2\" content=\"Est. reading time\" \/>\n\t<meta name=\"twitter:data2\" content=\"3 minutes\" \/>\n<script type=\"application\/ld+json\" class=\"yoast-schema-graph\">{\"@context\":\"https:\\\/\\\/schema.org\",\"@graph\":[{\"@type\":\"Article\",\"@id\":\"https:\\\/\\\/csma.es\\\/actualidad\\\/magistral-oboe-anchel-11-12-03\\\/#article\",\"isPartOf\":{\"@id\":\"https:\\\/\\\/csma.es\\\/actualidad\\\/magistral-oboe-anchel-11-12-03\\\/\"},\"author\":{\"name\":\"TICS CSMA\",\"@id\":\"https:\\\/\\\/csma.es\\\/#\\\/schema\\\/person\\\/dd9e345cd1ec5925a5e8927a0cb3fc69\"},\"headline\":\"Magistral Oboe, Anchel, 11-12\\\/03\",\"datePublished\":\"2022-03-06T07:12:51+00:00\",\"mainEntityOfPage\":{\"@id\":\"https:\\\/\\\/csma.es\\\/actualidad\\\/magistral-oboe-anchel-11-12-03\\\/\"},\"wordCount\":559,\"commentCount\":0,\"publisher\":{\"@id\":\"https:\\\/\\\/csma.es\\\/#organization\"},\"image\":{\"@id\":\"https:\\\/\\\/csma.es\\\/actualidad\\\/magistral-oboe-anchel-11-12-03\\\/#primaryimage\"},\"thumbnailUrl\":\"https:\\\/\\\/csma.es\\\/wp-content\\\/uploads\\\/2022\\\/02\\\/Victor-Foto-March.png\",\"articleSection\":[\"Noticias\"],\"inLanguage\":\"en-US\",\"potentialAction\":[{\"@type\":\"CommentAction\",\"name\":\"Comment\",\"target\":[\"https:\\\/\\\/csma.es\\\/actualidad\\\/magistral-oboe-anchel-11-12-03\\\/#respond\"]}]},{\"@type\":\"WebPage\",\"@id\":\"https:\\\/\\\/csma.es\\\/actualidad\\\/magistral-oboe-anchel-11-12-03\\\/\",\"url\":\"https:\\\/\\\/csma.es\\\/actualidad\\\/magistral-oboe-anchel-11-12-03\\\/\",\"name\":\"Magistral Oboe, Anchel, 11-12\\\/03 - CSMA\",\"isPartOf\":{\"@id\":\"https:\\\/\\\/csma.es\\\/#website\"},\"primaryImageOfPage\":{\"@id\":\"https:\\\/\\\/csma.es\\\/actualidad\\\/magistral-oboe-anchel-11-12-03\\\/#primaryimage\"},\"image\":{\"@id\":\"https:\\\/\\\/csma.es\\\/actualidad\\\/magistral-oboe-anchel-11-12-03\\\/#primaryimage\"},\"thumbnailUrl\":\"https:\\\/\\\/csma.es\\\/wp-content\\\/uploads\\\/2022\\\/02\\\/Victor-Foto-March.png\",\"datePublished\":\"2022-03-06T07:12:51+00:00\",\"breadcrumb\":{\"@id\":\"https:\\\/\\\/csma.es\\\/actualidad\\\/magistral-oboe-anchel-11-12-03\\\/#breadcrumb\"},\"inLanguage\":\"en-US\",\"potentialAction\":[{\"@type\":\"ReadAction\",\"target\":[\"https:\\\/\\\/csma.es\\\/actualidad\\\/magistral-oboe-anchel-11-12-03\\\/\"]}]},{\"@type\":\"ImageObject\",\"inLanguage\":\"en-US\",\"@id\":\"https:\\\/\\\/csma.es\\\/actualidad\\\/magistral-oboe-anchel-11-12-03\\\/#primaryimage\",\"url\":\"https:\\\/\\\/csma.es\\\/wp-content\\\/uploads\\\/2022\\\/02\\\/Victor-Foto-March.png\",\"contentUrl\":\"https:\\\/\\\/csma.es\\\/wp-content\\\/uploads\\\/2022\\\/02\\\/Victor-Foto-March.png\",\"width\":371,\"height\":516},{\"@type\":\"BreadcrumbList\",\"@id\":\"https:\\\/\\\/csma.es\\\/actualidad\\\/magistral-oboe-anchel-11-12-03\\\/#breadcrumb\",\"itemListElement\":[{\"@type\":\"ListItem\",\"position\":1,\"name\":\"Portada\",\"item\":\"https:\\\/\\\/csma.es\\\/en\\\/\"},{\"@type\":\"ListItem\",\"position\":2,\"name\":\"Magistral Oboe, Anchel, 11-12\\\/03\"}]},{\"@type\":\"WebSite\",\"@id\":\"https:\\\/\\\/csma.es\\\/#website\",\"url\":\"https:\\\/\\\/csma.es\\\/\",\"name\":\"CSMA\",\"description\":\"Conservatorio Superior de M\u00fasica de Arag\u00f3n\",\"publisher\":{\"@id\":\"https:\\\/\\\/csma.es\\\/#organization\"},\"potentialAction\":[{\"@type\":\"SearchAction\",\"target\":{\"@type\":\"EntryPoint\",\"urlTemplate\":\"https:\\\/\\\/csma.es\\\/?s={search_term_string}\"},\"query-input\":{\"@type\":\"PropertyValueSpecification\",\"valueRequired\":true,\"valueName\":\"search_term_string\"}}],\"inLanguage\":\"en-US\"},{\"@type\":\"Organization\",\"@id\":\"https:\\\/\\\/csma.es\\\/#organization\",\"name\":\"Conservatorio Superior de M\u00fasica de Arag\u00f3n\",\"url\":\"https:\\\/\\\/csma.es\\\/\",\"logo\":{\"@type\":\"ImageObject\",\"inLanguage\":\"en-US\",\"@id\":\"https:\\\/\\\/csma.es\\\/#\\\/schema\\\/logo\\\/image\\\/\",\"url\":\"https:\\\/\\\/csma.es\\\/wp-content\\\/uploads\\\/2025\\\/04\\\/cropped-logo-csma-40anos-vertical-sintexto-positivo.png\",\"contentUrl\":\"https:\\\/\\\/csma.es\\\/wp-content\\\/uploads\\\/2025\\\/04\\\/cropped-logo-csma-40anos-vertical-sintexto-positivo.png\",\"width\":512,\"height\":512,\"caption\":\"Conservatorio Superior de M\u00fasica de Arag\u00f3n\"},\"image\":{\"@id\":\"https:\\\/\\\/csma.es\\\/#\\\/schema\\\/logo\\\/image\\\/\"},\"sameAs\":[\"https:\\\/\\\/www.facebook.com\\\/CSMAragon\\\/\",\"https:\\\/\\\/x.com\\\/csmaconser\",\"https:\\\/\\\/www.instagram.com\\\/csmaragon\\\/\",\"https:\\\/\\\/www.youtube.com\\\/channel\\\/UCcsLLtgZJUhz11-3Aj1sv3w\"]},{\"@type\":\"Person\",\"@id\":\"https:\\\/\\\/csma.es\\\/#\\\/schema\\\/person\\\/dd9e345cd1ec5925a5e8927a0cb3fc69\",\"name\":\"TICS CSMA\"}]}<\/script>\n<!-- \/ Yoast SEO plugin. -->","yoast_head_json":{"title":"Magistral Oboe, Anchel, 11-12\/03 - CSMA","robots":{"index":"index","follow":"follow","max-snippet":"max-snippet:-1","max-image-preview":"max-image-preview:large","max-video-preview":"max-video-preview:-1"},"canonical":"https:\/\/csma.es\/actualidad\/magistral-oboe-anchel-11-12-03\/","og_locale":"en_US","og_type":"article","og_title":"Magistral Oboe, Anchel, 11-12\/03 - CSMA","og_description":"Los pr\u00f3ximos d\u00edas 11 y 12 de marzo de 2022, el CSMA acoger\u00e1 unas Clases Magistrales de Oboe a cargo de V\u00edctor Manuel Anchel. Se...","og_url":"https:\/\/csma.es\/actualidad\/magistral-oboe-anchel-11-12-03\/","og_site_name":"CSMA","article_publisher":"https:\/\/www.facebook.com\/CSMAragon\/","article_published_time":"2022-03-06T07:12:51+00:00","og_image":[{"width":371,"height":516,"url":"https:\/\/csma.es\/wp-content\/uploads\/2022\/02\/Victor-Foto-March.png","type":"image\/png"}],"author":"TICS CSMA","twitter_card":"summary_large_image","twitter_creator":"@csmaconser","twitter_site":"@csmaconser","twitter_misc":{"Written by":"TICS CSMA","Est. reading time":"3 minutes"},"schema":{"@context":"https:\/\/schema.org","@graph":[{"@type":"Article","@id":"https:\/\/csma.es\/actualidad\/magistral-oboe-anchel-11-12-03\/#article","isPartOf":{"@id":"https:\/\/csma.es\/actualidad\/magistral-oboe-anchel-11-12-03\/"},"author":{"name":"TICS CSMA","@id":"https:\/\/csma.es\/#\/schema\/person\/dd9e345cd1ec5925a5e8927a0cb3fc69"},"headline":"Magistral Oboe, Anchel, 11-12\/03","datePublished":"2022-03-06T07:12:51+00:00","mainEntityOfPage":{"@id":"https:\/\/csma.es\/actualidad\/magistral-oboe-anchel-11-12-03\/"},"wordCount":559,"commentCount":0,"publisher":{"@id":"https:\/\/csma.es\/#organization"},"image":{"@id":"https:\/\/csma.es\/actualidad\/magistral-oboe-anchel-11-12-03\/#primaryimage"},"thumbnailUrl":"https:\/\/csma.es\/wp-content\/uploads\/2022\/02\/Victor-Foto-March.png","articleSection":["Noticias"],"inLanguage":"en-US","potentialAction":[{"@type":"CommentAction","name":"Comment","target":["https:\/\/csma.es\/actualidad\/magistral-oboe-anchel-11-12-03\/#respond"]}]},{"@type":"WebPage","@id":"https:\/\/csma.es\/actualidad\/magistral-oboe-anchel-11-12-03\/","url":"https:\/\/csma.es\/actualidad\/magistral-oboe-anchel-11-12-03\/","name":"Magistral Oboe, Anchel, 11-12\/03 - CSMA","isPartOf":{"@id":"https:\/\/csma.es\/#website"},"primaryImageOfPage":{"@id":"https:\/\/csma.es\/actualidad\/magistral-oboe-anchel-11-12-03\/#primaryimage"},"image":{"@id":"https:\/\/csma.es\/actualidad\/magistral-oboe-anchel-11-12-03\/#primaryimage"},"thumbnailUrl":"https:\/\/csma.es\/wp-content\/uploads\/2022\/02\/Victor-Foto-March.png","datePublished":"2022-03-06T07:12:51+00:00","breadcrumb":{"@id":"https:\/\/csma.es\/actualidad\/magistral-oboe-anchel-11-12-03\/#breadcrumb"},"inLanguage":"en-US","potentialAction":[{"@type":"ReadAction","target":["https:\/\/csma.es\/actualidad\/magistral-oboe-anchel-11-12-03\/"]}]},{"@type":"ImageObject","inLanguage":"en-US","@id":"https:\/\/csma.es\/actualidad\/magistral-oboe-anchel-11-12-03\/#primaryimage","url":"https:\/\/csma.es\/wp-content\/uploads\/2022\/02\/Victor-Foto-March.png","contentUrl":"https:\/\/csma.es\/wp-content\/uploads\/2022\/02\/Victor-Foto-March.png","width":371,"height":516},{"@type":"BreadcrumbList","@id":"https:\/\/csma.es\/actualidad\/magistral-oboe-anchel-11-12-03\/#breadcrumb","itemListElement":[{"@type":"ListItem","position":1,"name":"Portada","item":"https:\/\/csma.es\/en\/"},{"@type":"ListItem","position":2,"name":"Magistral Oboe, Anchel, 11-12\/03"}]},{"@type":"WebSite","@id":"https:\/\/csma.es\/#website","url":"https:\/\/csma.es\/","name":"CSMA","description":"Conservatorio Superior de M\u00fasica de Arag\u00f3n","publisher":{"@id":"https:\/\/csma.es\/#organization"},"potentialAction":[{"@type":"SearchAction","target":{"@type":"EntryPoint","urlTemplate":"https:\/\/csma.es\/?s={search_term_string}"},"query-input":{"@type":"PropertyValueSpecification","valueRequired":true,"valueName":"search_term_string"}}],"inLanguage":"en-US"},{"@type":"Organization","@id":"https:\/\/csma.es\/#organization","name":"Conservatorio Superior de M\u00fasica de Arag\u00f3n","url":"https:\/\/csma.es\/","logo":{"@type":"ImageObject","inLanguage":"en-US","@id":"https:\/\/csma.es\/#\/schema\/logo\/image\/","url":"https:\/\/csma.es\/wp-content\/uploads\/2025\/04\/cropped-logo-csma-40anos-vertical-sintexto-positivo.png","contentUrl":"https:\/\/csma.es\/wp-content\/uploads\/2025\/04\/cropped-logo-csma-40anos-vertical-sintexto-positivo.png","width":512,"height":512,"caption":"Conservatorio Superior de M\u00fasica de Arag\u00f3n"},"image":{"@id":"https:\/\/csma.es\/#\/schema\/logo\/image\/"},"sameAs":["https:\/\/www.facebook.com\/CSMAragon\/","https:\/\/x.com\/csmaconser","https:\/\/www.instagram.com\/csmaragon\/","https:\/\/www.youtube.com\/channel\/UCcsLLtgZJUhz11-3Aj1sv3w"]},{"@type":"Person","@id":"https:\/\/csma.es\/#\/schema\/person\/dd9e345cd1ec5925a5e8927a0cb3fc69","name":"TICS CSMA"}]}},"publishpress_future_action":{"enabled":false,"date":"2026-05-09 04:58:49","action":"change-status","newStatus":"draft","terms":[],"taxonomy":"category","extraData":[]},"publishpress_future_workflow_manual_trigger":{"enabledWorkflows":[]},"_links":{"self":[{"href":"https:\/\/csma.es\/en\/wp-json\/wp\/v2\/posts\/22220","targetHints":{"allow":["GET"]}}],"collection":[{"href":"https:\/\/csma.es\/en\/wp-json\/wp\/v2\/posts"}],"about":[{"href":"https:\/\/csma.es\/en\/wp-json\/wp\/v2\/types\/post"}],"author":[{"embeddable":true,"href":"https:\/\/csma.es\/en\/wp-json\/wp\/v2\/users\/3"}],"replies":[{"embeddable":true,"href":"https:\/\/csma.es\/en\/wp-json\/wp\/v2\/comments?post=22220"}],"version-history":[{"count":0,"href":"https:\/\/csma.es\/en\/wp-json\/wp\/v2\/posts\/22220\/revisions"}],"wp:featuredmedia":[{"embeddable":true,"href":"https:\/\/csma.es\/en\/wp-json\/wp\/v2\/media\/22221"}],"wp:attachment":[{"href":"https:\/\/csma.es\/en\/wp-json\/wp\/v2\/media?parent=22220"}],"wp:term":[{"taxonomy":"category","embeddable":true,"href":"https:\/\/csma.es\/en\/wp-json\/wp\/v2\/categories?post=22220"},{"taxonomy":"post_tag","embeddable":true,"href":"https:\/\/csma.es\/en\/wp-json\/wp\/v2\/tags?post=22220"}],"curies":[{"name":"wp","href":"https:\/\/api.w.org\/{rel}","templated":true}]}}