{"id":22122,"date":"2022-01-20T11:11:26","date_gmt":"2022-01-20T10:11:26","guid":{"rendered":"https:\/\/csma.es\/?p=22122"},"modified":"2022-01-20T11:11:26","modified_gmt":"2022-01-20T10:11:26","slug":"i-concurso-de-musica-de-camara-del-conservatorio-superior-de-musica-de-aragon","status":"publish","type":"post","link":"https:\/\/csma.es\/en\/noticias\/i-concurso-de-musica-de-camara-del-conservatorio-superior-de-musica-de-aragon\/","title":{"rendered":"I Concurso de M\u00fasica de C\u00e1mara del Conservatorio Superior de M\u00fasica de Arag\u00f3n"},"content":{"rendered":"<p style=\"text-align: center;\"><span style=\"font-size: 14pt;\"><strong>I Concurso de M\u00fasica de C\u00e1mara del Conservatorio Superior de M\u00fasica de Arag\u00f3n<\/strong><\/span><\/p>\n<p style=\"text-align: center;\"><span style=\"font-size: 10pt;\"><em>Colaboran<\/em>: CSMA, Gobierno de Arag\u00f3n, Auditorio Palacio de Congresos de Zaragoza<\/span><\/p>\n<p style=\"text-align: center;\"><strong>*\u00a0 \u00a0*\u00a0 \u00a0*\u00a0 \u00a0*\u00a0 \u00a0*<\/strong><\/p>\n<p style=\"text-align: justify;\"><span style=\"text-align: center;\">El CSMA quiere convocar el\u00a0<\/span><em style=\"text-align: center;\"><strong>Primer Concurso de M\u00fasica de C\u00e1mara<\/strong><\/em><span style=\"text-align: center;\">\u00a0con el fin de motivar y potenciar el curr\u00edculum y la actividad de conciertos de nuestros alumnos.<\/span><\/p>\n<p style=\"text-align: justify;\">\n<strong>1. Participantes<\/strong><\/p>\n<p style=\"text-align: justify;\">Podr\u00e1n participar todas las agrupaciones de m\u00fasica de c\u00e1mara que lo deseen, siempre que todos sus miembros -en la actualidad- est\u00e9n cursando estudios musicales en el <em>Conservatorio Superior de M\u00fasica de Arag\u00f3n<\/em>. Los grupos deber\u00e1n tener un m\u00ednimo de dos componentes, y los participantes podr\u00e1n concursar en m\u00e1s de una agrupaci\u00f3n.<\/p>\n<p style=\"text-align: justify;\">\n<strong>2. Desarrollo del concurso<\/strong><\/p>\n<p style=\"text-align: justify;\">El concurso se desarrollar\u00e1 en dos fases:<br \/>\nLa <strong>primera fase<\/strong> consistir\u00e1 en la grabaci\u00f3n de un movimiento de una obra de unos 10 minutos de duraci\u00f3n. Solo se aceptar\u00e1n obras que sean de repertorio original para la agrupaci\u00f3n a la que se concursa. En el caso de que el movimiento sea de corta duraci\u00f3n, se permitir\u00e1 interpretar m\u00e1s de un movimiento, siempre que la duraci\u00f3n total del v\u00eddeo sea la requerida anteriormente. La obra que se interprete a lo largo de todo el concurso ser\u00e1 la misma y, si el grupo fuera seleccionado, ser\u00e1 la que interpretar\u00e1n en los conciertos previstos. Se seleccionar\u00e1n un total de entre 6 y 8 grupos para la segunda fase.<br \/>\nLa <strong>segunda fase<\/strong> se realizar\u00e1 de manera presencial y tendr\u00e1 lugar el jueves 7 de abril a partir de las 9 de la ma\u00f1ana. El orden de actuaci\u00f3n se determinar\u00e1 por sorteo y se har\u00e1 p\u00fablico unos d\u00edas antes de la prueba a trav\u00e9s de la p\u00e1gina web del centro.<br \/>\nLos participantes interpretar\u00e1n la obra completa del movimiento interpretado en la primera fase. Cada agrupaci\u00f3n tendr\u00e1 que proporcionar al jurado tres copias de la obra a interpretar.<br \/>\nSiempre que la situaci\u00f3n sanitaria lo permita, las actuaciones estar\u00e1n abiertas al p\u00fablico.<\/p>\n<p style=\"text-align: justify;\">\n<strong>3. Inscripci\u00f3n<\/strong><br \/>\nPara la primera ronda se presentar\u00e1n enviando un correo electr\u00f3nico a <strong>jefatura.comunicacion@csma.es<\/strong> especificando en el asunto \u201cInscripci\u00f3n Concurso de M\u00fasica de C\u00e1mara CSMA\u201d, en este correo se adjuntar\u00e1n tres documentos:<br \/>\n-Un enlace youtube con la grabaci\u00f3n de dicho movimiento.<br \/>\n-El pdf de la partitura de dicha obra.<br \/>\n-Un documento con los nombres, apellidos, instrumento y curso de cada integrante. Tambi\u00e9n el nombre del grupo si lo tuviese.<br \/>\n<strong>La fecha l\u00edmite para enviar este correo electr\u00f3nico ser\u00e1 el lunes, 14 de marzo de 2022 a las 23.59h<\/strong>.<\/p>\n<p style=\"text-align: justify;\">\n<strong>4. Premios<\/strong><\/p>\n<p style=\"text-align: justify;\">Los ganadores del concurso (tres o cuatro grupos) participar\u00e1n en un concierto en el <em>Auditorio de Zaragoza<\/em>, sala Galve, el pr\u00f3ximo 12 de mayo de 2022, as\u00ed como en diferentes conciertos fuera del CSMA que se ir\u00e1n notificando durante los pr\u00f3ximos meses.<\/p>\n<p style=\"text-align: justify;\">\n<strong>5. Jurado<\/strong><br \/>\nEl Jurado estar\u00e1 compuesto por, al menos, 5 miembros, y uno de ellos ser\u00e1 externo al centro. Ser\u00e1 el mismo para las dos fases, y su composici\u00f3n se har\u00e1 p\u00fablica en la web del centro junto con el orden de actuaci\u00f3n de los grupos admitidos a la segunda fase. El fallo del jurado se har\u00e1 p\u00fablico a los pocos d\u00edas del cierre de la primera fase y, en la segunda fase, a la finalizaci\u00f3n de la prueba.<\/p>\n","protected":false},"excerpt":{"rendered":"<p>I Concurso de M\u00fasica de C\u00e1mara del Conservatorio Superior de M\u00fasica de Arag\u00f3n Colaboran: CSMA, Gobierno de Arag\u00f3n, Auditorio Palacio de Congresos de Zaragoza *\u00a0&#8230;<\/p>\n","protected":false},"author":3,"featured_media":15898,"comment_status":"open","ping_status":"open","sticky":false,"template":"","format":"standard","meta":{"footnotes":""},"categories":[368],"tags":[],"class_list":["post-22122","post","type-post","status-publish","format-standard","has-post-thumbnail","hentry","category-noticias"],"yoast_head":"<!-- This site is optimized with the Yoast SEO plugin v27.5 - https:\/\/yoast.com\/product\/yoast-seo-wordpress\/ -->\n<title>I Concurso de M\u00fasica de C\u00e1mara del Conservatorio Superior de M\u00fasica de Arag\u00f3n - CSMA<\/title>\n<meta name=\"robots\" content=\"index, follow, max-snippet:-1, max-image-preview:large, max-video-preview:-1\" \/>\n<link rel=\"canonical\" href=\"https:\/\/csma.es\/actualidad\/i-concurso-de-musica-de-camara-del-conservatorio-superior-de-musica-de-aragon\/\" \/>\n<meta property=\"og:locale\" content=\"en_US\" \/>\n<meta property=\"og:type\" content=\"article\" \/>\n<meta property=\"og:title\" content=\"I Concurso de M\u00fasica de C\u00e1mara del Conservatorio Superior de M\u00fasica de Arag\u00f3n - CSMA\" \/>\n<meta property=\"og:description\" content=\"I Concurso de M\u00fasica de C\u00e1mara del Conservatorio Superior de M\u00fasica de Arag\u00f3n Colaboran: CSMA, Gobierno de Arag\u00f3n, Auditorio Palacio de Congresos de Zaragoza *\u00a0...\" \/>\n<meta property=\"og:url\" content=\"https:\/\/csma.es\/actualidad\/i-concurso-de-musica-de-camara-del-conservatorio-superior-de-musica-de-aragon\/\" \/>\n<meta property=\"og:site_name\" content=\"CSMA\" \/>\n<meta property=\"article:publisher\" content=\"https:\/\/www.facebook.com\/CSMAragon\/\" \/>\n<meta property=\"article:published_time\" content=\"2022-01-20T10:11:26+00:00\" \/>\n<meta property=\"og:image\" content=\"https:\/\/csma.es\/wp-content\/uploads\/2018\/05\/HEADERCONCIERTOS.jpg\" \/>\n\t<meta property=\"og:image:width\" content=\"1920\" \/>\n\t<meta property=\"og:image:height\" content=\"500\" \/>\n\t<meta property=\"og:image:type\" content=\"image\/jpeg\" \/>\n<meta name=\"author\" content=\"TICS CSMA\" \/>\n<meta name=\"twitter:card\" content=\"summary_large_image\" \/>\n<meta name=\"twitter:creator\" content=\"@csmaconser\" \/>\n<meta name=\"twitter:site\" content=\"@csmaconser\" \/>\n<meta name=\"twitter:label1\" content=\"Written by\" \/>\n\t<meta name=\"twitter:data1\" content=\"TICS CSMA\" \/>\n\t<meta name=\"twitter:label2\" content=\"Est. reading time\" \/>\n\t<meta name=\"twitter:data2\" content=\"3 minutes\" \/>\n<script type=\"application\/ld+json\" class=\"yoast-schema-graph\">{\"@context\":\"https:\\\/\\\/schema.org\",\"@graph\":[{\"@type\":\"Article\",\"@id\":\"https:\\\/\\\/csma.es\\\/actualidad\\\/i-concurso-de-musica-de-camara-del-conservatorio-superior-de-musica-de-aragon\\\/#article\",\"isPartOf\":{\"@id\":\"https:\\\/\\\/csma.es\\\/actualidad\\\/i-concurso-de-musica-de-camara-del-conservatorio-superior-de-musica-de-aragon\\\/\"},\"author\":{\"name\":\"TICS CSMA\",\"@id\":\"https:\\\/\\\/csma.es\\\/#\\\/schema\\\/person\\\/dd9e345cd1ec5925a5e8927a0cb3fc69\"},\"headline\":\"I Concurso de M\u00fasica de C\u00e1mara del Conservatorio Superior de M\u00fasica de Arag\u00f3n\",\"datePublished\":\"2022-01-20T10:11:26+00:00\",\"mainEntityOfPage\":{\"@id\":\"https:\\\/\\\/csma.es\\\/actualidad\\\/i-concurso-de-musica-de-camara-del-conservatorio-superior-de-musica-de-aragon\\\/\"},\"wordCount\":591,\"commentCount\":0,\"publisher\":{\"@id\":\"https:\\\/\\\/csma.es\\\/#organization\"},\"image\":{\"@id\":\"https:\\\/\\\/csma.es\\\/actualidad\\\/i-concurso-de-musica-de-camara-del-conservatorio-superior-de-musica-de-aragon\\\/#primaryimage\"},\"thumbnailUrl\":\"https:\\\/\\\/csma.es\\\/wp-content\\\/uploads\\\/2018\\\/05\\\/HEADERCONCIERTOS.jpg\",\"articleSection\":[\"Noticias\"],\"inLanguage\":\"en-US\",\"potentialAction\":[{\"@type\":\"CommentAction\",\"name\":\"Comment\",\"target\":[\"https:\\\/\\\/csma.es\\\/actualidad\\\/i-concurso-de-musica-de-camara-del-conservatorio-superior-de-musica-de-aragon\\\/#respond\"]}]},{\"@type\":\"WebPage\",\"@id\":\"https:\\\/\\\/csma.es\\\/actualidad\\\/i-concurso-de-musica-de-camara-del-conservatorio-superior-de-musica-de-aragon\\\/\",\"url\":\"https:\\\/\\\/csma.es\\\/actualidad\\\/i-concurso-de-musica-de-camara-del-conservatorio-superior-de-musica-de-aragon\\\/\",\"name\":\"I Concurso de M\u00fasica de C\u00e1mara del Conservatorio Superior de M\u00fasica de Arag\u00f3n - CSMA\",\"isPartOf\":{\"@id\":\"https:\\\/\\\/csma.es\\\/#website\"},\"primaryImageOfPage\":{\"@id\":\"https:\\\/\\\/csma.es\\\/actualidad\\\/i-concurso-de-musica-de-camara-del-conservatorio-superior-de-musica-de-aragon\\\/#primaryimage\"},\"image\":{\"@id\":\"https:\\\/\\\/csma.es\\\/actualidad\\\/i-concurso-de-musica-de-camara-del-conservatorio-superior-de-musica-de-aragon\\\/#primaryimage\"},\"thumbnailUrl\":\"https:\\\/\\\/csma.es\\\/wp-content\\\/uploads\\\/2018\\\/05\\\/HEADERCONCIERTOS.jpg\",\"datePublished\":\"2022-01-20T10:11:26+00:00\",\"breadcrumb\":{\"@id\":\"https:\\\/\\\/csma.es\\\/actualidad\\\/i-concurso-de-musica-de-camara-del-conservatorio-superior-de-musica-de-aragon\\\/#breadcrumb\"},\"inLanguage\":\"en-US\",\"potentialAction\":[{\"@type\":\"ReadAction\",\"target\":[\"https:\\\/\\\/csma.es\\\/actualidad\\\/i-concurso-de-musica-de-camara-del-conservatorio-superior-de-musica-de-aragon\\\/\"]}]},{\"@type\":\"ImageObject\",\"inLanguage\":\"en-US\",\"@id\":\"https:\\\/\\\/csma.es\\\/actualidad\\\/i-concurso-de-musica-de-camara-del-conservatorio-superior-de-musica-de-aragon\\\/#primaryimage\",\"url\":\"https:\\\/\\\/csma.es\\\/wp-content\\\/uploads\\\/2018\\\/05\\\/HEADERCONCIERTOS.jpg\",\"contentUrl\":\"https:\\\/\\\/csma.es\\\/wp-content\\\/uploads\\\/2018\\\/05\\\/HEADERCONCIERTOS.jpg\",\"width\":1920,\"height\":500},{\"@type\":\"BreadcrumbList\",\"@id\":\"https:\\\/\\\/csma.es\\\/actualidad\\\/i-concurso-de-musica-de-camara-del-conservatorio-superior-de-musica-de-aragon\\\/#breadcrumb\",\"itemListElement\":[{\"@type\":\"ListItem\",\"position\":1,\"name\":\"Portada\",\"item\":\"https:\\\/\\\/csma.es\\\/en\\\/\"},{\"@type\":\"ListItem\",\"position\":2,\"name\":\"I Concurso de M\u00fasica de C\u00e1mara del Conservatorio Superior de M\u00fasica de Arag\u00f3n\"}]},{\"@type\":\"WebSite\",\"@id\":\"https:\\\/\\\/csma.es\\\/#website\",\"url\":\"https:\\\/\\\/csma.es\\\/\",\"name\":\"CSMA\",\"description\":\"Conservatorio Superior de M\u00fasica de Arag\u00f3n\",\"publisher\":{\"@id\":\"https:\\\/\\\/csma.es\\\/#organization\"},\"potentialAction\":[{\"@type\":\"SearchAction\",\"target\":{\"@type\":\"EntryPoint\",\"urlTemplate\":\"https:\\\/\\\/csma.es\\\/?s={search_term_string}\"},\"query-input\":{\"@type\":\"PropertyValueSpecification\",\"valueRequired\":true,\"valueName\":\"search_term_string\"}}],\"inLanguage\":\"en-US\"},{\"@type\":\"Organization\",\"@id\":\"https:\\\/\\\/csma.es\\\/#organization\",\"name\":\"Conservatorio Superior de M\u00fasica de Arag\u00f3n\",\"url\":\"https:\\\/\\\/csma.es\\\/\",\"logo\":{\"@type\":\"ImageObject\",\"inLanguage\":\"en-US\",\"@id\":\"https:\\\/\\\/csma.es\\\/#\\\/schema\\\/logo\\\/image\\\/\",\"url\":\"https:\\\/\\\/csma.es\\\/wp-content\\\/uploads\\\/2025\\\/04\\\/cropped-logo-csma-40anos-vertical-sintexto-positivo.png\",\"contentUrl\":\"https:\\\/\\\/csma.es\\\/wp-content\\\/uploads\\\/2025\\\/04\\\/cropped-logo-csma-40anos-vertical-sintexto-positivo.png\",\"width\":512,\"height\":512,\"caption\":\"Conservatorio Superior de M\u00fasica de Arag\u00f3n\"},\"image\":{\"@id\":\"https:\\\/\\\/csma.es\\\/#\\\/schema\\\/logo\\\/image\\\/\"},\"sameAs\":[\"https:\\\/\\\/www.facebook.com\\\/CSMAragon\\\/\",\"https:\\\/\\\/x.com\\\/csmaconser\",\"https:\\\/\\\/www.instagram.com\\\/csmaragon\\\/\",\"https:\\\/\\\/www.youtube.com\\\/channel\\\/UCcsLLtgZJUhz11-3Aj1sv3w\"]},{\"@type\":\"Person\",\"@id\":\"https:\\\/\\\/csma.es\\\/#\\\/schema\\\/person\\\/dd9e345cd1ec5925a5e8927a0cb3fc69\",\"name\":\"TICS CSMA\"}]}<\/script>\n<!-- \/ Yoast SEO plugin. -->","yoast_head_json":{"title":"I Concurso de M\u00fasica de C\u00e1mara del Conservatorio Superior de M\u00fasica de Arag\u00f3n - CSMA","robots":{"index":"index","follow":"follow","max-snippet":"max-snippet:-1","max-image-preview":"max-image-preview:large","max-video-preview":"max-video-preview:-1"},"canonical":"https:\/\/csma.es\/actualidad\/i-concurso-de-musica-de-camara-del-conservatorio-superior-de-musica-de-aragon\/","og_locale":"en_US","og_type":"article","og_title":"I Concurso de M\u00fasica de C\u00e1mara del Conservatorio Superior de M\u00fasica de Arag\u00f3n - CSMA","og_description":"I Concurso de M\u00fasica de C\u00e1mara del Conservatorio Superior de M\u00fasica de Arag\u00f3n Colaboran: CSMA, Gobierno de Arag\u00f3n, Auditorio Palacio de Congresos de Zaragoza *\u00a0...","og_url":"https:\/\/csma.es\/actualidad\/i-concurso-de-musica-de-camara-del-conservatorio-superior-de-musica-de-aragon\/","og_site_name":"CSMA","article_publisher":"https:\/\/www.facebook.com\/CSMAragon\/","article_published_time":"2022-01-20T10:11:26+00:00","og_image":[{"width":1920,"height":500,"url":"https:\/\/csma.es\/wp-content\/uploads\/2018\/05\/HEADERCONCIERTOS.jpg","type":"image\/jpeg"}],"author":"TICS CSMA","twitter_card":"summary_large_image","twitter_creator":"@csmaconser","twitter_site":"@csmaconser","twitter_misc":{"Written by":"TICS CSMA","Est. reading time":"3 minutes"},"schema":{"@context":"https:\/\/schema.org","@graph":[{"@type":"Article","@id":"https:\/\/csma.es\/actualidad\/i-concurso-de-musica-de-camara-del-conservatorio-superior-de-musica-de-aragon\/#article","isPartOf":{"@id":"https:\/\/csma.es\/actualidad\/i-concurso-de-musica-de-camara-del-conservatorio-superior-de-musica-de-aragon\/"},"author":{"name":"TICS CSMA","@id":"https:\/\/csma.es\/#\/schema\/person\/dd9e345cd1ec5925a5e8927a0cb3fc69"},"headline":"I Concurso de M\u00fasica de C\u00e1mara del Conservatorio Superior de M\u00fasica de Arag\u00f3n","datePublished":"2022-01-20T10:11:26+00:00","mainEntityOfPage":{"@id":"https:\/\/csma.es\/actualidad\/i-concurso-de-musica-de-camara-del-conservatorio-superior-de-musica-de-aragon\/"},"wordCount":591,"commentCount":0,"publisher":{"@id":"https:\/\/csma.es\/#organization"},"image":{"@id":"https:\/\/csma.es\/actualidad\/i-concurso-de-musica-de-camara-del-conservatorio-superior-de-musica-de-aragon\/#primaryimage"},"thumbnailUrl":"https:\/\/csma.es\/wp-content\/uploads\/2018\/05\/HEADERCONCIERTOS.jpg","articleSection":["Noticias"],"inLanguage":"en-US","potentialAction":[{"@type":"CommentAction","name":"Comment","target":["https:\/\/csma.es\/actualidad\/i-concurso-de-musica-de-camara-del-conservatorio-superior-de-musica-de-aragon\/#respond"]}]},{"@type":"WebPage","@id":"https:\/\/csma.es\/actualidad\/i-concurso-de-musica-de-camara-del-conservatorio-superior-de-musica-de-aragon\/","url":"https:\/\/csma.es\/actualidad\/i-concurso-de-musica-de-camara-del-conservatorio-superior-de-musica-de-aragon\/","name":"I Concurso de M\u00fasica de C\u00e1mara del Conservatorio Superior de M\u00fasica de Arag\u00f3n - CSMA","isPartOf":{"@id":"https:\/\/csma.es\/#website"},"primaryImageOfPage":{"@id":"https:\/\/csma.es\/actualidad\/i-concurso-de-musica-de-camara-del-conservatorio-superior-de-musica-de-aragon\/#primaryimage"},"image":{"@id":"https:\/\/csma.es\/actualidad\/i-concurso-de-musica-de-camara-del-conservatorio-superior-de-musica-de-aragon\/#primaryimage"},"thumbnailUrl":"https:\/\/csma.es\/wp-content\/uploads\/2018\/05\/HEADERCONCIERTOS.jpg","datePublished":"2022-01-20T10:11:26+00:00","breadcrumb":{"@id":"https:\/\/csma.es\/actualidad\/i-concurso-de-musica-de-camara-del-conservatorio-superior-de-musica-de-aragon\/#breadcrumb"},"inLanguage":"en-US","potentialAction":[{"@type":"ReadAction","target":["https:\/\/csma.es\/actualidad\/i-concurso-de-musica-de-camara-del-conservatorio-superior-de-musica-de-aragon\/"]}]},{"@type":"ImageObject","inLanguage":"en-US","@id":"https:\/\/csma.es\/actualidad\/i-concurso-de-musica-de-camara-del-conservatorio-superior-de-musica-de-aragon\/#primaryimage","url":"https:\/\/csma.es\/wp-content\/uploads\/2018\/05\/HEADERCONCIERTOS.jpg","contentUrl":"https:\/\/csma.es\/wp-content\/uploads\/2018\/05\/HEADERCONCIERTOS.jpg","width":1920,"height":500},{"@type":"BreadcrumbList","@id":"https:\/\/csma.es\/actualidad\/i-concurso-de-musica-de-camara-del-conservatorio-superior-de-musica-de-aragon\/#breadcrumb","itemListElement":[{"@type":"ListItem","position":1,"name":"Portada","item":"https:\/\/csma.es\/en\/"},{"@type":"ListItem","position":2,"name":"I Concurso de M\u00fasica de C\u00e1mara del Conservatorio Superior de M\u00fasica de Arag\u00f3n"}]},{"@type":"WebSite","@id":"https:\/\/csma.es\/#website","url":"https:\/\/csma.es\/","name":"CSMA","description":"Conservatorio Superior de M\u00fasica de Arag\u00f3n","publisher":{"@id":"https:\/\/csma.es\/#organization"},"potentialAction":[{"@type":"SearchAction","target":{"@type":"EntryPoint","urlTemplate":"https:\/\/csma.es\/?s={search_term_string}"},"query-input":{"@type":"PropertyValueSpecification","valueRequired":true,"valueName":"search_term_string"}}],"inLanguage":"en-US"},{"@type":"Organization","@id":"https:\/\/csma.es\/#organization","name":"Conservatorio Superior de M\u00fasica de Arag\u00f3n","url":"https:\/\/csma.es\/","logo":{"@type":"ImageObject","inLanguage":"en-US","@id":"https:\/\/csma.es\/#\/schema\/logo\/image\/","url":"https:\/\/csma.es\/wp-content\/uploads\/2025\/04\/cropped-logo-csma-40anos-vertical-sintexto-positivo.png","contentUrl":"https:\/\/csma.es\/wp-content\/uploads\/2025\/04\/cropped-logo-csma-40anos-vertical-sintexto-positivo.png","width":512,"height":512,"caption":"Conservatorio Superior de M\u00fasica de Arag\u00f3n"},"image":{"@id":"https:\/\/csma.es\/#\/schema\/logo\/image\/"},"sameAs":["https:\/\/www.facebook.com\/CSMAragon\/","https:\/\/x.com\/csmaconser","https:\/\/www.instagram.com\/csmaragon\/","https:\/\/www.youtube.com\/channel\/UCcsLLtgZJUhz11-3Aj1sv3w"]},{"@type":"Person","@id":"https:\/\/csma.es\/#\/schema\/person\/dd9e345cd1ec5925a5e8927a0cb3fc69","name":"TICS CSMA"}]}},"publishpress_future_action":{"enabled":false,"date":"2026-05-06 17:56:04","action":"change-status","newStatus":"draft","terms":[],"taxonomy":"category","extraData":[]},"publishpress_future_workflow_manual_trigger":{"enabledWorkflows":[]},"_links":{"self":[{"href":"https:\/\/csma.es\/en\/wp-json\/wp\/v2\/posts\/22122","targetHints":{"allow":["GET"]}}],"collection":[{"href":"https:\/\/csma.es\/en\/wp-json\/wp\/v2\/posts"}],"about":[{"href":"https:\/\/csma.es\/en\/wp-json\/wp\/v2\/types\/post"}],"author":[{"embeddable":true,"href":"https:\/\/csma.es\/en\/wp-json\/wp\/v2\/users\/3"}],"replies":[{"embeddable":true,"href":"https:\/\/csma.es\/en\/wp-json\/wp\/v2\/comments?post=22122"}],"version-history":[{"count":0,"href":"https:\/\/csma.es\/en\/wp-json\/wp\/v2\/posts\/22122\/revisions"}],"wp:featuredmedia":[{"embeddable":true,"href":"https:\/\/csma.es\/en\/wp-json\/wp\/v2\/media\/15898"}],"wp:attachment":[{"href":"https:\/\/csma.es\/en\/wp-json\/wp\/v2\/media?parent=22122"}],"wp:term":[{"taxonomy":"category","embeddable":true,"href":"https:\/\/csma.es\/en\/wp-json\/wp\/v2\/categories?post=22122"},{"taxonomy":"post_tag","embeddable":true,"href":"https:\/\/csma.es\/en\/wp-json\/wp\/v2\/tags?post=22122"}],"curies":[{"name":"wp","href":"https:\/\/api.w.org\/{rel}","templated":true}]}}