{"id":22102,"date":"2022-01-19T17:25:20","date_gmt":"2022-01-19T16:25:20","guid":{"rendered":"https:\/\/csma.es\/?p=22102"},"modified":"2022-01-19T17:25:20","modified_gmt":"2022-01-19T16:25:20","slug":"concurso-solistas-y-solistas-filarmonica","status":"publish","type":"post","link":"https:\/\/csma.es\/en\/noticias\/concurso-solistas-y-solistas-filarmonica\/","title":{"rendered":"Concurso Solistas y Solistas Filarm\u00f3nica"},"content":{"rendered":"<p style=\"text-align: center;\"><strong>HORARIO DE ACTUACIONES<\/strong><\/p>\n<p style=\"text-align: center;\"><strong>\u00a0CONCURSO DE SOLISTAS CSMA 2022<\/strong><\/p>\n<p style=\"text-align: center;\"><strong><em>Auditorio del Pueyo,<\/em> Jueves, 27 de enero de 2022, a las 10,00 horas<\/strong><\/p>\n<p style=\"text-align: center;\"><strong>Tribunal: D. Miquel Rodrigo,\u00a0<\/strong><strong>D. Alfonso Carrat\u00e9 y D. David del Puerto<\/strong><\/p>\n<p>&#8211; 10,00:\u00a0 \u00a0\u00c1ngel Luis Vi\u00f1ola, tromb\u00f3n<\/p>\n<p>&#8211; 10,20: \u00a0 Andrea Bayona Garc\u00eda, piano<\/p>\n<p>&#8211; 10,40: \u00a0 Stoyan Paskov, guitarra<\/p>\n<p>&#8211; 10,55:\u00a0\u00a0 Pablo Garc\u00eda Vall\u00e9s, piano<\/p>\n<p>&#8211; 11,15:\u00a0 \u00a0Mar\u00eda Isabel Orrego Toscano, flauta travesera<\/p>\n<p>&#8211; 11,30:\u00a0\u00a0 Raquel Hern\u00e1ndez Olmo, flauta travesera<\/p>\n<p style=\"text-align: center;\"><strong>P\u00a0 A\u00a0 U\u00a0 S\u00a0 A<\/strong><\/p>\n<p>&#8211; 12,15:\u00a0\u00a0 Iv\u00e1n Mar\u00edn Samino, guitarra<\/p>\n<p>&#8211; 12,30:\u00a0\u00a0 Anai Telletxea Aguilera, oboe<\/p>\n<p>&#8211; 12,50:\u00a0\u00a0 Alberto Arqu\u00e9s Iv\u00e1\u00f1ez, violonchelo<\/p>\n<p>&#8211; 13,05:\u00a0\u00a0 Alejandro Gonz\u00e1lez Romero, viol\u00edn<\/p>\n<p>&#8211; 13,20:\u00a0\u00a0 Olga Garc\u00eda Rodr\u00edguez, piano<\/p>\n<p>&#8211; 13,40:\u00a0\u00a0 \u00c1ngel Francisco de Nova, tuba<\/p>\n<p style=\"text-align: center;\"><strong>C\u00a0 O\u00a0 M\u00a0 I\u00a0 D\u00a0 A<\/strong><\/p>\n<p>&#8211; 17,00:\u00a0\u00a0 Daniel S\u00e1nchez de la Torre, percusi\u00f3n<\/p>\n<p>&#8211; 17,20:\u00a0\u00a0 Miguel \u00c1ngel Ruiz, viol\u00edn<\/p>\n<p>&#8211; 17,35:\u00a0\u00a0 Rafael P\u00e9rez Pulido, fagot<\/p>\n<p>&#8211; 17,50:\u00a0\u00a0 Irene Garc\u00eda Sevillano, clarinete<\/p>\n<p style=\"text-align: center;\"><strong>D\u00a0 E\u00a0 L\u00a0 I\u00a0 B\u00a0 E\u00a0 R\u00a0 A\u00a0 C\u00a0 I\u00a0 \u00d3\u00a0 N<\/strong><\/p>\n<p>&nbsp;<\/p>\n<p style=\"text-align: center;\"><strong>*\u00a0 \u00a0*\u00a0 \u00a0*\u00a0 \u00a0*\u00a0 *<\/strong><\/p>\n<p>&nbsp;<\/p>\n<p style=\"text-align: center;\"><strong>CONCURSO SOLISTAS \u2013 FILARM\u00d3NICA III \u2013 Conciertos de <\/strong><strong>W.A. MOZART<\/strong><\/p>\n<p style=\"text-align: center;\"><strong><em>Sala Boston<\/em>, Jueves, 27 de enero de 2022, a las 15,30 horas<\/strong><\/p>\n<p style=\"text-align: center;\"><strong>Tribunal: D. Borja Quintas, D. Antonio P\u00e9rez y D. Carlos Taranc\u00f3n<\/strong><\/p>\n<p style=\"text-align: center;\"><strong>ORDEN Y HORARIO DE ACTUACI\u00d3N DEL CONCURSO<\/strong><\/p>\n<p><strong>ARPA Y FLAUTA<\/strong><\/p>\n<p>Concierto para Flauta y Arpa en Do M, KV 299\/297C (2\u00ba Mov)<\/p>\n<p style=\"text-align: center;\"><strong>15:00 horas (10\u2019 cada uno aproximadamente)<\/strong><\/p>\n<p>1. Alba Franco Tranc\u00f3n (arpa) y Jes\u00fas Joaqu\u00edn Rold\u00e1n Granado (flauta travesera)<\/p>\n<p>Profesor Repertorista: D. Pablo Lleida<\/p>\n<p>2. Rijole Kenia Bueicheku Buila (arpa) y Maribel Orrego Toscano (flauta travesera)<\/p>\n<p>Profesor Repertorista: D. Takahiro Mita<\/p>\n<p>3.\u00a0 Alba Franco Tranc\u00f3n (arpa) y Raquel Hern\u00e1ndez Olmo (flauta)<\/p>\n<p>Profesor Repertorista: D. Pablo Lleida<\/p>\n<p>4. Rijole Kenia Bueicheku (arpa) y Javier Ribas Ba\u00f1os (flauta)<\/p>\n<p>Profesor Repertorista: D. Pablo Lleida<\/p>\n<p>&nbsp;<\/p>\n<p><strong>FLAUTAS<\/strong><\/p>\n<p>Concierto en Sol M, KV313 (1er. Mov.).\u00a0Profesor Repertorista Piano: D. Pablo Lleida<\/p>\n<p style=\"text-align: center;\"><strong>16,30 horas\u00a0(10\u2019 cada uno aproximadamente)<\/strong><\/p>\n<p>1. Ana Casero Poblete<\/p>\n<p>2.Javier Ribas Ba\u00f1os<\/p>\n<p>3. M\u00f3nica Lazo Gonz\u00e1lez<\/p>\n<p>4. Sara Garc\u00eda Montenegro<\/p>\n<p>5. Jes\u00fas Joaqu\u00edn Rold\u00e1n Granado<\/p>\n<p>6. V\u00edctor Rinc\u00f3n Fuentes<\/p>\n<p>7. Luc\u00eda Viana Camacho<\/p>\n<p style=\"text-align: center;\"><strong>18,00 horas<\/strong><\/p>\n<p>8. Ana Navarro Navarro<\/p>\n<p>9. Marta Pav\u00eda D\u00edez<\/p>\n<p>10. Mar\u00eda Milagros L\u00f3pez Garc\u00eda<\/p>\n<p>11. \u00c1ngela Abraham Valero<\/p>\n<p>12. Mar\u00eda Isabel Orrego Toscano<\/p>\n<p>13. Raquel Hern\u00e1ndez Olmo<\/p>\n<p>14. Carmen Arjona Jim\u00e9nez<\/p>\n<p>&nbsp;<\/p>\n<p><strong>OBOES<\/strong><\/p>\n<p>Concierto en Do Mayor K314\/285D (1er. Mov.).\u00a0Profesor Repertorista Piano: D. Pablo Gonz\u00e1lez<\/p>\n<p style=\"text-align: center;\"><strong>19,45 horas (10\u2019 cada uno aproximadamente.)<\/strong><\/p>\n<p>1. C\u00e9sar Rial Salgueiro<\/p>\n<p>2. Isabella Torrijo Pardo<\/p>\n<p>3. \u00c1lvaro Rom\u00e1n Baz\u00e1n<\/p>\n<p>4. Francisco Javier Juli\u00e1 Herrero<\/p>\n<p>5. Raquel Zamorano R\u00edos<\/p>\n<p>6. Irene Pin\u00e9s Ja\u00e9n<\/p>\n<p>7. Iria Vi\u00f1a Su\u00e1rez<\/p>\n<p>8. Anai Telletxea Aguilera<\/p>\n","protected":false},"excerpt":{"rendered":"<p>HORARIO DE ACTUACIONES \u00a0CONCURSO DE SOLISTAS CSMA 2022 Auditorio del Pueyo, Jueves, 27 de enero de 2022, a las 10,00 horas Tribunal: D. Miquel Rodrigo,\u00a0D&#8230;.<\/p>\n","protected":false},"author":3,"featured_media":15787,"comment_status":"open","ping_status":"open","sticky":false,"template":"","format":"standard","meta":{"footnotes":""},"categories":[368],"tags":[],"class_list":["post-22102","post","type-post","status-publish","format-standard","has-post-thumbnail","hentry","category-noticias"],"yoast_head":"<!-- This site is optimized with the Yoast SEO plugin v27.5 - https:\/\/yoast.com\/product\/yoast-seo-wordpress\/ -->\n<title>Concurso Solistas y Solistas Filarm\u00f3nica - CSMA<\/title>\n<meta name=\"robots\" content=\"index, follow, max-snippet:-1, max-image-preview:large, max-video-preview:-1\" \/>\n<link rel=\"canonical\" href=\"https:\/\/csma.es\/actualidad\/concurso-solistas-y-solistas-filarmonica\/\" \/>\n<meta property=\"og:locale\" content=\"en_US\" \/>\n<meta property=\"og:type\" content=\"article\" \/>\n<meta property=\"og:title\" content=\"Concurso Solistas y Solistas Filarm\u00f3nica - CSMA\" \/>\n<meta property=\"og:description\" content=\"HORARIO DE ACTUACIONES \u00a0CONCURSO DE SOLISTAS CSMA 2022 Auditorio del Pueyo, Jueves, 27 de enero de 2022, a las 10,00 horas Tribunal: D. Miquel Rodrigo,\u00a0D....\" \/>\n<meta property=\"og:url\" content=\"https:\/\/csma.es\/actualidad\/concurso-solistas-y-solistas-filarmonica\/\" \/>\n<meta property=\"og:site_name\" content=\"CSMA\" \/>\n<meta property=\"article:publisher\" content=\"https:\/\/www.facebook.com\/CSMAragon\/\" \/>\n<meta property=\"article:published_time\" content=\"2022-01-19T16:25:20+00:00\" \/>\n<meta property=\"og:image\" content=\"https:\/\/csma.es\/wp-content\/uploads\/2018\/04\/FRAME9.jpg\" \/>\n\t<meta property=\"og:image:width\" content=\"1920\" \/>\n\t<meta property=\"og:image:height\" content=\"500\" \/>\n\t<meta property=\"og:image:type\" content=\"image\/jpeg\" \/>\n<meta name=\"author\" content=\"TICS CSMA\" \/>\n<meta name=\"twitter:card\" content=\"summary_large_image\" \/>\n<meta name=\"twitter:creator\" content=\"@csmaconser\" \/>\n<meta name=\"twitter:site\" content=\"@csmaconser\" \/>\n<meta name=\"twitter:label1\" content=\"Written by\" \/>\n\t<meta name=\"twitter:data1\" content=\"TICS CSMA\" \/>\n\t<meta name=\"twitter:label2\" content=\"Est. reading time\" \/>\n\t<meta name=\"twitter:data2\" content=\"2 minutes\" \/>\n<script type=\"application\/ld+json\" class=\"yoast-schema-graph\">{\"@context\":\"https:\\\/\\\/schema.org\",\"@graph\":[{\"@type\":\"Article\",\"@id\":\"https:\\\/\\\/csma.es\\\/actualidad\\\/concurso-solistas-y-solistas-filarmonica\\\/#article\",\"isPartOf\":{\"@id\":\"https:\\\/\\\/csma.es\\\/actualidad\\\/concurso-solistas-y-solistas-filarmonica\\\/\"},\"author\":{\"name\":\"TICS CSMA\",\"@id\":\"https:\\\/\\\/csma.es\\\/#\\\/schema\\\/person\\\/dd9e345cd1ec5925a5e8927a0cb3fc69\"},\"headline\":\"Concurso Solistas y Solistas Filarm\u00f3nica\",\"datePublished\":\"2022-01-19T16:25:20+00:00\",\"mainEntityOfPage\":{\"@id\":\"https:\\\/\\\/csma.es\\\/actualidad\\\/concurso-solistas-y-solistas-filarmonica\\\/\"},\"wordCount\":426,\"commentCount\":0,\"publisher\":{\"@id\":\"https:\\\/\\\/csma.es\\\/#organization\"},\"image\":{\"@id\":\"https:\\\/\\\/csma.es\\\/actualidad\\\/concurso-solistas-y-solistas-filarmonica\\\/#primaryimage\"},\"thumbnailUrl\":\"https:\\\/\\\/csma.es\\\/wp-content\\\/uploads\\\/2018\\\/04\\\/FRAME9.jpg\",\"articleSection\":[\"Noticias\"],\"inLanguage\":\"en-US\",\"potentialAction\":[{\"@type\":\"CommentAction\",\"name\":\"Comment\",\"target\":[\"https:\\\/\\\/csma.es\\\/actualidad\\\/concurso-solistas-y-solistas-filarmonica\\\/#respond\"]}]},{\"@type\":\"WebPage\",\"@id\":\"https:\\\/\\\/csma.es\\\/actualidad\\\/concurso-solistas-y-solistas-filarmonica\\\/\",\"url\":\"https:\\\/\\\/csma.es\\\/actualidad\\\/concurso-solistas-y-solistas-filarmonica\\\/\",\"name\":\"Concurso Solistas y Solistas Filarm\u00f3nica - CSMA\",\"isPartOf\":{\"@id\":\"https:\\\/\\\/csma.es\\\/#website\"},\"primaryImageOfPage\":{\"@id\":\"https:\\\/\\\/csma.es\\\/actualidad\\\/concurso-solistas-y-solistas-filarmonica\\\/#primaryimage\"},\"image\":{\"@id\":\"https:\\\/\\\/csma.es\\\/actualidad\\\/concurso-solistas-y-solistas-filarmonica\\\/#primaryimage\"},\"thumbnailUrl\":\"https:\\\/\\\/csma.es\\\/wp-content\\\/uploads\\\/2018\\\/04\\\/FRAME9.jpg\",\"datePublished\":\"2022-01-19T16:25:20+00:00\",\"breadcrumb\":{\"@id\":\"https:\\\/\\\/csma.es\\\/actualidad\\\/concurso-solistas-y-solistas-filarmonica\\\/#breadcrumb\"},\"inLanguage\":\"en-US\",\"potentialAction\":[{\"@type\":\"ReadAction\",\"target\":[\"https:\\\/\\\/csma.es\\\/actualidad\\\/concurso-solistas-y-solistas-filarmonica\\\/\"]}]},{\"@type\":\"ImageObject\",\"inLanguage\":\"en-US\",\"@id\":\"https:\\\/\\\/csma.es\\\/actualidad\\\/concurso-solistas-y-solistas-filarmonica\\\/#primaryimage\",\"url\":\"https:\\\/\\\/csma.es\\\/wp-content\\\/uploads\\\/2018\\\/04\\\/FRAME9.jpg\",\"contentUrl\":\"https:\\\/\\\/csma.es\\\/wp-content\\\/uploads\\\/2018\\\/04\\\/FRAME9.jpg\",\"width\":1920,\"height\":500},{\"@type\":\"BreadcrumbList\",\"@id\":\"https:\\\/\\\/csma.es\\\/actualidad\\\/concurso-solistas-y-solistas-filarmonica\\\/#breadcrumb\",\"itemListElement\":[{\"@type\":\"ListItem\",\"position\":1,\"name\":\"Portada\",\"item\":\"https:\\\/\\\/csma.es\\\/en\\\/\"},{\"@type\":\"ListItem\",\"position\":2,\"name\":\"Concurso Solistas y Solistas Filarm\u00f3nica\"}]},{\"@type\":\"WebSite\",\"@id\":\"https:\\\/\\\/csma.es\\\/#website\",\"url\":\"https:\\\/\\\/csma.es\\\/\",\"name\":\"CSMA\",\"description\":\"Conservatorio Superior de M\u00fasica de Arag\u00f3n\",\"publisher\":{\"@id\":\"https:\\\/\\\/csma.es\\\/#organization\"},\"potentialAction\":[{\"@type\":\"SearchAction\",\"target\":{\"@type\":\"EntryPoint\",\"urlTemplate\":\"https:\\\/\\\/csma.es\\\/?s={search_term_string}\"},\"query-input\":{\"@type\":\"PropertyValueSpecification\",\"valueRequired\":true,\"valueName\":\"search_term_string\"}}],\"inLanguage\":\"en-US\"},{\"@type\":\"Organization\",\"@id\":\"https:\\\/\\\/csma.es\\\/#organization\",\"name\":\"Conservatorio Superior de M\u00fasica de Arag\u00f3n\",\"url\":\"https:\\\/\\\/csma.es\\\/\",\"logo\":{\"@type\":\"ImageObject\",\"inLanguage\":\"en-US\",\"@id\":\"https:\\\/\\\/csma.es\\\/#\\\/schema\\\/logo\\\/image\\\/\",\"url\":\"https:\\\/\\\/csma.es\\\/wp-content\\\/uploads\\\/2025\\\/04\\\/cropped-logo-csma-40anos-vertical-sintexto-positivo.png\",\"contentUrl\":\"https:\\\/\\\/csma.es\\\/wp-content\\\/uploads\\\/2025\\\/04\\\/cropped-logo-csma-40anos-vertical-sintexto-positivo.png\",\"width\":512,\"height\":512,\"caption\":\"Conservatorio Superior de M\u00fasica de Arag\u00f3n\"},\"image\":{\"@id\":\"https:\\\/\\\/csma.es\\\/#\\\/schema\\\/logo\\\/image\\\/\"},\"sameAs\":[\"https:\\\/\\\/www.facebook.com\\\/CSMAragon\\\/\",\"https:\\\/\\\/x.com\\\/csmaconser\",\"https:\\\/\\\/www.instagram.com\\\/csmaragon\\\/\",\"https:\\\/\\\/www.youtube.com\\\/channel\\\/UCcsLLtgZJUhz11-3Aj1sv3w\"]},{\"@type\":\"Person\",\"@id\":\"https:\\\/\\\/csma.es\\\/#\\\/schema\\\/person\\\/dd9e345cd1ec5925a5e8927a0cb3fc69\",\"name\":\"TICS CSMA\"}]}<\/script>\n<!-- \/ Yoast SEO plugin. -->","yoast_head_json":{"title":"Concurso Solistas y Solistas Filarm\u00f3nica - CSMA","robots":{"index":"index","follow":"follow","max-snippet":"max-snippet:-1","max-image-preview":"max-image-preview:large","max-video-preview":"max-video-preview:-1"},"canonical":"https:\/\/csma.es\/actualidad\/concurso-solistas-y-solistas-filarmonica\/","og_locale":"en_US","og_type":"article","og_title":"Concurso Solistas y Solistas Filarm\u00f3nica - CSMA","og_description":"HORARIO DE ACTUACIONES \u00a0CONCURSO DE SOLISTAS CSMA 2022 Auditorio del Pueyo, Jueves, 27 de enero de 2022, a las 10,00 horas Tribunal: D. Miquel Rodrigo,\u00a0D....","og_url":"https:\/\/csma.es\/actualidad\/concurso-solistas-y-solistas-filarmonica\/","og_site_name":"CSMA","article_publisher":"https:\/\/www.facebook.com\/CSMAragon\/","article_published_time":"2022-01-19T16:25:20+00:00","og_image":[{"width":1920,"height":500,"url":"https:\/\/csma.es\/wp-content\/uploads\/2018\/04\/FRAME9.jpg","type":"image\/jpeg"}],"author":"TICS CSMA","twitter_card":"summary_large_image","twitter_creator":"@csmaconser","twitter_site":"@csmaconser","twitter_misc":{"Written by":"TICS CSMA","Est. reading time":"2 minutes"},"schema":{"@context":"https:\/\/schema.org","@graph":[{"@type":"Article","@id":"https:\/\/csma.es\/actualidad\/concurso-solistas-y-solistas-filarmonica\/#article","isPartOf":{"@id":"https:\/\/csma.es\/actualidad\/concurso-solistas-y-solistas-filarmonica\/"},"author":{"name":"TICS CSMA","@id":"https:\/\/csma.es\/#\/schema\/person\/dd9e345cd1ec5925a5e8927a0cb3fc69"},"headline":"Concurso Solistas y Solistas Filarm\u00f3nica","datePublished":"2022-01-19T16:25:20+00:00","mainEntityOfPage":{"@id":"https:\/\/csma.es\/actualidad\/concurso-solistas-y-solistas-filarmonica\/"},"wordCount":426,"commentCount":0,"publisher":{"@id":"https:\/\/csma.es\/#organization"},"image":{"@id":"https:\/\/csma.es\/actualidad\/concurso-solistas-y-solistas-filarmonica\/#primaryimage"},"thumbnailUrl":"https:\/\/csma.es\/wp-content\/uploads\/2018\/04\/FRAME9.jpg","articleSection":["Noticias"],"inLanguage":"en-US","potentialAction":[{"@type":"CommentAction","name":"Comment","target":["https:\/\/csma.es\/actualidad\/concurso-solistas-y-solistas-filarmonica\/#respond"]}]},{"@type":"WebPage","@id":"https:\/\/csma.es\/actualidad\/concurso-solistas-y-solistas-filarmonica\/","url":"https:\/\/csma.es\/actualidad\/concurso-solistas-y-solistas-filarmonica\/","name":"Concurso Solistas y Solistas Filarm\u00f3nica - CSMA","isPartOf":{"@id":"https:\/\/csma.es\/#website"},"primaryImageOfPage":{"@id":"https:\/\/csma.es\/actualidad\/concurso-solistas-y-solistas-filarmonica\/#primaryimage"},"image":{"@id":"https:\/\/csma.es\/actualidad\/concurso-solistas-y-solistas-filarmonica\/#primaryimage"},"thumbnailUrl":"https:\/\/csma.es\/wp-content\/uploads\/2018\/04\/FRAME9.jpg","datePublished":"2022-01-19T16:25:20+00:00","breadcrumb":{"@id":"https:\/\/csma.es\/actualidad\/concurso-solistas-y-solistas-filarmonica\/#breadcrumb"},"inLanguage":"en-US","potentialAction":[{"@type":"ReadAction","target":["https:\/\/csma.es\/actualidad\/concurso-solistas-y-solistas-filarmonica\/"]}]},{"@type":"ImageObject","inLanguage":"en-US","@id":"https:\/\/csma.es\/actualidad\/concurso-solistas-y-solistas-filarmonica\/#primaryimage","url":"https:\/\/csma.es\/wp-content\/uploads\/2018\/04\/FRAME9.jpg","contentUrl":"https:\/\/csma.es\/wp-content\/uploads\/2018\/04\/FRAME9.jpg","width":1920,"height":500},{"@type":"BreadcrumbList","@id":"https:\/\/csma.es\/actualidad\/concurso-solistas-y-solistas-filarmonica\/#breadcrumb","itemListElement":[{"@type":"ListItem","position":1,"name":"Portada","item":"https:\/\/csma.es\/en\/"},{"@type":"ListItem","position":2,"name":"Concurso Solistas y Solistas Filarm\u00f3nica"}]},{"@type":"WebSite","@id":"https:\/\/csma.es\/#website","url":"https:\/\/csma.es\/","name":"CSMA","description":"Conservatorio Superior de M\u00fasica de Arag\u00f3n","publisher":{"@id":"https:\/\/csma.es\/#organization"},"potentialAction":[{"@type":"SearchAction","target":{"@type":"EntryPoint","urlTemplate":"https:\/\/csma.es\/?s={search_term_string}"},"query-input":{"@type":"PropertyValueSpecification","valueRequired":true,"valueName":"search_term_string"}}],"inLanguage":"en-US"},{"@type":"Organization","@id":"https:\/\/csma.es\/#organization","name":"Conservatorio Superior de M\u00fasica de Arag\u00f3n","url":"https:\/\/csma.es\/","logo":{"@type":"ImageObject","inLanguage":"en-US","@id":"https:\/\/csma.es\/#\/schema\/logo\/image\/","url":"https:\/\/csma.es\/wp-content\/uploads\/2025\/04\/cropped-logo-csma-40anos-vertical-sintexto-positivo.png","contentUrl":"https:\/\/csma.es\/wp-content\/uploads\/2025\/04\/cropped-logo-csma-40anos-vertical-sintexto-positivo.png","width":512,"height":512,"caption":"Conservatorio Superior de M\u00fasica de Arag\u00f3n"},"image":{"@id":"https:\/\/csma.es\/#\/schema\/logo\/image\/"},"sameAs":["https:\/\/www.facebook.com\/CSMAragon\/","https:\/\/x.com\/csmaconser","https:\/\/www.instagram.com\/csmaragon\/","https:\/\/www.youtube.com\/channel\/UCcsLLtgZJUhz11-3Aj1sv3w"]},{"@type":"Person","@id":"https:\/\/csma.es\/#\/schema\/person\/dd9e345cd1ec5925a5e8927a0cb3fc69","name":"TICS CSMA"}]}},"publishpress_future_action":{"enabled":false,"date":"2026-05-05 14:36:40","action":"change-status","newStatus":"draft","terms":[],"taxonomy":"category","extraData":[]},"publishpress_future_workflow_manual_trigger":{"enabledWorkflows":[]},"_links":{"self":[{"href":"https:\/\/csma.es\/en\/wp-json\/wp\/v2\/posts\/22102","targetHints":{"allow":["GET"]}}],"collection":[{"href":"https:\/\/csma.es\/en\/wp-json\/wp\/v2\/posts"}],"about":[{"href":"https:\/\/csma.es\/en\/wp-json\/wp\/v2\/types\/post"}],"author":[{"embeddable":true,"href":"https:\/\/csma.es\/en\/wp-json\/wp\/v2\/users\/3"}],"replies":[{"embeddable":true,"href":"https:\/\/csma.es\/en\/wp-json\/wp\/v2\/comments?post=22102"}],"version-history":[{"count":0,"href":"https:\/\/csma.es\/en\/wp-json\/wp\/v2\/posts\/22102\/revisions"}],"wp:featuredmedia":[{"embeddable":true,"href":"https:\/\/csma.es\/en\/wp-json\/wp\/v2\/media\/15787"}],"wp:attachment":[{"href":"https:\/\/csma.es\/en\/wp-json\/wp\/v2\/media?parent=22102"}],"wp:term":[{"taxonomy":"category","embeddable":true,"href":"https:\/\/csma.es\/en\/wp-json\/wp\/v2\/categories?post=22102"},{"taxonomy":"post_tag","embeddable":true,"href":"https:\/\/csma.es\/en\/wp-json\/wp\/v2\/tags?post=22102"}],"curies":[{"name":"wp","href":"https:\/\/api.w.org\/{rel}","templated":true}]}}