{"id":22077,"date":"2022-01-14T16:20:57","date_gmt":"2022-01-14T15:20:57","guid":{"rendered":"https:\/\/csma.es\/?p=22077"},"modified":"2022-01-28T11:41:24","modified_gmt":"2022-01-28T10:41:24","slug":"conferencia-claves-profesionales-y-artisticas-para-comenzar-tu-carrera","status":"publish","type":"post","link":"https:\/\/csma.es\/en\/noticias\/conferencia-claves-profesionales-y-artisticas-para-comenzar-tu-carrera\/","title":{"rendered":"Conferencia &#8220;Claves profesionales y art\u00edsticas para comenzar tu carrera&#8221;"},"content":{"rendered":"<p style=\"text-align: center;\"><strong>&#8220;Claves profesionales y art\u00edsticas para comenzar tu carrera&#8221;<\/strong><\/p>\n<p style=\"text-align: center;\"><strong>Ponentes: Alfonso Carrat\u00e9 y David del Puerto.<\/strong><\/p>\n<p style=\"text-align: center;\"><strong>Auditorio Boston<\/strong><\/p>\n<p style=\"text-align: center;\"><strong>D\u00eda 26 de enero de 2022, 19,30 horas<\/strong><\/p>\n<p><a href=\"https:\/\/us02web.zoom.us\/meeting\/register\/tZYrcO-rrjguE9OYzgPRSuw2c96gnLt-H0fh\" target=\"_blank\" rel=\"noopener\"><strong>Esta Ponencia, se retransmitir\u00e1 en directo y en abierto a trav\u00e9s de la plataforma Zoom<\/strong><\/a> (es necesario inscribirse en este link)<\/p>\n<p>&nbsp;<\/p>\n<p><strong>ALFONSO CARRAT\u00c9<\/strong><\/p>\n<p style=\"text-align: center;\"><img loading=\"lazy\" decoding=\"async\" class=\"size-medium wp-image-22082 alignleft\" src=\"https:\/\/csma.es\/wp-content\/uploads\/2022\/01\/Foto-Alfonso-Carrate-300x282.jpg\" alt=\"\" width=\"300\" height=\"282\" srcset=\"https:\/\/csma.es\/wp-content\/uploads\/2022\/01\/Foto-Alfonso-Carrate-300x282.jpg 300w, https:\/\/csma.es\/wp-content\/uploads\/2022\/01\/Foto-Alfonso-Carrate-1024x963.jpg 1024w, https:\/\/csma.es\/wp-content\/uploads\/2022\/01\/Foto-Alfonso-Carrate-768x722.jpg 768w, https:\/\/csma.es\/wp-content\/uploads\/2022\/01\/Foto-Alfonso-Carrate-1200x1129.jpg 1200w, https:\/\/csma.es\/wp-content\/uploads\/2022\/01\/Foto-Alfonso-Carrate-700x658.jpg 700w, https:\/\/csma.es\/wp-content\/uploads\/2022\/01\/Foto-Alfonso-Carrate-1320x1241.jpg 1320w, https:\/\/csma.es\/wp-content\/uploads\/2022\/01\/Foto-Alfonso-Carrate.jpg 1495w\" sizes=\"auto, (max-width: 300px) 100vw, 300px\" \/><\/p>\n<p style=\"text-align: justify;\">Alfonso Carrat\u00e9 nace en Madrid en 1961. Es Profesor de Canto por el Conservatorio Superior de M\u00fasica de Madrid, perfeccionando sus estudios en la Escuela Superior de Canto y recibiendo lecciones Magistrales de Alfredo Kraus en el Teatro Real.<\/p>\n<p style=\"text-align: justify;\">Como cantante, es Jefe de cuerda de tenores en el Coro de la Comunidad de Madrid, y act\u00faa como solista, entre 1984 y 1991, en algunos de los principales auditorios de nuestro pa\u00eds como el Teatro Real, Teatro de la Zarzuela, Auditorio Nacional y Teatro Monumental, as\u00ed como en diversos auditorios y festivales en Francia, Polonia y Alemania, junto a la Orquesta de Radiotelevisi\u00f3n Espa\u00f1ola, Orquesta de C\u00f3rdoba y Orquesta de la Comunidad de Madrid, bajo la direcci\u00f3n de Yehudi Menuhim y Leo Brouwer, entre otros.<\/p>\n<p style=\"text-align: justify;\">En 1990 la Orquesta y Coro de la Comunidad de Madrid dejan de ser agrupaciones de becarios para convertirse en una Asociaci\u00f3n Cultural. Despu\u00e9s de liderar las negociaciones que desembocan en este cambio con la Consejer\u00eda de Cultura de la Comunidad de Madrid, los m\u00fasicos, miembros de la Asociaci\u00f3n, le nombran Presidente de la misma.<\/p>\n<p style=\"text-align: justify;\">En 1991 es nombrado Gerente de la Orquesta y Coro de la Comunidad de Madrid.<\/p>\n<p style=\"text-align: justify;\">Bajo su gesti\u00f3n, la Orquesta y Coro de la Comunidad de Madrid adquieren relevancia nacional, ingresan en la AEOS y hacen sus primeras giras por el extranjero, adem\u00e1s de iniciar su temporada estable en el Auditorio Nacional de M\u00fasica de Madrid, sin abandonar su tarea primordial: llevar la m\u00fasica cl\u00e1sica a todos los rincones de la Comunidad de Madrid.<\/p>\n<p style=\"text-align: justify;\">En 1996 decide participar como Director Art\u00edstico en el proyecto cultural de Orfeo, que incluye, entre sus recientes iniciativas, una agencia de artistas dedicada especialmente a la promoci\u00f3n de j\u00f3venes m\u00fasicos. Asume la gesti\u00f3n y promoci\u00f3n de conciertos de numerosos artistas, coros y orquestas espa\u00f1olas por toda la geograf\u00eda nacional y tambi\u00e9n en el extranjero.<\/p>\n<p style=\"text-align: justify;\">Es director de la revista Mel\u00f3mano desde su fundaci\u00f3n, en julio de 1996 hasta enero de 2022.<\/p>\n<p style=\"text-align: justify;\">En 1999, el Teatro Real le encomienda, por mediaci\u00f3n de su orquesta estable, la Sinf\u00f3nica de Madrid, la creaci\u00f3n del Coro de la OSM, que se convierte en el primer coro estable del Teatro Real.<\/p>\n<p style=\"text-align: justify;\">Desde 2001 hasta la actualidad es Presidente de la Fundaci\u00f3n Orfeo. Su objetivo primordial es la promoci\u00f3n de la m\u00fasica espa\u00f1ola y, muy especialmente, los j\u00f3venes m\u00fasicos en el inicio de sus carreras. Entre muchas otras actividades, hay que destacar las 20 ediciones que se han celebrado del &#8220;Intercentros Mel\u00f3mano&#8221;, que recibe el apoyo continuado de dos ministerios (INAEM y AECID) as\u00ed como el patrocinio de numerosas instituciones p\u00fablicas y privadas de todo el pa\u00eds.<\/p>\n<p style=\"text-align: justify;\">Gesti\u00f3n anual del Concierto Extraordinario del D\u00eda Europeo de la M\u00fasica en el Auditorio Nacional, con el patrocinio de diferentes instituciones p\u00fablicas y privadas, con relevantes artistas espa\u00f1oles como Ainhoa Arteta, Jordi Savall, Joaqu\u00edn Ach\u00facarro, Mar\u00eda Bayo o The World Orchestra, dirigida por Josep Vicent.<\/p>\n<p style=\"text-align: justify;\">En 2016 asume la direcci\u00f3n del Festival de M\u00fasica de Tres Cantos, actual Diacron\u00edas, Festival de M\u00fasica de las Rozas, desde el que ejerce hasta la actualidad una defensa continuada de la nueva creaci\u00f3n y los j\u00f3venes m\u00fasicos.<\/p>\n<p style=\"text-align: justify;\">Desarrolla una intensa labor como articulista y conferenciante y ha sido invitado como jurado a numerosos premios y concursos nacionales e internacionales, entre los que cabe destacar, entre otros, el \u201cPremio Ojo Cr\u00edtico de M\u00fasica\u201d de Radio Nacional, Concurso Internacional de Canto \u201cOto\u00f1o L\u00edrico Jerezano\u201d del Teatro Villamarta, Concurso Internacional de Piano \u201cCompositores de Espa\u00f1a\u201d, Concurso Internacional de Canto \u201cMario del M\u00f3naco\u201d (Italia), Concurso Internacional de Canto \u201cAcisclo Fern\u00e1ndez Carriedo\u201d de la Fundaci\u00f3n Guerrero o el Premio Tom\u00e1s Luis de Victora de la Fundaci\u00f3n SGAE.<\/p>\n<p>&nbsp;<\/p>\n<p><strong>DAVID DEL PUERTO<\/strong><\/p>\n<p style=\"text-align: center;\"><img loading=\"lazy\" decoding=\"async\" class=\"wp-image-22080 alignleft\" src=\"https:\/\/csma.es\/wp-content\/uploads\/2022\/01\/David-del-Puerto_Foto-Elena-Castro-300x200.jpg\" alt=\"\" width=\"407\" height=\"271\" srcset=\"https:\/\/csma.es\/wp-content\/uploads\/2022\/01\/David-del-Puerto_Foto-Elena-Castro-300x200.jpg 300w, https:\/\/csma.es\/wp-content\/uploads\/2022\/01\/David-del-Puerto_Foto-Elena-Castro-1024x683.jpg 1024w, https:\/\/csma.es\/wp-content\/uploads\/2022\/01\/David-del-Puerto_Foto-Elena-Castro-768x512.jpg 768w, https:\/\/csma.es\/wp-content\/uploads\/2022\/01\/David-del-Puerto_Foto-Elena-Castro-1536x1024.jpg 1536w, https:\/\/csma.es\/wp-content\/uploads\/2022\/01\/David-del-Puerto_Foto-Elena-Castro-1200x800.jpg 1200w, https:\/\/csma.es\/wp-content\/uploads\/2022\/01\/David-del-Puerto_Foto-Elena-Castro-700x467.jpg 700w, https:\/\/csma.es\/wp-content\/uploads\/2022\/01\/David-del-Puerto_Foto-Elena-Castro-1320x880.jpg 1320w, https:\/\/csma.es\/wp-content\/uploads\/2022\/01\/David-del-Puerto_Foto-Elena-Castro.jpg 2048w\" sizes=\"auto, (max-width: 407px) 100vw, 407px\" \/><\/p>\n<p>Compositor y guitarrista, disc\u00edpulo de Francisco Guerrero y Luis de Pablo.<\/p>\n<p>Su producci\u00f3n incluye m\u00e1s de 180 obras de todos los g\u00e9neros, entre ellas 3 \u00f3peras, 5 sinfon\u00edas, una zarzuela, un ballet, numerosos conciertos con solista y un importante cat\u00e1logo para guitarra.\u00a0Su obra est\u00e1 recogida en cerca de 40 grabaciones discogr\u00e1ficas, 8 de ellas monogr\u00e1ficas.<\/p>\n<p>En 1993 gan\u00f3 el Premio Gaudeamus de Amsterdam con su primer Concierto para oboe, y el Premio \u201cEl ojo cr\u00edtico\u201d de Radio Nacional de Espa\u00f1a.\u00a0En 2005 se le otorg\u00f3 el Premio Nacional de M\u00fasica de Espa\u00f1a.\u00a0En 2020 gan\u00f3 el Orpheus Music Award junto con el guitarrista Jeremy Bass, por el disco \u201cDavid del Puerto: Guitar Sonatas performed by Jeremy Bass\u201d.<\/p>\n<p>En la temporada 2011-12 fue compositor residente de la OCNE y el CNDM para desarrollar el proyecto pedag\u00f3gico \u201cSimbiosis\u201d, estrenado con gran \u00e9xito en mayo de 2012 en el Auditorio Nacional de Madrid.<\/p>\n<p>Desde hace m\u00e1s de 20 a\u00f1os es profesor invitado habitual en conservatorios y universidades de Europa, Estados Unidos y Latinoam\u00e9rica (Madrid, Valencia, C\u00e1diz, Bruselas, Mil\u00e1n, Amsterdam, Bremen, Hamburgo, La Habana, Santiago de Chile, Nueva York, Madison-Wisconsin\u2026).<\/p>\n<p>Es profesor de An\u00e1lisis Musical y Armon\u00eda en la Escuela Superior de M\u00fasica Reina Sof\u00eda, y de Composici\u00f3n en el Centro Superior Katarina Gurska de Madrid. Desde 2021 es profesor de composici\u00f3n de los cursos internacionales M\u00fasica en Compostela.<\/p>\n<p>Es guitarrista y compositor del grupo rejoice! con el que ha estrenado los espect\u00e1culos Sobre la noche, Carmen replay (ballet encargo del Teatro Real de Madrid) y Caro Domenico, encargo del Istituto Italiano di Cultura.<\/p>\n<p>En 2021 funda el Ensemble Lilith, una agrupaci\u00f3n de c\u00e1mara dedicada a la interpretaci\u00f3n de las obras esc\u00e9nicas y la m\u00fasica de David del Puerto y sus alumnos.<\/p>\n<p>Sobre su obra se han escrito numerosos art\u00edculos y trabajos acad\u00e9micos, incluyendo tres tesis doctorales (Jeremy Bass, Universidad de Kentucky, Lexington; \u00c1ngel Luis Casta\u00f1o, Universidad de Extremadura; Eduardo Soutullo, Universidad de Vigo).<\/p>\n<p>En la actualidad trabaja en su cuarta \u00f3pera, con libreto de Mart\u00edn Llade sobre el Lazarillo de Tormes, que se estrenar\u00e1 el pr\u00f3ximo a\u00f1o 2023.<\/p>\n<p>&nbsp;<\/p>\n","protected":false},"excerpt":{"rendered":"<p>&#8220;Claves profesionales y art\u00edsticas para comenzar tu carrera&#8221; Ponentes: Alfonso Carrat\u00e9 y David del Puerto. Auditorio Boston D\u00eda 26 de enero de 2022, 19,30 horas&#8230;<\/p>\n","protected":false},"author":3,"featured_media":19208,"comment_status":"open","ping_status":"open","sticky":false,"template":"","format":"standard","meta":{"footnotes":""},"categories":[368],"tags":[],"class_list":["post-22077","post","type-post","status-publish","format-standard","has-post-thumbnail","hentry","category-noticias"],"yoast_head":"<!-- This site is optimized with the Yoast SEO plugin v27.5 - https:\/\/yoast.com\/product\/yoast-seo-wordpress\/ -->\n<title>Conferencia &quot;Claves profesionales y art\u00edsticas para comenzar tu carrera&quot; - CSMA<\/title>\n<meta name=\"robots\" content=\"index, follow, max-snippet:-1, max-image-preview:large, max-video-preview:-1\" \/>\n<link rel=\"canonical\" href=\"https:\/\/csma.es\/actualidad\/conferencia-claves-profesionales-y-artisticas-para-comenzar-tu-carrera\/\" \/>\n<meta property=\"og:locale\" content=\"en_US\" \/>\n<meta property=\"og:type\" content=\"article\" \/>\n<meta property=\"og:title\" content=\"Conferencia &quot;Claves profesionales y art\u00edsticas para comenzar tu carrera&quot; - CSMA\" \/>\n<meta property=\"og:description\" content=\"&#8220;Claves profesionales y art\u00edsticas para comenzar tu carrera&#8221; Ponentes: Alfonso Carrat\u00e9 y David del Puerto. Auditorio Boston D\u00eda 26 de enero de 2022, 19,30 horas...\" \/>\n<meta property=\"og:url\" content=\"https:\/\/csma.es\/actualidad\/conferencia-claves-profesionales-y-artisticas-para-comenzar-tu-carrera\/\" \/>\n<meta property=\"og:site_name\" content=\"CSMA\" \/>\n<meta property=\"article:publisher\" content=\"https:\/\/www.facebook.com\/CSMAragon\/\" \/>\n<meta property=\"article:published_time\" content=\"2022-01-14T15:20:57+00:00\" \/>\n<meta property=\"article:modified_time\" content=\"2022-01-28T10:41:24+00:00\" \/>\n<meta property=\"og:image\" content=\"https:\/\/csma.es\/wp-content\/uploads\/2020\/10\/CSMA-6657-copia-scaled.jpg\" \/>\n\t<meta property=\"og:image:width\" content=\"2560\" \/>\n\t<meta property=\"og:image:height\" content=\"1709\" \/>\n\t<meta property=\"og:image:type\" content=\"image\/jpeg\" \/>\n<meta name=\"author\" content=\"TICS CSMA\" \/>\n<meta name=\"twitter:card\" content=\"summary_large_image\" \/>\n<meta name=\"twitter:creator\" content=\"@csmaconser\" \/>\n<meta name=\"twitter:site\" content=\"@csmaconser\" \/>\n<meta name=\"twitter:label1\" content=\"Written by\" \/>\n\t<meta name=\"twitter:data1\" content=\"TICS CSMA\" \/>\n\t<meta name=\"twitter:label2\" content=\"Est. reading time\" \/>\n\t<meta name=\"twitter:data2\" content=\"5 minutes\" \/>\n<script type=\"application\/ld+json\" class=\"yoast-schema-graph\">{\"@context\":\"https:\\\/\\\/schema.org\",\"@graph\":[{\"@type\":\"Article\",\"@id\":\"https:\\\/\\\/csma.es\\\/actualidad\\\/conferencia-claves-profesionales-y-artisticas-para-comenzar-tu-carrera\\\/#article\",\"isPartOf\":{\"@id\":\"https:\\\/\\\/csma.es\\\/actualidad\\\/conferencia-claves-profesionales-y-artisticas-para-comenzar-tu-carrera\\\/\"},\"author\":{\"name\":\"TICS CSMA\",\"@id\":\"https:\\\/\\\/csma.es\\\/#\\\/schema\\\/person\\\/dd9e345cd1ec5925a5e8927a0cb3fc69\"},\"headline\":\"Conferencia &#8220;Claves profesionales y art\u00edsticas para comenzar tu carrera&#8221;\",\"datePublished\":\"2022-01-14T15:20:57+00:00\",\"dateModified\":\"2022-01-28T10:41:24+00:00\",\"mainEntityOfPage\":{\"@id\":\"https:\\\/\\\/csma.es\\\/actualidad\\\/conferencia-claves-profesionales-y-artisticas-para-comenzar-tu-carrera\\\/\"},\"wordCount\":1091,\"commentCount\":0,\"publisher\":{\"@id\":\"https:\\\/\\\/csma.es\\\/#organization\"},\"image\":{\"@id\":\"https:\\\/\\\/csma.es\\\/actualidad\\\/conferencia-claves-profesionales-y-artisticas-para-comenzar-tu-carrera\\\/#primaryimage\"},\"thumbnailUrl\":\"https:\\\/\\\/csma.es\\\/wp-content\\\/uploads\\\/2020\\\/10\\\/CSMA-6657-copia-scaled.jpg\",\"articleSection\":[\"Noticias\"],\"inLanguage\":\"en-US\",\"potentialAction\":[{\"@type\":\"CommentAction\",\"name\":\"Comment\",\"target\":[\"https:\\\/\\\/csma.es\\\/actualidad\\\/conferencia-claves-profesionales-y-artisticas-para-comenzar-tu-carrera\\\/#respond\"]}]},{\"@type\":\"WebPage\",\"@id\":\"https:\\\/\\\/csma.es\\\/actualidad\\\/conferencia-claves-profesionales-y-artisticas-para-comenzar-tu-carrera\\\/\",\"url\":\"https:\\\/\\\/csma.es\\\/actualidad\\\/conferencia-claves-profesionales-y-artisticas-para-comenzar-tu-carrera\\\/\",\"name\":\"Conferencia \\\"Claves profesionales y art\u00edsticas para comenzar tu carrera\\\" - CSMA\",\"isPartOf\":{\"@id\":\"https:\\\/\\\/csma.es\\\/#website\"},\"primaryImageOfPage\":{\"@id\":\"https:\\\/\\\/csma.es\\\/actualidad\\\/conferencia-claves-profesionales-y-artisticas-para-comenzar-tu-carrera\\\/#primaryimage\"},\"image\":{\"@id\":\"https:\\\/\\\/csma.es\\\/actualidad\\\/conferencia-claves-profesionales-y-artisticas-para-comenzar-tu-carrera\\\/#primaryimage\"},\"thumbnailUrl\":\"https:\\\/\\\/csma.es\\\/wp-content\\\/uploads\\\/2020\\\/10\\\/CSMA-6657-copia-scaled.jpg\",\"datePublished\":\"2022-01-14T15:20:57+00:00\",\"dateModified\":\"2022-01-28T10:41:24+00:00\",\"breadcrumb\":{\"@id\":\"https:\\\/\\\/csma.es\\\/actualidad\\\/conferencia-claves-profesionales-y-artisticas-para-comenzar-tu-carrera\\\/#breadcrumb\"},\"inLanguage\":\"en-US\",\"potentialAction\":[{\"@type\":\"ReadAction\",\"target\":[\"https:\\\/\\\/csma.es\\\/actualidad\\\/conferencia-claves-profesionales-y-artisticas-para-comenzar-tu-carrera\\\/\"]}]},{\"@type\":\"ImageObject\",\"inLanguage\":\"en-US\",\"@id\":\"https:\\\/\\\/csma.es\\\/actualidad\\\/conferencia-claves-profesionales-y-artisticas-para-comenzar-tu-carrera\\\/#primaryimage\",\"url\":\"https:\\\/\\\/csma.es\\\/wp-content\\\/uploads\\\/2020\\\/10\\\/CSMA-6657-copia-scaled.jpg\",\"contentUrl\":\"https:\\\/\\\/csma.es\\\/wp-content\\\/uploads\\\/2020\\\/10\\\/CSMA-6657-copia-scaled.jpg\",\"width\":2560,\"height\":1709},{\"@type\":\"BreadcrumbList\",\"@id\":\"https:\\\/\\\/csma.es\\\/actualidad\\\/conferencia-claves-profesionales-y-artisticas-para-comenzar-tu-carrera\\\/#breadcrumb\",\"itemListElement\":[{\"@type\":\"ListItem\",\"position\":1,\"name\":\"Portada\",\"item\":\"https:\\\/\\\/csma.es\\\/en\\\/\"},{\"@type\":\"ListItem\",\"position\":2,\"name\":\"Conferencia \u00abClaves profesionales y art\u00edsticas para comenzar tu carrera\u00bb\"}]},{\"@type\":\"WebSite\",\"@id\":\"https:\\\/\\\/csma.es\\\/#website\",\"url\":\"https:\\\/\\\/csma.es\\\/\",\"name\":\"CSMA\",\"description\":\"Conservatorio Superior de M\u00fasica de Arag\u00f3n\",\"publisher\":{\"@id\":\"https:\\\/\\\/csma.es\\\/#organization\"},\"potentialAction\":[{\"@type\":\"SearchAction\",\"target\":{\"@type\":\"EntryPoint\",\"urlTemplate\":\"https:\\\/\\\/csma.es\\\/?s={search_term_string}\"},\"query-input\":{\"@type\":\"PropertyValueSpecification\",\"valueRequired\":true,\"valueName\":\"search_term_string\"}}],\"inLanguage\":\"en-US\"},{\"@type\":\"Organization\",\"@id\":\"https:\\\/\\\/csma.es\\\/#organization\",\"name\":\"Conservatorio Superior de M\u00fasica de Arag\u00f3n\",\"url\":\"https:\\\/\\\/csma.es\\\/\",\"logo\":{\"@type\":\"ImageObject\",\"inLanguage\":\"en-US\",\"@id\":\"https:\\\/\\\/csma.es\\\/#\\\/schema\\\/logo\\\/image\\\/\",\"url\":\"https:\\\/\\\/csma.es\\\/wp-content\\\/uploads\\\/2025\\\/04\\\/cropped-logo-csma-40anos-vertical-sintexto-positivo.png\",\"contentUrl\":\"https:\\\/\\\/csma.es\\\/wp-content\\\/uploads\\\/2025\\\/04\\\/cropped-logo-csma-40anos-vertical-sintexto-positivo.png\",\"width\":512,\"height\":512,\"caption\":\"Conservatorio Superior de M\u00fasica de Arag\u00f3n\"},\"image\":{\"@id\":\"https:\\\/\\\/csma.es\\\/#\\\/schema\\\/logo\\\/image\\\/\"},\"sameAs\":[\"https:\\\/\\\/www.facebook.com\\\/CSMAragon\\\/\",\"https:\\\/\\\/x.com\\\/csmaconser\",\"https:\\\/\\\/www.instagram.com\\\/csmaragon\\\/\",\"https:\\\/\\\/www.youtube.com\\\/channel\\\/UCcsLLtgZJUhz11-3Aj1sv3w\"]},{\"@type\":\"Person\",\"@id\":\"https:\\\/\\\/csma.es\\\/#\\\/schema\\\/person\\\/dd9e345cd1ec5925a5e8927a0cb3fc69\",\"name\":\"TICS CSMA\"}]}<\/script>\n<!-- \/ Yoast SEO plugin. -->","yoast_head_json":{"title":"Conferencia \"Claves profesionales y art\u00edsticas para comenzar tu carrera\" - CSMA","robots":{"index":"index","follow":"follow","max-snippet":"max-snippet:-1","max-image-preview":"max-image-preview:large","max-video-preview":"max-video-preview:-1"},"canonical":"https:\/\/csma.es\/actualidad\/conferencia-claves-profesionales-y-artisticas-para-comenzar-tu-carrera\/","og_locale":"en_US","og_type":"article","og_title":"Conferencia \"Claves profesionales y art\u00edsticas para comenzar tu carrera\" - CSMA","og_description":"&#8220;Claves profesionales y art\u00edsticas para comenzar tu carrera&#8221; Ponentes: Alfonso Carrat\u00e9 y David del Puerto. Auditorio Boston D\u00eda 26 de enero de 2022, 19,30 horas...","og_url":"https:\/\/csma.es\/actualidad\/conferencia-claves-profesionales-y-artisticas-para-comenzar-tu-carrera\/","og_site_name":"CSMA","article_publisher":"https:\/\/www.facebook.com\/CSMAragon\/","article_published_time":"2022-01-14T15:20:57+00:00","article_modified_time":"2022-01-28T10:41:24+00:00","og_image":[{"width":2560,"height":1709,"url":"https:\/\/csma.es\/wp-content\/uploads\/2020\/10\/CSMA-6657-copia-scaled.jpg","type":"image\/jpeg"}],"author":"TICS CSMA","twitter_card":"summary_large_image","twitter_creator":"@csmaconser","twitter_site":"@csmaconser","twitter_misc":{"Written by":"TICS CSMA","Est. reading time":"5 minutes"},"schema":{"@context":"https:\/\/schema.org","@graph":[{"@type":"Article","@id":"https:\/\/csma.es\/actualidad\/conferencia-claves-profesionales-y-artisticas-para-comenzar-tu-carrera\/#article","isPartOf":{"@id":"https:\/\/csma.es\/actualidad\/conferencia-claves-profesionales-y-artisticas-para-comenzar-tu-carrera\/"},"author":{"name":"TICS CSMA","@id":"https:\/\/csma.es\/#\/schema\/person\/dd9e345cd1ec5925a5e8927a0cb3fc69"},"headline":"Conferencia &#8220;Claves profesionales y art\u00edsticas para comenzar tu carrera&#8221;","datePublished":"2022-01-14T15:20:57+00:00","dateModified":"2022-01-28T10:41:24+00:00","mainEntityOfPage":{"@id":"https:\/\/csma.es\/actualidad\/conferencia-claves-profesionales-y-artisticas-para-comenzar-tu-carrera\/"},"wordCount":1091,"commentCount":0,"publisher":{"@id":"https:\/\/csma.es\/#organization"},"image":{"@id":"https:\/\/csma.es\/actualidad\/conferencia-claves-profesionales-y-artisticas-para-comenzar-tu-carrera\/#primaryimage"},"thumbnailUrl":"https:\/\/csma.es\/wp-content\/uploads\/2020\/10\/CSMA-6657-copia-scaled.jpg","articleSection":["Noticias"],"inLanguage":"en-US","potentialAction":[{"@type":"CommentAction","name":"Comment","target":["https:\/\/csma.es\/actualidad\/conferencia-claves-profesionales-y-artisticas-para-comenzar-tu-carrera\/#respond"]}]},{"@type":"WebPage","@id":"https:\/\/csma.es\/actualidad\/conferencia-claves-profesionales-y-artisticas-para-comenzar-tu-carrera\/","url":"https:\/\/csma.es\/actualidad\/conferencia-claves-profesionales-y-artisticas-para-comenzar-tu-carrera\/","name":"Conferencia \"Claves profesionales y art\u00edsticas para comenzar tu carrera\" - CSMA","isPartOf":{"@id":"https:\/\/csma.es\/#website"},"primaryImageOfPage":{"@id":"https:\/\/csma.es\/actualidad\/conferencia-claves-profesionales-y-artisticas-para-comenzar-tu-carrera\/#primaryimage"},"image":{"@id":"https:\/\/csma.es\/actualidad\/conferencia-claves-profesionales-y-artisticas-para-comenzar-tu-carrera\/#primaryimage"},"thumbnailUrl":"https:\/\/csma.es\/wp-content\/uploads\/2020\/10\/CSMA-6657-copia-scaled.jpg","datePublished":"2022-01-14T15:20:57+00:00","dateModified":"2022-01-28T10:41:24+00:00","breadcrumb":{"@id":"https:\/\/csma.es\/actualidad\/conferencia-claves-profesionales-y-artisticas-para-comenzar-tu-carrera\/#breadcrumb"},"inLanguage":"en-US","potentialAction":[{"@type":"ReadAction","target":["https:\/\/csma.es\/actualidad\/conferencia-claves-profesionales-y-artisticas-para-comenzar-tu-carrera\/"]}]},{"@type":"ImageObject","inLanguage":"en-US","@id":"https:\/\/csma.es\/actualidad\/conferencia-claves-profesionales-y-artisticas-para-comenzar-tu-carrera\/#primaryimage","url":"https:\/\/csma.es\/wp-content\/uploads\/2020\/10\/CSMA-6657-copia-scaled.jpg","contentUrl":"https:\/\/csma.es\/wp-content\/uploads\/2020\/10\/CSMA-6657-copia-scaled.jpg","width":2560,"height":1709},{"@type":"BreadcrumbList","@id":"https:\/\/csma.es\/actualidad\/conferencia-claves-profesionales-y-artisticas-para-comenzar-tu-carrera\/#breadcrumb","itemListElement":[{"@type":"ListItem","position":1,"name":"Portada","item":"https:\/\/csma.es\/en\/"},{"@type":"ListItem","position":2,"name":"Conferencia \u00abClaves profesionales y art\u00edsticas para comenzar tu carrera\u00bb"}]},{"@type":"WebSite","@id":"https:\/\/csma.es\/#website","url":"https:\/\/csma.es\/","name":"CSMA","description":"Conservatorio Superior de M\u00fasica de Arag\u00f3n","publisher":{"@id":"https:\/\/csma.es\/#organization"},"potentialAction":[{"@type":"SearchAction","target":{"@type":"EntryPoint","urlTemplate":"https:\/\/csma.es\/?s={search_term_string}"},"query-input":{"@type":"PropertyValueSpecification","valueRequired":true,"valueName":"search_term_string"}}],"inLanguage":"en-US"},{"@type":"Organization","@id":"https:\/\/csma.es\/#organization","name":"Conservatorio Superior de M\u00fasica de Arag\u00f3n","url":"https:\/\/csma.es\/","logo":{"@type":"ImageObject","inLanguage":"en-US","@id":"https:\/\/csma.es\/#\/schema\/logo\/image\/","url":"https:\/\/csma.es\/wp-content\/uploads\/2025\/04\/cropped-logo-csma-40anos-vertical-sintexto-positivo.png","contentUrl":"https:\/\/csma.es\/wp-content\/uploads\/2025\/04\/cropped-logo-csma-40anos-vertical-sintexto-positivo.png","width":512,"height":512,"caption":"Conservatorio Superior de M\u00fasica de Arag\u00f3n"},"image":{"@id":"https:\/\/csma.es\/#\/schema\/logo\/image\/"},"sameAs":["https:\/\/www.facebook.com\/CSMAragon\/","https:\/\/x.com\/csmaconser","https:\/\/www.instagram.com\/csmaragon\/","https:\/\/www.youtube.com\/channel\/UCcsLLtgZJUhz11-3Aj1sv3w"]},{"@type":"Person","@id":"https:\/\/csma.es\/#\/schema\/person\/dd9e345cd1ec5925a5e8927a0cb3fc69","name":"TICS CSMA"}]}},"publishpress_future_action":{"enabled":false,"date":"2026-05-07 04:19:02","action":"change-status","newStatus":"draft","terms":[],"taxonomy":"category","extraData":[]},"publishpress_future_workflow_manual_trigger":{"enabledWorkflows":[]},"_links":{"self":[{"href":"https:\/\/csma.es\/en\/wp-json\/wp\/v2\/posts\/22077","targetHints":{"allow":["GET"]}}],"collection":[{"href":"https:\/\/csma.es\/en\/wp-json\/wp\/v2\/posts"}],"about":[{"href":"https:\/\/csma.es\/en\/wp-json\/wp\/v2\/types\/post"}],"author":[{"embeddable":true,"href":"https:\/\/csma.es\/en\/wp-json\/wp\/v2\/users\/3"}],"replies":[{"embeddable":true,"href":"https:\/\/csma.es\/en\/wp-json\/wp\/v2\/comments?post=22077"}],"version-history":[{"count":0,"href":"https:\/\/csma.es\/en\/wp-json\/wp\/v2\/posts\/22077\/revisions"}],"wp:featuredmedia":[{"embeddable":true,"href":"https:\/\/csma.es\/en\/wp-json\/wp\/v2\/media\/19208"}],"wp:attachment":[{"href":"https:\/\/csma.es\/en\/wp-json\/wp\/v2\/media?parent=22077"}],"wp:term":[{"taxonomy":"category","embeddable":true,"href":"https:\/\/csma.es\/en\/wp-json\/wp\/v2\/categories?post=22077"},{"taxonomy":"post_tag","embeddable":true,"href":"https:\/\/csma.es\/en\/wp-json\/wp\/v2\/tags?post=22077"}],"curies":[{"name":"wp","href":"https:\/\/api.w.org\/{rel}","templated":true}]}}