{"id":21897,"date":"2021-12-07T22:13:24","date_gmt":"2021-12-07T21:13:24","guid":{"rendered":"https:\/\/csma.es\/?p=21897"},"modified":"2021-12-07T22:13:24","modified_gmt":"2021-12-07T21:13:24","slug":"concierto-camerata-de-cuerda-10-diciembre","status":"publish","type":"post","link":"https:\/\/csma.es\/en\/noticias\/concierto-camerata-de-cuerda-10-diciembre\/","title":{"rendered":"Concierto: Camerata de Cuerda, 10 diciembre"},"content":{"rendered":"<p style=\"text-align: center;\"><strong>CAMERATA DE CUERDA<\/strong><\/p>\n<p style=\"text-align: center;\"><strong>Concertino-director: Josep Colom\u00e9<\/strong><\/p>\n<p style=\"text-align: center;\"><strong>Viernes, 10 de diciembre de 2021, 19:30.\u00a0<\/strong><strong>Auditorio del Pueyo, CSMA<\/strong><\/p>\n<p style=\"text-align: center;\">&#8211;<\/p>\n<p style=\"text-align: center;\"><strong>&#8211; BRITANNIA &#8211;<\/strong><br \/>\n<em><strong>Danzas y romances, de enigmas y cortes<\/strong><\/em><\/p>\n<p style=\"text-align: justify;\">Como si de una visita musical guiada por la historia de la m\u00fasica del alma brit\u00e1nica, la Camerata de cuerda del CSMA propone una exposici\u00f3n de 13 cuadros musicales como si de una lectura de un libro de cuentos se tratara.<br \/>\nUna Ciacona o Chaconne de Henry Purcell a modo de obertura nos transporta a tiempos de la corte barroca de Carlos I, donde Purcell introduce elementos estil\u00edsticos franceses e italianos en su m\u00fasica.<br \/>\nLe siguen dos breves piezas para cuerdas de William Walton inspiradas para la m\u00fasica incidental de la pel\u00edcula del Henry V de Shakespeare en 1944.La primera es un Passacaglia y representa la muerte de Falstaff y la segunda titulada &#8220;Toca sus suaves labios y parte&#8221; acompa\u00f1a la escena en la que los soldados parten hacia Francia y se despiden de sus amadas damas.<br \/>\nLa Serenata para cuerdas escrita en marzo de 1892, es una de las primeras obras de Sir Edward Elgar (1857-1934). Nos evoca a la m\u00fasica de la primavera, llena de vitalidad y encanto juvenil. Por definici\u00f3n, el t\u00edtulo \u201cSerenata\u201d sugiere m\u00fasica que se toca por la noche, al aire libre en medio de la belleza y abundancia de la naturaleza. Como se muestra en Romeo y Julieta de Shakespeare, tambi\u00e9n evoca im\u00e1genes de una balada rom\u00e1ntica cantada a la persona amada a la luz de la luna. Toda esta magia nocturna es evidente en la m\u00fasica de Elgar. Si bien la Serenata para cuerdas se dedic\u00f3 oficialmente al constructor de \u00f3rganos y m\u00fasico aficionado, Edward W. Whinfield, Elgar escribi\u00f3 en el manuscrito que su esposa, Alice, &#8220;ayud\u00f3 mucho a hacer estas peque\u00f1as melod\u00edas&#8221;.<br \/>\nLa Serenata atesora algunos de los momentos m\u00e1s inspirados de la historia de la m\u00fasica. La inocencia conmovedora del Allegretto piacevole, la delicada e \u00edntima fragilidad del Larghetto, y el breve movimiento final Allegretto que contiene recuerdos nost\u00e1lgicos de los movimientos precedentes. Se desarrolla como un baile pausado que se desvanece sereno y satisfecho, evapor\u00e1ndose en la noche como un dulce y fugaz sue\u00f1o.<br \/>\nPeter Warlock, seud\u00f3nimo de Philip Arnold Heseltine, da a su SuiteCapriol (1926) el nombre del disc\u00edpulo aspirante a bailar\u00edn de Thoinot Arbeau, autor de la \u201cOrchesographie\u201d, vocablo precedente a Coreograf\u00eda, principal fuente documental para el estudio de la danza del Renacimiento, y de la que el ingl\u00e9s toma y adapta, junto con otras piezas, la emotiva Pavanne \u00e1 4 \u00abBelle qui tiens ma vie\u00bb.<br \/>\nEn la m\u00fasica de Gerald Finzi encontramos la cualidad eleg\u00edaca y un profundo amor por la campi\u00f1a inglesa que se hacen evidentes en su Romanza en Mi bemol mayor, una pieza corta escrita en 1928. Parece que la cruda emoci\u00f3n de perder a su padre, hermanos y profesor de m\u00fasica todav\u00eda se infunde en su anhelo. La m\u00fasica recuerda a Elgar en su momento m\u00e1s entusiasta y profundamente conmovedor, anticip\u00e1ndose a las l\u00e1nguidas l\u00edneas mel\u00f3dicas apuntaladas por los pizzicatos de los contrabajos.<br \/>\nEl tema de la alegr\u00eda y la melancol\u00eda &#8211; m\u00fasica chispeante, emocionante y v\u00edvida- une las 13 piezas del concierto de la Camerata del CSMA integrada por los j\u00f3venes y talentosos estudiantes del departamento de cuerda del Conservatorio Superior de M\u00fasica de Arag\u00f3n (con la colaboraci\u00f3n del violinista Josep Colom\u00e9, profesor del centro).<\/p>\n<p>&nbsp;<\/p>\n<p style=\"text-align: center;\"><strong>PROGRAMA<\/strong><\/p>\n<p style=\"text-align: center;\">-Henry Purcell- Chaconne z 730 (5\u2019)<\/p>\n<p style=\"text-align: center;\">-William Walton- from the film Henry IV (5\u2019)<\/p>\n<p style=\"text-align: center;\">\u00b7Touch her soft lips and part<\/p>\n<p style=\"text-align: center;\">\u00b7Passacaglia<\/p>\n<p style=\"text-align: center;\">-Edward Elgar- Serenata para cuerdas (13&#8242;)<\/p>\n<p style=\"text-align: center;\">-Gerard Finzi-\u00a0Romance (8&#8242;)<\/p>\n<p style=\"text-align: center;\">-Peter Warlock- Capriol Suite (11\u2019)<\/p>\n<p style=\"text-align: center;\">&#8211;<\/p>\n<p style=\"text-align: center;\"><strong>PLANTILLA<\/strong><\/p>\n<p style=\"text-align: center;\">\n<p style=\"text-align: center;\">VIOLINES<\/p>\n<p style=\"text-align: center;\">Josep Colom\u00e9, concertino-director<\/p>\n<p style=\"text-align: center;\">Miguel \u00c1ngel Ruiz<\/p>\n<p style=\"text-align: center;\">Roberto Bastarreche<\/p>\n<p style=\"text-align: center;\">Ra\u00fal Gonz\u00e1lez<\/p>\n<p style=\"text-align: center;\">Teresa Barcelona<\/p>\n<p style=\"text-align: center;\">Alejandro Gonz\u00e1lez<\/p>\n<p style=\"text-align: center;\">I\u00f1igo Bartur\u00e9n<\/p>\n<p style=\"text-align: center;\">Carla Barroso<\/p>\n<p style=\"text-align: center;\">Nerea Villanueva<\/p>\n<p style=\"text-align: center;\">\n<p style=\"text-align: center;\">VIOLAS<\/p>\n<p style=\"text-align: center;\">Barral Oroz, Leonardo<\/p>\n<p style=\"text-align: center;\">San Mart\u00edn Romero, Maria Pilar<\/p>\n<p style=\"text-align: center;\">Sanchez Diaz, Lucia<\/p>\n<p style=\"text-align: center;\">\n<p style=\"text-align: center;\">VIOLONCHELOS<\/p>\n<p style=\"text-align: center;\">Vargas Rom\u00e1n, In\u00e9s<\/p>\n<p style=\"text-align: center;\">Men\u00e9ndez Gonz\u00e1lez, Raquel<\/p>\n<p style=\"text-align: center;\">Arceredillo Alonso, Miguel<\/p>\n<p style=\"text-align: center;\">\n<p style=\"text-align: center;\">CONTRABAJO<\/p>\n<p style=\"text-align: center;\">Pardo\u00a0 Cabrera, Rosana<\/p>\n<p>.<\/p>\n<p style=\"text-align: justify;\">\n","protected":false},"excerpt":{"rendered":"<p>CAMERATA DE CUERDA Concertino-director: Josep Colom\u00e9 Viernes, 10 de diciembre de 2021, 19:30.\u00a0Auditorio del Pueyo, CSMA &#8211; &#8211; BRITANNIA &#8211; Danzas y romances, de enigmas&#8230;<\/p>\n","protected":false},"author":3,"featured_media":21898,"comment_status":"open","ping_status":"open","sticky":false,"template":"","format":"standard","meta":{"footnotes":""},"categories":[368],"tags":[],"class_list":["post-21897","post","type-post","status-publish","format-standard","has-post-thumbnail","hentry","category-noticias"],"yoast_head":"<!-- This site is optimized with the Yoast SEO plugin v27.4 - https:\/\/yoast.com\/product\/yoast-seo-wordpress\/ -->\n<title>Concierto: Camerata de Cuerda, 10 diciembre - CSMA<\/title>\n<meta name=\"robots\" content=\"index, follow, max-snippet:-1, max-image-preview:large, max-video-preview:-1\" \/>\n<link rel=\"canonical\" href=\"https:\/\/csma.es\/actualidad\/concierto-camerata-de-cuerda-10-diciembre\/\" \/>\n<meta property=\"og:locale\" content=\"en_US\" \/>\n<meta property=\"og:type\" content=\"article\" \/>\n<meta property=\"og:title\" content=\"Concierto: Camerata de Cuerda, 10 diciembre - CSMA\" \/>\n<meta property=\"og:description\" content=\"CAMERATA DE CUERDA Concertino-director: Josep Colom\u00e9 Viernes, 10 de diciembre de 2021, 19:30.\u00a0Auditorio del Pueyo, CSMA &#8211; &#8211; BRITANNIA &#8211; Danzas y romances, de enigmas...\" \/>\n<meta property=\"og:url\" content=\"https:\/\/csma.es\/actualidad\/concierto-camerata-de-cuerda-10-diciembre\/\" \/>\n<meta property=\"og:site_name\" content=\"CSMA\" \/>\n<meta property=\"article:publisher\" content=\"https:\/\/www.facebook.com\/CSMAragon\/\" \/>\n<meta property=\"article:published_time\" content=\"2021-12-07T21:13:24+00:00\" \/>\n<meta property=\"og:image\" content=\"https:\/\/csma.es\/wp-content\/uploads\/2021\/12\/concierto_camerata.png\" \/>\n\t<meta property=\"og:image:width\" content=\"1024\" \/>\n\t<meta property=\"og:image:height\" content=\"512\" \/>\n\t<meta property=\"og:image:type\" content=\"image\/png\" \/>\n<meta name=\"author\" content=\"TICS CSMA\" \/>\n<meta name=\"twitter:card\" content=\"summary_large_image\" \/>\n<meta name=\"twitter:creator\" content=\"@csmaconser\" \/>\n<meta name=\"twitter:site\" content=\"@csmaconser\" \/>\n<meta name=\"twitter:label1\" content=\"Written by\" \/>\n\t<meta name=\"twitter:data1\" content=\"TICS CSMA\" \/>\n\t<meta name=\"twitter:label2\" content=\"Est. reading time\" \/>\n\t<meta name=\"twitter:data2\" content=\"3 minutes\" \/>\n<script type=\"application\/ld+json\" class=\"yoast-schema-graph\">{\"@context\":\"https:\\\/\\\/schema.org\",\"@graph\":[{\"@type\":\"Article\",\"@id\":\"https:\\\/\\\/csma.es\\\/actualidad\\\/concierto-camerata-de-cuerda-10-diciembre\\\/#article\",\"isPartOf\":{\"@id\":\"https:\\\/\\\/csma.es\\\/actualidad\\\/concierto-camerata-de-cuerda-10-diciembre\\\/\"},\"author\":{\"name\":\"TICS CSMA\",\"@id\":\"https:\\\/\\\/csma.es\\\/#\\\/schema\\\/person\\\/dd9e345cd1ec5925a5e8927a0cb3fc69\"},\"headline\":\"Concierto: Camerata de Cuerda, 10 diciembre\",\"datePublished\":\"2021-12-07T21:13:24+00:00\",\"mainEntityOfPage\":{\"@id\":\"https:\\\/\\\/csma.es\\\/actualidad\\\/concierto-camerata-de-cuerda-10-diciembre\\\/\"},\"wordCount\":698,\"commentCount\":0,\"publisher\":{\"@id\":\"https:\\\/\\\/csma.es\\\/#organization\"},\"image\":{\"@id\":\"https:\\\/\\\/csma.es\\\/actualidad\\\/concierto-camerata-de-cuerda-10-diciembre\\\/#primaryimage\"},\"thumbnailUrl\":\"https:\\\/\\\/csma.es\\\/wp-content\\\/uploads\\\/2021\\\/12\\\/concierto_camerata.png\",\"articleSection\":[\"Noticias\"],\"inLanguage\":\"en-US\",\"potentialAction\":[{\"@type\":\"CommentAction\",\"name\":\"Comment\",\"target\":[\"https:\\\/\\\/csma.es\\\/actualidad\\\/concierto-camerata-de-cuerda-10-diciembre\\\/#respond\"]}]},{\"@type\":\"WebPage\",\"@id\":\"https:\\\/\\\/csma.es\\\/actualidad\\\/concierto-camerata-de-cuerda-10-diciembre\\\/\",\"url\":\"https:\\\/\\\/csma.es\\\/actualidad\\\/concierto-camerata-de-cuerda-10-diciembre\\\/\",\"name\":\"Concierto: Camerata de Cuerda, 10 diciembre - CSMA\",\"isPartOf\":{\"@id\":\"https:\\\/\\\/csma.es\\\/#website\"},\"primaryImageOfPage\":{\"@id\":\"https:\\\/\\\/csma.es\\\/actualidad\\\/concierto-camerata-de-cuerda-10-diciembre\\\/#primaryimage\"},\"image\":{\"@id\":\"https:\\\/\\\/csma.es\\\/actualidad\\\/concierto-camerata-de-cuerda-10-diciembre\\\/#primaryimage\"},\"thumbnailUrl\":\"https:\\\/\\\/csma.es\\\/wp-content\\\/uploads\\\/2021\\\/12\\\/concierto_camerata.png\",\"datePublished\":\"2021-12-07T21:13:24+00:00\",\"breadcrumb\":{\"@id\":\"https:\\\/\\\/csma.es\\\/actualidad\\\/concierto-camerata-de-cuerda-10-diciembre\\\/#breadcrumb\"},\"inLanguage\":\"en-US\",\"potentialAction\":[{\"@type\":\"ReadAction\",\"target\":[\"https:\\\/\\\/csma.es\\\/actualidad\\\/concierto-camerata-de-cuerda-10-diciembre\\\/\"]}]},{\"@type\":\"ImageObject\",\"inLanguage\":\"en-US\",\"@id\":\"https:\\\/\\\/csma.es\\\/actualidad\\\/concierto-camerata-de-cuerda-10-diciembre\\\/#primaryimage\",\"url\":\"https:\\\/\\\/csma.es\\\/wp-content\\\/uploads\\\/2021\\\/12\\\/concierto_camerata.png\",\"contentUrl\":\"https:\\\/\\\/csma.es\\\/wp-content\\\/uploads\\\/2021\\\/12\\\/concierto_camerata.png\",\"width\":1024,\"height\":512},{\"@type\":\"BreadcrumbList\",\"@id\":\"https:\\\/\\\/csma.es\\\/actualidad\\\/concierto-camerata-de-cuerda-10-diciembre\\\/#breadcrumb\",\"itemListElement\":[{\"@type\":\"ListItem\",\"position\":1,\"name\":\"Portada\",\"item\":\"https:\\\/\\\/csma.es\\\/en\\\/\"},{\"@type\":\"ListItem\",\"position\":2,\"name\":\"Concierto: Camerata de Cuerda, 10 diciembre\"}]},{\"@type\":\"WebSite\",\"@id\":\"https:\\\/\\\/csma.es\\\/#website\",\"url\":\"https:\\\/\\\/csma.es\\\/\",\"name\":\"CSMA\",\"description\":\"Conservatorio Superior de M\u00fasica de Arag\u00f3n\",\"publisher\":{\"@id\":\"https:\\\/\\\/csma.es\\\/#organization\"},\"potentialAction\":[{\"@type\":\"SearchAction\",\"target\":{\"@type\":\"EntryPoint\",\"urlTemplate\":\"https:\\\/\\\/csma.es\\\/?s={search_term_string}\"},\"query-input\":{\"@type\":\"PropertyValueSpecification\",\"valueRequired\":true,\"valueName\":\"search_term_string\"}}],\"inLanguage\":\"en-US\"},{\"@type\":\"Organization\",\"@id\":\"https:\\\/\\\/csma.es\\\/#organization\",\"name\":\"Conservatorio Superior de M\u00fasica de Arag\u00f3n\",\"url\":\"https:\\\/\\\/csma.es\\\/\",\"logo\":{\"@type\":\"ImageObject\",\"inLanguage\":\"en-US\",\"@id\":\"https:\\\/\\\/csma.es\\\/#\\\/schema\\\/logo\\\/image\\\/\",\"url\":\"https:\\\/\\\/csma.es\\\/wp-content\\\/uploads\\\/2025\\\/04\\\/cropped-logo-csma-40anos-vertical-sintexto-positivo.png\",\"contentUrl\":\"https:\\\/\\\/csma.es\\\/wp-content\\\/uploads\\\/2025\\\/04\\\/cropped-logo-csma-40anos-vertical-sintexto-positivo.png\",\"width\":512,\"height\":512,\"caption\":\"Conservatorio Superior de M\u00fasica de Arag\u00f3n\"},\"image\":{\"@id\":\"https:\\\/\\\/csma.es\\\/#\\\/schema\\\/logo\\\/image\\\/\"},\"sameAs\":[\"https:\\\/\\\/www.facebook.com\\\/CSMAragon\\\/\",\"https:\\\/\\\/x.com\\\/csmaconser\",\"https:\\\/\\\/www.instagram.com\\\/csmaragon\\\/\",\"https:\\\/\\\/www.youtube.com\\\/channel\\\/UCcsLLtgZJUhz11-3Aj1sv3w\"]},{\"@type\":\"Person\",\"@id\":\"https:\\\/\\\/csma.es\\\/#\\\/schema\\\/person\\\/dd9e345cd1ec5925a5e8927a0cb3fc69\",\"name\":\"TICS CSMA\"}]}<\/script>\n<!-- \/ Yoast SEO plugin. -->","yoast_head_json":{"title":"Concierto: Camerata de Cuerda, 10 diciembre - CSMA","robots":{"index":"index","follow":"follow","max-snippet":"max-snippet:-1","max-image-preview":"max-image-preview:large","max-video-preview":"max-video-preview:-1"},"canonical":"https:\/\/csma.es\/actualidad\/concierto-camerata-de-cuerda-10-diciembre\/","og_locale":"en_US","og_type":"article","og_title":"Concierto: Camerata de Cuerda, 10 diciembre - CSMA","og_description":"CAMERATA DE CUERDA Concertino-director: Josep Colom\u00e9 Viernes, 10 de diciembre de 2021, 19:30.\u00a0Auditorio del Pueyo, CSMA &#8211; &#8211; BRITANNIA &#8211; Danzas y romances, de enigmas...","og_url":"https:\/\/csma.es\/actualidad\/concierto-camerata-de-cuerda-10-diciembre\/","og_site_name":"CSMA","article_publisher":"https:\/\/www.facebook.com\/CSMAragon\/","article_published_time":"2021-12-07T21:13:24+00:00","og_image":[{"width":1024,"height":512,"url":"https:\/\/csma.es\/wp-content\/uploads\/2021\/12\/concierto_camerata.png","type":"image\/png"}],"author":"TICS CSMA","twitter_card":"summary_large_image","twitter_creator":"@csmaconser","twitter_site":"@csmaconser","twitter_misc":{"Written by":"TICS CSMA","Est. reading time":"3 minutes"},"schema":{"@context":"https:\/\/schema.org","@graph":[{"@type":"Article","@id":"https:\/\/csma.es\/actualidad\/concierto-camerata-de-cuerda-10-diciembre\/#article","isPartOf":{"@id":"https:\/\/csma.es\/actualidad\/concierto-camerata-de-cuerda-10-diciembre\/"},"author":{"name":"TICS CSMA","@id":"https:\/\/csma.es\/#\/schema\/person\/dd9e345cd1ec5925a5e8927a0cb3fc69"},"headline":"Concierto: Camerata de Cuerda, 10 diciembre","datePublished":"2021-12-07T21:13:24+00:00","mainEntityOfPage":{"@id":"https:\/\/csma.es\/actualidad\/concierto-camerata-de-cuerda-10-diciembre\/"},"wordCount":698,"commentCount":0,"publisher":{"@id":"https:\/\/csma.es\/#organization"},"image":{"@id":"https:\/\/csma.es\/actualidad\/concierto-camerata-de-cuerda-10-diciembre\/#primaryimage"},"thumbnailUrl":"https:\/\/csma.es\/wp-content\/uploads\/2021\/12\/concierto_camerata.png","articleSection":["Noticias"],"inLanguage":"en-US","potentialAction":[{"@type":"CommentAction","name":"Comment","target":["https:\/\/csma.es\/actualidad\/concierto-camerata-de-cuerda-10-diciembre\/#respond"]}]},{"@type":"WebPage","@id":"https:\/\/csma.es\/actualidad\/concierto-camerata-de-cuerda-10-diciembre\/","url":"https:\/\/csma.es\/actualidad\/concierto-camerata-de-cuerda-10-diciembre\/","name":"Concierto: Camerata de Cuerda, 10 diciembre - CSMA","isPartOf":{"@id":"https:\/\/csma.es\/#website"},"primaryImageOfPage":{"@id":"https:\/\/csma.es\/actualidad\/concierto-camerata-de-cuerda-10-diciembre\/#primaryimage"},"image":{"@id":"https:\/\/csma.es\/actualidad\/concierto-camerata-de-cuerda-10-diciembre\/#primaryimage"},"thumbnailUrl":"https:\/\/csma.es\/wp-content\/uploads\/2021\/12\/concierto_camerata.png","datePublished":"2021-12-07T21:13:24+00:00","breadcrumb":{"@id":"https:\/\/csma.es\/actualidad\/concierto-camerata-de-cuerda-10-diciembre\/#breadcrumb"},"inLanguage":"en-US","potentialAction":[{"@type":"ReadAction","target":["https:\/\/csma.es\/actualidad\/concierto-camerata-de-cuerda-10-diciembre\/"]}]},{"@type":"ImageObject","inLanguage":"en-US","@id":"https:\/\/csma.es\/actualidad\/concierto-camerata-de-cuerda-10-diciembre\/#primaryimage","url":"https:\/\/csma.es\/wp-content\/uploads\/2021\/12\/concierto_camerata.png","contentUrl":"https:\/\/csma.es\/wp-content\/uploads\/2021\/12\/concierto_camerata.png","width":1024,"height":512},{"@type":"BreadcrumbList","@id":"https:\/\/csma.es\/actualidad\/concierto-camerata-de-cuerda-10-diciembre\/#breadcrumb","itemListElement":[{"@type":"ListItem","position":1,"name":"Portada","item":"https:\/\/csma.es\/en\/"},{"@type":"ListItem","position":2,"name":"Concierto: Camerata de Cuerda, 10 diciembre"}]},{"@type":"WebSite","@id":"https:\/\/csma.es\/#website","url":"https:\/\/csma.es\/","name":"CSMA","description":"Conservatorio Superior de M\u00fasica de Arag\u00f3n","publisher":{"@id":"https:\/\/csma.es\/#organization"},"potentialAction":[{"@type":"SearchAction","target":{"@type":"EntryPoint","urlTemplate":"https:\/\/csma.es\/?s={search_term_string}"},"query-input":{"@type":"PropertyValueSpecification","valueRequired":true,"valueName":"search_term_string"}}],"inLanguage":"en-US"},{"@type":"Organization","@id":"https:\/\/csma.es\/#organization","name":"Conservatorio Superior de M\u00fasica de Arag\u00f3n","url":"https:\/\/csma.es\/","logo":{"@type":"ImageObject","inLanguage":"en-US","@id":"https:\/\/csma.es\/#\/schema\/logo\/image\/","url":"https:\/\/csma.es\/wp-content\/uploads\/2025\/04\/cropped-logo-csma-40anos-vertical-sintexto-positivo.png","contentUrl":"https:\/\/csma.es\/wp-content\/uploads\/2025\/04\/cropped-logo-csma-40anos-vertical-sintexto-positivo.png","width":512,"height":512,"caption":"Conservatorio Superior de M\u00fasica de Arag\u00f3n"},"image":{"@id":"https:\/\/csma.es\/#\/schema\/logo\/image\/"},"sameAs":["https:\/\/www.facebook.com\/CSMAragon\/","https:\/\/x.com\/csmaconser","https:\/\/www.instagram.com\/csmaragon\/","https:\/\/www.youtube.com\/channel\/UCcsLLtgZJUhz11-3Aj1sv3w"]},{"@type":"Person","@id":"https:\/\/csma.es\/#\/schema\/person\/dd9e345cd1ec5925a5e8927a0cb3fc69","name":"TICS CSMA"}]}},"publishpress_future_action":{"enabled":false,"date":"2026-05-04 16:30:27","action":"change-status","newStatus":"draft","terms":[],"taxonomy":"category","extraData":[]},"publishpress_future_workflow_manual_trigger":{"enabledWorkflows":[]},"_links":{"self":[{"href":"https:\/\/csma.es\/en\/wp-json\/wp\/v2\/posts\/21897","targetHints":{"allow":["GET"]}}],"collection":[{"href":"https:\/\/csma.es\/en\/wp-json\/wp\/v2\/posts"}],"about":[{"href":"https:\/\/csma.es\/en\/wp-json\/wp\/v2\/types\/post"}],"author":[{"embeddable":true,"href":"https:\/\/csma.es\/en\/wp-json\/wp\/v2\/users\/3"}],"replies":[{"embeddable":true,"href":"https:\/\/csma.es\/en\/wp-json\/wp\/v2\/comments?post=21897"}],"version-history":[{"count":0,"href":"https:\/\/csma.es\/en\/wp-json\/wp\/v2\/posts\/21897\/revisions"}],"wp:featuredmedia":[{"embeddable":true,"href":"https:\/\/csma.es\/en\/wp-json\/wp\/v2\/media\/21898"}],"wp:attachment":[{"href":"https:\/\/csma.es\/en\/wp-json\/wp\/v2\/media?parent=21897"}],"wp:term":[{"taxonomy":"category","embeddable":true,"href":"https:\/\/csma.es\/en\/wp-json\/wp\/v2\/categories?post=21897"},{"taxonomy":"post_tag","embeddable":true,"href":"https:\/\/csma.es\/en\/wp-json\/wp\/v2\/tags?post=21897"}],"curies":[{"name":"wp","href":"https:\/\/api.w.org\/{rel}","templated":true}]}}