{"id":21794,"date":"2021-10-27T17:06:03","date_gmt":"2021-10-27T15:06:03","guid":{"rendered":"https:\/\/csma.es\/?p=21794"},"modified":"2021-10-27T18:17:06","modified_gmt":"2021-10-27T16:17:06","slug":"el-primer-palau","status":"publish","type":"post","link":"https:\/\/csma.es\/en\/noticias\/el-primer-palau\/","title":{"rendered":"El Primer Palau"},"content":{"rendered":"<p><strong>Convocatoria y bases<\/strong><\/p>\n<p>La Fundaci\u00f3 Orfe\u00f3 Catal\u00e0-Palau de la M\u00fasica Catalana organiza la vig\u00e9sima s\u00e9ptima edici\u00f3n del ciclo El Primer Palau, con el fin de ofrecer la posibilidad de debutar en el prestigioso marco de la Sala de Conciertos del Palau de la M\u00fasica Catalana de Barcelona a los j\u00f3venes int\u00e9rpretes de m\u00fasica cl\u00e1sica que todav\u00eda no hayan tenido la oportunidad de llevarlo a cabo individualmente como solista en concierto p\u00fablico.<\/p>\n<p>&nbsp;<\/p>\n<p><strong>Convocatoria<\/strong><\/p>\n<p>La convocatoria est\u00e1 abierta a instrumentistas de cuerda, teclado, viento o percusi\u00f3n, cantantes, d\u00faos con piano ygrupos de m\u00fasica de c\u00e1mara constituidos, de nivel superioro graduados. Los solicitantes deber\u00e1n ser ciudadanos o residentes de estados miembros de la Uni\u00f3n Europea, nacidos apartir del a\u00f1o 1995si se trata de instrumentistas, o a partir dela\u00f1o 1992si se trata de cantantes.<\/p>\n<p><strong>Candidatos<\/strong><\/p>\n<p>Los candidatos deber\u00e1n enviar firmada la solicitud de participaci\u00f3n en el ciclo, as\u00ed como el resto de la documentaci\u00f3n solicitada antes del d\u00eda 24de enero de 2022,ya sea por correo postal, a la Fundaci\u00f3 Orfe\u00f3 Catal\u00e0-Palau de la M\u00fasica Catalana, El Primer Palau, c\/ Palau de la M\u00fasica, 4-6, 08003 Barcelona. o por correo electr\u00f3nico a elprimerpalau@palaumusica.cat.La documentaci\u00f3n solicitada es la siguiente: fotocopia del DNI, certificado de estudios, curr\u00edculum art\u00edstico (con la correspondiente confirmaci\u00f3n documental), fotograf\u00eda de calidad suficiente para su publicaci\u00f3n(300 dpi), grabaci\u00f3n de audio (formato MP3) o v\u00eddeo (formato MP4, WMV, AVI) y, en su caso, cualquier documentaci\u00f3n que permita valorar su nivel art\u00edstico. Una calidad t\u00e9cnica deficiente de la grabaci\u00f3n remitida puede influir de forma negativa en la selecci\u00f3n del candidato.<\/p>\n<p><strong>Solicitantes<\/strong><\/p>\n<p>Los solicitantes deber\u00e1n presentar una o diferentes propuestas del repertorio que deseen interpretar, cuya duraci\u00f3n m\u00e1xima ser\u00e1 de 35 minutos, correspondiente a la modalidad escogida (recital solista o m\u00fasica de c\u00e1mara). Los conjuntos de c\u00e1mara deber\u00e1n presentar \u2013adem\u00e1s del curr\u00edculum individual de sus miembros\u2013un historial del grupo debidamente documentado. En caso de incluir obras in\u00e9ditas o encargadas expresamente por los candidatos, ser\u00e1 necesario presentar tambi\u00e9n la partitura de la obra en cuesti\u00f3n. Para optar al Premio Joventuts Musicals de Catalunya, los participantes deber\u00e1n incluir en el programa una obra de autor catal\u00e1n.<\/p>\n<p><strong>Selecci\u00f3n<\/strong><\/p>\n<p>La selecci\u00f3n de los int\u00e9rpretes se realizar\u00e1, a partir de las solicitudes recibidas, por la Fundaci\u00f3 Orfe\u00f3 Catal\u00e0-Palau de la M\u00fasica Catalana, con el eventual asesoramiento de una comisi\u00f3n consultiva de personas expertas. Adem\u00e1s del valor de los int\u00e9rpretes aspirantes, se tendr\u00e1 en cuenta la adecuaci\u00f3n de las propuestas a la estructura de los conciertos prevista por los organizadores, el inter\u00e9s del repertorio propuesto y la variedad de la programaci\u00f3n global. La presencia de obras de compositores catalanes actuales \u2013junto al repertorio cl\u00e1sico\u2013en las propuestas de programaci\u00f3n de los aspirantes ser\u00e1 considerada positivamente en la selecci\u00f3n de los participantes. Si se considera oportuno, la Fundaci\u00f3 Orfe\u00f3 Catal\u00e0-Palau de la M\u00fasica Catalana se reserva el derecho a convocar a aquellos aspirantes que considere oportuno para una audici\u00f3n previa.<\/p>\n<p><strong>Ciclo<\/strong><\/p>\n<p>El ciclo constar\u00e1 de cuatro conciertos, que tendr\u00e1n lugar durante los meses de septiembre y octubre de 2022.<\/p>\n<p><strong>Conciertos<\/strong><\/p>\n<p>Los conciertos del ciclo El Primer Palau podr\u00e1n ser grabados, total o parcialmente, por la emisora Catalunya M\u00fasica. Los participantes se comprometen a autorizarde forma gratuita la reproducci\u00f3n y\/o comunicaci\u00f3n p\u00fablica de las ejecuciones derivadas de las presentes bases, sin perjuicio de reconocer su autor\u00eda.<\/p>\n<p><strong>Premios<\/strong><\/p>\n<p>Paralelamente a la celebraci\u00f3n del ciclo, se convoca el Premio El Primer Palau, que ser\u00e1 concedido a uno de los participantes \u2013individual o colectivo\u2013por un jurado cuya composici\u00f3n se dar\u00e1 a conocer oportunamente. El Premio El Primer Palau \u2013ofrecido por Mitsubishi Electric Europe B. V. Sucursal en Espa\u00f1a\u2013tendr\u00e1 una dotaci\u00f3n de 5.000 \u20ac y no podr\u00e1 dividirse. Si el jurado lo considera oportuno, podr\u00e1 conceder, adem\u00e1s, un segundo premio, dotado con 2.500 \u20ac, o dos acc\u00e9sits, dotados cada uno de ellos con 1.250 \u20ac.Entre los int\u00e9rpretes galardonados en la presente edici\u00f3n de El Primer Palau, Catalunya M\u00fasica otorgar\u00e1 un premio que consistir\u00e1 en la grabaci\u00f3n de una maqueta profesional con un repertorio a escoger por el ganador y en la promoci\u00f3n internacional del ganador a trav\u00e9s de sus canales (canales de radio y la red de la Uni\u00f3n Europea de Radiodifusi\u00f3n). La Federaci\u00f3 de Joventuts Musicals de Catalunya otorgar\u00e1 el Premio Joventuts Musicals de Catalunya al mejor int\u00e9rprete de obra de autor catal\u00e1n, que consistir\u00e1 en la participaci\u00f3n en el circuito Xarxa de M\u00fasiques a Catalunya. La Confederaci\u00f3n de Juventudes Musicales de Espa\u00f1a otorgar\u00e1 el Premio Juventudes Musicales de Espa\u00f1a a un premiado en los premios oficiales, consistente en la inclusi\u00f3n en la Red de M\u00fasicas que JMEspa\u00f1a organiza en diferentes localidades del Estado espa\u00f1ol a lo largo de la temporada 2022-23. Un jurado formado por una representaci\u00f3n de la cr\u00edtica musical de Barcelona conceder\u00e1 el Premio de la Cr\u00edtica, dotado con 1.000 \u20ac, destinados a comprar material musical. La proclamaci\u00f3n oficial del veredicto tendr\u00e1 lugar en el concierto extraordinario de clausura del ciclo.<\/p>\n<p>NOTA: La candidatura para participar en el ciclo supone la aceptaci\u00f3n de estas bases y de las decisiones que se deriven de la convocatoria. Los int\u00e9rpretes deber\u00e1n aceptar las condiciones propuestas por los organizadores. Cualquier incidencia no prevista, relativa a esta convocatoria, ser\u00e1 resuelta por la Direcci\u00f3n de la Fundaci\u00f3 Orfe\u00f3 <a href=\"https:\/\/csma.es\/wp-content\/uploads\/2021\/10\/El-Primer-Palau-BASES-22-cat-cast-ang.pdf\" class=\"pdfemb-viewer\" style=\"\" data-width=\"max\" data-height=\"max\" data-toolbar=\"bottom\" data-toolbar-fixed=\"on\">El Primer Palau - BASES 22 (cat-cast-ang)<\/a>Catal\u00e0-Palau de la M\u00fasica Catalana, sin posibilidad de ulterior recurso. Para m\u00e1s informaci\u00f3n: elprimerpalau@palaumusica.cat<\/p>\n","protected":false},"excerpt":{"rendered":"<p>Convocatoria y bases La Fundaci\u00f3 Orfe\u00f3 Catal\u00e0-Palau de la M\u00fasica Catalana organiza la vig\u00e9sima s\u00e9ptima edici\u00f3n del ciclo El Primer Palau, con el fin de&#8230;<\/p>\n","protected":false},"author":3,"featured_media":17770,"comment_status":"open","ping_status":"open","sticky":false,"template":"","format":"standard","meta":{"footnotes":""},"categories":[368],"tags":[],"class_list":["post-21794","post","type-post","status-publish","format-standard","has-post-thumbnail","hentry","category-noticias"],"yoast_head":"<!-- This site is optimized with the Yoast SEO plugin v27.5 - https:\/\/yoast.com\/product\/yoast-seo-wordpress\/ -->\n<title>El Primer Palau - CSMA<\/title>\n<meta name=\"robots\" content=\"index, follow, max-snippet:-1, max-image-preview:large, max-video-preview:-1\" \/>\n<link rel=\"canonical\" href=\"https:\/\/csma.es\/noticias\/el-primer-palau\/\" \/>\n<meta property=\"og:locale\" content=\"en_US\" \/>\n<meta property=\"og:type\" content=\"article\" \/>\n<meta property=\"og:title\" content=\"El Primer Palau - CSMA\" \/>\n<meta property=\"og:description\" content=\"Convocatoria y bases La Fundaci\u00f3 Orfe\u00f3 Catal\u00e0-Palau de la M\u00fasica Catalana organiza la vig\u00e9sima s\u00e9ptima edici\u00f3n del ciclo El Primer Palau, con el fin de...\" \/>\n<meta property=\"og:url\" content=\"https:\/\/csma.es\/noticias\/el-primer-palau\/\" \/>\n<meta property=\"og:site_name\" content=\"CSMA\" \/>\n<meta property=\"article:publisher\" content=\"https:\/\/www.facebook.com\/CSMAragon\/\" \/>\n<meta property=\"article:published_time\" content=\"2021-10-27T15:06:03+00:00\" \/>\n<meta property=\"article:modified_time\" content=\"2021-10-27T16:17:06+00:00\" \/>\n<meta property=\"og:image\" content=\"https:\/\/csma.es\/wp-content\/uploads\/2019\/12\/CSMA_Apertura-curso-2019-23_websize.jpg\" \/>\n\t<meta property=\"og:image:width\" content=\"1600\" \/>\n\t<meta property=\"og:image:height\" content=\"1067\" \/>\n\t<meta property=\"og:image:type\" content=\"image\/jpeg\" \/>\n<meta name=\"author\" content=\"TICS CSMA\" \/>\n<meta name=\"twitter:card\" content=\"summary_large_image\" \/>\n<meta name=\"twitter:creator\" content=\"@csmaconser\" \/>\n<meta name=\"twitter:site\" content=\"@csmaconser\" \/>\n<meta name=\"twitter:label1\" content=\"Written by\" \/>\n\t<meta name=\"twitter:data1\" content=\"TICS CSMA\" \/>\n\t<meta name=\"twitter:label2\" content=\"Est. reading time\" \/>\n\t<meta name=\"twitter:data2\" content=\"4 minutes\" \/>\n<script type=\"application\/ld+json\" class=\"yoast-schema-graph\">{\"@context\":\"https:\\\/\\\/schema.org\",\"@graph\":[{\"@type\":\"Article\",\"@id\":\"https:\\\/\\\/csma.es\\\/noticias\\\/el-primer-palau\\\/#article\",\"isPartOf\":{\"@id\":\"https:\\\/\\\/csma.es\\\/noticias\\\/el-primer-palau\\\/\"},\"author\":{\"name\":\"TICS CSMA\",\"@id\":\"https:\\\/\\\/csma.es\\\/#\\\/schema\\\/person\\\/dd9e345cd1ec5925a5e8927a0cb3fc69\"},\"headline\":\"El Primer Palau\",\"datePublished\":\"2021-10-27T15:06:03+00:00\",\"dateModified\":\"2021-10-27T16:17:06+00:00\",\"mainEntityOfPage\":{\"@id\":\"https:\\\/\\\/csma.es\\\/noticias\\\/el-primer-palau\\\/\"},\"wordCount\":1008,\"commentCount\":0,\"publisher\":{\"@id\":\"https:\\\/\\\/csma.es\\\/#organization\"},\"image\":{\"@id\":\"https:\\\/\\\/csma.es\\\/noticias\\\/el-primer-palau\\\/#primaryimage\"},\"thumbnailUrl\":\"https:\\\/\\\/csma.es\\\/wp-content\\\/uploads\\\/2019\\\/12\\\/CSMA_Apertura-curso-2019-23_websize.jpg\",\"articleSection\":[\"Noticias\"],\"inLanguage\":\"en-US\",\"potentialAction\":[{\"@type\":\"CommentAction\",\"name\":\"Comment\",\"target\":[\"https:\\\/\\\/csma.es\\\/noticias\\\/el-primer-palau\\\/#respond\"]}]},{\"@type\":\"WebPage\",\"@id\":\"https:\\\/\\\/csma.es\\\/noticias\\\/el-primer-palau\\\/\",\"url\":\"https:\\\/\\\/csma.es\\\/noticias\\\/el-primer-palau\\\/\",\"name\":\"El Primer Palau - CSMA\",\"isPartOf\":{\"@id\":\"https:\\\/\\\/csma.es\\\/#website\"},\"primaryImageOfPage\":{\"@id\":\"https:\\\/\\\/csma.es\\\/noticias\\\/el-primer-palau\\\/#primaryimage\"},\"image\":{\"@id\":\"https:\\\/\\\/csma.es\\\/noticias\\\/el-primer-palau\\\/#primaryimage\"},\"thumbnailUrl\":\"https:\\\/\\\/csma.es\\\/wp-content\\\/uploads\\\/2019\\\/12\\\/CSMA_Apertura-curso-2019-23_websize.jpg\",\"datePublished\":\"2021-10-27T15:06:03+00:00\",\"dateModified\":\"2021-10-27T16:17:06+00:00\",\"breadcrumb\":{\"@id\":\"https:\\\/\\\/csma.es\\\/noticias\\\/el-primer-palau\\\/#breadcrumb\"},\"inLanguage\":\"en-US\",\"potentialAction\":[{\"@type\":\"ReadAction\",\"target\":[\"https:\\\/\\\/csma.es\\\/noticias\\\/el-primer-palau\\\/\"]}]},{\"@type\":\"ImageObject\",\"inLanguage\":\"en-US\",\"@id\":\"https:\\\/\\\/csma.es\\\/noticias\\\/el-primer-palau\\\/#primaryimage\",\"url\":\"https:\\\/\\\/csma.es\\\/wp-content\\\/uploads\\\/2019\\\/12\\\/CSMA_Apertura-curso-2019-23_websize.jpg\",\"contentUrl\":\"https:\\\/\\\/csma.es\\\/wp-content\\\/uploads\\\/2019\\\/12\\\/CSMA_Apertura-curso-2019-23_websize.jpg\",\"width\":1600,\"height\":1067},{\"@type\":\"BreadcrumbList\",\"@id\":\"https:\\\/\\\/csma.es\\\/noticias\\\/el-primer-palau\\\/#breadcrumb\",\"itemListElement\":[{\"@type\":\"ListItem\",\"position\":1,\"name\":\"Portada\",\"item\":\"https:\\\/\\\/csma.es\\\/en\\\/\"},{\"@type\":\"ListItem\",\"position\":2,\"name\":\"El Primer Palau\"}]},{\"@type\":\"WebSite\",\"@id\":\"https:\\\/\\\/csma.es\\\/#website\",\"url\":\"https:\\\/\\\/csma.es\\\/\",\"name\":\"CSMA\",\"description\":\"Conservatorio Superior de M\u00fasica de Arag\u00f3n\",\"publisher\":{\"@id\":\"https:\\\/\\\/csma.es\\\/#organization\"},\"potentialAction\":[{\"@type\":\"SearchAction\",\"target\":{\"@type\":\"EntryPoint\",\"urlTemplate\":\"https:\\\/\\\/csma.es\\\/?s={search_term_string}\"},\"query-input\":{\"@type\":\"PropertyValueSpecification\",\"valueRequired\":true,\"valueName\":\"search_term_string\"}}],\"inLanguage\":\"en-US\"},{\"@type\":\"Organization\",\"@id\":\"https:\\\/\\\/csma.es\\\/#organization\",\"name\":\"Conservatorio Superior de M\u00fasica de Arag\u00f3n\",\"url\":\"https:\\\/\\\/csma.es\\\/\",\"logo\":{\"@type\":\"ImageObject\",\"inLanguage\":\"en-US\",\"@id\":\"https:\\\/\\\/csma.es\\\/#\\\/schema\\\/logo\\\/image\\\/\",\"url\":\"https:\\\/\\\/csma.es\\\/wp-content\\\/uploads\\\/2025\\\/04\\\/cropped-logo-csma-40anos-vertical-sintexto-positivo.png\",\"contentUrl\":\"https:\\\/\\\/csma.es\\\/wp-content\\\/uploads\\\/2025\\\/04\\\/cropped-logo-csma-40anos-vertical-sintexto-positivo.png\",\"width\":512,\"height\":512,\"caption\":\"Conservatorio Superior de M\u00fasica de Arag\u00f3n\"},\"image\":{\"@id\":\"https:\\\/\\\/csma.es\\\/#\\\/schema\\\/logo\\\/image\\\/\"},\"sameAs\":[\"https:\\\/\\\/www.facebook.com\\\/CSMAragon\\\/\",\"https:\\\/\\\/x.com\\\/csmaconser\",\"https:\\\/\\\/www.instagram.com\\\/csmaragon\\\/\",\"https:\\\/\\\/www.youtube.com\\\/channel\\\/UCcsLLtgZJUhz11-3Aj1sv3w\"]},{\"@type\":\"Person\",\"@id\":\"https:\\\/\\\/csma.es\\\/#\\\/schema\\\/person\\\/dd9e345cd1ec5925a5e8927a0cb3fc69\",\"name\":\"TICS CSMA\"}]}<\/script>\n<!-- \/ Yoast SEO plugin. -->","yoast_head_json":{"title":"El Primer Palau - CSMA","robots":{"index":"index","follow":"follow","max-snippet":"max-snippet:-1","max-image-preview":"max-image-preview:large","max-video-preview":"max-video-preview:-1"},"canonical":"https:\/\/csma.es\/noticias\/el-primer-palau\/","og_locale":"en_US","og_type":"article","og_title":"El Primer Palau - CSMA","og_description":"Convocatoria y bases La Fundaci\u00f3 Orfe\u00f3 Catal\u00e0-Palau de la M\u00fasica Catalana organiza la vig\u00e9sima s\u00e9ptima edici\u00f3n del ciclo El Primer Palau, con el fin de...","og_url":"https:\/\/csma.es\/noticias\/el-primer-palau\/","og_site_name":"CSMA","article_publisher":"https:\/\/www.facebook.com\/CSMAragon\/","article_published_time":"2021-10-27T15:06:03+00:00","article_modified_time":"2021-10-27T16:17:06+00:00","og_image":[{"width":1600,"height":1067,"url":"https:\/\/csma.es\/wp-content\/uploads\/2019\/12\/CSMA_Apertura-curso-2019-23_websize.jpg","type":"image\/jpeg"}],"author":"TICS CSMA","twitter_card":"summary_large_image","twitter_creator":"@csmaconser","twitter_site":"@csmaconser","twitter_misc":{"Written by":"TICS CSMA","Est. reading time":"4 minutes"},"schema":{"@context":"https:\/\/schema.org","@graph":[{"@type":"Article","@id":"https:\/\/csma.es\/noticias\/el-primer-palau\/#article","isPartOf":{"@id":"https:\/\/csma.es\/noticias\/el-primer-palau\/"},"author":{"name":"TICS CSMA","@id":"https:\/\/csma.es\/#\/schema\/person\/dd9e345cd1ec5925a5e8927a0cb3fc69"},"headline":"El Primer Palau","datePublished":"2021-10-27T15:06:03+00:00","dateModified":"2021-10-27T16:17:06+00:00","mainEntityOfPage":{"@id":"https:\/\/csma.es\/noticias\/el-primer-palau\/"},"wordCount":1008,"commentCount":0,"publisher":{"@id":"https:\/\/csma.es\/#organization"},"image":{"@id":"https:\/\/csma.es\/noticias\/el-primer-palau\/#primaryimage"},"thumbnailUrl":"https:\/\/csma.es\/wp-content\/uploads\/2019\/12\/CSMA_Apertura-curso-2019-23_websize.jpg","articleSection":["Noticias"],"inLanguage":"en-US","potentialAction":[{"@type":"CommentAction","name":"Comment","target":["https:\/\/csma.es\/noticias\/el-primer-palau\/#respond"]}]},{"@type":"WebPage","@id":"https:\/\/csma.es\/noticias\/el-primer-palau\/","url":"https:\/\/csma.es\/noticias\/el-primer-palau\/","name":"El Primer Palau - CSMA","isPartOf":{"@id":"https:\/\/csma.es\/#website"},"primaryImageOfPage":{"@id":"https:\/\/csma.es\/noticias\/el-primer-palau\/#primaryimage"},"image":{"@id":"https:\/\/csma.es\/noticias\/el-primer-palau\/#primaryimage"},"thumbnailUrl":"https:\/\/csma.es\/wp-content\/uploads\/2019\/12\/CSMA_Apertura-curso-2019-23_websize.jpg","datePublished":"2021-10-27T15:06:03+00:00","dateModified":"2021-10-27T16:17:06+00:00","breadcrumb":{"@id":"https:\/\/csma.es\/noticias\/el-primer-palau\/#breadcrumb"},"inLanguage":"en-US","potentialAction":[{"@type":"ReadAction","target":["https:\/\/csma.es\/noticias\/el-primer-palau\/"]}]},{"@type":"ImageObject","inLanguage":"en-US","@id":"https:\/\/csma.es\/noticias\/el-primer-palau\/#primaryimage","url":"https:\/\/csma.es\/wp-content\/uploads\/2019\/12\/CSMA_Apertura-curso-2019-23_websize.jpg","contentUrl":"https:\/\/csma.es\/wp-content\/uploads\/2019\/12\/CSMA_Apertura-curso-2019-23_websize.jpg","width":1600,"height":1067},{"@type":"BreadcrumbList","@id":"https:\/\/csma.es\/noticias\/el-primer-palau\/#breadcrumb","itemListElement":[{"@type":"ListItem","position":1,"name":"Portada","item":"https:\/\/csma.es\/en\/"},{"@type":"ListItem","position":2,"name":"El Primer Palau"}]},{"@type":"WebSite","@id":"https:\/\/csma.es\/#website","url":"https:\/\/csma.es\/","name":"CSMA","description":"Conservatorio Superior de M\u00fasica de Arag\u00f3n","publisher":{"@id":"https:\/\/csma.es\/#organization"},"potentialAction":[{"@type":"SearchAction","target":{"@type":"EntryPoint","urlTemplate":"https:\/\/csma.es\/?s={search_term_string}"},"query-input":{"@type":"PropertyValueSpecification","valueRequired":true,"valueName":"search_term_string"}}],"inLanguage":"en-US"},{"@type":"Organization","@id":"https:\/\/csma.es\/#organization","name":"Conservatorio Superior de M\u00fasica de Arag\u00f3n","url":"https:\/\/csma.es\/","logo":{"@type":"ImageObject","inLanguage":"en-US","@id":"https:\/\/csma.es\/#\/schema\/logo\/image\/","url":"https:\/\/csma.es\/wp-content\/uploads\/2025\/04\/cropped-logo-csma-40anos-vertical-sintexto-positivo.png","contentUrl":"https:\/\/csma.es\/wp-content\/uploads\/2025\/04\/cropped-logo-csma-40anos-vertical-sintexto-positivo.png","width":512,"height":512,"caption":"Conservatorio Superior de M\u00fasica de Arag\u00f3n"},"image":{"@id":"https:\/\/csma.es\/#\/schema\/logo\/image\/"},"sameAs":["https:\/\/www.facebook.com\/CSMAragon\/","https:\/\/x.com\/csmaconser","https:\/\/www.instagram.com\/csmaragon\/","https:\/\/www.youtube.com\/channel\/UCcsLLtgZJUhz11-3Aj1sv3w"]},{"@type":"Person","@id":"https:\/\/csma.es\/#\/schema\/person\/dd9e345cd1ec5925a5e8927a0cb3fc69","name":"TICS CSMA"}]}},"publishpress_future_action":{"enabled":false,"date":"2026-05-10 09:54:26","action":"change-status","newStatus":"draft","terms":[],"taxonomy":"category","extraData":[]},"publishpress_future_workflow_manual_trigger":{"enabledWorkflows":[]},"_links":{"self":[{"href":"https:\/\/csma.es\/en\/wp-json\/wp\/v2\/posts\/21794","targetHints":{"allow":["GET"]}}],"collection":[{"href":"https:\/\/csma.es\/en\/wp-json\/wp\/v2\/posts"}],"about":[{"href":"https:\/\/csma.es\/en\/wp-json\/wp\/v2\/types\/post"}],"author":[{"embeddable":true,"href":"https:\/\/csma.es\/en\/wp-json\/wp\/v2\/users\/3"}],"replies":[{"embeddable":true,"href":"https:\/\/csma.es\/en\/wp-json\/wp\/v2\/comments?post=21794"}],"version-history":[{"count":0,"href":"https:\/\/csma.es\/en\/wp-json\/wp\/v2\/posts\/21794\/revisions"}],"wp:featuredmedia":[{"embeddable":true,"href":"https:\/\/csma.es\/en\/wp-json\/wp\/v2\/media\/17770"}],"wp:attachment":[{"href":"https:\/\/csma.es\/en\/wp-json\/wp\/v2\/media?parent=21794"}],"wp:term":[{"taxonomy":"category","embeddable":true,"href":"https:\/\/csma.es\/en\/wp-json\/wp\/v2\/categories?post=21794"},{"taxonomy":"post_tag","embeddable":true,"href":"https:\/\/csma.es\/en\/wp-json\/wp\/v2\/tags?post=21794"}],"curies":[{"name":"wp","href":"https:\/\/api.w.org\/{rel}","templated":true}]}}