{"id":21604,"date":"2021-10-26T09:10:14","date_gmt":"2021-10-26T07:10:14","guid":{"rendered":"https:\/\/csma.es\/?p=21604"},"modified":"2022-01-19T18:38:06","modified_gmt":"2022-01-19T17:38:06","slug":"clases-magistrales-inaki-alberdi","status":"publish","type":"post","link":"https:\/\/csma.es\/en\/noticias\/clases-magistrales-inaki-alberdi\/","title":{"rendered":"Magistrales Acorde\u00f3n: I\u00f1aki Alberdi &#8211; Noviembre"},"content":{"rendered":"<p>El pr\u00f3ximo <strong>jueves, 4 de noviembre<\/strong>, el CSMA acoger\u00e1 unas <strong>Clases Magistrales<\/strong> de <strong>Acorde\u00f3n<\/strong> a cargo de <strong>I\u00f1aki Alberdi<\/strong>. Se realizar\u00e1n en la <em>Sala Boston<\/em> del Conservatorio Superior de M\u00fasica de Arag\u00f3n. El horario ser\u00e1 de 10:00 a 13:30 y de 15:30 a 19:00. <strong>Solamente puede inscribirse alumnos y profesores del CSMA<\/strong>.<\/p>\n<p><strong><a href=\"https:\/\/docs.google.com\/forms\/d\/e\/1FAIpQLSctb4XkXptNyQBPO4vmQttNpgRJuveiIYw3dHbWEGcLBn94yA\/viewform?usp=sf_link\" target=\"_blank\" rel=\"noopener\">Bolet\u00edn de inscripci\u00f3n<\/a><\/strong> (<strong>es necesario incluir el correo corporativo)<\/strong><\/p>\n<p>I\u00f1aki Alberdi ha colaborado estrechamente con diversos compositores de la actualidad y ha estrenado obras de Sofia Gubaidulina, Karlheinz Stockhausen, Luis de Pablo, Joan Guinjoan, Gabriel Erkoreka, Ramon Lazkano, Jes\u00fas Torres, Alberto Posadas y Jos\u00e9 Mar\u00eda S\u00e1nchez-Verd\u00fa.<\/p>\n<p>En 2012 fue nominado al Gramophon Editor\u2019s Choice Award por su disco monogr\u00e1fico sobre Sofia Gubaidulina junto a la Orquesta Sinf\u00f3nica de Euskadi y Asier Polo, bajo la direcci\u00f3n de Jos\u00e9 Ram\u00f3n Encinar para Et\u2019cetera, en 2015 obtiene el Disco Excepcional Scherzo por su el cd Conciertos para acorde\u00f3n y orquesta junto a la Orquesta Nacional de Espa\u00f1a bajo la direcci\u00f3n de Nacho de Paz y en 2017 le otorgan\u00a0 el Mel\u00f3mano de Oro por Sensations para IBS, integrado por transcripciones de Alb\u00e9niz, Piazzolla y Soler entre otros.<\/p>\n<p>Alberdi ha actuado en salas de conciertos y festivales como el Teatro La Fenice, Musikverein (Viena), Sala Arsenal (Metz), Auditorio Nacional (Madrid), Quincena Musical de San Sebasti\u00e1n, Duke Hall (Londres), Hermitage (San Petersburgo), Ostertoene Festival (Hamburgo), Teatro de la Opera del Cairo, Festival de Oto\u00f1o de Varsovia, Filarm\u00f3nica de San Petersburgo, Staattsoper Stuttgar, Festival de M\u00fasica y Danza de Granada, Bienale de Venecia \u2013 Teatro Goldoni, L\u2019Auditori de Barcelona, Mostly Modern Series of Dublin, Teatro Col\u00f3n de Buenos Aires o Teatro Sol\u00eds de Montevideo.<\/p>\n<p>Como solista, I\u00f1aki Alberdi es invitado habitual de orquestas como la Royal Liverpool Philarmonic, Tampere Chamber Orchestra, Orquesta Nacional de Espa\u00f1a, Orquesta Ciudad de Granada, Orquesta de RTVE, Filarmon\u00eda de Galicia, Orquesta de la Comunidad de Madrid, Orquesta Sinf\u00f3nica de Bilbao, Orquesta de C\u00e1mara Nacional de Andorra, Orquesta Sinf\u00f3nica de Magnitogorsk, Orquesta Filarm\u00f3nica de M\u00e1laga, Filarm\u00f3nica de Montevideo, Orquesta Sinf\u00f3nica de Euskadi y Orquesta del Ministerio de Cultura Ruso, entre otras. Ha trabajado con directores como Juanjo Mena, Josep Pons, Pablo Gonz\u00e1lez, Crist\u00f3bal Halfter, Vasily Petrenko, Adrian Leaper, Pedro Halfter, Alexei Artemiev, Yoav Talmi, Melanie Thiebaut, Nacho de Paz o Jos\u00e9 Ram\u00f3n Encinar.<\/p>\n<p>Formado en los principales centros europeos obtiene el primer premio en la Coupe Mondiale (Colmar 1994), el Concurso Permanente de Juventudes Musicales (Valladolid 1996) y se convierte en el \u00fanico acordeonista occidental en haber logrado el primer premio del Certamen Internacional de Acordeonistas y Bayanistas (Mosc\u00fa 1995).<\/p>\n<p>En la actualidad es profesor del Centro Superior de M\u00fasica del Pa\u00eds Vasco \u2013 Musikene desde 2002, profesor de la Escola Superior de M\u00fasica de Catalunya \u2013 Barcelona (2001-2013),profesor del P\u00f4le d\u2019Enseignement Superieur de Musique de Bordeaux (2014-2016), profesor de la Universidad de las Artes de Basilea (2015-2018) y profesor invitado a los programas de doctorado de la Academia Sibelius de Helsinki (2016-2019).<\/p>\n<p>&nbsp;<\/p>\n","protected":false},"excerpt":{"rendered":"<p>El pr\u00f3ximo jueves, 4 de noviembre, el CSMA acoger\u00e1 unas Clases Magistrales de Acorde\u00f3n a cargo de I\u00f1aki Alberdi. Se realizar\u00e1n en la Sala Boston&#8230;<\/p>\n","protected":false},"author":3,"featured_media":21659,"comment_status":"open","ping_status":"open","sticky":false,"template":"","format":"standard","meta":{"footnotes":""},"categories":[368],"tags":[],"class_list":["post-21604","post","type-post","status-publish","format-standard","has-post-thumbnail","hentry","category-noticias"],"yoast_head":"<!-- This site is optimized with the Yoast SEO plugin v27.5 - https:\/\/yoast.com\/product\/yoast-seo-wordpress\/ -->\n<title>Magistrales Acorde\u00f3n: I\u00f1aki Alberdi - Noviembre - CSMA<\/title>\n<meta name=\"robots\" content=\"index, follow, max-snippet:-1, max-image-preview:large, max-video-preview:-1\" \/>\n<link rel=\"canonical\" href=\"https:\/\/csma.es\/actualidad\/clases-magistrales-inaki-alberdi\/\" \/>\n<meta property=\"og:locale\" content=\"en_US\" \/>\n<meta property=\"og:type\" content=\"article\" \/>\n<meta property=\"og:title\" content=\"Magistrales Acorde\u00f3n: I\u00f1aki Alberdi - Noviembre - CSMA\" \/>\n<meta property=\"og:description\" content=\"El pr\u00f3ximo jueves, 4 de noviembre, el CSMA acoger\u00e1 unas Clases Magistrales de Acorde\u00f3n a cargo de I\u00f1aki Alberdi. Se realizar\u00e1n en la Sala Boston...\" \/>\n<meta property=\"og:url\" content=\"https:\/\/csma.es\/actualidad\/clases-magistrales-inaki-alberdi\/\" \/>\n<meta property=\"og:site_name\" content=\"CSMA\" \/>\n<meta property=\"article:publisher\" content=\"https:\/\/www.facebook.com\/CSMAragon\/\" \/>\n<meta property=\"article:published_time\" content=\"2021-10-26T07:10:14+00:00\" \/>\n<meta property=\"article:modified_time\" content=\"2022-01-19T17:38:06+00:00\" \/>\n<meta property=\"og:image\" content=\"https:\/\/csma.es\/wp-content\/uploads\/2021\/09\/Inaki-Alberdi.jpeg\" \/>\n\t<meta property=\"og:image:width\" content=\"495\" \/>\n\t<meta property=\"og:image:height\" content=\"481\" \/>\n\t<meta property=\"og:image:type\" content=\"image\/jpeg\" \/>\n<meta name=\"author\" content=\"TICS CSMA\" \/>\n<meta name=\"twitter:card\" content=\"summary_large_image\" \/>\n<meta name=\"twitter:creator\" content=\"@csmaconser\" \/>\n<meta name=\"twitter:site\" content=\"@csmaconser\" \/>\n<meta name=\"twitter:label1\" content=\"Written by\" \/>\n\t<meta name=\"twitter:data1\" content=\"TICS CSMA\" \/>\n\t<meta name=\"twitter:label2\" content=\"Est. reading time\" \/>\n\t<meta name=\"twitter:data2\" content=\"3 minutes\" \/>\n<script type=\"application\/ld+json\" class=\"yoast-schema-graph\">{\"@context\":\"https:\\\/\\\/schema.org\",\"@graph\":[{\"@type\":\"Article\",\"@id\":\"https:\\\/\\\/csma.es\\\/actualidad\\\/clases-magistrales-inaki-alberdi\\\/#article\",\"isPartOf\":{\"@id\":\"https:\\\/\\\/csma.es\\\/actualidad\\\/clases-magistrales-inaki-alberdi\\\/\"},\"author\":{\"name\":\"TICS CSMA\",\"@id\":\"https:\\\/\\\/csma.es\\\/#\\\/schema\\\/person\\\/dd9e345cd1ec5925a5e8927a0cb3fc69\"},\"headline\":\"Magistrales Acorde\u00f3n: I\u00f1aki Alberdi &#8211; Noviembre\",\"datePublished\":\"2021-10-26T07:10:14+00:00\",\"dateModified\":\"2022-01-19T17:38:06+00:00\",\"mainEntityOfPage\":{\"@id\":\"https:\\\/\\\/csma.es\\\/actualidad\\\/clases-magistrales-inaki-alberdi\\\/\"},\"wordCount\":526,\"commentCount\":0,\"publisher\":{\"@id\":\"https:\\\/\\\/csma.es\\\/#organization\"},\"image\":{\"@id\":\"https:\\\/\\\/csma.es\\\/actualidad\\\/clases-magistrales-inaki-alberdi\\\/#primaryimage\"},\"thumbnailUrl\":\"https:\\\/\\\/csma.es\\\/wp-content\\\/uploads\\\/2021\\\/09\\\/Inaki-Alberdi.jpeg\",\"articleSection\":[\"Noticias\"],\"inLanguage\":\"en-US\",\"potentialAction\":[{\"@type\":\"CommentAction\",\"name\":\"Comment\",\"target\":[\"https:\\\/\\\/csma.es\\\/actualidad\\\/clases-magistrales-inaki-alberdi\\\/#respond\"]}]},{\"@type\":\"WebPage\",\"@id\":\"https:\\\/\\\/csma.es\\\/actualidad\\\/clases-magistrales-inaki-alberdi\\\/\",\"url\":\"https:\\\/\\\/csma.es\\\/actualidad\\\/clases-magistrales-inaki-alberdi\\\/\",\"name\":\"Magistrales Acorde\u00f3n: I\u00f1aki Alberdi - Noviembre - CSMA\",\"isPartOf\":{\"@id\":\"https:\\\/\\\/csma.es\\\/#website\"},\"primaryImageOfPage\":{\"@id\":\"https:\\\/\\\/csma.es\\\/actualidad\\\/clases-magistrales-inaki-alberdi\\\/#primaryimage\"},\"image\":{\"@id\":\"https:\\\/\\\/csma.es\\\/actualidad\\\/clases-magistrales-inaki-alberdi\\\/#primaryimage\"},\"thumbnailUrl\":\"https:\\\/\\\/csma.es\\\/wp-content\\\/uploads\\\/2021\\\/09\\\/Inaki-Alberdi.jpeg\",\"datePublished\":\"2021-10-26T07:10:14+00:00\",\"dateModified\":\"2022-01-19T17:38:06+00:00\",\"breadcrumb\":{\"@id\":\"https:\\\/\\\/csma.es\\\/actualidad\\\/clases-magistrales-inaki-alberdi\\\/#breadcrumb\"},\"inLanguage\":\"en-US\",\"potentialAction\":[{\"@type\":\"ReadAction\",\"target\":[\"https:\\\/\\\/csma.es\\\/actualidad\\\/clases-magistrales-inaki-alberdi\\\/\"]}]},{\"@type\":\"ImageObject\",\"inLanguage\":\"en-US\",\"@id\":\"https:\\\/\\\/csma.es\\\/actualidad\\\/clases-magistrales-inaki-alberdi\\\/#primaryimage\",\"url\":\"https:\\\/\\\/csma.es\\\/wp-content\\\/uploads\\\/2021\\\/09\\\/Inaki-Alberdi.jpeg\",\"contentUrl\":\"https:\\\/\\\/csma.es\\\/wp-content\\\/uploads\\\/2021\\\/09\\\/Inaki-Alberdi.jpeg\",\"width\":495,\"height\":481},{\"@type\":\"BreadcrumbList\",\"@id\":\"https:\\\/\\\/csma.es\\\/actualidad\\\/clases-magistrales-inaki-alberdi\\\/#breadcrumb\",\"itemListElement\":[{\"@type\":\"ListItem\",\"position\":1,\"name\":\"Portada\",\"item\":\"https:\\\/\\\/csma.es\\\/en\\\/\"},{\"@type\":\"ListItem\",\"position\":2,\"name\":\"Magistrales Acorde\u00f3n: I\u00f1aki Alberdi &#8211; Noviembre\"}]},{\"@type\":\"WebSite\",\"@id\":\"https:\\\/\\\/csma.es\\\/#website\",\"url\":\"https:\\\/\\\/csma.es\\\/\",\"name\":\"CSMA\",\"description\":\"Conservatorio Superior de M\u00fasica de Arag\u00f3n\",\"publisher\":{\"@id\":\"https:\\\/\\\/csma.es\\\/#organization\"},\"potentialAction\":[{\"@type\":\"SearchAction\",\"target\":{\"@type\":\"EntryPoint\",\"urlTemplate\":\"https:\\\/\\\/csma.es\\\/?s={search_term_string}\"},\"query-input\":{\"@type\":\"PropertyValueSpecification\",\"valueRequired\":true,\"valueName\":\"search_term_string\"}}],\"inLanguage\":\"en-US\"},{\"@type\":\"Organization\",\"@id\":\"https:\\\/\\\/csma.es\\\/#organization\",\"name\":\"Conservatorio Superior de M\u00fasica de Arag\u00f3n\",\"url\":\"https:\\\/\\\/csma.es\\\/\",\"logo\":{\"@type\":\"ImageObject\",\"inLanguage\":\"en-US\",\"@id\":\"https:\\\/\\\/csma.es\\\/#\\\/schema\\\/logo\\\/image\\\/\",\"url\":\"https:\\\/\\\/csma.es\\\/wp-content\\\/uploads\\\/2025\\\/04\\\/cropped-logo-csma-40anos-vertical-sintexto-positivo.png\",\"contentUrl\":\"https:\\\/\\\/csma.es\\\/wp-content\\\/uploads\\\/2025\\\/04\\\/cropped-logo-csma-40anos-vertical-sintexto-positivo.png\",\"width\":512,\"height\":512,\"caption\":\"Conservatorio Superior de M\u00fasica de Arag\u00f3n\"},\"image\":{\"@id\":\"https:\\\/\\\/csma.es\\\/#\\\/schema\\\/logo\\\/image\\\/\"},\"sameAs\":[\"https:\\\/\\\/www.facebook.com\\\/CSMAragon\\\/\",\"https:\\\/\\\/x.com\\\/csmaconser\",\"https:\\\/\\\/www.instagram.com\\\/csmaragon\\\/\",\"https:\\\/\\\/www.youtube.com\\\/channel\\\/UCcsLLtgZJUhz11-3Aj1sv3w\"]},{\"@type\":\"Person\",\"@id\":\"https:\\\/\\\/csma.es\\\/#\\\/schema\\\/person\\\/dd9e345cd1ec5925a5e8927a0cb3fc69\",\"name\":\"TICS CSMA\"}]}<\/script>\n<!-- \/ Yoast SEO plugin. -->","yoast_head_json":{"title":"Magistrales Acorde\u00f3n: I\u00f1aki Alberdi - Noviembre - CSMA","robots":{"index":"index","follow":"follow","max-snippet":"max-snippet:-1","max-image-preview":"max-image-preview:large","max-video-preview":"max-video-preview:-1"},"canonical":"https:\/\/csma.es\/actualidad\/clases-magistrales-inaki-alberdi\/","og_locale":"en_US","og_type":"article","og_title":"Magistrales Acorde\u00f3n: I\u00f1aki Alberdi - Noviembre - CSMA","og_description":"El pr\u00f3ximo jueves, 4 de noviembre, el CSMA acoger\u00e1 unas Clases Magistrales de Acorde\u00f3n a cargo de I\u00f1aki Alberdi. Se realizar\u00e1n en la Sala Boston...","og_url":"https:\/\/csma.es\/actualidad\/clases-magistrales-inaki-alberdi\/","og_site_name":"CSMA","article_publisher":"https:\/\/www.facebook.com\/CSMAragon\/","article_published_time":"2021-10-26T07:10:14+00:00","article_modified_time":"2022-01-19T17:38:06+00:00","og_image":[{"width":495,"height":481,"url":"https:\/\/csma.es\/wp-content\/uploads\/2021\/09\/Inaki-Alberdi.jpeg","type":"image\/jpeg"}],"author":"TICS CSMA","twitter_card":"summary_large_image","twitter_creator":"@csmaconser","twitter_site":"@csmaconser","twitter_misc":{"Written by":"TICS CSMA","Est. reading time":"3 minutes"},"schema":{"@context":"https:\/\/schema.org","@graph":[{"@type":"Article","@id":"https:\/\/csma.es\/actualidad\/clases-magistrales-inaki-alberdi\/#article","isPartOf":{"@id":"https:\/\/csma.es\/actualidad\/clases-magistrales-inaki-alberdi\/"},"author":{"name":"TICS CSMA","@id":"https:\/\/csma.es\/#\/schema\/person\/dd9e345cd1ec5925a5e8927a0cb3fc69"},"headline":"Magistrales Acorde\u00f3n: I\u00f1aki Alberdi &#8211; Noviembre","datePublished":"2021-10-26T07:10:14+00:00","dateModified":"2022-01-19T17:38:06+00:00","mainEntityOfPage":{"@id":"https:\/\/csma.es\/actualidad\/clases-magistrales-inaki-alberdi\/"},"wordCount":526,"commentCount":0,"publisher":{"@id":"https:\/\/csma.es\/#organization"},"image":{"@id":"https:\/\/csma.es\/actualidad\/clases-magistrales-inaki-alberdi\/#primaryimage"},"thumbnailUrl":"https:\/\/csma.es\/wp-content\/uploads\/2021\/09\/Inaki-Alberdi.jpeg","articleSection":["Noticias"],"inLanguage":"en-US","potentialAction":[{"@type":"CommentAction","name":"Comment","target":["https:\/\/csma.es\/actualidad\/clases-magistrales-inaki-alberdi\/#respond"]}]},{"@type":"WebPage","@id":"https:\/\/csma.es\/actualidad\/clases-magistrales-inaki-alberdi\/","url":"https:\/\/csma.es\/actualidad\/clases-magistrales-inaki-alberdi\/","name":"Magistrales Acorde\u00f3n: I\u00f1aki Alberdi - Noviembre - CSMA","isPartOf":{"@id":"https:\/\/csma.es\/#website"},"primaryImageOfPage":{"@id":"https:\/\/csma.es\/actualidad\/clases-magistrales-inaki-alberdi\/#primaryimage"},"image":{"@id":"https:\/\/csma.es\/actualidad\/clases-magistrales-inaki-alberdi\/#primaryimage"},"thumbnailUrl":"https:\/\/csma.es\/wp-content\/uploads\/2021\/09\/Inaki-Alberdi.jpeg","datePublished":"2021-10-26T07:10:14+00:00","dateModified":"2022-01-19T17:38:06+00:00","breadcrumb":{"@id":"https:\/\/csma.es\/actualidad\/clases-magistrales-inaki-alberdi\/#breadcrumb"},"inLanguage":"en-US","potentialAction":[{"@type":"ReadAction","target":["https:\/\/csma.es\/actualidad\/clases-magistrales-inaki-alberdi\/"]}]},{"@type":"ImageObject","inLanguage":"en-US","@id":"https:\/\/csma.es\/actualidad\/clases-magistrales-inaki-alberdi\/#primaryimage","url":"https:\/\/csma.es\/wp-content\/uploads\/2021\/09\/Inaki-Alberdi.jpeg","contentUrl":"https:\/\/csma.es\/wp-content\/uploads\/2021\/09\/Inaki-Alberdi.jpeg","width":495,"height":481},{"@type":"BreadcrumbList","@id":"https:\/\/csma.es\/actualidad\/clases-magistrales-inaki-alberdi\/#breadcrumb","itemListElement":[{"@type":"ListItem","position":1,"name":"Portada","item":"https:\/\/csma.es\/en\/"},{"@type":"ListItem","position":2,"name":"Magistrales Acorde\u00f3n: I\u00f1aki Alberdi &#8211; Noviembre"}]},{"@type":"WebSite","@id":"https:\/\/csma.es\/#website","url":"https:\/\/csma.es\/","name":"CSMA","description":"Conservatorio Superior de M\u00fasica de Arag\u00f3n","publisher":{"@id":"https:\/\/csma.es\/#organization"},"potentialAction":[{"@type":"SearchAction","target":{"@type":"EntryPoint","urlTemplate":"https:\/\/csma.es\/?s={search_term_string}"},"query-input":{"@type":"PropertyValueSpecification","valueRequired":true,"valueName":"search_term_string"}}],"inLanguage":"en-US"},{"@type":"Organization","@id":"https:\/\/csma.es\/#organization","name":"Conservatorio Superior de M\u00fasica de Arag\u00f3n","url":"https:\/\/csma.es\/","logo":{"@type":"ImageObject","inLanguage":"en-US","@id":"https:\/\/csma.es\/#\/schema\/logo\/image\/","url":"https:\/\/csma.es\/wp-content\/uploads\/2025\/04\/cropped-logo-csma-40anos-vertical-sintexto-positivo.png","contentUrl":"https:\/\/csma.es\/wp-content\/uploads\/2025\/04\/cropped-logo-csma-40anos-vertical-sintexto-positivo.png","width":512,"height":512,"caption":"Conservatorio Superior de M\u00fasica de Arag\u00f3n"},"image":{"@id":"https:\/\/csma.es\/#\/schema\/logo\/image\/"},"sameAs":["https:\/\/www.facebook.com\/CSMAragon\/","https:\/\/x.com\/csmaconser","https:\/\/www.instagram.com\/csmaragon\/","https:\/\/www.youtube.com\/channel\/UCcsLLtgZJUhz11-3Aj1sv3w"]},{"@type":"Person","@id":"https:\/\/csma.es\/#\/schema\/person\/dd9e345cd1ec5925a5e8927a0cb3fc69","name":"TICS CSMA"}]}},"publishpress_future_action":{"enabled":false,"date":"2026-05-09 00:34:18","action":"change-status","newStatus":"draft","terms":[],"taxonomy":"category","extraData":[]},"publishpress_future_workflow_manual_trigger":{"enabledWorkflows":[]},"_links":{"self":[{"href":"https:\/\/csma.es\/en\/wp-json\/wp\/v2\/posts\/21604","targetHints":{"allow":["GET"]}}],"collection":[{"href":"https:\/\/csma.es\/en\/wp-json\/wp\/v2\/posts"}],"about":[{"href":"https:\/\/csma.es\/en\/wp-json\/wp\/v2\/types\/post"}],"author":[{"embeddable":true,"href":"https:\/\/csma.es\/en\/wp-json\/wp\/v2\/users\/3"}],"replies":[{"embeddable":true,"href":"https:\/\/csma.es\/en\/wp-json\/wp\/v2\/comments?post=21604"}],"version-history":[{"count":0,"href":"https:\/\/csma.es\/en\/wp-json\/wp\/v2\/posts\/21604\/revisions"}],"wp:featuredmedia":[{"embeddable":true,"href":"https:\/\/csma.es\/en\/wp-json\/wp\/v2\/media\/21659"}],"wp:attachment":[{"href":"https:\/\/csma.es\/en\/wp-json\/wp\/v2\/media?parent=21604"}],"wp:term":[{"taxonomy":"category","embeddable":true,"href":"https:\/\/csma.es\/en\/wp-json\/wp\/v2\/categories?post=21604"},{"taxonomy":"post_tag","embeddable":true,"href":"https:\/\/csma.es\/en\/wp-json\/wp\/v2\/tags?post=21604"}],"curies":[{"name":"wp","href":"https:\/\/api.w.org\/{rel}","templated":true}]}}